{"id":10002865,"global_id":"poblenouurbandistrict.com\/ca?id=10002865","global_id_lineage":["poblenouurbandistrict.com\/ca?id=10002865"],"author":"5","status":"publish","date":"2022-03-24 16:22:32","date_utc":"2022-03-24 15:22:32","modified":"2022-04-04 12:09:39","modified_utc":"2022-04-04 10:09:39","url":"https:\/\/poblenouurbandistrict.com\/ca\/agenda\/espectacle-la-maquina-de-parlar\/2022-05-05\/","rest_url":"https:\/\/poblenouurbandistrict.com\/ca\/wp-json\/tribe\/events\/v1\/events\/10002865","title":"Espectacle: La m\u00e0quina de parlar","description":"<p>La Sala Beckett presenta\u00a0<em>La m\u00e0quina de parlar<\/em>, un text de la Victoria Szpunberg que relata una hist\u00f2ria cruel i rom\u00e0ntica on les m\u00e0quines i les emocions es fonen en una espiral d&#8217;esdeveniments al l\u00edmit de l&#8217;exist\u00e8ncia.<\/p>\n<p>De dimecres a dissabte, 20:30h<br \/>\nDiumenge, 18:30h<\/p>","excerpt":"","slug":"espectacle-la-maquina-de-parlar","image":{"url":"https:\/\/media.poblenouurbandistrict.com\/2022\/03\/25045755\/pud-agenda-18.jpg","id":27608,"extension":"jpg","width":1000,"height":1000,"filesize":208432,"sizes":{"medium":{"width":620,"height":620,"mime-type":"image\/jpeg","filesize":72966,"url":"https:\/\/media.poblenouurbandistrict.com\/2022\/03\/25045755\/pud-agenda-18-620x620.jpg"},"large":{"width":640,"height":640,"mime-type":"image\/jpeg","filesize":75980,"url":"https:\/\/media.poblenouurbandistrict.com\/2022\/03\/25045755\/pud-agenda-18-640x640.jpg"},"thumbnail":{"width":180,"height":180,"mime-type":"image\/jpeg","filesize":9564,"url":"https:\/\/media.poblenouurbandistrict.com\/2022\/03\/25045755\/pud-agenda-18-180x180.jpg"},"medium_large":{"width":768,"height":768,"mime-type":"image\/jpeg","filesize":100661,"url":"https:\/\/media.poblenouurbandistrict.com\/2022\/03\/25045755\/pud-agenda-18-768x768.jpg"},"half-content":{"width":700,"height":700,"mime-type":"image\/jpeg","filesize":88245,"url":"https:\/\/media.poblenouurbandistrict.com\/2022\/03\/25045755\/pud-agenda-18-700x700.jpg"},"third-content":{"width":470,"height":470,"mime-type":"image\/jpeg","filesize":46734,"url":"https:\/\/media.poblenouurbandistrict.com\/2022\/03\/25045755\/pud-agenda-18-470x470.jpg"},"fourth-content":{"width":350,"height":350,"mime-type":"image\/jpeg","filesize":28784,"url":"https:\/\/media.poblenouurbandistrict.com\/2022\/03\/25045755\/pud-agenda-18-350x350.jpg"},"puud-posts-excerpt":{"width":690,"height":430,"mime-type":"image\/jpeg","filesize":53092,"url":"https:\/\/media.poblenouurbandistrict.com\/2022\/03\/25045755\/pud-agenda-18-690x430.jpg"},"puud-posts-yellow":{"width":690,"height":430,"mime-type":"image\/jpeg","filesize":53092,"url":"https:\/\/media.poblenouurbandistrict.com\/2022\/03\/25045755\/pud-agenda-18-690x430.jpg"},"woocommerce_thumbnail":{"width":300,"height":450,"mime-type":"image\/jpeg","filesize":31231,"uncropped":false,"url":"https:\/\/media.poblenouurbandistrict.com\/2022\/03\/25045755\/pud-agenda-18-300x450.jpg"},"woocommerce_single":{"width":600,"height":600,"mime-type":"image\/jpeg","filesize":64193,"url":"https:\/\/media.poblenouurbandistrict.com\/2022\/03\/25045755\/pud-agenda-18-600x600.jpg"},"woocommerce_gallery_thumbnail":{"width":100,"height":100,"mime-type":"image\/jpeg","filesize":3681,"url":"https:\/\/media.poblenouurbandistrict.com\/2022\/03\/25045755\/pud-agenda-18-100x100.jpg"}}},"all_day":false,"start_date":"2022-05-05 20:30:00","start_date_details":{"year":"2022","month":"05","day":"05","hour":"20","minutes":"30","seconds":"00"},"end_date":"2022-05-05 22:30:00","end_date_details":{"year":"2022","month":"05","day":"05","hour":"22","minutes":"30","seconds":"00"},"utc_start_date":"2022-05-05 18:30:00","utc_start_date_details":{"year":"2022","month":"05","day":"05","hour":"18","minutes":"30","seconds":"00"},"utc_end_date":"2022-05-05 20:30:00","utc_end_date_details":{"year":"2022","month":"05","day":"05","hour":"20","minutes":"30","seconds":"00"},"timezone":"Europe\/Madrid","timezone_abbr":"CEST","cost":"\u20ac10 - \u20ac20","cost_details":{"currency_symbol":"\u20ac","currency_code":"","currency_position":"prefix","values":["10","20"]},"website":"https:\/\/www.salabeckett.cat\/espectacle\/la-maquina-de-parlar-2\/","show_map":true,"show_map_link":true,"hide_from_listings":false,"sticky":false,"featured":false,"categories":[{"name":"Teatre","slug":"teatro","term_group":0,"term_taxonomy_id":3549,"taxonomy":"tribe_events_cat","description":"","parent":0,"count":451,"filter":"raw","term_order":"0","i18n_config":{"name":{"ts":{"ca":"Teatre","es":"Teatro","en":"Theater"}}},"id":3549,"urls":{"self":"https:\/\/poblenouurbandistrict.com\/ca\/wp-json\/tribe\/events\/v1\/categories\/3549","collection":"https:\/\/poblenouurbandistrict.com\/ca\/wp-json\/tribe\/events\/v1\/categories"}}],"tags":[],"venue":{"id":25832,"author":"5","status":"publish","date":"2022-02-03 11:26:06","date_utc":"2022-02-03 10:26:06","modified":"2022-02-08 11:27:44","modified_utc":"2022-02-08 10:27:44","url":"https:\/\/poblenouurbandistrict.com\/ca\/recinte\/sala-beckett\/","venue":"Sala Beckett","slug":"sala-beckett","address":"C. de Pere IV, 228, 232","city":"Barcelona","province":"Barcelona","zip":"08005","phone":"932 84 53 12","website":"https:\/\/www.salabeckett.cat\/","stateprovince":"Barcelona","json_ld":{"@type":"Place","name":"Sala Beckett","description":"","url":"https:\/\/poblenouurbandistrict.com\/ca\/recinte\/sala-beckett\/","address":{"@type":"PostalAddress","streetAddress":"C. de Pere IV, 228, 232","addressLocality":"Barcelona","addressRegion":"Barcelona","postalCode":"08005"},"telephone":"932 84 53 12","sameAs":"https:\/\/www.salabeckett.cat\/"},"show_map":true,"show_map_link":true,"global_id":"poblenouurbandistrict.com\/ca?id=25832","global_id_lineage":["poblenouurbandistrict.com\/ca?id=25832"]},"organizer":[{"id":25833,"author":"5","status":"publish","date":"2022-02-03 11:26:06","date_utc":"2022-02-03 10:26:06","modified":"2022-02-08 11:26:36","modified_utc":"2022-02-08 10:26:36","url":"https:\/\/poblenouurbandistrict.com\/ca\/organitzador\/sala-beckett\/","organizer":"Sala Beckett","slug":"sala-beckett","phone":"932 84 53 12","website":"https:\/\/www.salabeckett.cat\/","json_ld":{"@type":"Person","name":"Sala Beckett","description":"","url":"https:\/\/www.salabeckett.cat\/","telephone":"932 84 53 12","email":"","sameAs":"https:\/\/www.salabeckett.cat\/"},"global_id":"poblenouurbandistrict.com\/ca?id=25833","global_id_lineage":["poblenouurbandistrict.com\/ca?id=25833"]}],"custom_fields":[],"json_ld":{"@context":"http:\/\/schema.org","@type":"Event","name":"Espectacle: La m\u00e0quina de parlar","description":"&lt;p&gt;La Sala Beckett presenta\u00a0La m\u00e0quina de parlar, un text de la Victoria Szpunberg que relata una hist\u00f2ria cruel i rom\u00e0ntica... &lt;a href=&quot;https:\/\/poblenouurbandistrict.com\/ca\/agenda\/espectacle-la-maquina-de-parlar\/2022-05-05\/&quot;&gt;M\u00e9s  \u2192&lt;\/a&gt;&lt;\/p&gt;\\n","image":"https:\/\/media.poblenouurbandistrict.com\/2022\/03\/25045755\/pud-agenda-18.jpg","url":"https:\/\/poblenouurbandistrict.com\/ca\/agenda\/espectacle-la-maquina-de-parlar\/2022-05-05\/","eventAttendanceMode":"https:\/\/schema.org\/OfflineEventAttendanceMode","eventStatus":"https:\/\/schema.org\/EventScheduled","startDate":"2022-05-05T20:30:00+02:00","endDate":"2022-05-05T22:30:00+02:00","location":{"@type":"Place","name":"Sala Beckett","description":"","url":"https:\/\/poblenouurbandistrict.com\/ca\/recinte\/sala-beckett\/","address":{"@type":"PostalAddress","streetAddress":"C. de Pere IV, 228, 232","addressLocality":"Barcelona","addressRegion":"Barcelona","postalCode":"08005"},"telephone":"932 84 53 12","sameAs":"https:\/\/www.salabeckett.cat\/"},"organizer":{"@type":"Person","name":"Sala Beckett","description":"","url":"https:\/\/www.salabeckett.cat\/","telephone":"932 84 53 12","email":"","sameAs":"https:\/\/www.salabeckett.cat\/"},"offers":{"@type":"Offer","price":"10 - 20","priceCurrency":"USD","url":"https:\/\/poblenouurbandistrict.com\/ca\/agenda\/espectacle-la-maquina-de-parlar\/2022-05-05\/","category":"primary","availability":"inStock","validFrom":"1970-01-01T00:00:00+00:00"},"performer":"Organization"},"is_virtual":false,"virtual_url":null,"virtual_video_source":""}