{"id":10003263,"global_id":"poblenouurbandistrict.com\/ca?id=10003263","global_id_lineage":["poblenouurbandistrict.com\/ca?id=10003263"],"author":"5","status":"publish","date":"2022-04-27 18:43:00","date_utc":"2022-04-27 16:43:00","modified":"2022-04-27 18:43:51","modified_utc":"2022-04-27 16:43:51","url":"https:\/\/poblenouurbandistrict.com\/ca\/agenda\/taller-creatiu-descriptura-de-poemes\/2022-05-05\/","rest_url":"https:\/\/poblenouurbandistrict.com\/ca\/wp-json\/tribe\/events\/v1\/events\/10003263","title":"Taller creatiu d&#8217;escriptura de poemes","description":"<p>En aquestes sessions aprendr\u00e0s a entrar en contacte amb la teva veu po\u00e8tica, a recon\u00e8ixer-la, a donar-li l\u2019espai i el temps que necessita per poder enfortir-se, fluir i manifestar la seva naturalesa. El taller ser\u00e0 essencialment pr\u00e0ctic i els textos es posaran en com\u00fa amb tots els assistents.<\/p>\n<p>Cal inscripci\u00f3 pr\u00e8via a la biblioteca. Durada: 4 sessions d\u20191 hora 30 minuts<\/p>","excerpt":"","slug":"taller-creatiu-descriptura-de-poemes","image":{"url":"https:\/\/media.poblenouurbandistrict.com\/2022\/04\/25050753\/screenshot-2022-04-27-at-184223.jpg","id":29463,"extension":"jpg","width":696,"height":696,"filesize":54863,"sizes":{"medium":{"width":620,"height":620,"mime-type":"image\/jpeg","filesize":31126,"url":"https:\/\/media.poblenouurbandistrict.com\/2022\/04\/25050753\/screenshot-2022-04-27-at-184223-620x620.jpg"},"large":{"width":640,"height":640,"mime-type":"image\/jpeg","filesize":32193,"url":"https:\/\/media.poblenouurbandistrict.com\/2022\/04\/25050753\/screenshot-2022-04-27-at-184223-640x640.jpg"},"thumbnail":{"width":180,"height":180,"mime-type":"image\/jpeg","filesize":5612,"url":"https:\/\/media.poblenouurbandistrict.com\/2022\/04\/25050753\/screenshot-2022-04-27-at-184223-180x180.jpg"},"third-content":{"width":470,"height":470,"mime-type":"image\/jpeg","filesize":20937,"url":"https:\/\/media.poblenouurbandistrict.com\/2022\/04\/25050753\/screenshot-2022-04-27-at-184223-470x470.jpg"},"fourth-content":{"width":350,"height":350,"mime-type":"image\/jpeg","filesize":13877,"url":"https:\/\/media.poblenouurbandistrict.com\/2022\/04\/25050753\/screenshot-2022-04-27-at-184223-350x350.jpg"},"puud-posts-excerpt":{"width":690,"height":430,"mime-type":"image\/jpeg","filesize":27500,"url":"https:\/\/media.poblenouurbandistrict.com\/2022\/04\/25050753\/screenshot-2022-04-27-at-184223-690x430.jpg"},"puud-posts-yellow":{"width":690,"height":430,"mime-type":"image\/jpeg","filesize":27500,"url":"https:\/\/media.poblenouurbandistrict.com\/2022\/04\/25050753\/screenshot-2022-04-27-at-184223-690x430.jpg"},"woocommerce_thumbnail":{"width":300,"height":450,"mime-type":"image\/jpeg","filesize":14553,"uncropped":false,"url":"https:\/\/media.poblenouurbandistrict.com\/2022\/04\/25050753\/screenshot-2022-04-27-at-184223-300x450.jpg"},"woocommerce_single":{"width":600,"height":600,"mime-type":"image\/jpeg","filesize":29263,"url":"https:\/\/media.poblenouurbandistrict.com\/2022\/04\/25050753\/screenshot-2022-04-27-at-184223-600x600.jpg"},"woocommerce_gallery_thumbnail":{"width":100,"height":100,"mime-type":"image\/jpeg","filesize":2543,"url":"https:\/\/media.poblenouurbandistrict.com\/2022\/04\/25050753\/screenshot-2022-04-27-at-184223-100x100.jpg"}}},"all_day":false,"start_date":"2022-05-05 18:00:00","start_date_details":{"year":"2022","month":"05","day":"05","hour":"18","minutes":"00","seconds":"00"},"end_date":"2022-05-05 19:30:00","end_date_details":{"year":"2022","month":"05","day":"05","hour":"19","minutes":"30","seconds":"00"},"utc_start_date":"2022-05-05 16:00:00","utc_start_date_details":{"year":"2022","month":"05","day":"05","hour":"16","minutes":"00","seconds":"00"},"utc_end_date":"2022-05-05 17:30:00","utc_end_date_details":{"year":"2022","month":"05","day":"05","hour":"17","minutes":"30","seconds":"00"},"timezone":"Europe\/Madrid","timezone_abbr":"CEST","cost":"","cost_details":{"currency_symbol":"","currency_code":"","currency_position":"prefix","values":[]},"website":"https:\/\/ajuntament.barcelona.cat\/dissenyhub\/ca\/taller-creatiu-descriptura-de-poemes","show_map":true,"show_map_link":true,"hide_from_listings":false,"sticky":false,"featured":false,"categories":[{"name":"Taller","slug":"taller","term_group":0,"term_taxonomy_id":3551,"taxonomy":"tribe_events_cat","description":"","parent":0,"count":175,"filter":"raw","term_order":"0","i18n_config":{"name":{"ts":{"ca":"Taller","es":"Taller","en":"Workshop"}}},"id":3551,"urls":{"self":"https:\/\/poblenouurbandistrict.com\/ca\/wp-json\/tribe\/events\/v1\/categories\/3551","collection":"https:\/\/poblenouurbandistrict.com\/ca\/wp-json\/tribe\/events\/v1\/categories"}}],"tags":[],"venue":{"id":27108,"author":"5","status":"publish","date":"2022-03-16 16:28:08","date_utc":"2022-03-16 15:28:08","modified":"2022-03-16 16:28:08","modified_utc":"2022-03-16 15:28:08","url":"https:\/\/poblenouurbandistrict.com\/ca\/recinte\/disseny-hub\/","venue":"Disseny Hub","slug":"disseny-hub","address":"Pl. de les Gl\u00f2ries Catalanes 37","city":"Barcelona","country":"Espa\u00f1a","province":"Catalunya","zip":"08018","phone":"932 566 700","website":"https:\/\/ajuntament.barcelona.cat\/dissenyhub\/ca","stateprovince":"Catalunya","json_ld":{"@type":"Place","name":"Disseny Hub","description":"","url":"https:\/\/poblenouurbandistrict.com\/ca\/recinte\/disseny-hub\/","address":{"@type":"PostalAddress","streetAddress":"Pl. de les Gl\u00f2ries Catalanes 37","addressLocality":"Barcelona","addressRegion":"Catalunya","postalCode":"08018","addressCountry":"Espa\u00f1a"},"telephone":"932 566 700","sameAs":"https:\/\/ajuntament.barcelona.cat\/dissenyhub\/ca"},"show_map":true,"show_map_link":true,"global_id":"poblenouurbandistrict.com\/ca?id=27108","global_id_lineage":["poblenouurbandistrict.com\/ca?id=27108"]},"organizer":[{"id":27109,"author":"5","status":"publish","date":"2022-03-16 16:28:09","date_utc":"2022-03-16 15:28:09","modified":"2022-03-16 16:28:09","modified_utc":"2022-03-16 15:28:09","url":"https:\/\/poblenouurbandistrict.com\/ca\/organitzador\/disseny-hub\/","organizer":"Disseny Hub","slug":"disseny-hub","phone":"932 566 700","website":"https:\/\/ajuntament.barcelona.cat\/dissenyhub\/ca","email":"dissenyhub@bcn.cat","json_ld":{"@type":"Person","name":"Disseny Hub","description":"","url":"https:\/\/ajuntament.barcelona.cat\/dissenyhub\/ca","telephone":"932 566 700","email":"d&#105;&#115;&#115;&#101;n&#121;h&#117;&#98;&#64;bcn&#46;&#99;a&#116;","sameAs":"https:\/\/ajuntament.barcelona.cat\/dissenyhub\/ca"},"global_id":"poblenouurbandistrict.com\/ca?id=27109","global_id_lineage":["poblenouurbandistrict.com\/ca?id=27109"]}],"custom_fields":[],"json_ld":{"@context":"http:\/\/schema.org","@type":"Event","name":"Taller creatiu d&#8217;escriptura de poemes","description":"&lt;p&gt;En aquestes sessions aprendr\u00e0s a entrar en contacte amb la teva veu po\u00e8tica, a recon\u00e8ixer-la, a donar-li l\u2019espai i el... &lt;a href=&quot;https:\/\/poblenouurbandistrict.com\/ca\/agenda\/taller-creatiu-descriptura-de-poemes\/2022-05-05\/&quot;&gt;M\u00e9s  \u2192&lt;\/a&gt;&lt;\/p&gt;\\n","image":"https:\/\/media.poblenouurbandistrict.com\/2022\/04\/25050753\/screenshot-2022-04-27-at-184223.jpg","url":"https:\/\/poblenouurbandistrict.com\/ca\/agenda\/taller-creatiu-descriptura-de-poemes\/2022-05-05\/","eventAttendanceMode":"https:\/\/schema.org\/OfflineEventAttendanceMode","eventStatus":"https:\/\/schema.org\/EventScheduled","startDate":"2022-05-05T18:00:00+02:00","endDate":"2022-05-05T19:30:00+02:00","location":{"@type":"Place","name":"Disseny Hub","description":"","url":"https:\/\/poblenouurbandistrict.com\/ca\/recinte\/disseny-hub\/","address":{"@type":"PostalAddress","streetAddress":"Pl. de les Gl\u00f2ries Catalanes 37","addressLocality":"Barcelona","addressRegion":"Catalunya","postalCode":"08018","addressCountry":"Espa\u00f1a"},"telephone":"932 566 700","sameAs":"https:\/\/ajuntament.barcelona.cat\/dissenyhub\/ca"},"organizer":{"@type":"Person","name":"Disseny Hub","description":"","url":"https:\/\/ajuntament.barcelona.cat\/dissenyhub\/ca","telephone":"932 566 700","email":"di&#115;&#115;&#101;ny&#104;ub&#64;bcn.c&#97;t","sameAs":"https:\/\/ajuntament.barcelona.cat\/dissenyhub\/ca"},"performer":"Organization"},"is_virtual":false,"virtual_url":null,"virtual_video_source":""}