{"id":25997,"global_id":"poblenouurbandistrict.com\/ca?id=25997","global_id_lineage":["poblenouurbandistrict.com\/ca?id=25997"],"author":"5","status":"publish","date":"2022-02-08 12:18:25","date_utc":"2022-02-08 11:18:25","modified":"2022-02-08 12:18:25","modified_utc":"2022-02-08 11:18:25","url":"https:\/\/poblenouurbandistrict.com\/ca\/agenda\/recital-himnes-de-fata-morgana\/","rest_url":"https:\/\/poblenouurbandistrict.com\/ca\/wp-json\/tribe\/events\/v1\/events\/25997","title":"Recital: Himnes de Fata Morgana","description":"<p><\/p>\n<h3><strong>Festival Alcools, poesia en escena<\/strong><\/h3>\n<p><em><strong>Himnes de Fata Morgana<\/strong><\/em> amb <strong>David Castillo i Xarim Arest\u00e9<\/strong><\/p>\n<div class=\"mini-info-wrapper\">\n<div class=\"mini-info-content\">22\/02\/2022, a les 20h en <strong>Sala Beckett<\/strong><\/div>\n<\/div>\n<p><em><strong>Himnes de Fata Morgana<\/strong>\u00a0<\/em>\u00e9s un recital a duet ple de vitalisme i una mirada creativa sobre el desastre. Un di\u00e0leg en qu\u00e8 guitarres i veus estableixen complicitats amb el p\u00fablic. I \u00e9s, tamb\u00e9, la celebraci\u00f3 d\u2019una casualitat, el fruit d\u2019una col\u00b7laboraci\u00f3 despr\u00e9s d\u2019anys d\u2019afinitats i una reivindicaci\u00f3 de la soledat creativa. David Castillo publica aquest 2022 l\u2019antologia\u00a0<em>L\u2019amor com a pena capital\u00a0<\/em>(Pag\u00e8s editors), el seu primer llibre de poemes en una d\u00e8cada, un recull intimista i en\u00e8rgic, en el qual tamb\u00e9 repassa qu\u00e8 vol dir escriure des dels marges de la cultura. Xarim Arest\u00e9 \u00e9s un guitarrista inspirat, que ha publicat els darrers mesos \u00e0lbums com ara\u00a0<em>Mercuri<\/em>\u00a0i\u00a0<em>Ses entranyes.\u00a0<\/em>Tamb\u00e9 un interessant llibre d\u2019aforismes,\u00a0<em>Les fugues de la font del temple<\/em>\u00a0(Rosa dels Vents). Tots dos intenten transmetre algunes d\u2019aquestes viv\u00e8ncies, lluny de l\u2019espectacle.<\/p>","excerpt":"","slug":"recital-himnes-de-fata-morgana","image":{"url":"https:\/\/media.poblenouurbandistrict.com\/2022\/02\/25044541\/capture-decran-2022-02-08-a-121645.jpg","id":25998,"extension":"jpg","width":1194,"height":1194,"filesize":313557,"sizes":{"medium":{"width":620,"height":620,"mime-type":"image\/jpeg","filesize":87765,"url":"https:\/\/media.poblenouurbandistrict.com\/2022\/02\/25044541\/capture-decran-2022-02-08-a-121645-620x620.jpg"},"large":{"width":640,"height":640,"mime-type":"image\/jpeg","filesize":91296,"url":"https:\/\/media.poblenouurbandistrict.com\/2022\/02\/25044541\/capture-decran-2022-02-08-a-121645-640x640.jpg"},"thumbnail":{"width":180,"height":180,"mime-type":"image\/jpeg","filesize":12280,"url":"https:\/\/media.poblenouurbandistrict.com\/2022\/02\/25044541\/capture-decran-2022-02-08-a-121645-180x180.jpg"},"medium_large":{"width":768,"height":768,"mime-type":"image\/jpeg","filesize":119835,"url":"https:\/\/media.poblenouurbandistrict.com\/2022\/02\/25044541\/capture-decran-2022-02-08-a-121645-768x768.jpg"},"half-width":{"width":1100,"height":1100,"mime-type":"image\/jpeg","filesize":200872,"url":"https:\/\/media.poblenouurbandistrict.com\/2022\/02\/25044541\/capture-decran-2022-02-08-a-121645-1100x1100.jpg"},"half-content":{"width":700,"height":700,"mime-type":"image\/jpeg","filesize":105416,"url":"https:\/\/media.poblenouurbandistrict.com\/2022\/02\/25044541\/capture-decran-2022-02-08-a-121645-700x700.jpg"},"third-content":{"width":470,"height":470,"mime-type":"image\/jpeg","filesize":57127,"url":"https:\/\/media.poblenouurbandistrict.com\/2022\/02\/25044541\/capture-decran-2022-02-08-a-121645-470x470.jpg"},"fourth-content":{"width":350,"height":350,"mime-type":"image\/jpeg","filesize":35844,"url":"https:\/\/media.poblenouurbandistrict.com\/2022\/02\/25044541\/capture-decran-2022-02-08-a-121645-350x350.jpg"},"puud-posts-excerpt":{"width":690,"height":430,"mime-type":"image\/jpeg","filesize":61518,"url":"https:\/\/media.poblenouurbandistrict.com\/2022\/02\/25044541\/capture-decran-2022-02-08-a-121645-690x430.jpg"},"puud-posts-yellow":{"width":690,"height":430,"mime-type":"image\/jpeg","filesize":61518,"url":"https:\/\/media.poblenouurbandistrict.com\/2022\/02\/25044541\/capture-decran-2022-02-08-a-121645-690x430.jpg"},"woocommerce_thumbnail":{"width":300,"height":450,"mime-type":"image\/jpeg","filesize":35411,"uncropped":false,"url":"https:\/\/media.poblenouurbandistrict.com\/2022\/02\/25044541\/capture-decran-2022-02-08-a-121645-300x450.jpg"},"woocommerce_single":{"width":600,"height":600,"mime-type":"image\/jpeg","filesize":81848,"url":"https:\/\/media.poblenouurbandistrict.com\/2022\/02\/25044541\/capture-decran-2022-02-08-a-121645-600x600.jpg"},"woocommerce_gallery_thumbnail":{"width":100,"height":100,"mime-type":"image\/jpeg","filesize":4738,"url":"https:\/\/media.poblenouurbandistrict.com\/2022\/02\/25044541\/capture-decran-2022-02-08-a-121645-100x100.jpg"}}},"all_day":false,"start_date":"2022-02-22 20:00:00","start_date_details":{"year":"2022","month":"02","day":"22","hour":"20","minutes":"00","seconds":"00"},"end_date":"2022-02-22 20:00:00","end_date_details":{"year":"2022","month":"02","day":"22","hour":"20","minutes":"00","seconds":"00"},"utc_start_date":"2022-02-22 19:00:00","utc_start_date_details":{"year":"2022","month":"02","day":"22","hour":"19","minutes":"00","seconds":"00"},"utc_end_date":"2022-02-22 19:00:00","utc_end_date_details":{"year":"2022","month":"02","day":"22","hour":"19","minutes":"00","seconds":"00"},"timezone":"Europe\/Madrid","timezone_abbr":"CET","cost":"","cost_details":{"currency_symbol":"","currency_code":"","currency_position":"prefix","values":[]},"website":"https:\/\/www.salabeckett.cat\/espectacle\/himnes-de-fata-morgana\/","show_map":true,"show_map_link":true,"hide_from_listings":false,"sticky":false,"featured":false,"categories":[],"tags":[],"venue":{"id":25832,"author":"5","status":"publish","date":"2022-02-03 11:26:06","date_utc":"2022-02-03 10:26:06","modified":"2022-02-08 11:27:44","modified_utc":"2022-02-08 10:27:44","url":"https:\/\/poblenouurbandistrict.com\/ca\/recinte\/sala-beckett\/","venue":"Sala Beckett","slug":"sala-beckett","address":"C. de Pere IV, 228, 232","city":"Barcelona","province":"Barcelona","zip":"08005","phone":"932 84 53 12","website":"https:\/\/www.salabeckett.cat\/","stateprovince":"Barcelona","json_ld":{"@type":"Place","name":"Sala Beckett","description":"","url":"https:\/\/poblenouurbandistrict.com\/ca\/recinte\/sala-beckett\/","address":{"@type":"PostalAddress","streetAddress":"C. de Pere IV, 228, 232","addressLocality":"Barcelona","addressRegion":"Barcelona","postalCode":"08005"},"telephone":"932 84 53 12","sameAs":"https:\/\/www.salabeckett.cat\/"},"show_map":true,"show_map_link":true,"global_id":"poblenouurbandistrict.com\/ca?id=25832","global_id_lineage":["poblenouurbandistrict.com\/ca?id=25832"]},"organizer":[{"id":25833,"author":"5","status":"publish","date":"2022-02-03 11:26:06","date_utc":"2022-02-03 10:26:06","modified":"2022-02-08 11:26:36","modified_utc":"2022-02-08 10:26:36","url":"https:\/\/poblenouurbandistrict.com\/ca\/organitzador\/sala-beckett\/","organizer":"Sala Beckett","slug":"sala-beckett","phone":"932 84 53 12","website":"https:\/\/www.salabeckett.cat\/","json_ld":{"@type":"Person","name":"Sala Beckett","description":"","url":"https:\/\/www.salabeckett.cat\/","telephone":"932 84 53 12","email":"","sameAs":"https:\/\/www.salabeckett.cat\/"},"global_id":"poblenouurbandistrict.com\/ca?id=25833","global_id_lineage":["poblenouurbandistrict.com\/ca?id=25833"]}],"custom_fields":[],"json_ld":{"@context":"http:\/\/schema.org","@type":"Event","name":"Recital: Himnes de Fata Morgana","description":"&lt;p&gt;Festival Alcools, poesia en escena Himnes de Fata Morgana amb David Castillo i Xarim Arest\u00e9 22\/02\/2022, a les 20h en... &lt;a href=&quot;https:\/\/poblenouurbandistrict.com\/ca\/agenda\/recital-himnes-de-fata-morgana\/&quot;&gt;M\u00e9s  \u2192&lt;\/a&gt;&lt;\/p&gt;\\n","image":"https:\/\/media.poblenouurbandistrict.com\/2022\/02\/25044541\/capture-decran-2022-02-08-a-121645.jpg","url":"https:\/\/poblenouurbandistrict.com\/ca\/agenda\/recital-himnes-de-fata-morgana\/","eventAttendanceMode":"https:\/\/schema.org\/OfflineEventAttendanceMode","eventStatus":"https:\/\/schema.org\/EventScheduled","startDate":"2022-02-22T20:00:00+01:00","endDate":"2022-02-22T20:00:00+01:00","location":{"@type":"Place","name":"Sala Beckett","description":"","url":"https:\/\/poblenouurbandistrict.com\/ca\/recinte\/sala-beckett\/","address":{"@type":"PostalAddress","streetAddress":"C. de Pere IV, 228, 232","addressLocality":"Barcelona","addressRegion":"Barcelona","postalCode":"08005"},"telephone":"932 84 53 12","sameAs":"https:\/\/www.salabeckett.cat\/"},"organizer":{"@type":"Person","name":"Sala Beckett","description":"","url":"https:\/\/www.salabeckett.cat\/","telephone":"932 84 53 12","email":"","sameAs":"https:\/\/www.salabeckett.cat\/"},"performer":"Organization"},"is_virtual":false,"virtual_url":null,"virtual_video_source":""}