{"id":26658,"global_id":"poblenouurbandistrict.com\/ca?id=26658","global_id_lineage":["poblenouurbandistrict.com\/ca?id=26658"],"author":"5","status":"publish","date":"2022-03-02 18:05:06","date_utc":"2022-03-02 17:05:06","modified":"2022-03-02 18:05:06","modified_utc":"2022-03-02 17:05:06","url":"https:\/\/poblenouurbandistrict.com\/ca\/agenda\/hrtz-el-gran-festival-de-laudiovisual\/","rest_url":"https:\/\/poblenouurbandistrict.com\/ca\/wp-json\/tribe\/events\/v1\/events\/26658","title":"HRTZ: el gran festival de l\u2019audiovisual","description":"<p><span style=\"color: #000000;\">Cap a on va l\u2019audiovisual? \u00c9s la gran pregunta que es fa el sector, i tamb\u00e9 la nova edici\u00f3 del\u00a0<strong><a style=\"color: #000000;\" href=\"https:\/\/news.baued.es\/ca\/index.php\/tag\/hrtz-ca\/\">HRTZ<\/a><\/strong>, el festival autogestionat per l\u2019alumnat de l\u2019itinerari d\u2019Audiovisual del\u00a0Grau en Disseny.\u00a0<\/span><\/p>","excerpt":"","slug":"hrtz-el-gran-festival-de-laudiovisual","image":{"url":"https:\/\/poblenouurbandistrict.com\/wp-content\/uploads\/2022\/03\/diseno-sin-titulo-4.jpg","id":26659,"extension":"jpg","width":1080,"height":1080,"filesize":393894,"sizes":{"woocommerce_thumbnail":{"width":300,"height":450,"mime-type":"image\/png","filesize":71815,"uncropped":false,"url":"https:\/\/poblenouurbandistrict.com\/wp-content\/uploads\/2022\/03\/diseno-sin-titulo-4-300x450.png"},"woocommerce_gallery_thumbnail":{"width":100,"height":100,"mime-type":"image\/png","filesize":9101,"url":"https:\/\/poblenouurbandistrict.com\/wp-content\/uploads\/2022\/03\/diseno-sin-titulo-4-100x100.png"},"woocommerce_single":{"width":600,"height":600,"mime-type":"image\/png","filesize":156560,"url":"https:\/\/poblenouurbandistrict.com\/wp-content\/uploads\/2022\/03\/diseno-sin-titulo-4-600x600.png"},"medium":{"width":620,"height":620,"mime-type":"image\/png","url":"https:\/\/poblenouurbandistrict.com\/wp-content\/uploads\/2022\/03\/diseno-sin-titulo-4-620x620.png"},"large":{"width":640,"height":640,"mime-type":"image\/png","url":"https:\/\/poblenouurbandistrict.com\/wp-content\/uploads\/2022\/03\/diseno-sin-titulo-4-640x640.png"},"thumbnail":{"width":180,"height":180,"mime-type":"image\/png","url":"https:\/\/poblenouurbandistrict.com\/wp-content\/uploads\/2022\/03\/diseno-sin-titulo-4-180x180.png"},"medium_large":{"width":768,"height":768,"mime-type":"image\/png","url":"https:\/\/poblenouurbandistrict.com\/wp-content\/uploads\/2022\/03\/diseno-sin-titulo-4-768x768.png"},"half-content":{"width":700,"height":700,"mime-type":"image\/png","url":"https:\/\/poblenouurbandistrict.com\/wp-content\/uploads\/2022\/03\/diseno-sin-titulo-4-700x700.png"},"third-content":{"width":470,"height":470,"mime-type":"image\/png","url":"https:\/\/poblenouurbandistrict.com\/wp-content\/uploads\/2022\/03\/diseno-sin-titulo-4-470x470.png"},"fourth-content":{"width":350,"height":350,"mime-type":"image\/png","url":"https:\/\/poblenouurbandistrict.com\/wp-content\/uploads\/2022\/03\/diseno-sin-titulo-4-350x350.png"},"puud-posts-excerpt":{"width":690,"height":430,"mime-type":"image\/png","url":"https:\/\/poblenouurbandistrict.com\/wp-content\/uploads\/2022\/03\/diseno-sin-titulo-4-690x430.png"},"puud-posts-yellow":{"width":690,"height":430,"mime-type":"image\/png","url":"https:\/\/poblenouurbandistrict.com\/wp-content\/uploads\/2022\/03\/diseno-sin-titulo-4-690x430.png"}}},"all_day":true,"start_date":"2022-03-10 00:00:00","start_date_details":{"year":"2022","month":"03","day":"10","hour":"00","minutes":"00","seconds":"00"},"end_date":"2022-03-11 23:59:59","end_date_details":{"year":"2022","month":"03","day":"11","hour":"23","minutes":"59","seconds":"59"},"utc_start_date":"2022-03-09 23:00:00","utc_start_date_details":{"year":"2022","month":"03","day":"09","hour":"23","minutes":"00","seconds":"00"},"utc_end_date":"2022-03-11 22:59:59","utc_end_date_details":{"year":"2022","month":"03","day":"11","hour":"22","minutes":"59","seconds":"59"},"timezone":"Europe\/Madrid","timezone_abbr":"CET","cost":"","cost_details":{"currency_symbol":"","currency_code":"","currency_position":"prefix","values":[]},"website":"https:\/\/news.baued.es\/ca\/index.php\/2022\/03\/01\/hrtz-el-gran-festival-de-laudiovisual\/","show_map":true,"show_map_link":true,"hide_from_listings":false,"sticky":false,"featured":false,"categories":[],"tags":[],"venue":{"id":26422,"author":"5","status":"publish","date":"2022-02-16 16:14:18","date_utc":"2022-02-16 15:14:18","modified":"2022-02-16 16:14:18","modified_utc":"2022-02-16 15:14:18","url":"https:\/\/poblenouurbandistrict.com\/ca\/recinte\/bau\/","venue":"BAU","slug":"bau","address":"Carrer de Pujades, 118","city":"Barcelona","country":"Espanya","province":"Barcelona","zip":"08005","phone":"934 15 34 74","website":"https:\/\/www.baued.es\/ca","stateprovince":"Barcelona","json_ld":{"@type":"Place","name":"BAU","description":"","url":"https:\/\/poblenouurbandistrict.com\/ca\/recinte\/bau\/","address":{"@type":"PostalAddress","streetAddress":"Carrer de Pujades, 118","addressLocality":"Barcelona","addressRegion":"Barcelona","postalCode":"08005","addressCountry":"Espanya"},"telephone":"934 15 34 74","sameAs":"https:\/\/www.baued.es\/ca"},"show_map":true,"show_map_link":true,"global_id":"poblenouurbandistrict.com\/ca?id=26422","global_id_lineage":["poblenouurbandistrict.com\/ca?id=26422"]},"organizer":[{"id":26423,"author":"5","status":"publish","date":"2022-02-16 16:14:18","date_utc":"2022-02-16 15:14:18","modified":"2022-02-16 16:14:18","modified_utc":"2022-02-16 15:14:18","url":"https:\/\/poblenouurbandistrict.com\/ca\/organitzador\/bau\/","organizer":"BAU","slug":"bau","phone":"934 15 34 74","website":"https:\/\/www.baued.es\/ca","json_ld":{"@type":"Person","name":"BAU","description":"","url":"https:\/\/www.baued.es\/ca","telephone":"934 15 34 74","email":"","sameAs":"https:\/\/www.baued.es\/ca"},"global_id":"poblenouurbandistrict.com\/ca?id=26423","global_id_lineage":["poblenouurbandistrict.com\/ca?id=26423"]}],"custom_fields":[],"json_ld":{"@context":"http:\/\/schema.org","@type":"Event","name":"HRTZ: el gran festival de l\u2019audiovisual","description":"&lt;p&gt;Cap a on va l\u2019audiovisual? \u00c9s la gran pregunta que es fa el sector, i tamb\u00e9 la nova edici\u00f3 del\u00a0HRTZ,... &lt;a href=&quot;https:\/\/poblenouurbandistrict.com\/ca\/agenda\/hrtz-el-gran-festival-de-laudiovisual\/&quot;&gt;M\u00e9s  \u2192&lt;\/a&gt;&lt;\/p&gt;\\n","image":"https:\/\/poblenouurbandistrict.com\/wp-content\/uploads\/2022\/03\/diseno-sin-titulo-4.jpg","url":"https:\/\/poblenouurbandistrict.com\/ca\/agenda\/hrtz-el-gran-festival-de-laudiovisual\/","eventAttendanceMode":"https:\/\/schema.org\/OfflineEventAttendanceMode","eventStatus":"https:\/\/schema.org\/EventScheduled","startDate":"2022-03-10T00:00:00+01:00","endDate":"2022-03-11T23:59:59+01:00","location":{"@type":"Place","name":"BAU","description":"","url":"https:\/\/poblenouurbandistrict.com\/ca\/recinte\/bau\/","address":{"@type":"PostalAddress","streetAddress":"Carrer de Pujades, 118","addressLocality":"Barcelona","addressRegion":"Barcelona","postalCode":"08005","addressCountry":"Espanya"},"telephone":"934 15 34 74","sameAs":"https:\/\/www.baued.es\/ca"},"organizer":{"@type":"Person","name":"BAU","description":"","url":"https:\/\/www.baued.es\/ca","telephone":"934 15 34 74","email":"","sameAs":"https:\/\/www.baued.es\/ca"},"performer":"Organization"},"is_virtual":false,"virtual_url":null,"virtual_video_source":""}