{"id":47472,"global_id":"poblenouurbandistrict.com\/ca?id=47472","global_id_lineage":["poblenouurbandistrict.com\/ca?id=47472"],"author":"5","status":"publish","date":"2024-10-11 11:58:17","date_utc":"2024-10-11 09:58:17","modified":"2024-10-11 11:58:17","modified_utc":"2024-10-11 09:58:17","url":"https:\/\/poblenouurbandistrict.com\/ca\/agenda\/recital-emergencies-de-mireia-calafell-y-nil-ciuro\/","rest_url":"https:\/\/poblenouurbandistrict.com\/ca\/wp-json\/tribe\/events\/v1\/events\/47472","title":"Recital: Emerg\u00e8ncies de Mireia Calafell y Nil Ciur\u00f3","description":"<p>A partir de la lectura del poemari\u00a0<em>Si una emerg\u00e8ncia<\/em>\u00a0(Premi Carles Riba 2023) i alguns poemes dels seus llibres anteriors, Mireia Calafell reivindica el doble sentit de la paraula emerg\u00e8ncia: implica un final, s\u00ed, per\u00f2 tamb\u00e9 un brot, una oportunitat.<\/p>\n<p>Nil Ciur\u00f3 acompanya els versos per dur-los m\u00e9s enll\u00e0 amb melodies i textures que combinen la malenconia amb ritmes electr\u00f2nics i experimentals, ara m\u00e9s foscos ara m\u00e9s lluminosos.<\/p>\n<p>M\u00e9s informaci\u00f3 i entrades <a href=\"https:\/\/www.salabeckett.cat\/espectacle\/emergencies\/\">aqu\u00ed<\/a>.<\/p>","excerpt":"","slug":"recital-emergencies-de-mireia-calafell-y-nil-ciuro","image":{"url":"https:\/\/media.poblenouurbandistrict.com\/2024\/10\/25080151\/mireia-calafell-web.jpg","id":47473,"extension":"jpg","width":1000,"height":600,"filesize":71006,"sizes":{"medium":{"width":620,"height":372,"mime-type":"image\/jpeg","filesize":21098,"url":"https:\/\/media.poblenouurbandistrict.com\/2024\/10\/25080151\/mireia-calafell-web-620x372.jpg"},"large":{"width":640,"height":384,"mime-type":"image\/jpeg","filesize":22193,"url":"https:\/\/media.poblenouurbandistrict.com\/2024\/10\/25080151\/mireia-calafell-web-640x384.jpg"},"thumbnail":{"width":180,"height":108,"mime-type":"image\/jpeg","filesize":2975,"url":"https:\/\/media.poblenouurbandistrict.com\/2024\/10\/25080151\/mireia-calafell-web-180x108.jpg"},"medium_large":{"width":768,"height":461,"mime-type":"image\/jpeg","filesize":33462,"url":"https:\/\/media.poblenouurbandistrict.com\/2024\/10\/25080151\/mireia-calafell-web-768x461.jpg"},"half-content":{"width":700,"height":420,"mime-type":"image\/jpeg","filesize":27516,"url":"https:\/\/media.poblenouurbandistrict.com\/2024\/10\/25080151\/mireia-calafell-web-700x420.jpg"},"third-content":{"width":470,"height":282,"mime-type":"image\/jpeg","filesize":12309,"url":"https:\/\/media.poblenouurbandistrict.com\/2024\/10\/25080151\/mireia-calafell-web-470x282.jpg"},"fourth-content":{"width":350,"height":210,"mime-type":"image\/jpeg","filesize":7467,"url":"https:\/\/media.poblenouurbandistrict.com\/2024\/10\/25080151\/mireia-calafell-web-350x210.jpg"},"puud-posts-excerpt":{"width":690,"height":430,"mime-type":"image\/jpeg","filesize":28199,"url":"https:\/\/media.poblenouurbandistrict.com\/2024\/10\/25080151\/mireia-calafell-web-690x430.jpg"},"puud-posts-yellow":{"width":690,"height":430,"mime-type":"image\/jpeg","filesize":28199,"url":"https:\/\/media.poblenouurbandistrict.com\/2024\/10\/25080151\/mireia-calafell-web-690x430.jpg"},"woocommerce_thumbnail":{"width":300,"height":450,"mime-type":"image\/jpeg","filesize":16966,"uncropped":false,"url":"https:\/\/media.poblenouurbandistrict.com\/2024\/10\/25080151\/mireia-calafell-web-300x450.jpg"},"woocommerce_single":{"width":600,"height":360,"mime-type":"image\/jpeg","filesize":19510,"url":"https:\/\/media.poblenouurbandistrict.com\/2024\/10\/25080151\/mireia-calafell-web-600x360.jpg"},"woocommerce_gallery_thumbnail":{"width":100,"height":100,"mime-type":"image\/jpeg","filesize":2372,"url":"https:\/\/media.poblenouurbandistrict.com\/2024\/10\/25080151\/mireia-calafell-web-100x100.jpg"}}},"all_day":false,"start_date":"2024-12-03 20:00:00","start_date_details":{"year":"2024","month":"12","day":"03","hour":"20","minutes":"00","seconds":"00"},"end_date":"2024-12-03 20:00:00","end_date_details":{"year":"2024","month":"12","day":"03","hour":"20","minutes":"00","seconds":"00"},"utc_start_date":"2024-12-03 19:00:00","utc_start_date_details":{"year":"2024","month":"12","day":"03","hour":"19","minutes":"00","seconds":"00"},"utc_end_date":"2024-12-03 19:00:00","utc_end_date_details":{"year":"2024","month":"12","day":"03","hour":"19","minutes":"00","seconds":"00"},"timezone":"Europe\/Madrid","timezone_abbr":"CET","cost":"10\u20ac","cost_details":{"currency_symbol":"\u20ac","currency_code":"USD","currency_position":"suffix","values":["10"]},"website":"","show_map":true,"show_map_link":true,"hide_from_listings":false,"sticky":false,"featured":false,"categories":[],"tags":[],"venue":{"id":25832,"author":"5","status":"publish","date":"2022-02-03 11:26:06","date_utc":"2022-02-03 10:26:06","modified":"2022-02-08 11:27:44","modified_utc":"2022-02-08 10:27:44","url":"https:\/\/poblenouurbandistrict.com\/ca\/recinte\/sala-beckett\/","venue":"Sala Beckett","slug":"sala-beckett","address":"C. de Pere IV, 228, 232","city":"Barcelona","province":"Barcelona","zip":"08005","phone":"932 84 53 12","website":"https:\/\/www.salabeckett.cat\/","stateprovince":"Barcelona","json_ld":{"@type":"Place","name":"Sala Beckett","description":"","url":"https:\/\/poblenouurbandistrict.com\/ca\/recinte\/sala-beckett\/","address":{"@type":"PostalAddress","streetAddress":"C. de Pere IV, 228, 232","addressLocality":"Barcelona","addressRegion":"Barcelona","postalCode":"08005"},"telephone":"932 84 53 12","sameAs":"https:\/\/www.salabeckett.cat\/"},"show_map":true,"show_map_link":true,"global_id":"poblenouurbandistrict.com\/ca?id=25832","global_id_lineage":["poblenouurbandistrict.com\/ca?id=25832"]},"organizer":[{"id":25833,"author":"5","status":"publish","date":"2022-02-03 11:26:06","date_utc":"2022-02-03 10:26:06","modified":"2022-02-08 11:26:36","modified_utc":"2022-02-08 10:26:36","url":"https:\/\/poblenouurbandistrict.com\/ca\/organitzador\/sala-beckett\/","organizer":"Sala Beckett","slug":"sala-beckett","phone":"932 84 53 12","website":"https:\/\/www.salabeckett.cat\/","json_ld":{"@type":"Person","name":"Sala Beckett","description":"","url":"https:\/\/www.salabeckett.cat\/","telephone":"932 84 53 12","email":"","sameAs":"https:\/\/www.salabeckett.cat\/"},"global_id":"poblenouurbandistrict.com\/ca?id=25833","global_id_lineage":["poblenouurbandistrict.com\/ca?id=25833"]}],"custom_fields":[],"json_ld":{"@context":"http:\/\/schema.org","@type":"Event","name":"Recital: Emerg\u00e8ncies de Mireia Calafell y Nil Ciur\u00f3","description":"&lt;p&gt;A partir de la lectura del poemari\u00a0Si una emerg\u00e8ncia\u00a0(Premi Carles Riba 2023) i alguns poemes dels seus llibres anteriors, Mireia... &lt;a href=&quot;https:\/\/poblenouurbandistrict.com\/ca\/agenda\/recital-emergencies-de-mireia-calafell-y-nil-ciuro\/&quot;&gt;M\u00e9s  \u2192&lt;\/a&gt;&lt;\/p&gt;\\n","image":"https:\/\/media.poblenouurbandistrict.com\/2024\/10\/25080151\/mireia-calafell-web.jpg","url":"https:\/\/poblenouurbandistrict.com\/ca\/agenda\/recital-emergencies-de-mireia-calafell-y-nil-ciuro\/","eventAttendanceMode":"https:\/\/schema.org\/OfflineEventAttendanceMode","eventStatus":"https:\/\/schema.org\/EventScheduled","startDate":"2024-12-03T20:00:00+01:00","endDate":"2024-12-03T20:00:00+01:00","location":{"@type":"Place","name":"Sala Beckett","description":"","url":"https:\/\/poblenouurbandistrict.com\/ca\/recinte\/sala-beckett\/","address":{"@type":"PostalAddress","streetAddress":"C. de Pere IV, 228, 232","addressLocality":"Barcelona","addressRegion":"Barcelona","postalCode":"08005"},"telephone":"932 84 53 12","sameAs":"https:\/\/www.salabeckett.cat\/"},"organizer":{"@type":"Person","name":"Sala Beckett","description":"","url":"https:\/\/www.salabeckett.cat\/","telephone":"932 84 53 12","email":"","sameAs":"https:\/\/www.salabeckett.cat\/"},"offers":{"@type":"Offer","price":"10","priceCurrency":"USD","url":"https:\/\/poblenouurbandistrict.com\/ca\/agenda\/recital-emergencies-de-mireia-calafell-y-nil-ciuro\/","category":"primary","availability":"inStock","validFrom":"1970-01-01T00:00:00+00:00"},"performer":"Organization"},"is_virtual":false,"virtual_url":null,"virtual_video_source":""}