{"id":17535,"date":"2020-04-09T09:00:42","date_gmt":"2020-04-09T07:00:42","guid":{"rendered":"https:\/\/poblenouurbandistrict.com\/?p=17535"},"modified":"2020-04-29T17:08:21","modified_gmt":"2020-04-29T15:08:21","slug":"wac-2020-convocatoria","status":"publish","type":"post","link":"https:\/\/poblenouurbandistrict.com\/ca\/wac-2020-convocatoria\/","title":{"rendered":"WAC &#8217;20: WINDOWS ART CIRCUIT"},"content":{"rendered":"<p><span style=\"font-weight: 400;\"><strong>Poblenou Urban District<\/strong> obre una convocat\u00f2ria dirigida a pintors, muralistes, escultors, il\u00b7lustradors, fot\u00f2grafs, artistes multim\u00e8dia i performers per a participar a la sisena edici\u00f3 del <strong>Windows Art Circuit\/ WAC<\/strong>.*<\/span><\/p>\n<p><span style=\"font-weight: 400;\">El <a href=\"https:\/\/poblenouurbandistrict.com\/windows-art-circuit\/\" target=\"_blank\" rel=\"noopener noreferrer\">WAC<\/a> \u00e9s un circuit q<\/span><span style=\"font-weight: 400;\">ue t\u00e9 com objectiu <strong>promoure tant a artistes emergents com a artistes consolidats<\/strong> en una selecci\u00f3 d\u2019espais de Poblenou Urban district. El circuit crear\u00e0 un mapa art\u00edstic en vidrieres que seran intervingudes en directe per artistes pl\u00e0stics constituint aix\u00ed un mapa pict\u00f2ric amb el qual donar visibilitat a il\u00b7lustradors i muralistes.<\/span><\/p>\n<p><span style=\"font-weight: 400;\">Els artistes tindran l&#8217;oportunitat d&#8217; intervenir en directe o exposar la seva obra. Com cada any, Poblenou Urban District facilitar\u00e0 les condicions t\u00e8cniques necess\u00e0ries per dur a terme les exposicions i intervencions en els espais participants.<\/span><\/p>\n<h1><b>Conformen el jurat:<\/b><\/h1>\n<p><strong>Barcelona Academy of Art:<\/strong> <span style=\"font-weight: 400;\">Jordi D\u00edaz<br \/>\n<\/span><strong>Colectivo Difusor: <\/strong>Xavier Ballaz i Anna Manaia<br \/>\n<strong>Montana Colors:<\/strong> <span style=\"font-weight: 400;\">Marc Mascort<br \/>\n<\/span><strong>Piramid\u00f3n Centre d\u2019Art Contemporani:<\/strong> Jordi Bohigas i Joan Rend\u00e9<br \/>\n<strong>Poblenou Urban District: <\/strong>Claudia Costa, Ana Vidal i Albert Mart\u00ednez<\/p>\n<p><span style=\"font-weight: 400;\">Mitjan\u00e7ant la participaci\u00f3, els artistes seleccionats obtindran difusi\u00f3 del projecte en tots els mitjans de qu\u00e8 disposa Poblenou Urban District i seran inclosos a la campanya de comunicaci\u00f3 que es dur\u00e0 a terme. <\/span><\/p>\n<p><span style=\"font-weight: 400;\">Una vegada m\u00e9s, comptem amb la gran <strong>col\u00b7laboraci\u00f3 de Montana Colors<\/strong>, que cedir\u00e0 el material necessari als artistes participants per a la realitzaci\u00f3 d\u2019intervencions murals. <\/span><\/p>\n<p><span style=\"font-weight: 400;\">Montana d\u00f3na suport a l&#8217;art urb\u00e0 des de 1994, sent la primera marca de pintura especialitzada en l&#8217;art de l&#8217;grafit, convertint la seva seu a Barcelona en un referent per als artistes urbans de la resta d&#8217;Europa. Es caracteritzen pel seu car\u00e0cter independent en un m\u00f3n globalitzat, ja que porten m\u00e9s de vint-i-cinc anys sent fidels als seus valors: crear un producte de primera qualitat, amb un acabat excel\u00b7lent i a m\u00e9s respectant el medi ambient.<\/span><\/p>\n<h1><b>Requisits de participaci\u00f3:<\/b><\/h1>\n<ul>\n<li style=\"font-weight: 400;\"><span style=\"font-weight: 400;\">Ser major d\u2019edat\u00a0<\/span><\/li>\n<li style=\"font-weight: 400;\"><span style=\"font-weight: 400;\">Presentar una proposta espec\u00edfica per a la convocat\u00f2ria.\u00a0<\/span><\/li>\n<li style=\"font-weight: 400;\"><span style=\"font-weight: 400;\">Emplenar el seg\u00fcent formulari: <\/span><span style=\"font-weight: 400;\">\u00a0<\/span><a href=\"http:\/\/bit.ly\/convocatoriawac2020\"><span style=\"font-weight: 400;\">http:\/\/bit.ly\/convocatoriawac2020<\/span><\/a><span style=\"font-weight: 400;\">\u00a0<\/span><\/li>\n<\/ul>\n<p><strong>El l\u00edmit de presentaci\u00f3 de propostes \u00e9s el dilluns 11 de Maig a les 24h.<br \/>\n<\/strong><strong>No s\u2019acceptar\u00e0 cap proposta fora d\u2019aquest l\u00edmit i la resoluci\u00f3 del jurat es comunicar\u00e0 via e-mail.<\/strong><\/p>\n<p><span style=\"color: #000000;\"><em><span style=\"font-weight: 400;\">*Estem definint la nova data de celebraci\u00f3 de l&#8217;WAC causa de la crisi de l&#8217;COVID-19. Si et registres et mantindrem informat \/<\/span><\/em> <span style=\"font-weight: 400;\">a.<\/span><\/span><\/p>","protected":false},"excerpt":{"rendered":"<p>Poblenou Urban District obre una convocat\u00f2ria dirigida a pintors, muralistes, escultors, il\u00b7lustradors, fot\u00f2grafs, artistes multim\u00e8dia i performers per a participar&#8230; <a href=\"https:\/\/poblenouurbandistrict.com\/ca\/wac-2020-convocatoria\/\">M\u00e9s  \u2192<\/a><\/p>\n","protected":false},"author":5,"featured_media":17541,"comment_status":"closed","ping_status":"closed","sticky":false,"template":"","format":"standard","meta":{"_acf_changed":false,"footnotes":""},"categories":[3364],"tags":[],"class_list":["post-17535","post","type-post","status-publish","format-standard","has-post-thumbnail","hentry","category-poblenou-urban-district"],"acf":[],"yoast_head":"<!-- This site is optimized with the Yoast SEO plugin v27.5 - https:\/\/yoast.com\/product\/yoast-seo-wordpress\/ -->\n<title>WAC 2020: Windows Art Circuit<\/title>\n<meta name=\"description\" content=\"Poblenou Urban District abre una convocatoria para participar en la sexta edici\u00f3n del Windows Art Circuit \/ WAC, en el marco del Poblenou Open Day 2020.\" \/>\n<meta name=\"robots\" content=\"index, follow, max-snippet:-1, max-image-preview:large, max-video-preview:-1\" \/>\n<link rel=\"canonical\" href=\"https:\/\/poblenouurbandistrict.com\/ca\/wac-2020-convocatoria\/\" \/>\n<meta property=\"og:locale\" content=\"ca_ES\" \/>\n<meta property=\"og:type\" content=\"article\" \/>\n<meta property=\"og:title\" content=\"WAC 2020: Windows Art Circuit\" \/>\n<meta property=\"og:description\" content=\"Poblenou Urban District abre una convocatoria para participar en la sexta edici\u00f3n del Windows Art Circuit \/ WAC, en el marco del Poblenou Open Day 2020.\" \/>\n<meta property=\"og:url\" content=\"https:\/\/poblenouurbandistrict.com\/ca\/wac-2020-convocatoria\/\" \/>\n<meta property=\"og:site_name\" content=\"Poblenou Urban District\" \/>\n<meta property=\"article:published_time\" content=\"2020-04-09T07:00:42+00:00\" \/>\n<meta property=\"article:modified_time\" content=\"2020-04-29T15:08:21+00:00\" \/>\n<meta property=\"og:image\" content=\"https:\/\/poblenouurbandistrict.com\/wp-content\/uploads\/2020\/03\/60970844_2243606485761054_8248099828538540032_o.jpg\" \/>\n\t<meta property=\"og:image:width\" content=\"960\" \/>\n\t<meta property=\"og:image:height\" content=\"720\" \/>\n\t<meta property=\"og:image:type\" content=\"image\/jpeg\" \/>\n<meta name=\"author\" content=\"pnud\" \/>\n<meta name=\"twitter:card\" content=\"summary_large_image\" \/>\n<meta name=\"twitter:label1\" content=\"Escrit per\" \/>\n\t<meta name=\"twitter:data1\" content=\"pnud\" \/>\n\t<meta name=\"twitter:label2\" content=\"Temps estimat de lectura\" \/>\n\t<meta name=\"twitter:data2\" content=\"6 minuts\" \/>\n<script type=\"application\/ld+json\" class=\"yoast-schema-graph\">{\"@context\":\"https:\\\/\\\/schema.org\",\"@graph\":[{\"@type\":\"Article\",\"@id\":\"https:\\\/\\\/poblenouurbandistrict.com\\\/wac-2020-convocatoria\\\/#article\",\"isPartOf\":{\"@id\":\"https:\\\/\\\/poblenouurbandistrict.com\\\/wac-2020-convocatoria\\\/\"},\"author\":{\"name\":\"pnud\",\"@id\":\"https:\\\/\\\/poblenouurbandistrict.com\\\/#\\\/schema\\\/person\\\/980a2cf34b399d5218205730acd54a7e\"},\"headline\":\"WAC &#8217;20: WINDOWS ART CIRCUIT\",\"datePublished\":\"2020-04-09T07:00:42+00:00\",\"dateModified\":\"2020-04-29T15:08:21+00:00\",\"mainEntityOfPage\":{\"@id\":\"https:\\\/\\\/poblenouurbandistrict.com\\\/wac-2020-convocatoria\\\/\"},\"wordCount\":1175,\"image\":{\"@id\":\"https:\\\/\\\/poblenouurbandistrict.com\\\/wac-2020-convocatoria\\\/#primaryimage\"},\"thumbnailUrl\":\"https:\\\/\\\/media.poblenouurbandistrict.com\\\/2020\\\/03\\\/25030148\\\/60970844_2243606485761054_8248099828538540032_o.jpg\",\"articleSection\":[\"Poblenou Urban District\"],\"inLanguage\":\"ca\"},{\"@type\":\"WebPage\",\"@id\":\"https:\\\/\\\/poblenouurbandistrict.com\\\/ca\\\/wac-2020-convocatoria\\\/\",\"url\":\"https:\\\/\\\/poblenouurbandistrict.com\\\/ca\\\/wac-2020-convocatoria\\\/\",\"name\":\"WAC 2020: Windows Art Circuit\",\"isPartOf\":{\"@id\":\"https:\\\/\\\/poblenouurbandistrict.com\\\/ca\\\/#website\"},\"primaryImageOfPage\":{\"@id\":\"https:\\\/\\\/poblenouurbandistrict.com\\\/ca\\\/wac-2020-convocatoria\\\/#primaryimage\"},\"image\":{\"@id\":\"https:\\\/\\\/poblenouurbandistrict.com\\\/wac-2020-convocatoria\\\/#primaryimage\"},\"thumbnailUrl\":\"https:\\\/\\\/media.poblenouurbandistrict.com\\\/2020\\\/03\\\/25030148\\\/60970844_2243606485761054_8248099828538540032_o.jpg\",\"datePublished\":\"2020-04-09T07:00:42+00:00\",\"dateModified\":\"2020-04-29T15:08:21+00:00\",\"author\":{\"@id\":\"https:\\\/\\\/poblenouurbandistrict.com\\\/#\\\/schema\\\/person\\\/980a2cf34b399d5218205730acd54a7e\"},\"description\":\"Poblenou Urban District abre una convocatoria para participar en la sexta edici\u00f3n del Windows Art Circuit \\\/ WAC, en el marco del Poblenou Open Day 2020.\",\"breadcrumb\":{\"@id\":\"https:\\\/\\\/poblenouurbandistrict.com\\\/ca\\\/wac-2020-convocatoria\\\/#breadcrumb\"},\"inLanguage\":\"ca\",\"potentialAction\":[{\"@type\":\"ReadAction\",\"target\":[[\"https:\\\/\\\/poblenouurbandistrict.com\\\/ca\\\/wac-2020-convocatoria\\\/\"]]}]},{\"@type\":\"ImageObject\",\"inLanguage\":\"ca\",\"@id\":\"https:\\\/\\\/poblenouurbandistrict.com\\\/ca\\\/wac-2020-convocatoria\\\/#primaryimage\",\"url\":\"https:\\\/\\\/media.poblenouurbandistrict.com\\\/2020\\\/03\\\/25030148\\\/60970844_2243606485761054_8248099828538540032_o.jpg\",\"contentUrl\":\"https:\\\/\\\/media.poblenouurbandistrict.com\\\/2020\\\/03\\\/25030148\\\/60970844_2243606485761054_8248099828538540032_o.jpg\",\"width\":960,\"height\":720},{\"@type\":\"BreadcrumbList\",\"@id\":\"https:\\\/\\\/poblenouurbandistrict.com\\\/ca\\\/wac-2020-convocatoria\\\/#breadcrumb\",\"itemListElement\":[{\"@type\":\"ListItem\",\"position\":1,\"name\":\"Home\",\"item\":\"https:\\\/\\\/poblenouurbandistrict.com\\\/ca\\\/\"},{\"@type\":\"ListItem\",\"position\":2,\"name\":\"WAC &#8217;20: WINDOWS ART CIRCUIT\"}]},{\"@type\":\"WebSite\",\"@id\":\"https:\\\/\\\/poblenouurbandistrict.com\\\/ca\\\/#website\",\"url\":\"https:\\\/\\\/poblenouurbandistrict.com\\\/ca\\\/\",\"name\":\"Poblenou Urban District\",\"description\":\"Comunitat Creativa\",\"potentialAction\":[{\"@type\":\"SearchAction\",\"target\":{\"@type\":\"EntryPoint\",\"urlTemplate\":\"https:\\\/\\\/poblenouurbandistrict.com\\\/ca\\\/?s={search_term_string}\"},\"query-input\":{\"@type\":\"PropertyValueSpecification\",\"valueRequired\":true,\"valueName\":\"search_term_string\"}}],\"inLanguage\":\"ca\"},{\"@type\":\"Person\",\"@id\":\"https:\\\/\\\/poblenouurbandistrict.com\\\/#\\\/schema\\\/person\\\/980a2cf34b399d5218205730acd54a7e\",\"name\":\"pnud\",\"image\":{\"@type\":\"ImageObject\",\"inLanguage\":\"ca\",\"@id\":\"https:\\\/\\\/secure.gravatar.com\\\/avatar\\\/67146597b405ee077a24e519f75c3e2031736596d6ce35af3a34c122c93d0d7b?s=96&d=retro&r=g\",\"url\":\"https:\\\/\\\/secure.gravatar.com\\\/avatar\\\/67146597b405ee077a24e519f75c3e2031736596d6ce35af3a34c122c93d0d7b?s=96&d=retro&r=g\",\"contentUrl\":\"https:\\\/\\\/secure.gravatar.com\\\/avatar\\\/67146597b405ee077a24e519f75c3e2031736596d6ce35af3a34c122c93d0d7b?s=96&d=retro&r=g\",\"caption\":\"pnud\"}}]}<\/script>\n<!-- \/ Yoast SEO plugin. -->","yoast_head_json":{"title":"WAC 2020: Windows Art Circuit","description":"Poblenou Urban District abre una convocatoria para participar en la sexta edici\u00f3n del Windows Art Circuit \/ WAC, en el marco del Poblenou Open Day 2020.","robots":{"index":"index","follow":"follow","max-snippet":"max-snippet:-1","max-image-preview":"max-image-preview:large","max-video-preview":"max-video-preview:-1"},"canonical":"https:\/\/poblenouurbandistrict.com\/ca\/wac-2020-convocatoria\/","og_locale":"ca_ES","og_type":"article","og_title":"WAC 2020: Windows Art Circuit","og_description":"Poblenou Urban District abre una convocatoria para participar en la sexta edici\u00f3n del Windows Art Circuit \/ WAC, en el marco del Poblenou Open Day 2020.","og_url":"https:\/\/poblenouurbandistrict.com\/ca\/wac-2020-convocatoria\/","og_site_name":"Poblenou Urban District","article_published_time":"2020-04-09T07:00:42+00:00","article_modified_time":"2020-04-29T15:08:21+00:00","og_image":[{"width":960,"height":720,"url":"https:\/\/poblenouurbandistrict.com\/wp-content\/uploads\/2020\/03\/60970844_2243606485761054_8248099828538540032_o.jpg","type":"image\/jpeg"}],"author":"pnud","twitter_card":"summary_large_image","twitter_misc":{"Escrit per":"pnud","Temps estimat de lectura":"6 minuts"},"schema":{"@context":"https:\/\/schema.org","@graph":[{"@type":"Article","@id":"https:\/\/poblenouurbandistrict.com\/wac-2020-convocatoria\/#article","isPartOf":{"@id":"https:\/\/poblenouurbandistrict.com\/wac-2020-convocatoria\/"},"author":{"name":"pnud","@id":"https:\/\/poblenouurbandistrict.com\/#\/schema\/person\/980a2cf34b399d5218205730acd54a7e"},"headline":"WAC &#8217;20: WINDOWS ART CIRCUIT","datePublished":"2020-04-09T07:00:42+00:00","dateModified":"2020-04-29T15:08:21+00:00","mainEntityOfPage":{"@id":"https:\/\/poblenouurbandistrict.com\/wac-2020-convocatoria\/"},"wordCount":1175,"image":{"@id":"https:\/\/poblenouurbandistrict.com\/wac-2020-convocatoria\/#primaryimage"},"thumbnailUrl":"https:\/\/media.poblenouurbandistrict.com\/2020\/03\/25030148\/60970844_2243606485761054_8248099828538540032_o.jpg","articleSection":["Poblenou Urban District"],"inLanguage":"ca"},{"@type":"WebPage","@id":"https:\/\/poblenouurbandistrict.com\/ca\/wac-2020-convocatoria\/","url":"https:\/\/poblenouurbandistrict.com\/ca\/wac-2020-convocatoria\/","name":"WAC 2020: Windows Art Circuit","isPartOf":{"@id":"https:\/\/poblenouurbandistrict.com\/ca\/#website"},"primaryImageOfPage":{"@id":"https:\/\/poblenouurbandistrict.com\/ca\/wac-2020-convocatoria\/#primaryimage"},"image":{"@id":"https:\/\/poblenouurbandistrict.com\/wac-2020-convocatoria\/#primaryimage"},"thumbnailUrl":"https:\/\/media.poblenouurbandistrict.com\/2020\/03\/25030148\/60970844_2243606485761054_8248099828538540032_o.jpg","datePublished":"2020-04-09T07:00:42+00:00","dateModified":"2020-04-29T15:08:21+00:00","author":{"@id":"https:\/\/poblenouurbandistrict.com\/#\/schema\/person\/980a2cf34b399d5218205730acd54a7e"},"description":"Poblenou Urban District abre una convocatoria para participar en la sexta edici\u00f3n del Windows Art Circuit \/ WAC, en el marco del Poblenou Open Day 2020.","breadcrumb":{"@id":"https:\/\/poblenouurbandistrict.com\/ca\/wac-2020-convocatoria\/#breadcrumb"},"inLanguage":"ca","potentialAction":[{"@type":"ReadAction","target":[["https:\/\/poblenouurbandistrict.com\/ca\/wac-2020-convocatoria\/"]]}]},{"@type":"ImageObject","inLanguage":"ca","@id":"https:\/\/poblenouurbandistrict.com\/ca\/wac-2020-convocatoria\/#primaryimage","url":"https:\/\/media.poblenouurbandistrict.com\/2020\/03\/25030148\/60970844_2243606485761054_8248099828538540032_o.jpg","contentUrl":"https:\/\/media.poblenouurbandistrict.com\/2020\/03\/25030148\/60970844_2243606485761054_8248099828538540032_o.jpg","width":960,"height":720},{"@type":"BreadcrumbList","@id":"https:\/\/poblenouurbandistrict.com\/ca\/wac-2020-convocatoria\/#breadcrumb","itemListElement":[{"@type":"ListItem","position":1,"name":"Home","item":"https:\/\/poblenouurbandistrict.com\/ca\/"},{"@type":"ListItem","position":2,"name":"WAC &#8217;20: WINDOWS ART CIRCUIT"}]},{"@type":"WebSite","@id":"https:\/\/poblenouurbandistrict.com\/ca\/#website","url":"https:\/\/poblenouurbandistrict.com\/ca\/","name":"Poblenou Urban District","description":"Comunitat Creativa","potentialAction":[{"@type":"SearchAction","target":{"@type":"EntryPoint","urlTemplate":"https:\/\/poblenouurbandistrict.com\/ca\/?s={search_term_string}"},"query-input":{"@type":"PropertyValueSpecification","valueRequired":true,"valueName":"search_term_string"}}],"inLanguage":"ca"},{"@type":"Person","@id":"https:\/\/poblenouurbandistrict.com\/#\/schema\/person\/980a2cf34b399d5218205730acd54a7e","name":"pnud","image":{"@type":"ImageObject","inLanguage":"ca","@id":"https:\/\/secure.gravatar.com\/avatar\/67146597b405ee077a24e519f75c3e2031736596d6ce35af3a34c122c93d0d7b?s=96&d=retro&r=g","url":"https:\/\/secure.gravatar.com\/avatar\/67146597b405ee077a24e519f75c3e2031736596d6ce35af3a34c122c93d0d7b?s=96&d=retro&r=g","contentUrl":"https:\/\/secure.gravatar.com\/avatar\/67146597b405ee077a24e519f75c3e2031736596d6ce35af3a34c122c93d0d7b?s=96&d=retro&r=g","caption":"pnud"}}]}},"_links":{"self":[{"href":"https:\/\/poblenouurbandistrict.com\/ca\/wp-json\/wp\/v2\/posts\/17535","targetHints":{"allow":["GET"]}}],"collection":[{"href":"https:\/\/poblenouurbandistrict.com\/ca\/wp-json\/wp\/v2\/posts"}],"about":[{"href":"https:\/\/poblenouurbandistrict.com\/ca\/wp-json\/wp\/v2\/types\/post"}],"author":[{"embeddable":true,"href":"https:\/\/poblenouurbandistrict.com\/ca\/wp-json\/wp\/v2\/users\/5"}],"replies":[{"embeddable":true,"href":"https:\/\/poblenouurbandistrict.com\/ca\/wp-json\/wp\/v2\/comments?post=17535"}],"version-history":[{"count":14,"href":"https:\/\/poblenouurbandistrict.com\/ca\/wp-json\/wp\/v2\/posts\/17535\/revisions"}],"predecessor-version":[{"id":18374,"href":"https:\/\/poblenouurbandistrict.com\/ca\/wp-json\/wp\/v2\/posts\/17535\/revisions\/18374"}],"wp:featuredmedia":[{"embeddable":true,"href":"https:\/\/poblenouurbandistrict.com\/ca\/wp-json\/wp\/v2\/media\/17541"}],"wp:attachment":[{"href":"https:\/\/poblenouurbandistrict.com\/ca\/wp-json\/wp\/v2\/media?parent=17535"}],"wp:term":[{"taxonomy":"category","embeddable":true,"href":"https:\/\/poblenouurbandistrict.com\/ca\/wp-json\/wp\/v2\/categories?post=17535"},{"taxonomy":"post_tag","embeddable":true,"href":"https:\/\/poblenouurbandistrict.com\/ca\/wp-json\/wp\/v2\/tags?post=17535"}],"curies":[{"name":"wp","href":"https:\/\/api.w.org\/{rel}","templated":true}]}}