{"id":18422,"date":"2020-04-30T13:21:59","date_gmt":"2020-04-30T11:21:59","guid":{"rendered":"https:\/\/poblenouurbandistrict.com\/?p=18422"},"modified":"2020-10-15T14:08:00","modified_gmt":"2020-10-15T12:08:00","slug":"programacion-urban-talks-streaming-2","status":"publish","type":"post","link":"https:\/\/poblenouurbandistrict.com\/ca\/programacion-urban-talks-streaming-2\/","title":{"rendered":"Urban Talks"},"content":{"rendered":"<p>Tornen les <strong>Urban Talks<\/strong>, la part m\u00e9s reflexiva del <strong>Urban District Art Festival<\/strong> (UDAF), on conviuen creativitat i art amb la ciutat com a escenari actiu. I ho fan quan \u00e9s m\u00e9s necessari que mai, en un moment en el qual la cultura est\u00e0 mutant a causa de la crisi provocada per la COVID-19, i la preocupaci\u00f3 del sector requereix espais serens de reflexi\u00f3.<\/p>\n<p>El UDAF va n\u00e9ixer el 2017, com a col\u00b7laboraci\u00f3 entre la galeria d&#8217;art <strong>La Plataforma<\/strong> i <strong>Poblenou Urban District<\/strong>, l&#8217;associaci\u00f3 que agrupa els professionals, empreses i organitzacions del sector cultural i creatiu de l&#8217;antic barri fabril barcelon\u00ed.<\/p>\n<p>Es tracta doncs d&#8217;un festival multidisciplinar, que en aquesta ocasi\u00f3 llan\u00e7a una s\u00e8rie de tres taules rodones, en qu\u00e8 professionals que s&#8217;han enfrontat al repte d&#8217;aportar valor a la ciutat mitjan\u00e7ant les seves propostes, agafaran el micr\u00f2fon per explicar-nos i debatre sobre les seves experi\u00e8ncies i somnis en primera persona.<\/p>\n<p>Les Urban Talks tindran lloc el proper <strong>17 d&#8217;octubre<\/strong> de <strong>11h a 15h<\/strong> integrades en el marc del WAC Lab, amb activitats presencials i virtuals que podran ser seguides en streaming.<\/p>\n<p>Les taules seran moderades per Frankie Piz\u00e1, Director Creatiu de Primavera Sound i membre actiu de l&#8217;escena barcelonina des de fa anys a trav\u00e9s de mitjans, festivals i marques, i tamb\u00e9 per Arcadi Poch, explorador sociocultural especialitzat en projectes a l&#8217;espai p\u00fablic. L&#8217;esdeveniment compta amb la curadoria de l&#8217;ag\u00e8ncia creativa Life In The Woods, el suport d&#8217;Estrella Damm, la col\u00b7laboraci\u00f3 de Montana, i amb Simon com venue partner.<\/p>\n<hr \/>\n<h1>17 d&#8217;octubre d&#8217;11.00h a 15.00h (CET)<\/h1>\n<h1><strong>&#8216;La transformaci\u00f3 del territori a trav\u00e9s de l&#8217;art i la creativitat&#8217;<\/strong><\/h1>\n<p><strong>TAULA # 1\/11: 00h<\/strong><br \/>\n<strong>MARQUES, NOUS P\u00daBLICS I HONESTEDAT<\/strong><\/p>\n<p>Els joves d&#8217;avui en dia prefereixen consumir el contingut que generen els seus propis amics al d&#8217;entitats o marques. La figura de l&#8217;influencer com a transmissor \u00e9s un est\u00e0ndard i la s\u00edndrome de la &#8220;cancel\u00b7laci\u00f3&#8221; una cosa habitual: cap entitat o corporaci\u00f3 pot escapar a unes noves regles \u00e8tiques que estan substituint el regne est\u00e8tic que vivim a partir dels 2000. Com s&#8217;ha de comunicar una marca avui en dia? \u00bfHa de crear &#8216;memes&#8217; per parlar dels codis d&#8217;expressi\u00f3 de la generaci\u00f3 Z? \u00bfHa de ser, abans de res, honesta i transparent?<\/p>\n<p>Un col\u00b7loqui en el qual des del punt de vista de la comunicaci\u00f3 i el m\u00e0rqueting debatrem les noves esquerdes sociol\u00f2giques a qu\u00e8 s&#8217;enfronten les marques actualment i els reptes a l&#8217;hora d&#8217;arribar als nous p\u00fablics potencials. No parlarem de regles ni normatives, sin\u00f3 d&#8217;estrat\u00e8gies i noves f\u00f3rmules. Des de la mirada de les mateixes marques, als actors externs capa\u00e7os de generar els nous llenguatges de representaci\u00f3 que marcaran el dem\u00e0.<\/p>\n<p>Participants TAULA # 1:<br \/>\nFrankie Piz\u00e1 (Moderador) \u27f6 Raquel Vieira (Lacoste) \u27f6 Freddy Cardenas (Nike) \u27f6 Kai Landr\u00e9 (Artista \/ Cyborg Foundation)<\/p>\n<p><strong>TAULA # 2\/12: 15h<\/strong><br \/>\n<strong>REPENSAR ELS FESTIVALS: REFLEXIONS I NOUS FORMATS PER AL FUTUR DELS ESDEVENIMENTS<\/strong><\/p>\n<p>Te\u00f2rics i experts diuen que els festivals, tal i com els coneix\u00edem, ja mai tornaran. La forma en qu\u00e8 hem consumit entreteniment fins a l&#8217;arribada de la COVID-19 s&#8217;ha esfumat i tant la cultura com l&#8217;oci (si volem seguir fent aquesta distinci\u00f3) estan evolucionant r\u00e0pidament. Aquesta situaci\u00f3 ens obliga a plantejar-nos nous paradigmes, nous formats i a imaginar un futur que s\u00e0piga correspondre de forma m\u00e9s equitativa a artistes, promotors i audi\u00e8ncia.<\/p>\n<p>Una taula rodona en la qual des de l&#8217;experi\u00e8ncia en primera persona i els diversos angles d&#8217;interpretaci\u00f3, buscarem donar resposta i donar llum sobre els futurs immediats i a llarg termini en la ind\u00fastria de l&#8217;entreteniment cultural.<\/p>\n<p>Participants # TAULA2:<br \/>\nFrankie Piz\u00e1 (Moderador) \u27f6 Alex Nikolov (Loom Collective) \u27f6 Albert Salines (Lapsus) \u27f6 Rosa M\u00aa Fern\u00e1ndez (DIU)<\/p>\n<p><strong>TAULA # 3\/13: 30h<\/strong><br \/>\n<strong>LA TRANSFORMACI\u00d3 DEL TERRITORI A TRAV\u00c9S DE L&#8217;ART<\/strong><\/p>\n<p>Poblenou segueix sent avui dia un espai en constant reconversi\u00f3 del seu passat industrial. Un territori que ha enllumenat un districte creatiu i que ha comptat tradicionalment amb grans espais en qu\u00e8 l&#8217;art ha florit de forma horitzontal, en paral\u00b7lel a la resta de transformacions que han esdevingut a Barcelona.<\/p>\n<p>Un nou paisatge amb obres fetes amb escombraries, grans murals, art digital, vivers verticals i fa\u00e7anes sostenibles que combinen enginyeria, sostenibilitat i creativitat. La nostra tercera taula ser\u00e0 una conversa entre actors que mesuren la pulsaci\u00f3 d&#8217;aquest canvi. Com els artistes poden convertir-se en una for\u00e7a per a la recuperaci\u00f3 dels carrers per part dels ciutadans? Com han de regular les autoritats l&#8217;espai com\u00fa per afavorir una nova creativitat? Ha de ser l&#8217;art un instrument de cohesi\u00f3 social que trenqui amb les bretxes socioecon\u00f2miques?<\/p>\n<p>Participants # TAULA3:<\/p>\n<p>Arcadi Poch (Moderador) \u27f6 Francisco d&#8217;Ocell (Art Is Trash) \u27f6 Xavier Ballaz &amp; Ana Manaia (B-murals \/ Difusor) \u27f6 Jordi Montany\u00e0 (Institut Municipal del Paisatge Urb\u00e0 i la Qualitat de Vida)<\/p>\n<p><strong>Seguiu les Urban Talks en directe a trav\u00e9s de:<\/strong><\/p>\n<h1><a href=\"https:\/\/www.instagram.com\/poblenouud\/\">INSTAGRAM<\/a> | <a href=\"https:\/\/www.youtube.com\/channel\/UCyVb54OCWKmehErJQbsO7Gw\">YOUTUBE<\/a><\/h1>\n<p><\/p>","protected":false},"excerpt":{"rendered":"<p>Tornen les Urban Talks, la part m\u00e9s reflexiva del Urban District Art Festival (UDAF), on conviuen creativitat i art amb&#8230; <a href=\"https:\/\/poblenouurbandistrict.com\/ca\/programacion-urban-talks-streaming-2\/\">M\u00e9s  \u2192<\/a><\/p>\n","protected":false},"author":5,"featured_media":20466,"comment_status":"closed","ping_status":"closed","sticky":false,"template":"","format":"standard","meta":{"_acf_changed":false,"footnotes":""},"categories":[3342],"tags":[],"class_list":["post-18422","post","type-post","status-publish","format-standard","has-post-thumbnail","hentry","category-art"],"acf":[],"yoast_head":"<!-- This site is optimized with the Yoast SEO plugin v27.4 - https:\/\/yoast.com\/product\/yoast-seo-wordpress\/ -->\n<title>\u00bfPreparados? \u00bfListos? \u00a1Arranca el PODN 12h Non-Stop!<\/title>\n<meta name=\"description\" content=\"Os invitamos al PODN 12h Non-Stop, un formato h\u00edbrido lleno de experiencias exclusivas y actividades que se retransmitir\u00e1n en streaming.\" \/>\n<meta name=\"robots\" content=\"index, follow, max-snippet:-1, max-image-preview:large, max-video-preview:-1\" \/>\n<link rel=\"canonical\" href=\"https:\/\/poblenouurbandistrict.com\/ca\/programacion-urban-talks-streaming-2\/\" \/>\n<meta property=\"og:locale\" content=\"ca_ES\" \/>\n<meta property=\"og:type\" content=\"article\" \/>\n<meta property=\"og:title\" content=\"\u00bfPreparados? \u00bfListos? \u00a1Arranca el PODN 12h Non-Stop!\" \/>\n<meta property=\"og:description\" content=\"Os invitamos al PODN 12h Non-Stop, un formato h\u00edbrido lleno de experiencias exclusivas y actividades que se retransmitir\u00e1n en streaming.\" \/>\n<meta property=\"og:url\" content=\"https:\/\/poblenouurbandistrict.com\/ca\/programacion-urban-talks-streaming-2\/\" \/>\n<meta property=\"og:site_name\" content=\"Poblenou Urban District\" \/>\n<meta property=\"article:published_time\" content=\"2020-04-30T11:21:59+00:00\" \/>\n<meta property=\"article:modified_time\" content=\"2020-10-15T12:08:00+00:00\" \/>\n<meta property=\"og:image\" content=\"https:\/\/poblenouurbandistrict.com\/wp-content\/uploads\/2020\/10\/12.jpg\" \/>\n\t<meta property=\"og:image:width\" content=\"1920\" \/>\n\t<meta property=\"og:image:height\" content=\"1080\" \/>\n\t<meta property=\"og:image:type\" content=\"image\/png\" \/>\n<meta name=\"author\" content=\"pnud\" \/>\n<meta name=\"twitter:card\" content=\"summary_large_image\" \/>\n<meta name=\"twitter:label1\" content=\"Escrit per\" \/>\n\t<meta name=\"twitter:data1\" content=\"pnud\" \/>\n\t<meta name=\"twitter:label2\" content=\"Temps estimat de lectura\" \/>\n\t<meta name=\"twitter:data2\" content=\"13 minuts\" \/>\n<script type=\"application\/ld+json\" class=\"yoast-schema-graph\">{\"@context\":\"https:\\\/\\\/schema.org\",\"@graph\":[{\"@type\":\"Article\",\"@id\":\"https:\\\/\\\/poblenouurbandistrict.com\\\/programacion-urban-talks-streaming-2\\\/#article\",\"isPartOf\":{\"@id\":\"https:\\\/\\\/poblenouurbandistrict.com\\\/programacion-urban-talks-streaming-2\\\/\"},\"author\":{\"name\":\"pnud\",\"@id\":\"https:\\\/\\\/poblenouurbandistrict.com\\\/#\\\/schema\\\/person\\\/980a2cf34b399d5218205730acd54a7e\"},\"headline\":\"Urban Talks\",\"datePublished\":\"2020-04-30T11:21:59+00:00\",\"dateModified\":\"2020-10-15T12:08:00+00:00\",\"mainEntityOfPage\":{\"@id\":\"https:\\\/\\\/poblenouurbandistrict.com\\\/programacion-urban-talks-streaming-2\\\/\"},\"wordCount\":2588,\"image\":{\"@id\":\"https:\\\/\\\/poblenouurbandistrict.com\\\/programacion-urban-talks-streaming-2\\\/#primaryimage\"},\"thumbnailUrl\":\"https:\\\/\\\/poblenouurbandistrict.com\\\/wp-content\\\/uploads\\\/2020\\\/10\\\/12.jpg\",\"articleSection\":[\"Art\"],\"inLanguage\":\"ca\"},{\"@type\":\"WebPage\",\"@id\":\"https:\\\/\\\/poblenouurbandistrict.com\\\/ca\\\/programacion-urban-talks-streaming-2\\\/\",\"url\":\"https:\\\/\\\/poblenouurbandistrict.com\\\/ca\\\/programacion-urban-talks-streaming-2\\\/\",\"name\":\"\u00bfPreparados? \u00bfListos? \u00a1Arranca el PODN 12h Non-Stop!\",\"isPartOf\":{\"@id\":\"https:\\\/\\\/poblenouurbandistrict.com\\\/ca\\\/#website\"},\"primaryImageOfPage\":{\"@id\":\"https:\\\/\\\/poblenouurbandistrict.com\\\/ca\\\/programacion-urban-talks-streaming-2\\\/#primaryimage\"},\"image\":{\"@id\":\"https:\\\/\\\/poblenouurbandistrict.com\\\/programacion-urban-talks-streaming-2\\\/#primaryimage\"},\"thumbnailUrl\":\"https:\\\/\\\/poblenouurbandistrict.com\\\/wp-content\\\/uploads\\\/2020\\\/10\\\/12.jpg\",\"datePublished\":\"2020-04-30T11:21:59+00:00\",\"dateModified\":\"2020-10-15T12:08:00+00:00\",\"author\":{\"@id\":\"https:\\\/\\\/poblenouurbandistrict.com\\\/#\\\/schema\\\/person\\\/980a2cf34b399d5218205730acd54a7e\"},\"description\":\"Os invitamos al PODN 12h Non-Stop, un formato h\u00edbrido lleno de experiencias exclusivas y actividades que se retransmitir\u00e1n en streaming.\",\"breadcrumb\":{\"@id\":\"https:\\\/\\\/poblenouurbandistrict.com\\\/ca\\\/programacion-urban-talks-streaming-2\\\/#breadcrumb\"},\"inLanguage\":\"ca\",\"potentialAction\":[{\"@type\":\"ReadAction\",\"target\":[[\"https:\\\/\\\/poblenouurbandistrict.com\\\/ca\\\/programacion-urban-talks-streaming-2\\\/\"]]}]},{\"@type\":\"ImageObject\",\"inLanguage\":\"ca\",\"@id\":\"https:\\\/\\\/poblenouurbandistrict.com\\\/ca\\\/programacion-urban-talks-streaming-2\\\/#primaryimage\",\"url\":\"https:\\\/\\\/poblenouurbandistrict.com\\\/wp-content\\\/uploads\\\/2020\\\/10\\\/12.jpg\",\"contentUrl\":\"https:\\\/\\\/poblenouurbandistrict.com\\\/wp-content\\\/uploads\\\/2020\\\/10\\\/12.jpg\",\"width\":1920,\"height\":1080},{\"@type\":\"BreadcrumbList\",\"@id\":\"https:\\\/\\\/poblenouurbandistrict.com\\\/ca\\\/programacion-urban-talks-streaming-2\\\/#breadcrumb\",\"itemListElement\":[{\"@type\":\"ListItem\",\"position\":1,\"name\":\"Home\",\"item\":\"https:\\\/\\\/poblenouurbandistrict.com\\\/ca\\\/\"},{\"@type\":\"ListItem\",\"position\":2,\"name\":\"Urban Talks\"}]},{\"@type\":\"WebSite\",\"@id\":\"https:\\\/\\\/poblenouurbandistrict.com\\\/ca\\\/#website\",\"url\":\"https:\\\/\\\/poblenouurbandistrict.com\\\/ca\\\/\",\"name\":\"Poblenou Urban District\",\"description\":\"Comunitat Creativa\",\"potentialAction\":[{\"@type\":\"SearchAction\",\"target\":{\"@type\":\"EntryPoint\",\"urlTemplate\":\"https:\\\/\\\/poblenouurbandistrict.com\\\/ca\\\/?s={search_term_string}\"},\"query-input\":{\"@type\":\"PropertyValueSpecification\",\"valueRequired\":true,\"valueName\":\"search_term_string\"}}],\"inLanguage\":\"ca\"},{\"@type\":\"Person\",\"@id\":\"https:\\\/\\\/poblenouurbandistrict.com\\\/#\\\/schema\\\/person\\\/980a2cf34b399d5218205730acd54a7e\",\"name\":\"pnud\",\"image\":{\"@type\":\"ImageObject\",\"inLanguage\":\"ca\",\"@id\":\"https:\\\/\\\/secure.gravatar.com\\\/avatar\\\/67146597b405ee077a24e519f75c3e2031736596d6ce35af3a34c122c93d0d7b?s=96&d=retro&r=g\",\"url\":\"https:\\\/\\\/secure.gravatar.com\\\/avatar\\\/67146597b405ee077a24e519f75c3e2031736596d6ce35af3a34c122c93d0d7b?s=96&d=retro&r=g\",\"contentUrl\":\"https:\\\/\\\/secure.gravatar.com\\\/avatar\\\/67146597b405ee077a24e519f75c3e2031736596d6ce35af3a34c122c93d0d7b?s=96&d=retro&r=g\",\"caption\":\"pnud\"}}]}<\/script>\n<!-- \/ Yoast SEO plugin. -->","yoast_head_json":{"title":"\u00bfPreparados? \u00bfListos? \u00a1Arranca el PODN 12h Non-Stop!","description":"Os invitamos al PODN 12h Non-Stop, un formato h\u00edbrido lleno de experiencias exclusivas y actividades que se retransmitir\u00e1n en streaming.","robots":{"index":"index","follow":"follow","max-snippet":"max-snippet:-1","max-image-preview":"max-image-preview:large","max-video-preview":"max-video-preview:-1"},"canonical":"https:\/\/poblenouurbandistrict.com\/ca\/programacion-urban-talks-streaming-2\/","og_locale":"ca_ES","og_type":"article","og_title":"\u00bfPreparados? \u00bfListos? \u00a1Arranca el PODN 12h Non-Stop!","og_description":"Os invitamos al PODN 12h Non-Stop, un formato h\u00edbrido lleno de experiencias exclusivas y actividades que se retransmitir\u00e1n en streaming.","og_url":"https:\/\/poblenouurbandistrict.com\/ca\/programacion-urban-talks-streaming-2\/","og_site_name":"Poblenou Urban District","article_published_time":"2020-04-30T11:21:59+00:00","article_modified_time":"2020-10-15T12:08:00+00:00","og_image":[{"width":1920,"height":1080,"url":"https:\/\/poblenouurbandistrict.com\/wp-content\/uploads\/2020\/10\/12.jpg","type":"image\/png"}],"author":"pnud","twitter_card":"summary_large_image","twitter_misc":{"Escrit per":"pnud","Temps estimat de lectura":"13 minuts"},"schema":{"@context":"https:\/\/schema.org","@graph":[{"@type":"Article","@id":"https:\/\/poblenouurbandistrict.com\/programacion-urban-talks-streaming-2\/#article","isPartOf":{"@id":"https:\/\/poblenouurbandistrict.com\/programacion-urban-talks-streaming-2\/"},"author":{"name":"pnud","@id":"https:\/\/poblenouurbandistrict.com\/#\/schema\/person\/980a2cf34b399d5218205730acd54a7e"},"headline":"Urban Talks","datePublished":"2020-04-30T11:21:59+00:00","dateModified":"2020-10-15T12:08:00+00:00","mainEntityOfPage":{"@id":"https:\/\/poblenouurbandistrict.com\/programacion-urban-talks-streaming-2\/"},"wordCount":2588,"image":{"@id":"https:\/\/poblenouurbandistrict.com\/programacion-urban-talks-streaming-2\/#primaryimage"},"thumbnailUrl":"https:\/\/poblenouurbandistrict.com\/wp-content\/uploads\/2020\/10\/12.jpg","articleSection":["Art"],"inLanguage":"ca"},{"@type":"WebPage","@id":"https:\/\/poblenouurbandistrict.com\/ca\/programacion-urban-talks-streaming-2\/","url":"https:\/\/poblenouurbandistrict.com\/ca\/programacion-urban-talks-streaming-2\/","name":"\u00bfPreparados? \u00bfListos? \u00a1Arranca el PODN 12h Non-Stop!","isPartOf":{"@id":"https:\/\/poblenouurbandistrict.com\/ca\/#website"},"primaryImageOfPage":{"@id":"https:\/\/poblenouurbandistrict.com\/ca\/programacion-urban-talks-streaming-2\/#primaryimage"},"image":{"@id":"https:\/\/poblenouurbandistrict.com\/programacion-urban-talks-streaming-2\/#primaryimage"},"thumbnailUrl":"https:\/\/poblenouurbandistrict.com\/wp-content\/uploads\/2020\/10\/12.jpg","datePublished":"2020-04-30T11:21:59+00:00","dateModified":"2020-10-15T12:08:00+00:00","author":{"@id":"https:\/\/poblenouurbandistrict.com\/#\/schema\/person\/980a2cf34b399d5218205730acd54a7e"},"description":"Os invitamos al PODN 12h Non-Stop, un formato h\u00edbrido lleno de experiencias exclusivas y actividades que se retransmitir\u00e1n en streaming.","breadcrumb":{"@id":"https:\/\/poblenouurbandistrict.com\/ca\/programacion-urban-talks-streaming-2\/#breadcrumb"},"inLanguage":"ca","potentialAction":[{"@type":"ReadAction","target":[["https:\/\/poblenouurbandistrict.com\/ca\/programacion-urban-talks-streaming-2\/"]]}]},{"@type":"ImageObject","inLanguage":"ca","@id":"https:\/\/poblenouurbandistrict.com\/ca\/programacion-urban-talks-streaming-2\/#primaryimage","url":"https:\/\/poblenouurbandistrict.com\/wp-content\/uploads\/2020\/10\/12.jpg","contentUrl":"https:\/\/poblenouurbandistrict.com\/wp-content\/uploads\/2020\/10\/12.jpg","width":1920,"height":1080},{"@type":"BreadcrumbList","@id":"https:\/\/poblenouurbandistrict.com\/ca\/programacion-urban-talks-streaming-2\/#breadcrumb","itemListElement":[{"@type":"ListItem","position":1,"name":"Home","item":"https:\/\/poblenouurbandistrict.com\/ca\/"},{"@type":"ListItem","position":2,"name":"Urban Talks"}]},{"@type":"WebSite","@id":"https:\/\/poblenouurbandistrict.com\/ca\/#website","url":"https:\/\/poblenouurbandistrict.com\/ca\/","name":"Poblenou Urban District","description":"Comunitat Creativa","potentialAction":[{"@type":"SearchAction","target":{"@type":"EntryPoint","urlTemplate":"https:\/\/poblenouurbandistrict.com\/ca\/?s={search_term_string}"},"query-input":{"@type":"PropertyValueSpecification","valueRequired":true,"valueName":"search_term_string"}}],"inLanguage":"ca"},{"@type":"Person","@id":"https:\/\/poblenouurbandistrict.com\/#\/schema\/person\/980a2cf34b399d5218205730acd54a7e","name":"pnud","image":{"@type":"ImageObject","inLanguage":"ca","@id":"https:\/\/secure.gravatar.com\/avatar\/67146597b405ee077a24e519f75c3e2031736596d6ce35af3a34c122c93d0d7b?s=96&d=retro&r=g","url":"https:\/\/secure.gravatar.com\/avatar\/67146597b405ee077a24e519f75c3e2031736596d6ce35af3a34c122c93d0d7b?s=96&d=retro&r=g","contentUrl":"https:\/\/secure.gravatar.com\/avatar\/67146597b405ee077a24e519f75c3e2031736596d6ce35af3a34c122c93d0d7b?s=96&d=retro&r=g","caption":"pnud"}}]}},"_links":{"self":[{"href":"https:\/\/poblenouurbandistrict.com\/ca\/wp-json\/wp\/v2\/posts\/18422","targetHints":{"allow":["GET"]}}],"collection":[{"href":"https:\/\/poblenouurbandistrict.com\/ca\/wp-json\/wp\/v2\/posts"}],"about":[{"href":"https:\/\/poblenouurbandistrict.com\/ca\/wp-json\/wp\/v2\/types\/post"}],"author":[{"embeddable":true,"href":"https:\/\/poblenouurbandistrict.com\/ca\/wp-json\/wp\/v2\/users\/5"}],"replies":[{"embeddable":true,"href":"https:\/\/poblenouurbandistrict.com\/ca\/wp-json\/wp\/v2\/comments?post=18422"}],"version-history":[{"count":25,"href":"https:\/\/poblenouurbandistrict.com\/ca\/wp-json\/wp\/v2\/posts\/18422\/revisions"}],"predecessor-version":[{"id":20475,"href":"https:\/\/poblenouurbandistrict.com\/ca\/wp-json\/wp\/v2\/posts\/18422\/revisions\/20475"}],"wp:featuredmedia":[{"embeddable":true,"href":"https:\/\/poblenouurbandistrict.com\/ca\/wp-json\/wp\/v2\/media\/20466"}],"wp:attachment":[{"href":"https:\/\/poblenouurbandistrict.com\/ca\/wp-json\/wp\/v2\/media?parent=18422"}],"wp:term":[{"taxonomy":"category","embeddable":true,"href":"https:\/\/poblenouurbandistrict.com\/ca\/wp-json\/wp\/v2\/categories?post=18422"},{"taxonomy":"post_tag","embeddable":true,"href":"https:\/\/poblenouurbandistrict.com\/ca\/wp-json\/wp\/v2\/tags?post=18422"}],"curies":[{"name":"wp","href":"https:\/\/api.w.org\/{rel}","templated":true}]}}