{"id":18642,"date":"2020-10-17T10:01:36","date_gmt":"2020-10-17T08:01:36","guid":{"rendered":"https:\/\/poblenouurbandistrict.com\/?p=18642"},"modified":"2020-10-17T10:02:53","modified_gmt":"2020-10-17T08:02:53","slug":"windows-art-circuit-en-formato-lab","status":"publish","type":"post","link":"https:\/\/poblenouurbandistrict.com\/ca\/windows-art-circuit-en-formato-lab\/","title":{"rendered":"Windows Art Circuit Lab"},"content":{"rendered":"<p>Complementant les activitats programades pels socis del Poblenou Urban District, el &#8216;Espacio Simon 100&#8217; ser\u00e0 un aut\u00e8ntic niu de creativitat entre els dies 13 i 17 d&#8217;octubre acollint el &#8216;WAC Lab&#8217; i les &#8216;Urban Talks&#8217;.<\/p>\n<p>Com d\u00e8iem el <strong>Windows Art Circuit (WAC)<\/strong>, es realitzar\u00e0 aquest any tamb\u00e9 en format LAB, a l&#8217;interior de l&#8217;esmentat espai industrial i en paral\u00b7lel al reputat esdeveniment que s&#8217;ha convertit en una plataforma de promoci\u00f3 per als artistes urbans emergents i consolidats de la ciutat.<\/p>\n<p>Aquest nou format de resid\u00e8ncia, sintetitza el que ha estat un dels esdeveniments imprescindibles en les passades edicions del &#8216;Poblenou Open Day&#8217; i &#8216;Poblenou Open Night&#8217;, convertint-se en un laboratori d&#8217;experimentaci\u00f3 art\u00edstica a el m\u00e9s alt nivell.<\/p>\n<div style=\"width: 896px;\" class=\"wp-video\"><!--[if lt IE 9]><script>document.createElement('video');<\/script><![endif]-->\n<video class=\"wp-video-shortcode\" id=\"video-18642-1\" width=\"896\" height=\"896\" preload=\"metadata\" controls=\"controls\"><source type=\"video\/mp4\" src=\"https:\/\/poblenouurbandistrict.com\/wp-content\/uploads\/2020\/05\/WAC-Post-1080x1080-2.mp4?_=1\" \/><a href=\"https:\/\/poblenouurbandistrict.com\/wp-content\/uploads\/2020\/05\/WAC-Post-1080x1080-2.mp4\">https:\/\/poblenouurbandistrict.com\/wp-content\/uploads\/2020\/05\/WAC-Post-1080x1080-2.mp4<\/a><\/video><\/div>\n<h1><\/h1>\n<h1>Els artistes prendran la f\u00e0brica durant cinc dies i el fruit del seu treball es podr\u00e0 veure a la jornada de portes obertes el dia 17 d&#8217;octubre, un esdeveniment limitat en aforament d&#8217;acord amb les normatives vigents, que tamb\u00e9 comptar\u00e0 amb retransmissions en streaming perqu\u00e8 no us perdeu.<\/h1>\n<p>En intervencions murals tindrem a <strong>Sergi Bastida, Blah, aRal, Teo V\u00e1zquez, Cane, EL DIOS DE LOS TRES, Sonia Toneu, Creto, Wedo, Asis Percales, Votto, ONA, Alessiainart<\/strong> i\u00a0<strong>Betan.<\/strong><\/p>\n<p>En el mateix espai tamb\u00e9 trobarem exposicions de <strong>Aphrodite Illustration, Allan Halley, Jordi Mestrich <\/strong>i<strong> C\u00e1ceres<\/strong>; instal\u00b7lacions de <strong>Elsa Yranzo, BeatMe Lab, \u00c1ngel Moreno <\/strong>i<strong> Art Is Trash<\/strong>\u00a0i la performance de <strong>Margherita Isola<\/strong>.<\/p>\n<p>El mateix 17 d&#8217;octubre Poblenou Urban District proposa un espai per a l&#8217;experimentaci\u00f3 musical, dos tallers monogr\u00e0fics de serigrafia i il\u00b7lustraci\u00f3 i un estand de venda directa d&#8217;art.<\/p>\n<h1><a href=\"https:\/\/poblenouurbandistrict.com\/es\/wac-lab\/\" target=\"_blank\" rel=\"noopener noreferrer\">Programaci\u00f3 i tickets<\/a><\/h1>\n<p><\/p>","protected":false},"excerpt":{"rendered":"<p>Complementant les activitats programades pels socis del Poblenou Urban District, el &#8216;Espacio Simon 100&#8217; ser\u00e0 un aut\u00e8ntic niu de creativitat&#8230; <a href=\"https:\/\/poblenouurbandistrict.com\/ca\/windows-art-circuit-en-formato-lab\/\">M\u00e9s  \u2192<\/a><\/p>\n","protected":false},"author":5,"featured_media":20110,"comment_status":"closed","ping_status":"closed","sticky":false,"template":"","format":"standard","meta":{"_acf_changed":false,"footnotes":""},"categories":[3364],"tags":[],"class_list":["post-18642","post","type-post","status-publish","format-standard","has-post-thumbnail","hentry","category-poblenou-urban-district"],"acf":[],"yoast_head":"<!-- This site is optimized with the Yoast SEO plugin v27.4 - https:\/\/yoast.com\/product\/yoast-seo-wordpress\/ -->\n<title>Nuevas fechas para Poblenou Open Day &amp; Night, 12h non stop<\/title>\n<meta name=\"description\" content=\"Estamos planificando para mediados del mes de octubre un Poblenou Open Day &amp; Night de 12h \u201cnon stop\u201d (11h a 23h) en el Distrito Creativo de Barcelona.\" \/>\n<meta name=\"robots\" content=\"index, follow, max-snippet:-1, max-image-preview:large, max-video-preview:-1\" \/>\n<link rel=\"canonical\" href=\"https:\/\/poblenouurbandistrict.com\/ca\/windows-art-circuit-en-formato-lab\/\" \/>\n<meta property=\"og:locale\" content=\"ca_ES\" \/>\n<meta property=\"og:type\" content=\"article\" \/>\n<meta property=\"og:title\" content=\"Nuevas fechas para Poblenou Open Day &amp; Night, 12h non stop\" \/>\n<meta property=\"og:description\" content=\"Estamos planificando para mediados del mes de octubre un Poblenou Open Day &amp; Night de 12h \u201cnon stop\u201d (11h a 23h) en el Distrito Creativo de Barcelona.\" \/>\n<meta property=\"og:url\" content=\"https:\/\/poblenouurbandistrict.com\/ca\/windows-art-circuit-en-formato-lab\/\" \/>\n<meta property=\"og:site_name\" content=\"Poblenou Urban District\" \/>\n<meta property=\"article:published_time\" content=\"2020-10-17T08:01:36+00:00\" \/>\n<meta property=\"article:modified_time\" content=\"2020-10-17T08:02:53+00:00\" \/>\n<meta property=\"og:image\" content=\"https:\/\/poblenouurbandistrict.com\/wp-content\/uploads\/2020\/10\/intro_web_wac_desktop_1.jpg\" \/>\n\t<meta property=\"og:image:width\" content=\"1920\" \/>\n\t<meta property=\"og:image:height\" content=\"1080\" \/>\n\t<meta property=\"og:image:type\" content=\"image\/jpeg\" \/>\n<meta name=\"author\" content=\"pnud\" \/>\n<meta name=\"twitter:card\" content=\"summary_large_image\" \/>\n<meta name=\"twitter:label1\" content=\"Escrit per\" \/>\n\t<meta name=\"twitter:data1\" content=\"pnud\" \/>\n\t<meta name=\"twitter:label2\" content=\"Temps estimat de lectura\" \/>\n\t<meta name=\"twitter:data2\" content=\"4 minuts\" \/>\n<script type=\"application\/ld+json\" class=\"yoast-schema-graph\">{\"@context\":\"https:\\\/\\\/schema.org\",\"@graph\":[{\"@type\":\"Article\",\"@id\":\"https:\\\/\\\/poblenouurbandistrict.com\\\/windows-art-circuit-en-formato-lab\\\/#article\",\"isPartOf\":{\"@id\":\"https:\\\/\\\/poblenouurbandistrict.com\\\/windows-art-circuit-en-formato-lab\\\/\"},\"author\":{\"name\":\"pnud\",\"@id\":\"https:\\\/\\\/poblenouurbandistrict.com\\\/#\\\/schema\\\/person\\\/980a2cf34b399d5218205730acd54a7e\"},\"headline\":\"Windows Art Circuit Lab\",\"datePublished\":\"2020-10-17T08:01:36+00:00\",\"dateModified\":\"2020-10-17T08:02:53+00:00\",\"mainEntityOfPage\":{\"@id\":\"https:\\\/\\\/poblenouurbandistrict.com\\\/windows-art-circuit-en-formato-lab\\\/\"},\"wordCount\":900,\"image\":{\"@id\":\"https:\\\/\\\/poblenouurbandistrict.com\\\/windows-art-circuit-en-formato-lab\\\/#primaryimage\"},\"thumbnailUrl\":\"https:\\\/\\\/poblenouurbandistrict.com\\\/wp-content\\\/uploads\\\/2020\\\/10\\\/intro_web_wac_desktop_1.jpg\",\"articleSection\":[\"Poblenou Urban District\"],\"inLanguage\":\"ca\"},{\"@type\":\"WebPage\",\"@id\":\"https:\\\/\\\/poblenouurbandistrict.com\\\/ca\\\/windows-art-circuit-en-formato-lab\\\/\",\"url\":\"https:\\\/\\\/poblenouurbandistrict.com\\\/ca\\\/windows-art-circuit-en-formato-lab\\\/\",\"name\":\"Nuevas fechas para Poblenou Open Day & Night, 12h non stop\",\"isPartOf\":{\"@id\":\"https:\\\/\\\/poblenouurbandistrict.com\\\/ca\\\/#website\"},\"primaryImageOfPage\":{\"@id\":\"https:\\\/\\\/poblenouurbandistrict.com\\\/ca\\\/windows-art-circuit-en-formato-lab\\\/#primaryimage\"},\"image\":{\"@id\":\"https:\\\/\\\/poblenouurbandistrict.com\\\/windows-art-circuit-en-formato-lab\\\/#primaryimage\"},\"thumbnailUrl\":\"https:\\\/\\\/poblenouurbandistrict.com\\\/wp-content\\\/uploads\\\/2020\\\/10\\\/intro_web_wac_desktop_1.jpg\",\"datePublished\":\"2020-10-17T08:01:36+00:00\",\"dateModified\":\"2020-10-17T08:02:53+00:00\",\"author\":{\"@id\":\"https:\\\/\\\/poblenouurbandistrict.com\\\/#\\\/schema\\\/person\\\/980a2cf34b399d5218205730acd54a7e\"},\"description\":\"Estamos planificando para mediados del mes de octubre un Poblenou Open Day & Night de 12h \u201cnon stop\u201d (11h a 23h) en el Distrito Creativo de Barcelona.\",\"breadcrumb\":{\"@id\":\"https:\\\/\\\/poblenouurbandistrict.com\\\/ca\\\/windows-art-circuit-en-formato-lab\\\/#breadcrumb\"},\"inLanguage\":\"ca\",\"potentialAction\":[{\"@type\":\"ReadAction\",\"target\":[[\"https:\\\/\\\/poblenouurbandistrict.com\\\/ca\\\/windows-art-circuit-en-formato-lab\\\/\"]]}]},{\"@type\":\"ImageObject\",\"inLanguage\":\"ca\",\"@id\":\"https:\\\/\\\/poblenouurbandistrict.com\\\/ca\\\/windows-art-circuit-en-formato-lab\\\/#primaryimage\",\"url\":\"https:\\\/\\\/poblenouurbandistrict.com\\\/wp-content\\\/uploads\\\/2020\\\/10\\\/intro_web_wac_desktop_1.jpg\",\"contentUrl\":\"https:\\\/\\\/poblenouurbandistrict.com\\\/wp-content\\\/uploads\\\/2020\\\/10\\\/intro_web_wac_desktop_1.jpg\",\"width\":1920,\"height\":1080},{\"@type\":\"BreadcrumbList\",\"@id\":\"https:\\\/\\\/poblenouurbandistrict.com\\\/ca\\\/windows-art-circuit-en-formato-lab\\\/#breadcrumb\",\"itemListElement\":[{\"@type\":\"ListItem\",\"position\":1,\"name\":\"Home\",\"item\":\"https:\\\/\\\/poblenouurbandistrict.com\\\/ca\\\/\"},{\"@type\":\"ListItem\",\"position\":2,\"name\":\"Windows Art Circuit Lab\"}]},{\"@type\":\"WebSite\",\"@id\":\"https:\\\/\\\/poblenouurbandistrict.com\\\/ca\\\/#website\",\"url\":\"https:\\\/\\\/poblenouurbandistrict.com\\\/ca\\\/\",\"name\":\"Poblenou Urban District\",\"description\":\"Comunitat Creativa\",\"potentialAction\":[{\"@type\":\"SearchAction\",\"target\":{\"@type\":\"EntryPoint\",\"urlTemplate\":\"https:\\\/\\\/poblenouurbandistrict.com\\\/ca\\\/?s={search_term_string}\"},\"query-input\":{\"@type\":\"PropertyValueSpecification\",\"valueRequired\":true,\"valueName\":\"search_term_string\"}}],\"inLanguage\":\"ca\"},{\"@type\":\"Person\",\"@id\":\"https:\\\/\\\/poblenouurbandistrict.com\\\/#\\\/schema\\\/person\\\/980a2cf34b399d5218205730acd54a7e\",\"name\":\"pnud\",\"image\":{\"@type\":\"ImageObject\",\"inLanguage\":\"ca\",\"@id\":\"https:\\\/\\\/secure.gravatar.com\\\/avatar\\\/67146597b405ee077a24e519f75c3e2031736596d6ce35af3a34c122c93d0d7b?s=96&d=retro&r=g\",\"url\":\"https:\\\/\\\/secure.gravatar.com\\\/avatar\\\/67146597b405ee077a24e519f75c3e2031736596d6ce35af3a34c122c93d0d7b?s=96&d=retro&r=g\",\"contentUrl\":\"https:\\\/\\\/secure.gravatar.com\\\/avatar\\\/67146597b405ee077a24e519f75c3e2031736596d6ce35af3a34c122c93d0d7b?s=96&d=retro&r=g\",\"caption\":\"pnud\"}}]}<\/script>\n<!-- \/ Yoast SEO plugin. -->","yoast_head_json":{"title":"Nuevas fechas para Poblenou Open Day & Night, 12h non stop","description":"Estamos planificando para mediados del mes de octubre un Poblenou Open Day & Night de 12h \u201cnon stop\u201d (11h a 23h) en el Distrito Creativo de Barcelona.","robots":{"index":"index","follow":"follow","max-snippet":"max-snippet:-1","max-image-preview":"max-image-preview:large","max-video-preview":"max-video-preview:-1"},"canonical":"https:\/\/poblenouurbandistrict.com\/ca\/windows-art-circuit-en-formato-lab\/","og_locale":"ca_ES","og_type":"article","og_title":"Nuevas fechas para Poblenou Open Day & Night, 12h non stop","og_description":"Estamos planificando para mediados del mes de octubre un Poblenou Open Day & Night de 12h \u201cnon stop\u201d (11h a 23h) en el Distrito Creativo de Barcelona.","og_url":"https:\/\/poblenouurbandistrict.com\/ca\/windows-art-circuit-en-formato-lab\/","og_site_name":"Poblenou Urban District","article_published_time":"2020-10-17T08:01:36+00:00","article_modified_time":"2020-10-17T08:02:53+00:00","og_image":[{"width":1920,"height":1080,"url":"https:\/\/poblenouurbandistrict.com\/wp-content\/uploads\/2020\/10\/intro_web_wac_desktop_1.jpg","type":"image\/jpeg"}],"author":"pnud","twitter_card":"summary_large_image","twitter_misc":{"Escrit per":"pnud","Temps estimat de lectura":"4 minuts"},"schema":{"@context":"https:\/\/schema.org","@graph":[{"@type":"Article","@id":"https:\/\/poblenouurbandistrict.com\/windows-art-circuit-en-formato-lab\/#article","isPartOf":{"@id":"https:\/\/poblenouurbandistrict.com\/windows-art-circuit-en-formato-lab\/"},"author":{"name":"pnud","@id":"https:\/\/poblenouurbandistrict.com\/#\/schema\/person\/980a2cf34b399d5218205730acd54a7e"},"headline":"Windows Art Circuit Lab","datePublished":"2020-10-17T08:01:36+00:00","dateModified":"2020-10-17T08:02:53+00:00","mainEntityOfPage":{"@id":"https:\/\/poblenouurbandistrict.com\/windows-art-circuit-en-formato-lab\/"},"wordCount":900,"image":{"@id":"https:\/\/poblenouurbandistrict.com\/windows-art-circuit-en-formato-lab\/#primaryimage"},"thumbnailUrl":"https:\/\/poblenouurbandistrict.com\/wp-content\/uploads\/2020\/10\/intro_web_wac_desktop_1.jpg","articleSection":["Poblenou Urban District"],"inLanguage":"ca"},{"@type":"WebPage","@id":"https:\/\/poblenouurbandistrict.com\/ca\/windows-art-circuit-en-formato-lab\/","url":"https:\/\/poblenouurbandistrict.com\/ca\/windows-art-circuit-en-formato-lab\/","name":"Nuevas fechas para Poblenou Open Day & Night, 12h non stop","isPartOf":{"@id":"https:\/\/poblenouurbandistrict.com\/ca\/#website"},"primaryImageOfPage":{"@id":"https:\/\/poblenouurbandistrict.com\/ca\/windows-art-circuit-en-formato-lab\/#primaryimage"},"image":{"@id":"https:\/\/poblenouurbandistrict.com\/windows-art-circuit-en-formato-lab\/#primaryimage"},"thumbnailUrl":"https:\/\/poblenouurbandistrict.com\/wp-content\/uploads\/2020\/10\/intro_web_wac_desktop_1.jpg","datePublished":"2020-10-17T08:01:36+00:00","dateModified":"2020-10-17T08:02:53+00:00","author":{"@id":"https:\/\/poblenouurbandistrict.com\/#\/schema\/person\/980a2cf34b399d5218205730acd54a7e"},"description":"Estamos planificando para mediados del mes de octubre un Poblenou Open Day & Night de 12h \u201cnon stop\u201d (11h a 23h) en el Distrito Creativo de Barcelona.","breadcrumb":{"@id":"https:\/\/poblenouurbandistrict.com\/ca\/windows-art-circuit-en-formato-lab\/#breadcrumb"},"inLanguage":"ca","potentialAction":[{"@type":"ReadAction","target":[["https:\/\/poblenouurbandistrict.com\/ca\/windows-art-circuit-en-formato-lab\/"]]}]},{"@type":"ImageObject","inLanguage":"ca","@id":"https:\/\/poblenouurbandistrict.com\/ca\/windows-art-circuit-en-formato-lab\/#primaryimage","url":"https:\/\/poblenouurbandistrict.com\/wp-content\/uploads\/2020\/10\/intro_web_wac_desktop_1.jpg","contentUrl":"https:\/\/poblenouurbandistrict.com\/wp-content\/uploads\/2020\/10\/intro_web_wac_desktop_1.jpg","width":1920,"height":1080},{"@type":"BreadcrumbList","@id":"https:\/\/poblenouurbandistrict.com\/ca\/windows-art-circuit-en-formato-lab\/#breadcrumb","itemListElement":[{"@type":"ListItem","position":1,"name":"Home","item":"https:\/\/poblenouurbandistrict.com\/ca\/"},{"@type":"ListItem","position":2,"name":"Windows Art Circuit Lab"}]},{"@type":"WebSite","@id":"https:\/\/poblenouurbandistrict.com\/ca\/#website","url":"https:\/\/poblenouurbandistrict.com\/ca\/","name":"Poblenou Urban District","description":"Comunitat Creativa","potentialAction":[{"@type":"SearchAction","target":{"@type":"EntryPoint","urlTemplate":"https:\/\/poblenouurbandistrict.com\/ca\/?s={search_term_string}"},"query-input":{"@type":"PropertyValueSpecification","valueRequired":true,"valueName":"search_term_string"}}],"inLanguage":"ca"},{"@type":"Person","@id":"https:\/\/poblenouurbandistrict.com\/#\/schema\/person\/980a2cf34b399d5218205730acd54a7e","name":"pnud","image":{"@type":"ImageObject","inLanguage":"ca","@id":"https:\/\/secure.gravatar.com\/avatar\/67146597b405ee077a24e519f75c3e2031736596d6ce35af3a34c122c93d0d7b?s=96&d=retro&r=g","url":"https:\/\/secure.gravatar.com\/avatar\/67146597b405ee077a24e519f75c3e2031736596d6ce35af3a34c122c93d0d7b?s=96&d=retro&r=g","contentUrl":"https:\/\/secure.gravatar.com\/avatar\/67146597b405ee077a24e519f75c3e2031736596d6ce35af3a34c122c93d0d7b?s=96&d=retro&r=g","caption":"pnud"}}]}},"_links":{"self":[{"href":"https:\/\/poblenouurbandistrict.com\/ca\/wp-json\/wp\/v2\/posts\/18642","targetHints":{"allow":["GET"]}}],"collection":[{"href":"https:\/\/poblenouurbandistrict.com\/ca\/wp-json\/wp\/v2\/posts"}],"about":[{"href":"https:\/\/poblenouurbandistrict.com\/ca\/wp-json\/wp\/v2\/types\/post"}],"author":[{"embeddable":true,"href":"https:\/\/poblenouurbandistrict.com\/ca\/wp-json\/wp\/v2\/users\/5"}],"replies":[{"embeddable":true,"href":"https:\/\/poblenouurbandistrict.com\/ca\/wp-json\/wp\/v2\/comments?post=18642"}],"version-history":[{"count":33,"href":"https:\/\/poblenouurbandistrict.com\/ca\/wp-json\/wp\/v2\/posts\/18642\/revisions"}],"predecessor-version":[{"id":20444,"href":"https:\/\/poblenouurbandistrict.com\/ca\/wp-json\/wp\/v2\/posts\/18642\/revisions\/20444"}],"wp:featuredmedia":[{"embeddable":true,"href":"https:\/\/poblenouurbandistrict.com\/ca\/wp-json\/wp\/v2\/media\/20110"}],"wp:attachment":[{"href":"https:\/\/poblenouurbandistrict.com\/ca\/wp-json\/wp\/v2\/media?parent=18642"}],"wp:term":[{"taxonomy":"category","embeddable":true,"href":"https:\/\/poblenouurbandistrict.com\/ca\/wp-json\/wp\/v2\/categories?post=18642"},{"taxonomy":"post_tag","embeddable":true,"href":"https:\/\/poblenouurbandistrict.com\/ca\/wp-json\/wp\/v2\/tags?post=18642"}],"curies":[{"name":"wp","href":"https:\/\/api.w.org\/{rel}","templated":true}]}}