{"id":19507,"date":"2021-03-17T11:00:08","date_gmt":"2021-03-17T10:00:08","guid":{"rendered":"https:\/\/poblenouurbandistrict.com\/?p=19507"},"modified":"2021-03-25T11:26:04","modified_gmt":"2021-03-25T10:26:04","slug":"barcelona-memoria-fotografica-ideal","status":"publish","type":"post","link":"https:\/\/poblenouurbandistrict.com\/ca\/barcelona-memoria-fotografica-ideal\/","title":{"rendered":"\u00daltims dies per visitar \u2018Barcelona Mem\u00f2ria Fotogr\u00e0fica\u2019"},"content":{"rendered":"<p><span style=\"font-weight: 400;\">Per a aquells que encara no h\u00e0giu tingut l&#8217;oportunitat de visitar la mostra, <a href=\"https:\/\/idealbarcelona.com\/\" target=\"_blank\" rel=\"noopener\"><strong>&#8216;Barcelona Mem\u00f2ria Fotogr\u00e0fica&#8217;<\/strong><\/a>, que estar\u00e0 <strong>oberta fins el pr\u00f2xim dilluns 5 d&#8217;abril<\/strong>, \u00e9s una experi\u00e8ncia que us permetr\u00e0 viatjar en el temps; concretament a la Barcelona de fa setanta anys. <\/span><\/p>\n<p><span style=\"font-weight: 400;\">Mitjan\u00e7ant l&#8217;art digital i amb espectaculars fotografies, l&#8217;exposici\u00f3 ofereix una visi\u00f3 in\u00e8dita de la ciutat a trav\u00e9s de la mirada de sis dels millors fot\u00f2grafs de pa\u00eds: <strong>Francesc Catal\u00e0-Roca, Oriol Maspons, Leopoldo Pom\u00e9s, Joana Biarn\u00e9s, Xavier Miserachs i Colita<\/strong>.<\/span><\/p>\n<h1><strong>&#8216;Barcelona Mem\u00f2ria Fotogr\u00e0fica&#8217; \u00e9s un homenatge a la ciutat i a una generaci\u00f3 clau en la seva transformaci\u00f3.<\/strong><\/h1>\n<div style=\"width: 896px;\" class=\"wp-video\"><!--[if lt IE 9]><script>document.createElement('video');<\/script><![endif]-->\n<video class=\"wp-video-shortcode\" id=\"video-19507-1\" width=\"896\" height=\"504\" preload=\"metadata\" controls=\"controls\"><source type=\"video\/mp4\" src=\"https:\/\/poblenouurbandistrict.com\/wp-content\/uploads\/2020\/09\/EDIT_BMF50_OK-.mp4?_=1\" \/><a href=\"https:\/\/poblenouurbandistrict.com\/wp-content\/uploads\/2020\/09\/EDIT_BMF50_OK-.mp4\">https:\/\/poblenouurbandistrict.com\/wp-content\/uploads\/2020\/09\/EDIT_BMF50_OK-.mp4<\/a><\/video><\/div>\n<p>&nbsp;<\/p>\n<p><span style=\"font-weight: 400;\">Influenciats per les avantguardes de principis de segle XX, els fot\u00f2grafs catalans van reivindicar la seva creativitat i van comen\u00e7ar a tenir una mirada personal sobre la realitat. Parlem d&#8217;una generaci\u00f3 de fot\u00f2grafs irrepetible, que va impulsar amb la seva forma de veure la realitat i l&#8217;atreviment art\u00edstic a la renovaci\u00f3 absoluta del panorama fotogr\u00e0fic.<\/span><\/p>\n<p><span style=\"font-weight: 400;\"><strong>Amb peces immersives de gran format a 360\u00ba, realitat virtual, projeccions i propostes interactives a trav\u00e9s de la intel\u00b7lig\u00e8ncia artificial<\/strong>, l&#8217;experi\u00e8ncia us permetr\u00e0 reviure l&#8217;atmosfera de la Diagonal, la Rambla, la platja de la Barceloneta, l&#8217;estaci\u00f3 de Fran\u00e7a o els carrers de Born i el Raval.<\/span><span style=\"font-weight: 400;\">\u00a0<\/span><\/p>\n<p>A partir del 6 d&#8217;abril, Ideal Barcelona inaugura una nova <a href=\"https:\/\/idealbarcelona.com\/agenda\/klimt-lexperiencia-inmersiva\/\"><strong>experi\u00e8ncia immersiva centrada en l&#8217;obra de Gustav Klimt<\/strong> <\/a>i de la que aviat us donarem m\u00e9s detalls.<\/p>","protected":false},"excerpt":{"rendered":"<p>Per a aquells que encara no h\u00e0giu tingut l&#8217;oportunitat de visitar la mostra, &#8216;Barcelona Mem\u00f2ria Fotogr\u00e0fica&#8217;, que estar\u00e0 oberta fins&#8230; <a href=\"https:\/\/poblenouurbandistrict.com\/ca\/barcelona-memoria-fotografica-ideal\/\">M\u00e9s  \u2192<\/a><\/p>\n","protected":false},"author":5,"featured_media":21789,"comment_status":"closed","ping_status":"closed","sticky":false,"template":"","format":"standard","meta":{"_acf_changed":false,"footnotes":""},"categories":[3363],"tags":[1799,1115,3198,444],"class_list":["post-19507","post","type-post","status-publish","format-standard","has-post-thumbnail","hentry","category-places","tag-arte-digital","tag-exposicio","tag-exposicio-fotografia","tag-fotografia"],"acf":[],"yoast_head":"<!-- This site is optimized with the Yoast SEO plugin v27.5 - https:\/\/yoast.com\/product\/yoast-seo-wordpress\/ -->\n<title>Barcelona Mem\u00f2ria Fotogr\u00e0fica: la nueva experiencia inmersiva de IDEAL<\/title>\n<meta name=\"description\" content=\"Barcelona Memoria Fotogr\u00e1fica: Una experiencia inmersiva inolvidable a trav\u00e9s del tiempo es la primera producci\u00f3n propia de IDEAL.\" \/>\n<meta name=\"robots\" content=\"index, follow, max-snippet:-1, max-image-preview:large, max-video-preview:-1\" \/>\n<link rel=\"canonical\" href=\"https:\/\/poblenouurbandistrict.com\/ca\/barcelona-memoria-fotografica-ideal\/\" \/>\n<meta property=\"og:locale\" content=\"ca_ES\" \/>\n<meta property=\"og:type\" content=\"article\" \/>\n<meta property=\"og:title\" content=\"Barcelona Mem\u00f2ria Fotogr\u00e0fica: la nueva experiencia inmersiva de IDEAL\" \/>\n<meta property=\"og:description\" content=\"Barcelona Memoria Fotogr\u00e1fica: Una experiencia inmersiva inolvidable a trav\u00e9s del tiempo es la primera producci\u00f3n propia de IDEAL.\" \/>\n<meta property=\"og:url\" content=\"https:\/\/poblenouurbandistrict.com\/ca\/barcelona-memoria-fotografica-ideal\/\" \/>\n<meta property=\"og:site_name\" content=\"Poblenou Urban District\" \/>\n<meta property=\"article:published_time\" content=\"2021-03-17T10:00:08+00:00\" \/>\n<meta property=\"article:modified_time\" content=\"2021-03-25T10:26:04+00:00\" \/>\n<meta property=\"og:image\" content=\"https:\/\/poblenouurbandistrict.com\/wp-content\/uploads\/2020\/09\/ideal-bmf-pomes-1-scaled-e1613644890121.jpg\" \/>\n\t<meta property=\"og:image:width\" content=\"1580\" \/>\n\t<meta property=\"og:image:height\" content=\"1440\" \/>\n\t<meta property=\"og:image:type\" content=\"image\/jpeg\" \/>\n<meta name=\"author\" content=\"pnud\" \/>\n<meta name=\"twitter:card\" content=\"summary_large_image\" \/>\n<meta name=\"twitter:label1\" content=\"Escrit per\" \/>\n\t<meta name=\"twitter:data1\" content=\"pnud\" \/>\n\t<meta name=\"twitter:label2\" content=\"Temps estimat de lectura\" \/>\n\t<meta name=\"twitter:data2\" content=\"4 minuts\" \/>\n<script type=\"application\/ld+json\" class=\"yoast-schema-graph\">{\"@context\":\"https:\\\/\\\/schema.org\",\"@graph\":[{\"@type\":\"Article\",\"@id\":\"https:\\\/\\\/poblenouurbandistrict.com\\\/barcelona-memoria-fotografica-ideal\\\/#article\",\"isPartOf\":{\"@id\":\"https:\\\/\\\/poblenouurbandistrict.com\\\/barcelona-memoria-fotografica-ideal\\\/\"},\"author\":{\"name\":\"pnud\",\"@id\":\"https:\\\/\\\/poblenouurbandistrict.com\\\/#\\\/schema\\\/person\\\/980a2cf34b399d5218205730acd54a7e\"},\"headline\":\"\u00daltims dies per visitar \u2018Barcelona Mem\u00f2ria Fotogr\u00e0fica\u2019\",\"datePublished\":\"2021-03-17T10:00:08+00:00\",\"dateModified\":\"2021-03-25T10:26:04+00:00\",\"mainEntityOfPage\":{\"@id\":\"https:\\\/\\\/poblenouurbandistrict.com\\\/barcelona-memoria-fotografica-ideal\\\/\"},\"wordCount\":857,\"image\":{\"@id\":\"https:\\\/\\\/poblenouurbandistrict.com\\\/barcelona-memoria-fotografica-ideal\\\/#primaryimage\"},\"thumbnailUrl\":\"https:\\\/\\\/media.poblenouurbandistrict.com\\\/2020\\\/09\\\/25035031\\\/ideal-bmf-pomes-1-scaled-e1613644890121.jpg\",\"keywords\":[\"arte digital\",\"exposici\u00f3\",\"exposicio fotografia\",\"fotograf\u00eda\"],\"articleSection\":[\"Espais\"],\"inLanguage\":\"ca\"},{\"@type\":\"WebPage\",\"@id\":\"https:\\\/\\\/poblenouurbandistrict.com\\\/ca\\\/barcelona-memoria-fotografica-ideal\\\/\",\"url\":\"https:\\\/\\\/poblenouurbandistrict.com\\\/ca\\\/barcelona-memoria-fotografica-ideal\\\/\",\"name\":\"Barcelona Mem\u00f2ria Fotogr\u00e0fica: la nueva experiencia inmersiva de IDEAL\",\"isPartOf\":{\"@id\":\"https:\\\/\\\/poblenouurbandistrict.com\\\/ca\\\/#website\"},\"primaryImageOfPage\":{\"@id\":\"https:\\\/\\\/poblenouurbandistrict.com\\\/ca\\\/barcelona-memoria-fotografica-ideal\\\/#primaryimage\"},\"image\":{\"@id\":\"https:\\\/\\\/poblenouurbandistrict.com\\\/barcelona-memoria-fotografica-ideal\\\/#primaryimage\"},\"thumbnailUrl\":\"https:\\\/\\\/media.poblenouurbandistrict.com\\\/2020\\\/09\\\/25035031\\\/ideal-bmf-pomes-1-scaled-e1613644890121.jpg\",\"datePublished\":\"2021-03-17T10:00:08+00:00\",\"dateModified\":\"2021-03-25T10:26:04+00:00\",\"author\":{\"@id\":\"https:\\\/\\\/poblenouurbandistrict.com\\\/#\\\/schema\\\/person\\\/980a2cf34b399d5218205730acd54a7e\"},\"description\":\"Barcelona Memoria Fotogr\u00e1fica: Una experiencia inmersiva inolvidable a trav\u00e9s del tiempo es la primera producci\u00f3n propia de IDEAL.\",\"breadcrumb\":{\"@id\":\"https:\\\/\\\/poblenouurbandistrict.com\\\/ca\\\/barcelona-memoria-fotografica-ideal\\\/#breadcrumb\"},\"inLanguage\":\"ca\",\"potentialAction\":[{\"@type\":\"ReadAction\",\"target\":[[\"https:\\\/\\\/poblenouurbandistrict.com\\\/ca\\\/barcelona-memoria-fotografica-ideal\\\/\"]]}]},{\"@type\":\"ImageObject\",\"inLanguage\":\"ca\",\"@id\":\"https:\\\/\\\/poblenouurbandistrict.com\\\/ca\\\/barcelona-memoria-fotografica-ideal\\\/#primaryimage\",\"url\":\"https:\\\/\\\/media.poblenouurbandistrict.com\\\/2020\\\/09\\\/25035031\\\/ideal-bmf-pomes-1-scaled-e1613644890121.jpg\",\"contentUrl\":\"https:\\\/\\\/media.poblenouurbandistrict.com\\\/2020\\\/09\\\/25035031\\\/ideal-bmf-pomes-1-scaled-e1613644890121.jpg\",\"width\":1580,\"height\":1440},{\"@type\":\"BreadcrumbList\",\"@id\":\"https:\\\/\\\/poblenouurbandistrict.com\\\/ca\\\/barcelona-memoria-fotografica-ideal\\\/#breadcrumb\",\"itemListElement\":[{\"@type\":\"ListItem\",\"position\":1,\"name\":\"Home\",\"item\":\"https:\\\/\\\/poblenouurbandistrict.com\\\/ca\\\/\"},{\"@type\":\"ListItem\",\"position\":2,\"name\":\"\u00daltims dies per visitar \u2018Barcelona Mem\u00f2ria Fotogr\u00e0fica\u2019\"}]},{\"@type\":\"WebSite\",\"@id\":\"https:\\\/\\\/poblenouurbandistrict.com\\\/ca\\\/#website\",\"url\":\"https:\\\/\\\/poblenouurbandistrict.com\\\/ca\\\/\",\"name\":\"Poblenou Urban District\",\"description\":\"Comunitat Creativa\",\"potentialAction\":[{\"@type\":\"SearchAction\",\"target\":{\"@type\":\"EntryPoint\",\"urlTemplate\":\"https:\\\/\\\/poblenouurbandistrict.com\\\/ca\\\/?s={search_term_string}\"},\"query-input\":{\"@type\":\"PropertyValueSpecification\",\"valueRequired\":true,\"valueName\":\"search_term_string\"}}],\"inLanguage\":\"ca\"},{\"@type\":\"Person\",\"@id\":\"https:\\\/\\\/poblenouurbandistrict.com\\\/#\\\/schema\\\/person\\\/980a2cf34b399d5218205730acd54a7e\",\"name\":\"pnud\",\"image\":{\"@type\":\"ImageObject\",\"inLanguage\":\"ca\",\"@id\":\"https:\\\/\\\/secure.gravatar.com\\\/avatar\\\/67146597b405ee077a24e519f75c3e2031736596d6ce35af3a34c122c93d0d7b?s=96&d=retro&r=g\",\"url\":\"https:\\\/\\\/secure.gravatar.com\\\/avatar\\\/67146597b405ee077a24e519f75c3e2031736596d6ce35af3a34c122c93d0d7b?s=96&d=retro&r=g\",\"contentUrl\":\"https:\\\/\\\/secure.gravatar.com\\\/avatar\\\/67146597b405ee077a24e519f75c3e2031736596d6ce35af3a34c122c93d0d7b?s=96&d=retro&r=g\",\"caption\":\"pnud\"}}]}<\/script>\n<!-- \/ Yoast SEO plugin. -->","yoast_head_json":{"title":"Barcelona Mem\u00f2ria Fotogr\u00e0fica: la nueva experiencia inmersiva de IDEAL","description":"Barcelona Memoria Fotogr\u00e1fica: Una experiencia inmersiva inolvidable a trav\u00e9s del tiempo es la primera producci\u00f3n propia de IDEAL.","robots":{"index":"index","follow":"follow","max-snippet":"max-snippet:-1","max-image-preview":"max-image-preview:large","max-video-preview":"max-video-preview:-1"},"canonical":"https:\/\/poblenouurbandistrict.com\/ca\/barcelona-memoria-fotografica-ideal\/","og_locale":"ca_ES","og_type":"article","og_title":"Barcelona Mem\u00f2ria Fotogr\u00e0fica: la nueva experiencia inmersiva de IDEAL","og_description":"Barcelona Memoria Fotogr\u00e1fica: Una experiencia inmersiva inolvidable a trav\u00e9s del tiempo es la primera producci\u00f3n propia de IDEAL.","og_url":"https:\/\/poblenouurbandistrict.com\/ca\/barcelona-memoria-fotografica-ideal\/","og_site_name":"Poblenou Urban District","article_published_time":"2021-03-17T10:00:08+00:00","article_modified_time":"2021-03-25T10:26:04+00:00","og_image":[{"width":1580,"height":1440,"url":"https:\/\/poblenouurbandistrict.com\/wp-content\/uploads\/2020\/09\/ideal-bmf-pomes-1-scaled-e1613644890121.jpg","type":"image\/jpeg"}],"author":"pnud","twitter_card":"summary_large_image","twitter_misc":{"Escrit per":"pnud","Temps estimat de lectura":"4 minuts"},"schema":{"@context":"https:\/\/schema.org","@graph":[{"@type":"Article","@id":"https:\/\/poblenouurbandistrict.com\/barcelona-memoria-fotografica-ideal\/#article","isPartOf":{"@id":"https:\/\/poblenouurbandistrict.com\/barcelona-memoria-fotografica-ideal\/"},"author":{"name":"pnud","@id":"https:\/\/poblenouurbandistrict.com\/#\/schema\/person\/980a2cf34b399d5218205730acd54a7e"},"headline":"\u00daltims dies per visitar \u2018Barcelona Mem\u00f2ria Fotogr\u00e0fica\u2019","datePublished":"2021-03-17T10:00:08+00:00","dateModified":"2021-03-25T10:26:04+00:00","mainEntityOfPage":{"@id":"https:\/\/poblenouurbandistrict.com\/barcelona-memoria-fotografica-ideal\/"},"wordCount":857,"image":{"@id":"https:\/\/poblenouurbandistrict.com\/barcelona-memoria-fotografica-ideal\/#primaryimage"},"thumbnailUrl":"https:\/\/media.poblenouurbandistrict.com\/2020\/09\/25035031\/ideal-bmf-pomes-1-scaled-e1613644890121.jpg","keywords":["arte digital","exposici\u00f3","exposicio fotografia","fotograf\u00eda"],"articleSection":["Espais"],"inLanguage":"ca"},{"@type":"WebPage","@id":"https:\/\/poblenouurbandistrict.com\/ca\/barcelona-memoria-fotografica-ideal\/","url":"https:\/\/poblenouurbandistrict.com\/ca\/barcelona-memoria-fotografica-ideal\/","name":"Barcelona Mem\u00f2ria Fotogr\u00e0fica: la nueva experiencia inmersiva de IDEAL","isPartOf":{"@id":"https:\/\/poblenouurbandistrict.com\/ca\/#website"},"primaryImageOfPage":{"@id":"https:\/\/poblenouurbandistrict.com\/ca\/barcelona-memoria-fotografica-ideal\/#primaryimage"},"image":{"@id":"https:\/\/poblenouurbandistrict.com\/barcelona-memoria-fotografica-ideal\/#primaryimage"},"thumbnailUrl":"https:\/\/media.poblenouurbandistrict.com\/2020\/09\/25035031\/ideal-bmf-pomes-1-scaled-e1613644890121.jpg","datePublished":"2021-03-17T10:00:08+00:00","dateModified":"2021-03-25T10:26:04+00:00","author":{"@id":"https:\/\/poblenouurbandistrict.com\/#\/schema\/person\/980a2cf34b399d5218205730acd54a7e"},"description":"Barcelona Memoria Fotogr\u00e1fica: Una experiencia inmersiva inolvidable a trav\u00e9s del tiempo es la primera producci\u00f3n propia de IDEAL.","breadcrumb":{"@id":"https:\/\/poblenouurbandistrict.com\/ca\/barcelona-memoria-fotografica-ideal\/#breadcrumb"},"inLanguage":"ca","potentialAction":[{"@type":"ReadAction","target":[["https:\/\/poblenouurbandistrict.com\/ca\/barcelona-memoria-fotografica-ideal\/"]]}]},{"@type":"ImageObject","inLanguage":"ca","@id":"https:\/\/poblenouurbandistrict.com\/ca\/barcelona-memoria-fotografica-ideal\/#primaryimage","url":"https:\/\/media.poblenouurbandistrict.com\/2020\/09\/25035031\/ideal-bmf-pomes-1-scaled-e1613644890121.jpg","contentUrl":"https:\/\/media.poblenouurbandistrict.com\/2020\/09\/25035031\/ideal-bmf-pomes-1-scaled-e1613644890121.jpg","width":1580,"height":1440},{"@type":"BreadcrumbList","@id":"https:\/\/poblenouurbandistrict.com\/ca\/barcelona-memoria-fotografica-ideal\/#breadcrumb","itemListElement":[{"@type":"ListItem","position":1,"name":"Home","item":"https:\/\/poblenouurbandistrict.com\/ca\/"},{"@type":"ListItem","position":2,"name":"\u00daltims dies per visitar \u2018Barcelona Mem\u00f2ria Fotogr\u00e0fica\u2019"}]},{"@type":"WebSite","@id":"https:\/\/poblenouurbandistrict.com\/ca\/#website","url":"https:\/\/poblenouurbandistrict.com\/ca\/","name":"Poblenou Urban District","description":"Comunitat Creativa","potentialAction":[{"@type":"SearchAction","target":{"@type":"EntryPoint","urlTemplate":"https:\/\/poblenouurbandistrict.com\/ca\/?s={search_term_string}"},"query-input":{"@type":"PropertyValueSpecification","valueRequired":true,"valueName":"search_term_string"}}],"inLanguage":"ca"},{"@type":"Person","@id":"https:\/\/poblenouurbandistrict.com\/#\/schema\/person\/980a2cf34b399d5218205730acd54a7e","name":"pnud","image":{"@type":"ImageObject","inLanguage":"ca","@id":"https:\/\/secure.gravatar.com\/avatar\/67146597b405ee077a24e519f75c3e2031736596d6ce35af3a34c122c93d0d7b?s=96&d=retro&r=g","url":"https:\/\/secure.gravatar.com\/avatar\/67146597b405ee077a24e519f75c3e2031736596d6ce35af3a34c122c93d0d7b?s=96&d=retro&r=g","contentUrl":"https:\/\/secure.gravatar.com\/avatar\/67146597b405ee077a24e519f75c3e2031736596d6ce35af3a34c122c93d0d7b?s=96&d=retro&r=g","caption":"pnud"}}]}},"_links":{"self":[{"href":"https:\/\/poblenouurbandistrict.com\/ca\/wp-json\/wp\/v2\/posts\/19507","targetHints":{"allow":["GET"]}}],"collection":[{"href":"https:\/\/poblenouurbandistrict.com\/ca\/wp-json\/wp\/v2\/posts"}],"about":[{"href":"https:\/\/poblenouurbandistrict.com\/ca\/wp-json\/wp\/v2\/types\/post"}],"author":[{"embeddable":true,"href":"https:\/\/poblenouurbandistrict.com\/ca\/wp-json\/wp\/v2\/users\/5"}],"replies":[{"embeddable":true,"href":"https:\/\/poblenouurbandistrict.com\/ca\/wp-json\/wp\/v2\/comments?post=19507"}],"version-history":[{"count":17,"href":"https:\/\/poblenouurbandistrict.com\/ca\/wp-json\/wp\/v2\/posts\/19507\/revisions"}],"predecessor-version":[{"id":22049,"href":"https:\/\/poblenouurbandistrict.com\/ca\/wp-json\/wp\/v2\/posts\/19507\/revisions\/22049"}],"wp:featuredmedia":[{"embeddable":true,"href":"https:\/\/poblenouurbandistrict.com\/ca\/wp-json\/wp\/v2\/media\/21789"}],"wp:attachment":[{"href":"https:\/\/poblenouurbandistrict.com\/ca\/wp-json\/wp\/v2\/media?parent=19507"}],"wp:term":[{"taxonomy":"category","embeddable":true,"href":"https:\/\/poblenouurbandistrict.com\/ca\/wp-json\/wp\/v2\/categories?post=19507"},{"taxonomy":"post_tag","embeddable":true,"href":"https:\/\/poblenouurbandistrict.com\/ca\/wp-json\/wp\/v2\/tags?post=19507"}],"curies":[{"name":"wp","href":"https:\/\/api.w.org\/{rel}","templated":true}]}}