{"id":19867,"date":"2021-01-21T10:00:32","date_gmt":"2021-01-21T09:00:32","guid":{"rendered":"https:\/\/poblenouurbandistrict.com\/?p=19867"},"modified":"2021-01-21T10:42:03","modified_gmt":"2021-01-21T09:42:03","slug":"talleres-culinarios-espai-granada","status":"publish","type":"post","link":"https:\/\/poblenouurbandistrict.com\/ca\/talleres-culinarios-espai-granada\/","title":{"rendered":"Tres tallers gastro per comen\u00e7ar l&#8217;any!"},"content":{"rendered":"<p>Qui m\u00e9s qui menys, cada 1 de gener es proposa assolir certs objectius per a l&#8217;any seg\u00fcent. Aprofitant que el comptador es posa a 0 i que queden 365 dies per aconseguir-los, fem llistes -unes m\u00e9s ambicioses que d&#8217;altres- amb els canvis i nous h\u00e0bits que volem adquirir.<\/p>\n<p><strong>Quants dels que ens esteu llegint aix\u00f2 us heu marcat per a aquest any algun prop\u00f2sit relacionat amb l&#8217;alimentaci\u00f3?<\/strong><\/p>\n<p>La clau perqu\u00e8 aquest prop\u00f2sit no caigui en l&#8217;oblit a meitat d&#8217;any \u00e9s posar-se en marxa com m\u00e9s aviat millor. Ja ho deia el fil\u00f2sof hel\u00b7l\u00e8nic Di\u00f2genes, &#8220;el moviment es demostra caminant&#8221; i, en aquest sentit, una millor l&#8217;alimentaci\u00f3 nom\u00e9s s&#8217;aconsegueix cuinant millor. <strong>Com? Amb els cursos i tallers d&#8217;Espai Granada.<\/strong><\/p>\n<p>A Espai Granada els tallers s\u00f3n din\u00e0mics i participatius. Els assistents preparareu tots els plats de principi a fi amb productes ecol\u00f2gics i de proximitat, per fomentar una alimentaci\u00f3 de qualitat, saludable i sostenible. En acabar el taller, compartireu els plats en un ambient informal i relaxat, acompanyats de begudes.<\/p>\n<p>Fins a finals de gener podreu optar pels seg\u00fcents:<\/p>\n<h1><a href=\"https:\/\/www.espaigranada.com\/informacion-del-evento\/yoga-y-desayunos-saludables-3\" target=\"_blank\" rel=\"noopener noreferrer\">Ioga i esmorzars saludables<\/a> | Gener 23<\/h1>\n<p>Aquesta proposta consta de dues parts. La primera \u00e9s una classe de ioga a la seva terrassa amb vistes a Barcelona. La segona \u00e9s la preparaci\u00f3 d&#8217;un esmorzar saludable (amb aliments integrals, lliures de sucres refinats, lactosa o gluten) de la m\u00e0 de la nutricionista Yvanna G\u00f3mez.<\/p>\n<p><img loading=\"lazy\" decoding=\"async\" class=\"alignnone size-medium wp-image-21537\" src=\"https:\/\/media.poblenouurbandistrict.com\/2020\/09\/25034651\/93448709-660136438105875-6754221623489204810-n-620x616.jpg\" alt=\"\" width=\"620\" height=\"616\" \/><\/p>\n<h1><a href=\"https:\/\/www.espaigranada.com\/informacion-del-evento\/brunch-vegano-2\" target=\"_blank\" rel=\"noopener noreferrer\">Brunch veg\u00e0<\/a> | Gener 24<\/h1>\n<p>Com els productes d&#8217;origen animal que algunes vegades predominen en els brunch s\u00f3n incompatibles amb certs estils de vida i consum, Espai Granada us proposa diverses alternatives veganes i vegetarianes que us sorprendran.<\/p>\n<h1><a href=\"https:\/\/www.espaigranada.com\/informacion-del-evento\/cocina-saludable-para-adolescentes-1\" target=\"_blank\" rel=\"noopener noreferrer\">Cuina saludable per a adolescents 1<\/a> | Gener 31<\/h1>\n<p>Actualment els adolescents no saben cuinar, per\u00f2 volen ser aut\u00f2noms. A Espai Granada s\u00f3n conscients d&#8217;aquesta necessitat i, per aix\u00f2, ofereixen aquest taller en el que aprendran les pautes b\u00e0siques per a cuinar. Ho faran de la m\u00e0 de la xef Anna de Pablo, qui els proporcionar\u00e0 trucs pr\u00e0ctics per realitzar men\u00fas senzills i saborosos.<\/p>\n<p><strong>Us recomanem estar atents perqu\u00e8 cada mes afegeixen noves propostes de tallers i cursos.<\/strong><\/p>","protected":false},"excerpt":{"rendered":"<p>Qui m\u00e9s qui menys, cada 1 de gener es proposa assolir certs objectius per a l&#8217;any seg\u00fcent. Aprofitant que el&#8230; <a href=\"https:\/\/poblenouurbandistrict.com\/ca\/talleres-culinarios-espai-granada\/\">M\u00e9s  \u2192<\/a><\/p>\n","protected":false},"author":5,"featured_media":19875,"comment_status":"closed","ping_status":"closed","sticky":false,"template":"","format":"standard","meta":{"_acf_changed":false,"footnotes":""},"categories":[3353],"tags":[],"class_list":["post-19867","post","type-post","status-publish","format-standard","has-post-thumbnail","hentry","category-gastronomia"],"acf":[],"yoast_head":"<!-- This site is optimized with the Yoast SEO plugin v27.4 - https:\/\/yoast.com\/product\/yoast-seo-wordpress\/ -->\n<title>Tres talleres gastro en Espai Granada para empezar el a\u00f1o con buen pie<\/title>\n<meta name=\"description\" content=\"En Espai Granada los talleres son 100% participativos. Empieza el a\u00f1o cumpliendo prop\u00f3sitos: recetas healthy con sus cursos culinarios.\" \/>\n<meta name=\"robots\" content=\"index, follow, max-snippet:-1, max-image-preview:large, max-video-preview:-1\" \/>\n<link rel=\"canonical\" href=\"https:\/\/poblenouurbandistrict.com\/ca\/talleres-culinarios-espai-granada\/\" \/>\n<meta property=\"og:locale\" content=\"ca_ES\" \/>\n<meta property=\"og:type\" content=\"article\" \/>\n<meta property=\"og:title\" content=\"Tres talleres gastro en Espai Granada para empezar el a\u00f1o con buen pie\" \/>\n<meta property=\"og:description\" content=\"En Espai Granada los talleres son 100% participativos. Empieza el a\u00f1o cumpliendo prop\u00f3sitos: recetas healthy con sus cursos culinarios.\" \/>\n<meta property=\"og:url\" content=\"https:\/\/poblenouurbandistrict.com\/ca\/talleres-culinarios-espai-granada\/\" \/>\n<meta property=\"og:site_name\" content=\"Poblenou Urban District\" \/>\n<meta property=\"article:published_time\" content=\"2021-01-21T09:00:32+00:00\" \/>\n<meta property=\"article:modified_time\" content=\"2021-01-21T09:42:03+00:00\" \/>\n<meta property=\"og:image\" content=\"https:\/\/poblenouurbandistrict.com\/wp-content\/uploads\/2020\/09\/photo-1492739159057-7d1896b3c63f.jpeg\" \/>\n\t<meta property=\"og:image:width\" content=\"889\" \/>\n\t<meta property=\"og:image:height\" content=\"500\" \/>\n\t<meta property=\"og:image:type\" content=\"image\/jpeg\" \/>\n<meta name=\"author\" content=\"pnud\" \/>\n<meta name=\"twitter:card\" content=\"summary_large_image\" \/>\n<meta name=\"twitter:label1\" content=\"Escrit per\" \/>\n\t<meta name=\"twitter:data1\" content=\"pnud\" \/>\n\t<meta name=\"twitter:label2\" content=\"Temps estimat de lectura\" \/>\n\t<meta name=\"twitter:data2\" content=\"6 minuts\" \/>\n<script type=\"application\/ld+json\" class=\"yoast-schema-graph\">{\"@context\":\"https:\\\/\\\/schema.org\",\"@graph\":[{\"@type\":\"Article\",\"@id\":\"https:\\\/\\\/poblenouurbandistrict.com\\\/talleres-culinarios-espai-granada\\\/#article\",\"isPartOf\":{\"@id\":\"https:\\\/\\\/poblenouurbandistrict.com\\\/talleres-culinarios-espai-granada\\\/\"},\"author\":{\"name\":\"pnud\",\"@id\":\"https:\\\/\\\/poblenouurbandistrict.com\\\/#\\\/schema\\\/person\\\/980a2cf34b399d5218205730acd54a7e\"},\"headline\":\"Tres tallers gastro per comen\u00e7ar l&#8217;any!\",\"datePublished\":\"2021-01-21T09:00:32+00:00\",\"dateModified\":\"2021-01-21T09:42:03+00:00\",\"mainEntityOfPage\":{\"@id\":\"https:\\\/\\\/poblenouurbandistrict.com\\\/talleres-culinarios-espai-granada\\\/\"},\"wordCount\":1165,\"image\":{\"@id\":\"https:\\\/\\\/poblenouurbandistrict.com\\\/talleres-culinarios-espai-granada\\\/#primaryimage\"},\"thumbnailUrl\":\"https:\\\/\\\/media.poblenouurbandistrict.com\\\/2020\\\/09\\\/25032255\\\/photo-1492739159057-7d1896b3c63f.jpeg\",\"articleSection\":[\"Gastronomia\"],\"inLanguage\":\"ca\"},{\"@type\":\"WebPage\",\"@id\":\"https:\\\/\\\/poblenouurbandistrict.com\\\/ca\\\/talleres-culinarios-espai-granada\\\/\",\"url\":\"https:\\\/\\\/poblenouurbandistrict.com\\\/ca\\\/talleres-culinarios-espai-granada\\\/\",\"name\":\"Tres talleres gastro en Espai Granada para empezar el a\u00f1o con buen pie\",\"isPartOf\":{\"@id\":\"https:\\\/\\\/poblenouurbandistrict.com\\\/ca\\\/#website\"},\"primaryImageOfPage\":{\"@id\":\"https:\\\/\\\/poblenouurbandistrict.com\\\/ca\\\/talleres-culinarios-espai-granada\\\/#primaryimage\"},\"image\":{\"@id\":\"https:\\\/\\\/poblenouurbandistrict.com\\\/talleres-culinarios-espai-granada\\\/#primaryimage\"},\"thumbnailUrl\":\"https:\\\/\\\/media.poblenouurbandistrict.com\\\/2020\\\/09\\\/25032255\\\/photo-1492739159057-7d1896b3c63f.jpeg\",\"datePublished\":\"2021-01-21T09:00:32+00:00\",\"dateModified\":\"2021-01-21T09:42:03+00:00\",\"author\":{\"@id\":\"https:\\\/\\\/poblenouurbandistrict.com\\\/#\\\/schema\\\/person\\\/980a2cf34b399d5218205730acd54a7e\"},\"description\":\"En Espai Granada los talleres son 100% participativos. Empieza el a\u00f1o cumpliendo prop\u00f3sitos: recetas healthy con sus cursos culinarios.\",\"breadcrumb\":{\"@id\":\"https:\\\/\\\/poblenouurbandistrict.com\\\/ca\\\/talleres-culinarios-espai-granada\\\/#breadcrumb\"},\"inLanguage\":\"ca\",\"potentialAction\":[{\"@type\":\"ReadAction\",\"target\":[[\"https:\\\/\\\/poblenouurbandistrict.com\\\/ca\\\/talleres-culinarios-espai-granada\\\/\"]]}]},{\"@type\":\"ImageObject\",\"inLanguage\":\"ca\",\"@id\":\"https:\\\/\\\/poblenouurbandistrict.com\\\/ca\\\/talleres-culinarios-espai-granada\\\/#primaryimage\",\"url\":\"https:\\\/\\\/media.poblenouurbandistrict.com\\\/2020\\\/09\\\/25032255\\\/photo-1492739159057-7d1896b3c63f.jpeg\",\"contentUrl\":\"https:\\\/\\\/media.poblenouurbandistrict.com\\\/2020\\\/09\\\/25032255\\\/photo-1492739159057-7d1896b3c63f.jpeg\",\"width\":889,\"height\":500},{\"@type\":\"BreadcrumbList\",\"@id\":\"https:\\\/\\\/poblenouurbandistrict.com\\\/ca\\\/talleres-culinarios-espai-granada\\\/#breadcrumb\",\"itemListElement\":[{\"@type\":\"ListItem\",\"position\":1,\"name\":\"Home\",\"item\":\"https:\\\/\\\/poblenouurbandistrict.com\\\/ca\\\/\"},{\"@type\":\"ListItem\",\"position\":2,\"name\":\"Tres tallers gastro per comen\u00e7ar l&#8217;any!\"}]},{\"@type\":\"WebSite\",\"@id\":\"https:\\\/\\\/poblenouurbandistrict.com\\\/ca\\\/#website\",\"url\":\"https:\\\/\\\/poblenouurbandistrict.com\\\/ca\\\/\",\"name\":\"Poblenou Urban District\",\"description\":\"Comunitat Creativa\",\"potentialAction\":[{\"@type\":\"SearchAction\",\"target\":{\"@type\":\"EntryPoint\",\"urlTemplate\":\"https:\\\/\\\/poblenouurbandistrict.com\\\/ca\\\/?s={search_term_string}\"},\"query-input\":{\"@type\":\"PropertyValueSpecification\",\"valueRequired\":true,\"valueName\":\"search_term_string\"}}],\"inLanguage\":\"ca\"},{\"@type\":\"Person\",\"@id\":\"https:\\\/\\\/poblenouurbandistrict.com\\\/#\\\/schema\\\/person\\\/980a2cf34b399d5218205730acd54a7e\",\"name\":\"pnud\",\"image\":{\"@type\":\"ImageObject\",\"inLanguage\":\"ca\",\"@id\":\"https:\\\/\\\/secure.gravatar.com\\\/avatar\\\/67146597b405ee077a24e519f75c3e2031736596d6ce35af3a34c122c93d0d7b?s=96&d=retro&r=g\",\"url\":\"https:\\\/\\\/secure.gravatar.com\\\/avatar\\\/67146597b405ee077a24e519f75c3e2031736596d6ce35af3a34c122c93d0d7b?s=96&d=retro&r=g\",\"contentUrl\":\"https:\\\/\\\/secure.gravatar.com\\\/avatar\\\/67146597b405ee077a24e519f75c3e2031736596d6ce35af3a34c122c93d0d7b?s=96&d=retro&r=g\",\"caption\":\"pnud\"}}]}<\/script>\n<!-- \/ Yoast SEO plugin. -->","yoast_head_json":{"title":"Tres talleres gastro en Espai Granada para empezar el a\u00f1o con buen pie","description":"En Espai Granada los talleres son 100% participativos. Empieza el a\u00f1o cumpliendo prop\u00f3sitos: recetas healthy con sus cursos culinarios.","robots":{"index":"index","follow":"follow","max-snippet":"max-snippet:-1","max-image-preview":"max-image-preview:large","max-video-preview":"max-video-preview:-1"},"canonical":"https:\/\/poblenouurbandistrict.com\/ca\/talleres-culinarios-espai-granada\/","og_locale":"ca_ES","og_type":"article","og_title":"Tres talleres gastro en Espai Granada para empezar el a\u00f1o con buen pie","og_description":"En Espai Granada los talleres son 100% participativos. Empieza el a\u00f1o cumpliendo prop\u00f3sitos: recetas healthy con sus cursos culinarios.","og_url":"https:\/\/poblenouurbandistrict.com\/ca\/talleres-culinarios-espai-granada\/","og_site_name":"Poblenou Urban District","article_published_time":"2021-01-21T09:00:32+00:00","article_modified_time":"2021-01-21T09:42:03+00:00","og_image":[{"width":889,"height":500,"url":"https:\/\/poblenouurbandistrict.com\/wp-content\/uploads\/2020\/09\/photo-1492739159057-7d1896b3c63f.jpeg","type":"image\/jpeg"}],"author":"pnud","twitter_card":"summary_large_image","twitter_misc":{"Escrit per":"pnud","Temps estimat de lectura":"6 minuts"},"schema":{"@context":"https:\/\/schema.org","@graph":[{"@type":"Article","@id":"https:\/\/poblenouurbandistrict.com\/talleres-culinarios-espai-granada\/#article","isPartOf":{"@id":"https:\/\/poblenouurbandistrict.com\/talleres-culinarios-espai-granada\/"},"author":{"name":"pnud","@id":"https:\/\/poblenouurbandistrict.com\/#\/schema\/person\/980a2cf34b399d5218205730acd54a7e"},"headline":"Tres tallers gastro per comen\u00e7ar l&#8217;any!","datePublished":"2021-01-21T09:00:32+00:00","dateModified":"2021-01-21T09:42:03+00:00","mainEntityOfPage":{"@id":"https:\/\/poblenouurbandistrict.com\/talleres-culinarios-espai-granada\/"},"wordCount":1165,"image":{"@id":"https:\/\/poblenouurbandistrict.com\/talleres-culinarios-espai-granada\/#primaryimage"},"thumbnailUrl":"https:\/\/media.poblenouurbandistrict.com\/2020\/09\/25032255\/photo-1492739159057-7d1896b3c63f.jpeg","articleSection":["Gastronomia"],"inLanguage":"ca"},{"@type":"WebPage","@id":"https:\/\/poblenouurbandistrict.com\/ca\/talleres-culinarios-espai-granada\/","url":"https:\/\/poblenouurbandistrict.com\/ca\/talleres-culinarios-espai-granada\/","name":"Tres talleres gastro en Espai Granada para empezar el a\u00f1o con buen pie","isPartOf":{"@id":"https:\/\/poblenouurbandistrict.com\/ca\/#website"},"primaryImageOfPage":{"@id":"https:\/\/poblenouurbandistrict.com\/ca\/talleres-culinarios-espai-granada\/#primaryimage"},"image":{"@id":"https:\/\/poblenouurbandistrict.com\/talleres-culinarios-espai-granada\/#primaryimage"},"thumbnailUrl":"https:\/\/media.poblenouurbandistrict.com\/2020\/09\/25032255\/photo-1492739159057-7d1896b3c63f.jpeg","datePublished":"2021-01-21T09:00:32+00:00","dateModified":"2021-01-21T09:42:03+00:00","author":{"@id":"https:\/\/poblenouurbandistrict.com\/#\/schema\/person\/980a2cf34b399d5218205730acd54a7e"},"description":"En Espai Granada los talleres son 100% participativos. Empieza el a\u00f1o cumpliendo prop\u00f3sitos: recetas healthy con sus cursos culinarios.","breadcrumb":{"@id":"https:\/\/poblenouurbandistrict.com\/ca\/talleres-culinarios-espai-granada\/#breadcrumb"},"inLanguage":"ca","potentialAction":[{"@type":"ReadAction","target":[["https:\/\/poblenouurbandistrict.com\/ca\/talleres-culinarios-espai-granada\/"]]}]},{"@type":"ImageObject","inLanguage":"ca","@id":"https:\/\/poblenouurbandistrict.com\/ca\/talleres-culinarios-espai-granada\/#primaryimage","url":"https:\/\/media.poblenouurbandistrict.com\/2020\/09\/25032255\/photo-1492739159057-7d1896b3c63f.jpeg","contentUrl":"https:\/\/media.poblenouurbandistrict.com\/2020\/09\/25032255\/photo-1492739159057-7d1896b3c63f.jpeg","width":889,"height":500},{"@type":"BreadcrumbList","@id":"https:\/\/poblenouurbandistrict.com\/ca\/talleres-culinarios-espai-granada\/#breadcrumb","itemListElement":[{"@type":"ListItem","position":1,"name":"Home","item":"https:\/\/poblenouurbandistrict.com\/ca\/"},{"@type":"ListItem","position":2,"name":"Tres tallers gastro per comen\u00e7ar l&#8217;any!"}]},{"@type":"WebSite","@id":"https:\/\/poblenouurbandistrict.com\/ca\/#website","url":"https:\/\/poblenouurbandistrict.com\/ca\/","name":"Poblenou Urban District","description":"Comunitat Creativa","potentialAction":[{"@type":"SearchAction","target":{"@type":"EntryPoint","urlTemplate":"https:\/\/poblenouurbandistrict.com\/ca\/?s={search_term_string}"},"query-input":{"@type":"PropertyValueSpecification","valueRequired":true,"valueName":"search_term_string"}}],"inLanguage":"ca"},{"@type":"Person","@id":"https:\/\/poblenouurbandistrict.com\/#\/schema\/person\/980a2cf34b399d5218205730acd54a7e","name":"pnud","image":{"@type":"ImageObject","inLanguage":"ca","@id":"https:\/\/secure.gravatar.com\/avatar\/67146597b405ee077a24e519f75c3e2031736596d6ce35af3a34c122c93d0d7b?s=96&d=retro&r=g","url":"https:\/\/secure.gravatar.com\/avatar\/67146597b405ee077a24e519f75c3e2031736596d6ce35af3a34c122c93d0d7b?s=96&d=retro&r=g","contentUrl":"https:\/\/secure.gravatar.com\/avatar\/67146597b405ee077a24e519f75c3e2031736596d6ce35af3a34c122c93d0d7b?s=96&d=retro&r=g","caption":"pnud"}}]}},"_links":{"self":[{"href":"https:\/\/poblenouurbandistrict.com\/ca\/wp-json\/wp\/v2\/posts\/19867","targetHints":{"allow":["GET"]}}],"collection":[{"href":"https:\/\/poblenouurbandistrict.com\/ca\/wp-json\/wp\/v2\/posts"}],"about":[{"href":"https:\/\/poblenouurbandistrict.com\/ca\/wp-json\/wp\/v2\/types\/post"}],"author":[{"embeddable":true,"href":"https:\/\/poblenouurbandistrict.com\/ca\/wp-json\/wp\/v2\/users\/5"}],"replies":[{"embeddable":true,"href":"https:\/\/poblenouurbandistrict.com\/ca\/wp-json\/wp\/v2\/comments?post=19867"}],"version-history":[{"count":4,"href":"https:\/\/poblenouurbandistrict.com\/ca\/wp-json\/wp\/v2\/posts\/19867\/revisions"}],"predecessor-version":[{"id":21538,"href":"https:\/\/poblenouurbandistrict.com\/ca\/wp-json\/wp\/v2\/posts\/19867\/revisions\/21538"}],"wp:featuredmedia":[{"embeddable":true,"href":"https:\/\/poblenouurbandistrict.com\/ca\/wp-json\/wp\/v2\/media\/19875"}],"wp:attachment":[{"href":"https:\/\/poblenouurbandistrict.com\/ca\/wp-json\/wp\/v2\/media?parent=19867"}],"wp:term":[{"taxonomy":"category","embeddable":true,"href":"https:\/\/poblenouurbandistrict.com\/ca\/wp-json\/wp\/v2\/categories?post=19867"},{"taxonomy":"post_tag","embeddable":true,"href":"https:\/\/poblenouurbandistrict.com\/ca\/wp-json\/wp\/v2\/tags?post=19867"}],"curies":[{"name":"wp","href":"https:\/\/api.w.org\/{rel}","templated":true}]}}