{"id":19892,"date":"2020-09-23T12:15:17","date_gmt":"2020-09-23T10:15:17","guid":{"rendered":"https:\/\/poblenouurbandistrict.com\/?p=19892"},"modified":"2020-09-23T15:41:04","modified_gmt":"2020-09-23T13:41:04","slug":"cortometrajes-animacion-idem","status":"publish","type":"post","link":"https:\/\/poblenouurbandistrict.com\/ca\/cortometrajes-animacion-idem\/","title":{"rendered":"Dos curts made in L&#8217;IDEM"},"content":{"rendered":"<p><span style=\"font-weight: 400;\">Durant l&#8217;\u00faltim curs de la <a href=\"https:\/\/www.lidembarcelona.com\/animacion-2d-3d-doble-titulacion\/\" target=\"_blank\" rel=\"noopener noreferrer\">carrera d&#8217;Animaci\u00f3 2D \/ 3D i Videojocs de L&#8217;Idem<\/a>, l&#8217;alumnat realitza un curtmetratge d&#8217;animaci\u00f3 com a projecte final de curs. Un treball en el qual, treballant en equip, posen en pr\u00e0ctica tots els coneixements, habilitats i eines apreses al llarg de la seva formaci\u00f3.<\/span><\/p>\n<p><span style=\"font-weight: 400;\">Us convidem a donar-li al play perqu\u00e8 els resultats s\u00f3n realment sorprenents.<\/span><\/p>\n<h1>&#8220;Kill the messenger&#8221;<\/h1>\n<p><strong><a href=\"https:\/\/www.lidembarcelona.com\/kill-the-messenger-diseno_personajes\/\" target=\"_blank\" rel=\"noopener noreferrer\"><em>Kill the Messenger<\/em><\/a> narra la hist\u00f2ria de Timmy, un carter que treballa en una petita localitat.<\/strong><\/p>\n<p><span style=\"font-weight: 400;\">En aquest univers <strong>2D<\/strong> creat pels estudiants de 4t d&#8217;Animaci\u00f3 de L&#8217;Idem, el correu postal es distribueix d&#8217;una manera curiosa. Una m\u00e0quina classifica les cartes segons el seu contingut: not\u00edcies bones o dolentes. Cada tipologia \u00e9s repartida per un treballador concret: Pigeon lliura les bones i Timmy, les dolentes. Frustrat de rebre l&#8217;enuig i l\u2019ira dels seus ve\u00efns dia rere dia, Timmy decideix innovar en els procediments de lliurament del correu postal. Despr\u00e9s <\/span><span style=\"font-weight: 400;\">de<\/span><span style=\"font-weight: 400;\"> nits sense dormir i molta reflexi\u00f3, t\u00e9 una gran idea: inventar una eina que faciliti la seva tasca di\u00e0ria. El resultat rep l&#8217;aprovaci\u00f3 de tots i, finalment, el nostre colom missatger aconsegueix donar un gir de 360\u00ba a la seva feina.<\/span><\/p>\n<p><div class=\"flex-video\"><div class=\"flex-video\"><div class=\"flex-video\"><iframe loading=\"lazy\" title=\"&quot;Kill the messenger&quot; - cortometraje Animaci\u00f3n 2D curso 2019-2020\" width=\"896\" height=\"504\" src=\"https:\/\/www.youtube.com\/embed\/MDpcyOXcADo?feature=oembed\" frameborder=\"0\" allow=\"accelerometer; autoplay; clipboard-write; encrypted-media; gyroscope; picture-in-picture\" allowfullscreen><\/iframe><\/div><\/div><\/div><\/p>\n<p><span style=\"font-weight: 400;\">El curtmetratge d&#8217;Animaci\u00f3 2D ha estat supervisat pels <a href=\"https:\/\/www.lidembarcelona.com\/lidem-barcelona-equipo-docente\/\" target=\"_blank\" rel=\"noopener noreferrer\">professors<\/a> Salva de Haro (Animaci\u00f3 2D), Miriam Hidalgo (Concept Art), Antonio de Santamar\u00eda (<\/span><span style=\"font-weight: 400;\">Storyboard<\/span><span style=\"font-weight: 400;\">) i Jaume Dur\u00e1n (Script).<\/span><\/p>\n<h1>&#8220;Attitude&#8221;<\/h1>\n<p><strong><em>Attitude<\/em> \u00e9s el curtmetratge d&#8217;Animaci\u00f3 3D que explica la hist\u00f2ria d&#8217;Abrielle, una jove ballarina que somia amb convertir-se en la primera ballarina d&#8217;una companyia de ballet.<\/strong><\/p>\n<p><span style=\"font-weight: 400;\">Tothom t\u00e9 un somni. I per m\u00e9s complicades que es posin les coses, lluitem perqu\u00e8 succeeixi. Davant l&#8217;adversitat, perseveran\u00e7a. Davant la dificultat, l&#8217;esfor\u00e7 i la dedicaci\u00f3. I davant el frac\u00e0s, la resili\u00e8ncia. El cam\u00ed que proposa <a href=\"https:\/\/www.lidembarcelona.com\/cortometraje-attitude-character-design-storyboard-movimiento\/\" target=\"_blank\" rel=\"noopener noreferrer\"><em>Attitude<\/em><\/a>, \u00e9s afrontar els reptes que sorgeixen en la vida i que ens ensenyen a superar de qualsevol obstacle trobem en el cam\u00ed.<\/span><\/p>\n<p><div class=\"flex-video\"><div class=\"flex-video\"><div class=\"flex-video\"><iframe loading=\"lazy\" title=\"&quot;Attitude&quot; - cortometraje Animaci\u00f3n 3D curso 2019-2020\" width=\"896\" height=\"504\" src=\"https:\/\/www.youtube.com\/embed\/lQT2h-H35RA?feature=oembed\" frameborder=\"0\" allow=\"accelerometer; autoplay; clipboard-write; encrypted-media; gyroscope; picture-in-picture\" allowfullscreen><\/iframe><\/div><\/div><\/div><\/p>\n<p><span style=\"font-weight: 400;\"><strong>Aquest curtmetratge d&#8217;Animaci\u00f3 3D<\/strong> va ser creat pels alumnes de 4t curs i supervisat per l&#8217;equip docent de L&#8217;Idem. Carles Prenafeta en l&#8217;\u00e0rea d&#8217;Animaci\u00f3 3D, Esteve Garriga a Generalista 3D, Miriam Hidalgo, Perditah en l&#8217;\u00e0rea de Concept Art, Antonio Santamar\u00eda per Storyboard i, finalment, Jaume Duran al Gui\u00f3 del curtmetratge. A m\u00e9s, el projecte compta amb una banda sonora original creada per alumnes de l&#8217;<a href=\"http:\/\/www.esmuc.cat\/spa\" target=\"_blank\" rel=\"noopener noreferrer\">Escola Superior de M\u00fasica de Catalunya &#8211; ESMUC.<\/a><\/span><\/p>","protected":false},"excerpt":{"rendered":"<p>Durant l&#8217;\u00faltim curs de la carrera d&#8217;Animaci\u00f3 2D \/ 3D i Videojocs de L&#8217;Idem, l&#8217;alumnat realitza un curtmetratge d&#8217;animaci\u00f3 com&#8230; <a href=\"https:\/\/poblenouurbandistrict.com\/ca\/cortometrajes-animacion-idem\/\">M\u00e9s  \u2192<\/a><\/p>\n","protected":false},"author":5,"featured_media":19907,"comment_status":"closed","ping_status":"closed","sticky":false,"template":"","format":"standard","meta":{"_acf_changed":false,"footnotes":""},"categories":[3345],"tags":[],"class_list":["post-19892","post","type-post","status-publish","format-standard","has-post-thumbnail","hentry","category-formacion"],"acf":[],"yoast_head":"<!-- This site is optimized with the Yoast SEO plugin v27.5 - https:\/\/yoast.com\/product\/yoast-seo-wordpress\/ -->\n<title>Dos cortometrajes de animaci\u00f3n made in L&#039;IDEM Barcelona<\/title>\n<meta name=\"description\" content=\"Durante el \u00faltimo curso de la carrera de Animaci\u00f3n 2D\/3D y Videojuegos de L\u2019Idem, el alumnado realiza un cortometraje de animaci\u00f3n como proyecto final de curso.\" \/>\n<meta name=\"robots\" content=\"index, follow, max-snippet:-1, max-image-preview:large, max-video-preview:-1\" \/>\n<link rel=\"canonical\" href=\"https:\/\/poblenouurbandistrict.com\/ca\/cortometrajes-animacion-idem\/\" \/>\n<meta property=\"og:locale\" content=\"ca_ES\" \/>\n<meta property=\"og:type\" content=\"article\" \/>\n<meta property=\"og:title\" content=\"Dos cortometrajes de animaci\u00f3n made in L&#039;IDEM Barcelona\" \/>\n<meta property=\"og:description\" content=\"Durante el \u00faltimo curso de la carrera de Animaci\u00f3n 2D\/3D y Videojuegos de L\u2019Idem, el alumnado realiza un cortometraje de animaci\u00f3n como proyecto final de curso.\" \/>\n<meta property=\"og:url\" content=\"https:\/\/poblenouurbandistrict.com\/ca\/cortometrajes-animacion-idem\/\" \/>\n<meta property=\"og:site_name\" content=\"Poblenou Urban District\" \/>\n<meta property=\"article:published_time\" content=\"2020-09-23T10:15:17+00:00\" \/>\n<meta property=\"article:modified_time\" content=\"2020-09-23T13:41:04+00:00\" \/>\n<meta property=\"og:image\" content=\"https:\/\/poblenouurbandistrict.com\/wp-content\/uploads\/2020\/09\/kill_messenger_neighbors-1.jpg\" \/>\n\t<meta property=\"og:image:width\" content=\"1080\" \/>\n\t<meta property=\"og:image:height\" content=\"566\" \/>\n\t<meta property=\"og:image:type\" content=\"image\/jpeg\" \/>\n<meta name=\"author\" content=\"pnud\" \/>\n<meta name=\"twitter:card\" content=\"summary_large_image\" \/>\n<meta name=\"twitter:label1\" content=\"Escrit per\" \/>\n\t<meta name=\"twitter:data1\" content=\"pnud\" \/>\n\t<meta name=\"twitter:label2\" content=\"Temps estimat de lectura\" \/>\n\t<meta name=\"twitter:data2\" content=\"7 minuts\" \/>\n<script type=\"application\/ld+json\" class=\"yoast-schema-graph\">{\"@context\":\"https:\\\/\\\/schema.org\",\"@graph\":[{\"@type\":\"Article\",\"@id\":\"https:\\\/\\\/poblenouurbandistrict.com\\\/cortometrajes-animacion-idem\\\/#article\",\"isPartOf\":{\"@id\":\"https:\\\/\\\/poblenouurbandistrict.com\\\/cortometrajes-animacion-idem\\\/\"},\"author\":{\"name\":\"pnud\",\"@id\":\"https:\\\/\\\/poblenouurbandistrict.com\\\/#\\\/schema\\\/person\\\/980a2cf34b399d5218205730acd54a7e\"},\"headline\":\"Dos curts made in L&#8217;IDEM\",\"datePublished\":\"2020-09-23T10:15:17+00:00\",\"dateModified\":\"2020-09-23T13:41:04+00:00\",\"mainEntityOfPage\":{\"@id\":\"https:\\\/\\\/poblenouurbandistrict.com\\\/cortometrajes-animacion-idem\\\/\"},\"wordCount\":1379,\"image\":{\"@id\":\"https:\\\/\\\/poblenouurbandistrict.com\\\/cortometrajes-animacion-idem\\\/#primaryimage\"},\"thumbnailUrl\":\"https:\\\/\\\/media.poblenouurbandistrict.com\\\/2020\\\/09\\\/25032334\\\/kill_messenger_neighbors-1.jpg\",\"articleSection\":[\"Formaci\u00f3\"],\"inLanguage\":\"ca\"},{\"@type\":\"WebPage\",\"@id\":\"https:\\\/\\\/poblenouurbandistrict.com\\\/ca\\\/cortometrajes-animacion-idem\\\/\",\"url\":\"https:\\\/\\\/poblenouurbandistrict.com\\\/ca\\\/cortometrajes-animacion-idem\\\/\",\"name\":\"Dos cortometrajes de animaci\u00f3n made in L'IDEM Barcelona\",\"isPartOf\":{\"@id\":\"https:\\\/\\\/poblenouurbandistrict.com\\\/ca\\\/#website\"},\"primaryImageOfPage\":{\"@id\":\"https:\\\/\\\/poblenouurbandistrict.com\\\/ca\\\/cortometrajes-animacion-idem\\\/#primaryimage\"},\"image\":{\"@id\":\"https:\\\/\\\/poblenouurbandistrict.com\\\/cortometrajes-animacion-idem\\\/#primaryimage\"},\"thumbnailUrl\":\"https:\\\/\\\/media.poblenouurbandistrict.com\\\/2020\\\/09\\\/25032334\\\/kill_messenger_neighbors-1.jpg\",\"datePublished\":\"2020-09-23T10:15:17+00:00\",\"dateModified\":\"2020-09-23T13:41:04+00:00\",\"author\":{\"@id\":\"https:\\\/\\\/poblenouurbandistrict.com\\\/#\\\/schema\\\/person\\\/980a2cf34b399d5218205730acd54a7e\"},\"description\":\"Durante el \u00faltimo curso de la carrera de Animaci\u00f3n 2D\\\/3D y Videojuegos de L\u2019Idem, el alumnado realiza un cortometraje de animaci\u00f3n como proyecto final de curso.\",\"breadcrumb\":{\"@id\":\"https:\\\/\\\/poblenouurbandistrict.com\\\/ca\\\/cortometrajes-animacion-idem\\\/#breadcrumb\"},\"inLanguage\":\"ca\",\"potentialAction\":[{\"@type\":\"ReadAction\",\"target\":[[\"https:\\\/\\\/poblenouurbandistrict.com\\\/ca\\\/cortometrajes-animacion-idem\\\/\"]]}]},{\"@type\":\"ImageObject\",\"inLanguage\":\"ca\",\"@id\":\"https:\\\/\\\/poblenouurbandistrict.com\\\/ca\\\/cortometrajes-animacion-idem\\\/#primaryimage\",\"url\":\"https:\\\/\\\/media.poblenouurbandistrict.com\\\/2020\\\/09\\\/25032334\\\/kill_messenger_neighbors-1.jpg\",\"contentUrl\":\"https:\\\/\\\/media.poblenouurbandistrict.com\\\/2020\\\/09\\\/25032334\\\/kill_messenger_neighbors-1.jpg\",\"width\":1080,\"height\":566},{\"@type\":\"BreadcrumbList\",\"@id\":\"https:\\\/\\\/poblenouurbandistrict.com\\\/ca\\\/cortometrajes-animacion-idem\\\/#breadcrumb\",\"itemListElement\":[{\"@type\":\"ListItem\",\"position\":1,\"name\":\"Home\",\"item\":\"https:\\\/\\\/poblenouurbandistrict.com\\\/ca\\\/\"},{\"@type\":\"ListItem\",\"position\":2,\"name\":\"Dos curts made in L&#8217;IDEM\"}]},{\"@type\":\"WebSite\",\"@id\":\"https:\\\/\\\/poblenouurbandistrict.com\\\/ca\\\/#website\",\"url\":\"https:\\\/\\\/poblenouurbandistrict.com\\\/ca\\\/\",\"name\":\"Poblenou Urban District\",\"description\":\"Comunitat Creativa\",\"potentialAction\":[{\"@type\":\"SearchAction\",\"target\":{\"@type\":\"EntryPoint\",\"urlTemplate\":\"https:\\\/\\\/poblenouurbandistrict.com\\\/ca\\\/?s={search_term_string}\"},\"query-input\":{\"@type\":\"PropertyValueSpecification\",\"valueRequired\":true,\"valueName\":\"search_term_string\"}}],\"inLanguage\":\"ca\"},{\"@type\":\"Person\",\"@id\":\"https:\\\/\\\/poblenouurbandistrict.com\\\/#\\\/schema\\\/person\\\/980a2cf34b399d5218205730acd54a7e\",\"name\":\"pnud\",\"image\":{\"@type\":\"ImageObject\",\"inLanguage\":\"ca\",\"@id\":\"https:\\\/\\\/secure.gravatar.com\\\/avatar\\\/67146597b405ee077a24e519f75c3e2031736596d6ce35af3a34c122c93d0d7b?s=96&d=retro&r=g\",\"url\":\"https:\\\/\\\/secure.gravatar.com\\\/avatar\\\/67146597b405ee077a24e519f75c3e2031736596d6ce35af3a34c122c93d0d7b?s=96&d=retro&r=g\",\"contentUrl\":\"https:\\\/\\\/secure.gravatar.com\\\/avatar\\\/67146597b405ee077a24e519f75c3e2031736596d6ce35af3a34c122c93d0d7b?s=96&d=retro&r=g\",\"caption\":\"pnud\"}}]}<\/script>\n<!-- \/ Yoast SEO plugin. -->","yoast_head_json":{"title":"Dos cortometrajes de animaci\u00f3n made in L'IDEM Barcelona","description":"Durante el \u00faltimo curso de la carrera de Animaci\u00f3n 2D\/3D y Videojuegos de L\u2019Idem, el alumnado realiza un cortometraje de animaci\u00f3n como proyecto final de curso.","robots":{"index":"index","follow":"follow","max-snippet":"max-snippet:-1","max-image-preview":"max-image-preview:large","max-video-preview":"max-video-preview:-1"},"canonical":"https:\/\/poblenouurbandistrict.com\/ca\/cortometrajes-animacion-idem\/","og_locale":"ca_ES","og_type":"article","og_title":"Dos cortometrajes de animaci\u00f3n made in L'IDEM Barcelona","og_description":"Durante el \u00faltimo curso de la carrera de Animaci\u00f3n 2D\/3D y Videojuegos de L\u2019Idem, el alumnado realiza un cortometraje de animaci\u00f3n como proyecto final de curso.","og_url":"https:\/\/poblenouurbandistrict.com\/ca\/cortometrajes-animacion-idem\/","og_site_name":"Poblenou Urban District","article_published_time":"2020-09-23T10:15:17+00:00","article_modified_time":"2020-09-23T13:41:04+00:00","og_image":[{"width":1080,"height":566,"url":"https:\/\/poblenouurbandistrict.com\/wp-content\/uploads\/2020\/09\/kill_messenger_neighbors-1.jpg","type":"image\/jpeg"}],"author":"pnud","twitter_card":"summary_large_image","twitter_misc":{"Escrit per":"pnud","Temps estimat de lectura":"7 minuts"},"schema":{"@context":"https:\/\/schema.org","@graph":[{"@type":"Article","@id":"https:\/\/poblenouurbandistrict.com\/cortometrajes-animacion-idem\/#article","isPartOf":{"@id":"https:\/\/poblenouurbandistrict.com\/cortometrajes-animacion-idem\/"},"author":{"name":"pnud","@id":"https:\/\/poblenouurbandistrict.com\/#\/schema\/person\/980a2cf34b399d5218205730acd54a7e"},"headline":"Dos curts made in L&#8217;IDEM","datePublished":"2020-09-23T10:15:17+00:00","dateModified":"2020-09-23T13:41:04+00:00","mainEntityOfPage":{"@id":"https:\/\/poblenouurbandistrict.com\/cortometrajes-animacion-idem\/"},"wordCount":1379,"image":{"@id":"https:\/\/poblenouurbandistrict.com\/cortometrajes-animacion-idem\/#primaryimage"},"thumbnailUrl":"https:\/\/media.poblenouurbandistrict.com\/2020\/09\/25032334\/kill_messenger_neighbors-1.jpg","articleSection":["Formaci\u00f3"],"inLanguage":"ca"},{"@type":"WebPage","@id":"https:\/\/poblenouurbandistrict.com\/ca\/cortometrajes-animacion-idem\/","url":"https:\/\/poblenouurbandistrict.com\/ca\/cortometrajes-animacion-idem\/","name":"Dos cortometrajes de animaci\u00f3n made in L'IDEM Barcelona","isPartOf":{"@id":"https:\/\/poblenouurbandistrict.com\/ca\/#website"},"primaryImageOfPage":{"@id":"https:\/\/poblenouurbandistrict.com\/ca\/cortometrajes-animacion-idem\/#primaryimage"},"image":{"@id":"https:\/\/poblenouurbandistrict.com\/cortometrajes-animacion-idem\/#primaryimage"},"thumbnailUrl":"https:\/\/media.poblenouurbandistrict.com\/2020\/09\/25032334\/kill_messenger_neighbors-1.jpg","datePublished":"2020-09-23T10:15:17+00:00","dateModified":"2020-09-23T13:41:04+00:00","author":{"@id":"https:\/\/poblenouurbandistrict.com\/#\/schema\/person\/980a2cf34b399d5218205730acd54a7e"},"description":"Durante el \u00faltimo curso de la carrera de Animaci\u00f3n 2D\/3D y Videojuegos de L\u2019Idem, el alumnado realiza un cortometraje de animaci\u00f3n como proyecto final de curso.","breadcrumb":{"@id":"https:\/\/poblenouurbandistrict.com\/ca\/cortometrajes-animacion-idem\/#breadcrumb"},"inLanguage":"ca","potentialAction":[{"@type":"ReadAction","target":[["https:\/\/poblenouurbandistrict.com\/ca\/cortometrajes-animacion-idem\/"]]}]},{"@type":"ImageObject","inLanguage":"ca","@id":"https:\/\/poblenouurbandistrict.com\/ca\/cortometrajes-animacion-idem\/#primaryimage","url":"https:\/\/media.poblenouurbandistrict.com\/2020\/09\/25032334\/kill_messenger_neighbors-1.jpg","contentUrl":"https:\/\/media.poblenouurbandistrict.com\/2020\/09\/25032334\/kill_messenger_neighbors-1.jpg","width":1080,"height":566},{"@type":"BreadcrumbList","@id":"https:\/\/poblenouurbandistrict.com\/ca\/cortometrajes-animacion-idem\/#breadcrumb","itemListElement":[{"@type":"ListItem","position":1,"name":"Home","item":"https:\/\/poblenouurbandistrict.com\/ca\/"},{"@type":"ListItem","position":2,"name":"Dos curts made in L&#8217;IDEM"}]},{"@type":"WebSite","@id":"https:\/\/poblenouurbandistrict.com\/ca\/#website","url":"https:\/\/poblenouurbandistrict.com\/ca\/","name":"Poblenou Urban District","description":"Comunitat Creativa","potentialAction":[{"@type":"SearchAction","target":{"@type":"EntryPoint","urlTemplate":"https:\/\/poblenouurbandistrict.com\/ca\/?s={search_term_string}"},"query-input":{"@type":"PropertyValueSpecification","valueRequired":true,"valueName":"search_term_string"}}],"inLanguage":"ca"},{"@type":"Person","@id":"https:\/\/poblenouurbandistrict.com\/#\/schema\/person\/980a2cf34b399d5218205730acd54a7e","name":"pnud","image":{"@type":"ImageObject","inLanguage":"ca","@id":"https:\/\/secure.gravatar.com\/avatar\/67146597b405ee077a24e519f75c3e2031736596d6ce35af3a34c122c93d0d7b?s=96&d=retro&r=g","url":"https:\/\/secure.gravatar.com\/avatar\/67146597b405ee077a24e519f75c3e2031736596d6ce35af3a34c122c93d0d7b?s=96&d=retro&r=g","contentUrl":"https:\/\/secure.gravatar.com\/avatar\/67146597b405ee077a24e519f75c3e2031736596d6ce35af3a34c122c93d0d7b?s=96&d=retro&r=g","caption":"pnud"}}]}},"_links":{"self":[{"href":"https:\/\/poblenouurbandistrict.com\/ca\/wp-json\/wp\/v2\/posts\/19892","targetHints":{"allow":["GET"]}}],"collection":[{"href":"https:\/\/poblenouurbandistrict.com\/ca\/wp-json\/wp\/v2\/posts"}],"about":[{"href":"https:\/\/poblenouurbandistrict.com\/ca\/wp-json\/wp\/v2\/types\/post"}],"author":[{"embeddable":true,"href":"https:\/\/poblenouurbandistrict.com\/ca\/wp-json\/wp\/v2\/users\/5"}],"replies":[{"embeddable":true,"href":"https:\/\/poblenouurbandistrict.com\/ca\/wp-json\/wp\/v2\/comments?post=19892"}],"version-history":[{"count":3,"href":"https:\/\/poblenouurbandistrict.com\/ca\/wp-json\/wp\/v2\/posts\/19892\/revisions"}],"predecessor-version":[{"id":19910,"href":"https:\/\/poblenouurbandistrict.com\/ca\/wp-json\/wp\/v2\/posts\/19892\/revisions\/19910"}],"wp:featuredmedia":[{"embeddable":true,"href":"https:\/\/poblenouurbandistrict.com\/ca\/wp-json\/wp\/v2\/media\/19907"}],"wp:attachment":[{"href":"https:\/\/poblenouurbandistrict.com\/ca\/wp-json\/wp\/v2\/media?parent=19892"}],"wp:term":[{"taxonomy":"category","embeddable":true,"href":"https:\/\/poblenouurbandistrict.com\/ca\/wp-json\/wp\/v2\/categories?post=19892"},{"taxonomy":"post_tag","embeddable":true,"href":"https:\/\/poblenouurbandistrict.com\/ca\/wp-json\/wp\/v2\/tags?post=19892"}],"curies":[{"name":"wp","href":"https:\/\/api.w.org\/{rel}","templated":true}]}}