{"id":20511,"date":"2020-10-19T08:00:20","date_gmt":"2020-10-19T06:00:20","guid":{"rendered":"https:\/\/poblenouurbandistrict.com\/?p=20511"},"modified":"2020-10-26T16:33:23","modified_gmt":"2020-10-26T15:33:23","slug":"el-podn-12h-non-stop-sadapta-i-segueix","status":"publish","type":"post","link":"https:\/\/poblenouurbandistrict.com\/ca\/el-podn-12h-non-stop-sadapta-i-segueix\/","title":{"rendered":"El PODN 12h Non Stop s&#8217;adapta i segueix!"},"content":{"rendered":"<p>Des Poblenou Urban District us informem que <strong>totes les activitats que tindran lloc durant el proper dissabte 17 d&#8217;octubre seguiran rigorosament la normativa en mat\u00e8ria de salut p\u00fablica<\/strong> de la Generalitat de Catalunya anunciada durant les \u00faltimes hores i que afecta alguns dels espais participants en el referent a aforaments i activitats.<\/p>\n<p>Per a la seguretat de totes les persones, tant dels organitzadors com per al p\u00fablic assistent, hem fet una revisi\u00f3 de totes les activitats, fruit de la qual hem decidit cancel\u00b7lar algunes d&#8217;elles i mantenir les que podreu veure al nostre web, tal com coment\u00e0vem anteriorment, en l\u00ednia a all\u00f2 que ha anunciat l&#8217;administraci\u00f3.<\/p>\n<p>A la p\u00e0gina de <strong><a href=\"https:\/\/poblenouurbandistrict.com\/12h-non-stop\/\">Poblenou Open Day Night 12h Non Stop<\/a><\/strong> trobareu un mapa actualitzat amb totes les nostres activitats. Us recordem que la majoria d&#8217;elles requereixen reserva pr\u00e8via de pla\u00e7a.<\/p>\n<p>A la mateixa p\u00e0gina trobareu <strong><a href=\"https:\/\/poblenouurbandistrict.com\/informacio-sobre-mesures-de-seguretat-i-prevencio-amb-motiu-de-la-covid-19\/\">informaci\u00f3 sobre mesures de seguretat<\/a><\/strong> i les programacions del <strong><a href=\"https:\/\/poblenouurbandistrict.com\/windows-art-circuit-en-formato-lab\/\">Windows Art Circuit LAB<\/a> i <a href=\"https:\/\/poblenouurbandistrict.com\/programacion-urban-talks-streaming\/\">Urban Talks<\/a><\/strong>.<\/p>\n<p><img loading=\"lazy\" decoding=\"async\" class=\"size-medium wp-image-20076 aligncenter\" src=\"https:\/\/poblenouurbandistrict.com\/wp-content\/uploads\/2020\/04\/2019_wac_00053-620x413.jpg\" alt=\"\" width=\"620\" height=\"413\" srcset=\"https:\/\/poblenouurbandistrict.com\/wp-content\/uploads\/2020\/04\/2019_wac_00053-620x413.jpg 620w, https:\/\/poblenouurbandistrict.com\/wp-content\/uploads\/2020\/04\/2019_wac_00053-600x400.jpg 600w, https:\/\/poblenouurbandistrict.com\/wp-content\/uploads\/2020\/04\/2019_wac_00053-180x120.jpg 180w, https:\/\/poblenouurbandistrict.com\/wp-content\/uploads\/2020\/04\/2019_wac_00053-768x512.jpg 768w, https:\/\/poblenouurbandistrict.com\/wp-content\/uploads\/2020\/04\/2019_wac_00053-640x427.jpg 640w, https:\/\/poblenouurbandistrict.com\/wp-content\/uploads\/2020\/04\/2019_wac_00053-1400x933.jpg 1400w, https:\/\/poblenouurbandistrict.com\/wp-content\/uploads\/2020\/04\/2019_wac_00053-1100x733.jpg 1100w, https:\/\/poblenouurbandistrict.com\/wp-content\/uploads\/2020\/04\/2019_wac_00053-700x467.jpg 700w, https:\/\/poblenouurbandistrict.com\/wp-content\/uploads\/2020\/04\/2019_wac_00053-470x313.jpg 470w, https:\/\/poblenouurbandistrict.com\/wp-content\/uploads\/2020\/04\/2019_wac_00053-350x233.jpg 350w, https:\/\/poblenouurbandistrict.com\/wp-content\/uploads\/2020\/04\/2019_wac_00053.jpg 2048w\" sizes=\"auto, (max-width: 620px) 100vw, 620px\" \/><\/p>\n<h1>Gaudiu de la <a href=\"https:\/\/www.facebook.com\/hashtag\/culturasegura?__eep__=6&amp;__cft__[0]=AZVU5Q6NPllJkDd2WEqF4lpS1egMdBgTleRg_jY9ELmfr8Ykd15zVy12e8sRE3Zl0oEQGMkXOdAFrxtLFTKp0j_BcY7XrgdJg2VyhiAzflIWIssSBmLLBpNYxYvjZrz3czx-fx-gC7nlhgEef0AmPtTQbZRh4AVO8vqVau7pRSZzLA&amp;__tn__=*NK-R\">#CulturaSegura<\/a>.<\/h1>\n<p><\/p>","protected":false},"excerpt":{"rendered":"<p>Des Poblenou Urban District us informem que totes les activitats que tindran lloc durant el proper dissabte 17 d&#8217;octubre seguiran&#8230; <a href=\"https:\/\/poblenouurbandistrict.com\/ca\/el-podn-12h-non-stop-sadapta-i-segueix\/\">M\u00e9s  \u2192<\/a><\/p>\n","protected":false},"author":5,"featured_media":20502,"comment_status":"closed","ping_status":"closed","sticky":false,"template":"","format":"standard","meta":{"_acf_changed":false,"footnotes":""},"categories":[3379],"tags":[],"class_list":["post-20511","post","type-post","status-publish","format-standard","has-post-thumbnail","hentry","category-podn12h"],"acf":[],"yoast_head":"<!-- This site is optimized with the Yoast SEO plugin v27.4 - https:\/\/yoast.com\/product\/yoast-seo-wordpress\/ -->\n<title>El PODN 12h Non Stop s&#039;adapta i segueix! &#8211; Poblenou Urban District<\/title>\n<meta name=\"robots\" content=\"index, follow, max-snippet:-1, max-image-preview:large, max-video-preview:-1\" \/>\n<link rel=\"canonical\" href=\"https:\/\/poblenouurbandistrict.com\/ca\/el-podn-12h-non-stop-sadapta-i-segueix\/\" \/>\n<meta property=\"og:locale\" content=\"ca_ES\" \/>\n<meta property=\"og:type\" content=\"article\" \/>\n<meta property=\"og:title\" content=\"El PODN 12h Non Stop s&#039;adapta i segueix! &#8211; Poblenou Urban District\" \/>\n<meta property=\"og:description\" content=\"Des Poblenou Urban District us informem que totes les activitats que tindran lloc durant el proper dissabte 17 d&#8217;octubre seguiran... M\u00e9s \u2192\" \/>\n<meta property=\"og:url\" content=\"https:\/\/poblenouurbandistrict.com\/ca\/el-podn-12h-non-stop-sadapta-i-segueix\/\" \/>\n<meta property=\"og:site_name\" content=\"Poblenou Urban District\" \/>\n<meta property=\"article:published_time\" content=\"2020-10-19T06:00:20+00:00\" \/>\n<meta property=\"article:modified_time\" content=\"2020-10-26T15:33:23+00:00\" \/>\n<meta property=\"og:image\" content=\"https:\/\/poblenouurbandistrict.com\/wp-content\/uploads\/2020\/10\/unnamed-1.jpg\" \/>\n\t<meta property=\"og:image:width\" content=\"768\" \/>\n\t<meta property=\"og:image:height\" content=\"504\" \/>\n\t<meta property=\"og:image:type\" content=\"image\/jpeg\" \/>\n<meta name=\"author\" content=\"pnud\" \/>\n<meta name=\"twitter:card\" content=\"summary_large_image\" \/>\n<meta name=\"twitter:label1\" content=\"Escrit per\" \/>\n\t<meta name=\"twitter:data1\" content=\"pnud\" \/>\n\t<meta name=\"twitter:label2\" content=\"Temps estimat de lectura\" \/>\n\t<meta name=\"twitter:data2\" content=\"3 minuts\" \/>\n<script type=\"application\/ld+json\" class=\"yoast-schema-graph\">{\"@context\":\"https:\\\/\\\/schema.org\",\"@graph\":[{\"@type\":\"Article\",\"@id\":\"https:\\\/\\\/poblenouurbandistrict.com\\\/el-podn-12h-non-stop-sadapta-i-segueix\\\/#article\",\"isPartOf\":{\"@id\":\"https:\\\/\\\/poblenouurbandistrict.com\\\/el-podn-12h-non-stop-sadapta-i-segueix\\\/\"},\"author\":{\"name\":\"pnud\",\"@id\":\"https:\\\/\\\/poblenouurbandistrict.com\\\/#\\\/schema\\\/person\\\/980a2cf34b399d5218205730acd54a7e\"},\"headline\":\"El PODN 12h Non Stop s&#8217;adapta i segueix!\",\"datePublished\":\"2020-10-19T06:00:20+00:00\",\"dateModified\":\"2020-10-26T15:33:23+00:00\",\"mainEntityOfPage\":{\"@id\":\"https:\\\/\\\/poblenouurbandistrict.com\\\/el-podn-12h-non-stop-sadapta-i-segueix\\\/\"},\"wordCount\":574,\"image\":{\"@id\":\"https:\\\/\\\/poblenouurbandistrict.com\\\/el-podn-12h-non-stop-sadapta-i-segueix\\\/#primaryimage\"},\"thumbnailUrl\":\"https:\\\/\\\/media.poblenouurbandistrict.com\\\/2020\\\/10\\\/25032847\\\/unnamed-1.jpg\",\"articleSection\":[\"PODN12H\"],\"inLanguage\":\"ca\"},{\"@type\":\"WebPage\",\"@id\":\"https:\\\/\\\/poblenouurbandistrict.com\\\/ca\\\/el-podn-12h-non-stop-sadapta-i-segueix\\\/\",\"url\":\"https:\\\/\\\/poblenouurbandistrict.com\\\/ca\\\/el-podn-12h-non-stop-sadapta-i-segueix\\\/\",\"name\":\"El PODN 12h Non Stop s'adapta i segueix! &#8211; Poblenou Urban District\",\"isPartOf\":{\"@id\":\"https:\\\/\\\/poblenouurbandistrict.com\\\/ca\\\/#website\"},\"primaryImageOfPage\":{\"@id\":\"https:\\\/\\\/poblenouurbandistrict.com\\\/ca\\\/el-podn-12h-non-stop-sadapta-i-segueix\\\/#primaryimage\"},\"image\":{\"@id\":\"https:\\\/\\\/poblenouurbandistrict.com\\\/el-podn-12h-non-stop-sadapta-i-segueix\\\/#primaryimage\"},\"thumbnailUrl\":\"https:\\\/\\\/media.poblenouurbandistrict.com\\\/2020\\\/10\\\/25032847\\\/unnamed-1.jpg\",\"datePublished\":\"2020-10-19T06:00:20+00:00\",\"dateModified\":\"2020-10-26T15:33:23+00:00\",\"author\":{\"@id\":\"https:\\\/\\\/poblenouurbandistrict.com\\\/#\\\/schema\\\/person\\\/980a2cf34b399d5218205730acd54a7e\"},\"breadcrumb\":{\"@id\":\"https:\\\/\\\/poblenouurbandistrict.com\\\/ca\\\/el-podn-12h-non-stop-sadapta-i-segueix\\\/#breadcrumb\"},\"inLanguage\":\"ca\",\"potentialAction\":[{\"@type\":\"ReadAction\",\"target\":[[\"https:\\\/\\\/poblenouurbandistrict.com\\\/ca\\\/el-podn-12h-non-stop-sadapta-i-segueix\\\/\"]]}]},{\"@type\":\"ImageObject\",\"inLanguage\":\"ca\",\"@id\":\"https:\\\/\\\/poblenouurbandistrict.com\\\/ca\\\/el-podn-12h-non-stop-sadapta-i-segueix\\\/#primaryimage\",\"url\":\"https:\\\/\\\/media.poblenouurbandistrict.com\\\/2020\\\/10\\\/25032847\\\/unnamed-1.jpg\",\"contentUrl\":\"https:\\\/\\\/media.poblenouurbandistrict.com\\\/2020\\\/10\\\/25032847\\\/unnamed-1.jpg\",\"width\":768,\"height\":504},{\"@type\":\"BreadcrumbList\",\"@id\":\"https:\\\/\\\/poblenouurbandistrict.com\\\/ca\\\/el-podn-12h-non-stop-sadapta-i-segueix\\\/#breadcrumb\",\"itemListElement\":[{\"@type\":\"ListItem\",\"position\":1,\"name\":\"Home\",\"item\":\"https:\\\/\\\/poblenouurbandistrict.com\\\/ca\\\/\"},{\"@type\":\"ListItem\",\"position\":2,\"name\":\"El PODN 12h Non Stop s&#8217;adapta i segueix!\"}]},{\"@type\":\"WebSite\",\"@id\":\"https:\\\/\\\/poblenouurbandistrict.com\\\/ca\\\/#website\",\"url\":\"https:\\\/\\\/poblenouurbandistrict.com\\\/ca\\\/\",\"name\":\"Poblenou Urban District\",\"description\":\"Comunitat Creativa\",\"potentialAction\":[{\"@type\":\"SearchAction\",\"target\":{\"@type\":\"EntryPoint\",\"urlTemplate\":\"https:\\\/\\\/poblenouurbandistrict.com\\\/ca\\\/?s={search_term_string}\"},\"query-input\":{\"@type\":\"PropertyValueSpecification\",\"valueRequired\":true,\"valueName\":\"search_term_string\"}}],\"inLanguage\":\"ca\"},{\"@type\":\"Person\",\"@id\":\"https:\\\/\\\/poblenouurbandistrict.com\\\/#\\\/schema\\\/person\\\/980a2cf34b399d5218205730acd54a7e\",\"name\":\"pnud\",\"image\":{\"@type\":\"ImageObject\",\"inLanguage\":\"ca\",\"@id\":\"https:\\\/\\\/secure.gravatar.com\\\/avatar\\\/67146597b405ee077a24e519f75c3e2031736596d6ce35af3a34c122c93d0d7b?s=96&d=retro&r=g\",\"url\":\"https:\\\/\\\/secure.gravatar.com\\\/avatar\\\/67146597b405ee077a24e519f75c3e2031736596d6ce35af3a34c122c93d0d7b?s=96&d=retro&r=g\",\"contentUrl\":\"https:\\\/\\\/secure.gravatar.com\\\/avatar\\\/67146597b405ee077a24e519f75c3e2031736596d6ce35af3a34c122c93d0d7b?s=96&d=retro&r=g\",\"caption\":\"pnud\"}}]}<\/script>\n<!-- \/ Yoast SEO plugin. -->","yoast_head_json":{"title":"El PODN 12h Non Stop s'adapta i segueix! &#8211; Poblenou Urban District","robots":{"index":"index","follow":"follow","max-snippet":"max-snippet:-1","max-image-preview":"max-image-preview:large","max-video-preview":"max-video-preview:-1"},"canonical":"https:\/\/poblenouurbandistrict.com\/ca\/el-podn-12h-non-stop-sadapta-i-segueix\/","og_locale":"ca_ES","og_type":"article","og_title":"El PODN 12h Non Stop s'adapta i segueix! &#8211; Poblenou Urban District","og_description":"Des Poblenou Urban District us informem que totes les activitats que tindran lloc durant el proper dissabte 17 d&#8217;octubre seguiran... M\u00e9s \u2192","og_url":"https:\/\/poblenouurbandistrict.com\/ca\/el-podn-12h-non-stop-sadapta-i-segueix\/","og_site_name":"Poblenou Urban District","article_published_time":"2020-10-19T06:00:20+00:00","article_modified_time":"2020-10-26T15:33:23+00:00","og_image":[{"width":768,"height":504,"url":"https:\/\/poblenouurbandistrict.com\/wp-content\/uploads\/2020\/10\/unnamed-1.jpg","type":"image\/jpeg"}],"author":"pnud","twitter_card":"summary_large_image","twitter_misc":{"Escrit per":"pnud","Temps estimat de lectura":"3 minuts"},"schema":{"@context":"https:\/\/schema.org","@graph":[{"@type":"Article","@id":"https:\/\/poblenouurbandistrict.com\/el-podn-12h-non-stop-sadapta-i-segueix\/#article","isPartOf":{"@id":"https:\/\/poblenouurbandistrict.com\/el-podn-12h-non-stop-sadapta-i-segueix\/"},"author":{"name":"pnud","@id":"https:\/\/poblenouurbandistrict.com\/#\/schema\/person\/980a2cf34b399d5218205730acd54a7e"},"headline":"El PODN 12h Non Stop s&#8217;adapta i segueix!","datePublished":"2020-10-19T06:00:20+00:00","dateModified":"2020-10-26T15:33:23+00:00","mainEntityOfPage":{"@id":"https:\/\/poblenouurbandistrict.com\/el-podn-12h-non-stop-sadapta-i-segueix\/"},"wordCount":574,"image":{"@id":"https:\/\/poblenouurbandistrict.com\/el-podn-12h-non-stop-sadapta-i-segueix\/#primaryimage"},"thumbnailUrl":"https:\/\/media.poblenouurbandistrict.com\/2020\/10\/25032847\/unnamed-1.jpg","articleSection":["PODN12H"],"inLanguage":"ca"},{"@type":"WebPage","@id":"https:\/\/poblenouurbandistrict.com\/ca\/el-podn-12h-non-stop-sadapta-i-segueix\/","url":"https:\/\/poblenouurbandistrict.com\/ca\/el-podn-12h-non-stop-sadapta-i-segueix\/","name":"El PODN 12h Non Stop s'adapta i segueix! &#8211; Poblenou Urban District","isPartOf":{"@id":"https:\/\/poblenouurbandistrict.com\/ca\/#website"},"primaryImageOfPage":{"@id":"https:\/\/poblenouurbandistrict.com\/ca\/el-podn-12h-non-stop-sadapta-i-segueix\/#primaryimage"},"image":{"@id":"https:\/\/poblenouurbandistrict.com\/el-podn-12h-non-stop-sadapta-i-segueix\/#primaryimage"},"thumbnailUrl":"https:\/\/media.poblenouurbandistrict.com\/2020\/10\/25032847\/unnamed-1.jpg","datePublished":"2020-10-19T06:00:20+00:00","dateModified":"2020-10-26T15:33:23+00:00","author":{"@id":"https:\/\/poblenouurbandistrict.com\/#\/schema\/person\/980a2cf34b399d5218205730acd54a7e"},"breadcrumb":{"@id":"https:\/\/poblenouurbandistrict.com\/ca\/el-podn-12h-non-stop-sadapta-i-segueix\/#breadcrumb"},"inLanguage":"ca","potentialAction":[{"@type":"ReadAction","target":[["https:\/\/poblenouurbandistrict.com\/ca\/el-podn-12h-non-stop-sadapta-i-segueix\/"]]}]},{"@type":"ImageObject","inLanguage":"ca","@id":"https:\/\/poblenouurbandistrict.com\/ca\/el-podn-12h-non-stop-sadapta-i-segueix\/#primaryimage","url":"https:\/\/media.poblenouurbandistrict.com\/2020\/10\/25032847\/unnamed-1.jpg","contentUrl":"https:\/\/media.poblenouurbandistrict.com\/2020\/10\/25032847\/unnamed-1.jpg","width":768,"height":504},{"@type":"BreadcrumbList","@id":"https:\/\/poblenouurbandistrict.com\/ca\/el-podn-12h-non-stop-sadapta-i-segueix\/#breadcrumb","itemListElement":[{"@type":"ListItem","position":1,"name":"Home","item":"https:\/\/poblenouurbandistrict.com\/ca\/"},{"@type":"ListItem","position":2,"name":"El PODN 12h Non Stop s&#8217;adapta i segueix!"}]},{"@type":"WebSite","@id":"https:\/\/poblenouurbandistrict.com\/ca\/#website","url":"https:\/\/poblenouurbandistrict.com\/ca\/","name":"Poblenou Urban District","description":"Comunitat Creativa","potentialAction":[{"@type":"SearchAction","target":{"@type":"EntryPoint","urlTemplate":"https:\/\/poblenouurbandistrict.com\/ca\/?s={search_term_string}"},"query-input":{"@type":"PropertyValueSpecification","valueRequired":true,"valueName":"search_term_string"}}],"inLanguage":"ca"},{"@type":"Person","@id":"https:\/\/poblenouurbandistrict.com\/#\/schema\/person\/980a2cf34b399d5218205730acd54a7e","name":"pnud","image":{"@type":"ImageObject","inLanguage":"ca","@id":"https:\/\/secure.gravatar.com\/avatar\/67146597b405ee077a24e519f75c3e2031736596d6ce35af3a34c122c93d0d7b?s=96&d=retro&r=g","url":"https:\/\/secure.gravatar.com\/avatar\/67146597b405ee077a24e519f75c3e2031736596d6ce35af3a34c122c93d0d7b?s=96&d=retro&r=g","contentUrl":"https:\/\/secure.gravatar.com\/avatar\/67146597b405ee077a24e519f75c3e2031736596d6ce35af3a34c122c93d0d7b?s=96&d=retro&r=g","caption":"pnud"}}]}},"_links":{"self":[{"href":"https:\/\/poblenouurbandistrict.com\/ca\/wp-json\/wp\/v2\/posts\/20511","targetHints":{"allow":["GET"]}}],"collection":[{"href":"https:\/\/poblenouurbandistrict.com\/ca\/wp-json\/wp\/v2\/posts"}],"about":[{"href":"https:\/\/poblenouurbandistrict.com\/ca\/wp-json\/wp\/v2\/types\/post"}],"author":[{"embeddable":true,"href":"https:\/\/poblenouurbandistrict.com\/ca\/wp-json\/wp\/v2\/users\/5"}],"replies":[{"embeddable":true,"href":"https:\/\/poblenouurbandistrict.com\/ca\/wp-json\/wp\/v2\/comments?post=20511"}],"version-history":[{"count":3,"href":"https:\/\/poblenouurbandistrict.com\/ca\/wp-json\/wp\/v2\/posts\/20511\/revisions"}],"predecessor-version":[{"id":20514,"href":"https:\/\/poblenouurbandistrict.com\/ca\/wp-json\/wp\/v2\/posts\/20511\/revisions\/20514"}],"wp:featuredmedia":[{"embeddable":true,"href":"https:\/\/poblenouurbandistrict.com\/ca\/wp-json\/wp\/v2\/media\/20502"}],"wp:attachment":[{"href":"https:\/\/poblenouurbandistrict.com\/ca\/wp-json\/wp\/v2\/media?parent=20511"}],"wp:term":[{"taxonomy":"category","embeddable":true,"href":"https:\/\/poblenouurbandistrict.com\/ca\/wp-json\/wp\/v2\/categories?post=20511"},{"taxonomy":"post_tag","embeddable":true,"href":"https:\/\/poblenouurbandistrict.com\/ca\/wp-json\/wp\/v2\/tags?post=20511"}],"curies":[{"name":"wp","href":"https:\/\/api.w.org\/{rel}","templated":true}]}}