{"id":21334,"date":"2020-12-14T17:02:20","date_gmt":"2020-12-14T16:02:20","guid":{"rendered":"https:\/\/poblenouurbandistrict.com\/?p=21334"},"modified":"2020-12-15T18:21:08","modified_gmt":"2020-12-15T17:21:08","slug":"urbancreativedistrict-gastronomia","status":"publish","type":"post","link":"https:\/\/poblenouurbandistrict.com\/ca\/urbancreativedistrict-gastronomia\/","title":{"rendered":"On menjar durant l&#8217;Urban Creative District?"},"content":{"rendered":"<p><span style=\"font-weight: 400;\">Dins de la mostra creativa de l\u2019Urban Creative District no podia faltar la gastronomia. Si ens acompanyeu durant els dies 18, 19 i 20 de desembre, tindreu l&#8217;oportunitat de fer una parada mentre passegeu per gaudir de la millor selecci\u00f3 de begudes, tapes, plats, platets i dol\u00e7os diversos, al mateix temps que deliciosos.<\/span><\/p>\n<p><strong>Al llarg del carrer Pujades, i en els seus carrers adjacents, trobareu els seg\u00fcents bars, cellers, restaurants i cafeteries:<\/strong><\/p>\n<h1><b>KOH<\/b><\/h1>\n<p><span style=\"font-weight: 400;\">A <a href=\"https:\/\/www.instagram.com\/kohbarcelona\/\" target=\"_blank\" rel=\"noopener noreferrer\">Koh<\/a> es podr\u00e0 gaudir d&#8217;una excel\u00b7lent i variada selecci\u00f3 de cuines asi\u00e0tiques amb plats tradicionals com ramen, curris, banys, edamame, rotllets de llagostins i vegetarians, i moltes opcions m\u00e9s que trobareu en la seva carta.<\/span><\/p>\n<p><span style=\"font-weight: 400;\">Divendres i dissabte de 12:30h a 16h i de 19h a 21:30h.<br \/>\n<\/span><span style=\"font-weight: 400;\">Diumenge de 12:30h a 16h.<\/span><\/p>\n<h1><b>Edge Brewing<\/b><span style=\"font-weight: 400;\">\u00a0<\/span><\/h1>\n<p><span style=\"font-weight: 400;\"><a href=\"https:\/\/www.instagram.com\/edgebrewing\/\" target=\"_blank\" rel=\"noopener noreferrer\">Edge Brewing<\/a> ampliar\u00e0 l&#8217;horari de la seva botiga Pop-Up, posant a la venda i directe al p\u00fablic les seves cerveses artesanals, urbanes i creatives: packs d&#8217;ampolles i llaunes, i a granel en &#8220;growlers&#8221; de 1.5 litres. <\/span><span style=\"font-weight: 400;\">A m\u00e9s, s&#8217;oferiran tours per la f\u00e0brica, garantint el compliment de les mesures sanit\u00e0ries vigents. Requereix reserva d&#8217;assist\u00e8ncia en aquest enlla\u00e7.<\/span><\/p>\n<p><span style=\"font-weight: 400;\">Dijous de 17h a 20h.<br \/>\n<\/span><span style=\"font-weight: 400;\">Divendres 14h a 21h.<br \/>\n<\/span><span style=\"font-weight: 400;\">Dissabte de 16h a 21h.<br \/>\n<\/span><span style=\"font-weight: 400;\">Diumenge de 12h a 17h.<\/span><\/p>\n<h1><b>La Tavernicola<\/b><\/h1>\n<p><span style=\"font-weight: 400;\"><a href=\"https:\/\/www.instagram.com\/latavernicola\/\" target=\"_blank\" rel=\"noopener noreferrer\">La Tavernicola<\/a> \u00e9s un lloc per gaudir d&#8217;una gran oferta gastron\u00f2mica. Des d&#8217;empanadilles fins a formatges, sense oblidar-nos de la carn argentina, la seva gran especialitat. Tot aix\u00f2 acompanyat d&#8217;una \u00e0mplia selecci\u00f3 de vins.<\/span><\/p>\n<p><span style=\"font-weight: 400;\">Divendres, dissabte i diumenge de 11h a 21:30h.<\/span><\/p>\n<p><img loading=\"lazy\" decoding=\"async\" class=\"size-medium wp-image-21335 aligncenter\" src=\"https:\/\/media.poblenouurbandistrict.com\/2020\/12\/25034348\/123693638-3580354608699003-3564835840941947904-n-620x413.jpg\" alt=\"\" width=\"620\" height=\"413\" \/><\/p>\n<h1><b>Neko<\/b><\/h1>\n<p>A <a href=\"https:\/\/www.instagram.com\/nekosushibcn\/\" target=\"_blank\" rel=\"noopener noreferrer\">Neko<\/a> cuinen menjar saludable i lleuger per mantenir-vos vitals i de bon humor. Per aix\u00f2, preparen cada un dels seus productes amb els millors i m\u00e9s frescos ingredients, cuidant cada detall. <span style=\"font-weight: 400;\">Neko Sushi \u00e9s un negoci gastron\u00f2mic familiar, on menjar sushi es converteix en un plaer quotidi\u00e0.<\/span><\/p>\n<p><span style=\"font-weight: 400;\">Divendres de 13h a 16h i de 19h a 22h.<br \/>\n<\/span><span style=\"font-weight: 400;\">Dissabte de 19h a 22h.<\/span><\/p>\n<h1><b>Alaparra<\/b><\/h1>\n<p>Qui pot resistir-se a un vermut en una terrassa? Tamb\u00e9 hi haur\u00e0 mostres de vi del celler i cerveses que podreu acompanyar de les millors tapes com taules de formatges, embotits ib\u00e8rics de gla i moltes m\u00e9s delicatessen. <strong>A m\u00e9s, es sortejar\u00e0 una ampolla de vi i una de cava.<\/strong><\/p>\n<p><span style=\"font-weight: 400;\">Divendres, dissabte i diumenge de 11h a 21:30h.<\/span><\/p>\n<h1><b>Comida Codac<\/b><\/h1>\n<p><span style=\"font-weight: 400;\">A <a href=\"https:\/\/www.instagram.com\/comidacodac\/\" target=\"_blank\" rel=\"noopener noreferrer\">Comida Codac<\/a> es creen receptes pr\u00f2pies des de zero. El seu estil inconfusible ha fet possible traspassar les fronteres del nostre pa\u00eds i implantar el seu segell gastron\u00f2mic a T\u00f2quio. <\/span>Durant l&#8217;Urban Creative District trobareu una \u00e0mplia varietat de plats com onigiris, mochis o entrepans. I, per a l&#8217;ocasi\u00f3, obriran una botiga especial de pastissos.<\/p>\n<p><span style=\"font-weight: 400;\">Divendres, dissabte i diumenge d&#8217;11h a 21h.<\/span><\/p>\n<p><img loading=\"lazy\" decoding=\"async\" class=\"size-medium wp-image-21336 aligncenter\" src=\"https:\/\/media.poblenouurbandistrict.com\/2020\/12\/25034350\/41436711-481918782309999-1449961655292326283-n-620x413.jpg\" alt=\"\" width=\"620\" height=\"413\" \/><\/p>\n<h1><b>Zanah Pasteles<\/b><\/h1>\n<p><span style=\"font-weight: 400;\">A <a href=\"https:\/\/www.instagram.com\/zanahpasteles\/\" target=\"_blank\" rel=\"noopener noreferrer\">Zanah Pasteles<\/a> es fan \u00fanicament productes artesanals i sense conservants. Pastissos 100% naturals i fets a m\u00e0 a partir de receptes tradicionals que s\u00f3n elaborats amb mat\u00e8ries primeres de temporada. A m\u00e9s de la seva producci\u00f3 habitual, elaboren per enc\u00e0rrec receptes veganes, amb esp\u00e8cies, farines sense gluten, sucres alternatius i sobretot, ingredients sense lletres petites.\u00a0<\/span><\/p>\n<p><span style=\"font-weight: 400;\">Aquest Urban Creative Market, Zanah Pasteles ofereix venda i enc\u00e0rrec de pastissos personalitzats per a Nadal, targetes de regal i capsetes amb els assortits m\u00e9s dol\u00e7os.<\/span><\/p>\n<p><span style=\"font-weight: 400;\">Divendres i dissabte de 10h a 14h.<\/span><\/p>\n<h1><b>Espai Joliu<\/b><\/h1>\n<p><span style=\"font-weight: 400;\"><a href=\"https:\/\/www.instagram.com\/espaijoliu\/\" target=\"_blank\" rel=\"noopener noreferrer\">Espai Joliu<\/a> \u00e9s un espai dedicat a les plantes, a la il\u00b7lustraci\u00f3 i el disseny, per\u00f2 que, al mateix temps, \u00e9s una cafeteria, on trobareu una varietat d&#8217;objectes decoratius.<\/span><\/p>\n<p><span style=\"font-weight: 400;\">Divendres, dissabte i diumenge de 10h a 15h.<\/span><\/p>\n<h1><b>Nomad Coffee<\/b><\/h1>\n<p><span style=\"font-weight: 400;\">El laboratori i taller de caf\u00e8 de<a href=\"https:\/\/www.instagram.com\/nomadcoffee\/\" target=\"_blank\" rel=\"noopener noreferrer\"> Nomad Coffee<\/a> estar\u00e0 obert durant l\u2019Urban Creative District oferint els seus caf\u00e8s amb denominaci\u00f3 d\u2019origen, diversos tipus de torrat i elaborats amb metodologies variades. A m\u00e9s, comptaran amb els meravellosos pans de &#8216;<a href=\"https:\/\/www.instagram.com\/pa.de.kilo\/\" target=\"_blank\" rel=\"noopener noreferrer\">Pa de Kilo<\/a>&#8216;.<\/span><\/p>\n<p><span style=\"font-weight: 400;\">Divendres, dissabte i diumenge d\u201911h a 19h.\u00a0<\/span><\/p>\n<p><b>Per descomptat, fora del recorregut de l&#8217;Urban Creative District, la resta de restaurants de la nostra comunitat tamb\u00e9 estaran a la vostra disposici\u00f3.<\/b><\/p>","protected":false},"excerpt":{"rendered":"<p>Dins de la mostra creativa de l\u2019Urban Creative District no podia faltar la gastronomia. Si ens acompanyeu durant els dies&#8230; <a href=\"https:\/\/poblenouurbandistrict.com\/ca\/urbancreativedistrict-gastronomia\/\">M\u00e9s  \u2192<\/a><\/p>\n","protected":false},"author":5,"featured_media":21338,"comment_status":"closed","ping_status":"closed","sticky":false,"template":"","format":"standard","meta":{"_acf_changed":false,"footnotes":""},"categories":[3353],"tags":[],"class_list":["post-21334","post","type-post","status-publish","format-standard","has-post-thumbnail","hentry","category-gastronomia"],"acf":[],"yoast_head":"<!-- This site is optimized with the Yoast SEO plugin v27.4 - https:\/\/yoast.com\/product\/yoast-seo-wordpress\/ -->\n<title>\u00bfD\u00f3nde comer durante el Urban Creative District?<\/title>\n<meta name=\"description\" content=\"Durante el Urban Creative District tendr\u00e9is la oportunidad de disfrutar y degustar de la mejor selecci\u00f3n gastron\u00f3mica de la calle Pujades.\" \/>\n<meta name=\"robots\" content=\"index, follow, max-snippet:-1, max-image-preview:large, max-video-preview:-1\" \/>\n<link rel=\"canonical\" href=\"https:\/\/poblenouurbandistrict.com\/ca\/urbancreativedistrict-gastronomia\/\" \/>\n<meta property=\"og:locale\" content=\"ca_ES\" \/>\n<meta property=\"og:type\" content=\"article\" \/>\n<meta property=\"og:title\" content=\"\u00bfD\u00f3nde comer durante el Urban Creative District?\" \/>\n<meta property=\"og:description\" content=\"Durante el Urban Creative District tendr\u00e9is la oportunidad de disfrutar y degustar de la mejor selecci\u00f3n gastron\u00f3mica de la calle Pujades.\" \/>\n<meta property=\"og:url\" content=\"https:\/\/poblenouurbandistrict.com\/ca\/urbancreativedistrict-gastronomia\/\" \/>\n<meta property=\"og:site_name\" content=\"Poblenou Urban District\" \/>\n<meta property=\"article:published_time\" content=\"2020-12-14T16:02:20+00:00\" \/>\n<meta property=\"article:modified_time\" content=\"2020-12-15T17:21:08+00:00\" \/>\n<meta property=\"og:image\" content=\"https:\/\/poblenouurbandistrict.com\/wp-content\/uploads\/2020\/12\/31117223-1819395528369962-4526496695025926144-n.jpg\" \/>\n\t<meta property=\"og:image:width\" content=\"1069\" \/>\n\t<meta property=\"og:image:height\" content=\"1069\" \/>\n\t<meta property=\"og:image:type\" content=\"image\/jpeg\" \/>\n<meta name=\"author\" content=\"pnud\" \/>\n<meta name=\"twitter:card\" content=\"summary_large_image\" \/>\n<meta name=\"twitter:label1\" content=\"Escrit per\" \/>\n\t<meta name=\"twitter:data1\" content=\"pnud\" \/>\n\t<meta name=\"twitter:label2\" content=\"Temps estimat de lectura\" \/>\n\t<meta name=\"twitter:data2\" content=\"10 minuts\" \/>\n<script type=\"application\/ld+json\" class=\"yoast-schema-graph\">{\"@context\":\"https:\\\/\\\/schema.org\",\"@graph\":[{\"@type\":\"Article\",\"@id\":\"https:\\\/\\\/poblenouurbandistrict.com\\\/urbancreativedistrict-gastronomia\\\/#article\",\"isPartOf\":{\"@id\":\"https:\\\/\\\/poblenouurbandistrict.com\\\/urbancreativedistrict-gastronomia\\\/\"},\"author\":{\"name\":\"pnud\",\"@id\":\"https:\\\/\\\/poblenouurbandistrict.com\\\/#\\\/schema\\\/person\\\/980a2cf34b399d5218205730acd54a7e\"},\"headline\":\"On menjar durant l&#8217;Urban Creative District?\",\"datePublished\":\"2020-12-14T16:02:20+00:00\",\"dateModified\":\"2020-12-15T17:21:08+00:00\",\"mainEntityOfPage\":{\"@id\":\"https:\\\/\\\/poblenouurbandistrict.com\\\/urbancreativedistrict-gastronomia\\\/\"},\"wordCount\":2122,\"image\":{\"@id\":\"https:\\\/\\\/poblenouurbandistrict.com\\\/urbancreativedistrict-gastronomia\\\/#primaryimage\"},\"thumbnailUrl\":\"https:\\\/\\\/media.poblenouurbandistrict.com\\\/2020\\\/12\\\/25034352\\\/31117223-1819395528369962-4526496695025926144-n.jpg\",\"articleSection\":[\"Gastronomia\"],\"inLanguage\":\"ca\"},{\"@type\":\"WebPage\",\"@id\":\"https:\\\/\\\/poblenouurbandistrict.com\\\/ca\\\/urbancreativedistrict-gastronomia\\\/\",\"url\":\"https:\\\/\\\/poblenouurbandistrict.com\\\/ca\\\/urbancreativedistrict-gastronomia\\\/\",\"name\":\"\u00bfD\u00f3nde comer durante el Urban Creative District?\",\"isPartOf\":{\"@id\":\"https:\\\/\\\/poblenouurbandistrict.com\\\/ca\\\/#website\"},\"primaryImageOfPage\":{\"@id\":\"https:\\\/\\\/poblenouurbandistrict.com\\\/ca\\\/urbancreativedistrict-gastronomia\\\/#primaryimage\"},\"image\":{\"@id\":\"https:\\\/\\\/poblenouurbandistrict.com\\\/urbancreativedistrict-gastronomia\\\/#primaryimage\"},\"thumbnailUrl\":\"https:\\\/\\\/media.poblenouurbandistrict.com\\\/2020\\\/12\\\/25034352\\\/31117223-1819395528369962-4526496695025926144-n.jpg\",\"datePublished\":\"2020-12-14T16:02:20+00:00\",\"dateModified\":\"2020-12-15T17:21:08+00:00\",\"author\":{\"@id\":\"https:\\\/\\\/poblenouurbandistrict.com\\\/#\\\/schema\\\/person\\\/980a2cf34b399d5218205730acd54a7e\"},\"description\":\"Durante el Urban Creative District tendr\u00e9is la oportunidad de disfrutar y degustar de la mejor selecci\u00f3n gastron\u00f3mica de la calle Pujades.\",\"breadcrumb\":{\"@id\":\"https:\\\/\\\/poblenouurbandistrict.com\\\/ca\\\/urbancreativedistrict-gastronomia\\\/#breadcrumb\"},\"inLanguage\":\"ca\",\"potentialAction\":[{\"@type\":\"ReadAction\",\"target\":[[\"https:\\\/\\\/poblenouurbandistrict.com\\\/ca\\\/urbancreativedistrict-gastronomia\\\/\"]]}]},{\"@type\":\"ImageObject\",\"inLanguage\":\"ca\",\"@id\":\"https:\\\/\\\/poblenouurbandistrict.com\\\/ca\\\/urbancreativedistrict-gastronomia\\\/#primaryimage\",\"url\":\"https:\\\/\\\/media.poblenouurbandistrict.com\\\/2020\\\/12\\\/25034352\\\/31117223-1819395528369962-4526496695025926144-n.jpg\",\"contentUrl\":\"https:\\\/\\\/media.poblenouurbandistrict.com\\\/2020\\\/12\\\/25034352\\\/31117223-1819395528369962-4526496695025926144-n.jpg\",\"width\":1069,\"height\":1069},{\"@type\":\"BreadcrumbList\",\"@id\":\"https:\\\/\\\/poblenouurbandistrict.com\\\/ca\\\/urbancreativedistrict-gastronomia\\\/#breadcrumb\",\"itemListElement\":[{\"@type\":\"ListItem\",\"position\":1,\"name\":\"Home\",\"item\":\"https:\\\/\\\/poblenouurbandistrict.com\\\/ca\\\/\"},{\"@type\":\"ListItem\",\"position\":2,\"name\":\"On menjar durant l&#8217;Urban Creative District?\"}]},{\"@type\":\"WebSite\",\"@id\":\"https:\\\/\\\/poblenouurbandistrict.com\\\/ca\\\/#website\",\"url\":\"https:\\\/\\\/poblenouurbandistrict.com\\\/ca\\\/\",\"name\":\"Poblenou Urban District\",\"description\":\"Comunitat Creativa\",\"potentialAction\":[{\"@type\":\"SearchAction\",\"target\":{\"@type\":\"EntryPoint\",\"urlTemplate\":\"https:\\\/\\\/poblenouurbandistrict.com\\\/ca\\\/?s={search_term_string}\"},\"query-input\":{\"@type\":\"PropertyValueSpecification\",\"valueRequired\":true,\"valueName\":\"search_term_string\"}}],\"inLanguage\":\"ca\"},{\"@type\":\"Person\",\"@id\":\"https:\\\/\\\/poblenouurbandistrict.com\\\/#\\\/schema\\\/person\\\/980a2cf34b399d5218205730acd54a7e\",\"name\":\"pnud\",\"image\":{\"@type\":\"ImageObject\",\"inLanguage\":\"ca\",\"@id\":\"https:\\\/\\\/secure.gravatar.com\\\/avatar\\\/67146597b405ee077a24e519f75c3e2031736596d6ce35af3a34c122c93d0d7b?s=96&d=retro&r=g\",\"url\":\"https:\\\/\\\/secure.gravatar.com\\\/avatar\\\/67146597b405ee077a24e519f75c3e2031736596d6ce35af3a34c122c93d0d7b?s=96&d=retro&r=g\",\"contentUrl\":\"https:\\\/\\\/secure.gravatar.com\\\/avatar\\\/67146597b405ee077a24e519f75c3e2031736596d6ce35af3a34c122c93d0d7b?s=96&d=retro&r=g\",\"caption\":\"pnud\"}}]}<\/script>\n<!-- \/ Yoast SEO plugin. -->","yoast_head_json":{"title":"\u00bfD\u00f3nde comer durante el Urban Creative District?","description":"Durante el Urban Creative District tendr\u00e9is la oportunidad de disfrutar y degustar de la mejor selecci\u00f3n gastron\u00f3mica de la calle Pujades.","robots":{"index":"index","follow":"follow","max-snippet":"max-snippet:-1","max-image-preview":"max-image-preview:large","max-video-preview":"max-video-preview:-1"},"canonical":"https:\/\/poblenouurbandistrict.com\/ca\/urbancreativedistrict-gastronomia\/","og_locale":"ca_ES","og_type":"article","og_title":"\u00bfD\u00f3nde comer durante el Urban Creative District?","og_description":"Durante el Urban Creative District tendr\u00e9is la oportunidad de disfrutar y degustar de la mejor selecci\u00f3n gastron\u00f3mica de la calle Pujades.","og_url":"https:\/\/poblenouurbandistrict.com\/ca\/urbancreativedistrict-gastronomia\/","og_site_name":"Poblenou Urban District","article_published_time":"2020-12-14T16:02:20+00:00","article_modified_time":"2020-12-15T17:21:08+00:00","og_image":[{"width":1069,"height":1069,"url":"https:\/\/poblenouurbandistrict.com\/wp-content\/uploads\/2020\/12\/31117223-1819395528369962-4526496695025926144-n.jpg","type":"image\/jpeg"}],"author":"pnud","twitter_card":"summary_large_image","twitter_misc":{"Escrit per":"pnud","Temps estimat de lectura":"10 minuts"},"schema":{"@context":"https:\/\/schema.org","@graph":[{"@type":"Article","@id":"https:\/\/poblenouurbandistrict.com\/urbancreativedistrict-gastronomia\/#article","isPartOf":{"@id":"https:\/\/poblenouurbandistrict.com\/urbancreativedistrict-gastronomia\/"},"author":{"name":"pnud","@id":"https:\/\/poblenouurbandistrict.com\/#\/schema\/person\/980a2cf34b399d5218205730acd54a7e"},"headline":"On menjar durant l&#8217;Urban Creative District?","datePublished":"2020-12-14T16:02:20+00:00","dateModified":"2020-12-15T17:21:08+00:00","mainEntityOfPage":{"@id":"https:\/\/poblenouurbandistrict.com\/urbancreativedistrict-gastronomia\/"},"wordCount":2122,"image":{"@id":"https:\/\/poblenouurbandistrict.com\/urbancreativedistrict-gastronomia\/#primaryimage"},"thumbnailUrl":"https:\/\/media.poblenouurbandistrict.com\/2020\/12\/25034352\/31117223-1819395528369962-4526496695025926144-n.jpg","articleSection":["Gastronomia"],"inLanguage":"ca"},{"@type":"WebPage","@id":"https:\/\/poblenouurbandistrict.com\/ca\/urbancreativedistrict-gastronomia\/","url":"https:\/\/poblenouurbandistrict.com\/ca\/urbancreativedistrict-gastronomia\/","name":"\u00bfD\u00f3nde comer durante el Urban Creative District?","isPartOf":{"@id":"https:\/\/poblenouurbandistrict.com\/ca\/#website"},"primaryImageOfPage":{"@id":"https:\/\/poblenouurbandistrict.com\/ca\/urbancreativedistrict-gastronomia\/#primaryimage"},"image":{"@id":"https:\/\/poblenouurbandistrict.com\/urbancreativedistrict-gastronomia\/#primaryimage"},"thumbnailUrl":"https:\/\/media.poblenouurbandistrict.com\/2020\/12\/25034352\/31117223-1819395528369962-4526496695025926144-n.jpg","datePublished":"2020-12-14T16:02:20+00:00","dateModified":"2020-12-15T17:21:08+00:00","author":{"@id":"https:\/\/poblenouurbandistrict.com\/#\/schema\/person\/980a2cf34b399d5218205730acd54a7e"},"description":"Durante el Urban Creative District tendr\u00e9is la oportunidad de disfrutar y degustar de la mejor selecci\u00f3n gastron\u00f3mica de la calle Pujades.","breadcrumb":{"@id":"https:\/\/poblenouurbandistrict.com\/ca\/urbancreativedistrict-gastronomia\/#breadcrumb"},"inLanguage":"ca","potentialAction":[{"@type":"ReadAction","target":[["https:\/\/poblenouurbandistrict.com\/ca\/urbancreativedistrict-gastronomia\/"]]}]},{"@type":"ImageObject","inLanguage":"ca","@id":"https:\/\/poblenouurbandistrict.com\/ca\/urbancreativedistrict-gastronomia\/#primaryimage","url":"https:\/\/media.poblenouurbandistrict.com\/2020\/12\/25034352\/31117223-1819395528369962-4526496695025926144-n.jpg","contentUrl":"https:\/\/media.poblenouurbandistrict.com\/2020\/12\/25034352\/31117223-1819395528369962-4526496695025926144-n.jpg","width":1069,"height":1069},{"@type":"BreadcrumbList","@id":"https:\/\/poblenouurbandistrict.com\/ca\/urbancreativedistrict-gastronomia\/#breadcrumb","itemListElement":[{"@type":"ListItem","position":1,"name":"Home","item":"https:\/\/poblenouurbandistrict.com\/ca\/"},{"@type":"ListItem","position":2,"name":"On menjar durant l&#8217;Urban Creative District?"}]},{"@type":"WebSite","@id":"https:\/\/poblenouurbandistrict.com\/ca\/#website","url":"https:\/\/poblenouurbandistrict.com\/ca\/","name":"Poblenou Urban District","description":"Comunitat Creativa","potentialAction":[{"@type":"SearchAction","target":{"@type":"EntryPoint","urlTemplate":"https:\/\/poblenouurbandistrict.com\/ca\/?s={search_term_string}"},"query-input":{"@type":"PropertyValueSpecification","valueRequired":true,"valueName":"search_term_string"}}],"inLanguage":"ca"},{"@type":"Person","@id":"https:\/\/poblenouurbandistrict.com\/#\/schema\/person\/980a2cf34b399d5218205730acd54a7e","name":"pnud","image":{"@type":"ImageObject","inLanguage":"ca","@id":"https:\/\/secure.gravatar.com\/avatar\/67146597b405ee077a24e519f75c3e2031736596d6ce35af3a34c122c93d0d7b?s=96&d=retro&r=g","url":"https:\/\/secure.gravatar.com\/avatar\/67146597b405ee077a24e519f75c3e2031736596d6ce35af3a34c122c93d0d7b?s=96&d=retro&r=g","contentUrl":"https:\/\/secure.gravatar.com\/avatar\/67146597b405ee077a24e519f75c3e2031736596d6ce35af3a34c122c93d0d7b?s=96&d=retro&r=g","caption":"pnud"}}]}},"_links":{"self":[{"href":"https:\/\/poblenouurbandistrict.com\/ca\/wp-json\/wp\/v2\/posts\/21334","targetHints":{"allow":["GET"]}}],"collection":[{"href":"https:\/\/poblenouurbandistrict.com\/ca\/wp-json\/wp\/v2\/posts"}],"about":[{"href":"https:\/\/poblenouurbandistrict.com\/ca\/wp-json\/wp\/v2\/types\/post"}],"author":[{"embeddable":true,"href":"https:\/\/poblenouurbandistrict.com\/ca\/wp-json\/wp\/v2\/users\/5"}],"replies":[{"embeddable":true,"href":"https:\/\/poblenouurbandistrict.com\/ca\/wp-json\/wp\/v2\/comments?post=21334"}],"version-history":[{"count":2,"href":"https:\/\/poblenouurbandistrict.com\/ca\/wp-json\/wp\/v2\/posts\/21334\/revisions"}],"predecessor-version":[{"id":21345,"href":"https:\/\/poblenouurbandistrict.com\/ca\/wp-json\/wp\/v2\/posts\/21334\/revisions\/21345"}],"wp:featuredmedia":[{"embeddable":true,"href":"https:\/\/poblenouurbandistrict.com\/ca\/wp-json\/wp\/v2\/media\/21338"}],"wp:attachment":[{"href":"https:\/\/poblenouurbandistrict.com\/ca\/wp-json\/wp\/v2\/media?parent=21334"}],"wp:term":[{"taxonomy":"category","embeddable":true,"href":"https:\/\/poblenouurbandistrict.com\/ca\/wp-json\/wp\/v2\/categories?post=21334"},{"taxonomy":"post_tag","embeddable":true,"href":"https:\/\/poblenouurbandistrict.com\/ca\/wp-json\/wp\/v2\/tags?post=21334"}],"curies":[{"name":"wp","href":"https:\/\/api.w.org\/{rel}","templated":true}]}}