{"id":21728,"date":"2021-02-11T11:35:27","date_gmt":"2021-02-11T10:35:27","guid":{"rendered":"https:\/\/poblenouurbandistrict.com\/?p=21728"},"modified":"2021-02-11T11:35:27","modified_gmt":"2021-02-11T10:35:27","slug":"carnaval-barcelona-2021","status":"publish","type":"post","link":"https:\/\/poblenouurbandistrict.com\/ca\/carnaval-barcelona-2021\/","title":{"rendered":"La ciutat es prepara, un any m\u00e9s, pel Carnestoltes!"},"content":{"rendered":"<p><span style=\"font-weight: 400;\">Tradicionalment el Carnestoltes \u00e9s l&#8217;excusa perfecta per celebrar una festa seriosa abans de la purga de vicis i el comen\u00e7ament d&#8217;una dedicada abstin\u00e8ncia. \u00c9s el moment d&#8217;alegria, exuber\u00e0ncia i joie de vivre abans del Dimecres de Cendra, quan comen\u00e7a la Quaresma de Pasqua de quaranta-sis dies.<\/span><\/p>\n<p><span style=\"font-weight: 400;\"><strong>Entre el segle XVI i principis de l&#8217;XVII, el Carnaval de Barcelona va ser un dels m\u00e9s reconeguts de tot Europa,<\/strong> per\u00f2 va desapar\u00e8ixer el 1932 per ser una festivitat incompatible amb la moral imposada del moment. I no va ser fins a 1980 que Barcelona va coronar de nou al seu rei Carnestoltes.<\/span><\/p>\n<p><span style=\"font-weight: 400;\">El Rei est\u00e0 sempre acompanyat per la seva espl\u00e8ndida Cort: el primer ministre i els Set Ambaixadors, que representen les set viles hist\u00f2riques de la ciutat: Mag\u00f2ria, Sol de Baix, Tres Torres, Camp d&#8217;en Grassot, Sant Gen\u00eds dels Agudells, Fabra i Coats i Clot de la Mel. Tamb\u00e9 l&#8217;acompanyen els seus attach\u00e9s, m\u00fasics, abanderats, els gegants del carnestoltes de Barcelona Rodanx\u00f3 i Rodanxona i m\u00e9s amants de la gresca.<\/span><\/p>\n<p><img loading=\"lazy\" decoding=\"async\" class=\"size-medium wp-image-21759 aligncenter\" src=\"https:\/\/media.poblenouurbandistrict.com\/2021\/02\/25035007\/fa4e842b8ceaba0443d42aa05a91abbf9272ae10ba1fd18a870ca9dc-620x414.jpg\" alt=\"\" width=\"620\" height=\"414\" \/><\/p>\n<p>&nbsp;<\/p>\n<p><span style=\"font-weight: 400;\"><strong>Per altra banda, Barcelona va recuperar el 2012 una celebraci\u00f3 que data del segle XIV, la Taronjada,<\/strong> una antiga guerra de taronges reconvertida en una civilitzada batalla de color taronja i m\u00fasica que presideix el monarca carnavalesc.<\/span><\/p>\n<p><span style=\"font-weight: 400;\">\u00c9s evident que a Barcelona li encanta el Carnaval i per aix\u00f2, tot i que en aquesta edici\u00f3 no hi haur\u00e0 rues pels carrers, els organitzadors han treballat per poder substituir-les per <a href=\"https:\/\/www.barcelona.cat\/culturapopular\/ca\/festes-i-tradicions\/carnaval-de-barcelona\" target=\"_blank\" rel=\"noopener\">concerts, exposicions, concursos i tallers a entitats, associacions i equipaments dels barris<\/a>. A m\u00e9s, <strong>moltes de les activitats s&#8217;han programat per poder-se seguir virtualment, en una celebraci\u00f3 que vol omplir les cases de la ciutat de disfresses i alegria.<\/strong><\/span><\/p>\n<p><span style=\"font-weight: 400;\">Encara que aquest any ser\u00e0 una mica diferent, podrem gaudir de la celebraci\u00f3 amb diferents propostes distribu\u00efdes pels deu districtes que duraran tota la setmana de Carnestoltes. Aix\u00f2 ens permet ser optimistes, ja que demostra que el teixit ve\u00efnal i associatiu segueix viu i amb ganes de fer festa.<\/span><\/p>\n<p><span style=\"font-weight: 400;\">Al Poblenou, <a href=\"https:\/\/www.entitatspoble9.org\/2021\/02\/carnaval-2021\/\" target=\"_blank\" rel=\"noopener\">la Coordinadora d&#8217;Entitats de Poblenou ha preparat una rua virtual<\/a> per celebrar l&#8217;arribada del rei Carnestoltes. Tots aquells que vulguin participar, han d&#8217;enviar fotos amb els vostres millors i m\u00e9s estramb\u00f2tiques disfresses.\u00a0<\/span><\/p>\n<p><strong>Juntament amb l&#8217;Arxiu Hist\u00f2ric del Poblenou, hem volgut recuperar per a l&#8217;ocasi\u00f3 algunes imatges sobre com ha celebrat el nostre barri el Carnestoltes al llarg del temps.<\/strong><\/p>\n<p><img loading=\"lazy\" decoding=\"async\" class=\"size-medium wp-image-21761 aligncenter\" src=\"https:\/\/media.poblenouurbandistrict.com\/2021\/02\/25035009\/collage-620x407.jpg\" alt=\"\" width=\"620\" height=\"407\" \/><\/p>\n<p><strong>Avui dia, el desig de passar una bona estona i divertir-se \u00e9s tan fort com ho era fa 685 anys.<\/strong><\/p>","protected":false},"excerpt":{"rendered":"<p>Tradicionalment el Carnestoltes \u00e9s l&#8217;excusa perfecta per celebrar una festa seriosa abans de la purga de vicis i el comen\u00e7ament&#8230; <a href=\"https:\/\/poblenouurbandistrict.com\/ca\/carnaval-barcelona-2021\/\">M\u00e9s  \u2192<\/a><\/p>\n","protected":false},"author":5,"featured_media":21758,"comment_status":"closed","ping_status":"closed","sticky":false,"template":"","format":"standard","meta":{"_acf_changed":false,"footnotes":""},"categories":[3363],"tags":[],"class_list":["post-21728","post","type-post","status-publish","format-standard","has-post-thumbnail","hentry","category-places"],"acf":[],"yoast_head":"<!-- This site is optimized with the Yoast SEO plugin v27.5 - https:\/\/yoast.com\/product\/yoast-seo-wordpress\/ -->\n<title>\u00a1A Barcelona le encanta el Carnaval!<\/title>\n<meta name=\"description\" content=\"Aunque este a\u00f1o ser\u00e1 algo diferente, podremos disfrutar del carnaval con diferentes propuestas distribuidas por los diez distritos.\" \/>\n<meta name=\"robots\" content=\"index, follow, max-snippet:-1, max-image-preview:large, max-video-preview:-1\" \/>\n<link rel=\"canonical\" href=\"https:\/\/poblenouurbandistrict.com\/ca\/carnaval-barcelona-2021\/\" \/>\n<meta property=\"og:locale\" content=\"ca_ES\" \/>\n<meta property=\"og:type\" content=\"article\" \/>\n<meta property=\"og:title\" content=\"\u00a1A Barcelona le encanta el Carnaval!\" \/>\n<meta property=\"og:description\" content=\"Aunque este a\u00f1o ser\u00e1 algo diferente, podremos disfrutar del carnaval con diferentes propuestas distribuidas por los diez distritos.\" \/>\n<meta property=\"og:url\" content=\"https:\/\/poblenouurbandistrict.com\/ca\/carnaval-barcelona-2021\/\" \/>\n<meta property=\"og:site_name\" content=\"Poblenou Urban District\" \/>\n<meta property=\"article:published_time\" content=\"2021-02-11T10:35:27+00:00\" \/>\n<meta property=\"og:image\" content=\"https:\/\/poblenouurbandistrict.com\/wp-content\/uploads\/2021\/02\/b4b693d71f6de70081d6ab648f2a52381da6393988ab6aad371d91b6.jpg\" \/>\n\t<meta property=\"og:image:width\" content=\"1024\" \/>\n\t<meta property=\"og:image:height\" content=\"683\" \/>\n\t<meta property=\"og:image:type\" content=\"image\/jpeg\" \/>\n<meta name=\"author\" content=\"pnud\" \/>\n<meta name=\"twitter:card\" content=\"summary_large_image\" \/>\n<meta name=\"twitter:label1\" content=\"Escrit per\" \/>\n\t<meta name=\"twitter:data1\" content=\"pnud\" \/>\n\t<meta name=\"twitter:label2\" content=\"Temps estimat de lectura\" \/>\n\t<meta name=\"twitter:data2\" content=\"6 minuts\" \/>\n<script type=\"application\/ld+json\" class=\"yoast-schema-graph\">{\"@context\":\"https:\\\/\\\/schema.org\",\"@graph\":[{\"@type\":\"Article\",\"@id\":\"https:\\\/\\\/poblenouurbandistrict.com\\\/carnaval-barcelona-2021\\\/#article\",\"isPartOf\":{\"@id\":\"https:\\\/\\\/poblenouurbandistrict.com\\\/carnaval-barcelona-2021\\\/\"},\"author\":{\"name\":\"pnud\",\"@id\":\"https:\\\/\\\/poblenouurbandistrict.com\\\/#\\\/schema\\\/person\\\/980a2cf34b399d5218205730acd54a7e\"},\"headline\":\"La ciutat es prepara, un any m\u00e9s, pel Carnestoltes!\",\"datePublished\":\"2021-02-11T10:35:27+00:00\",\"mainEntityOfPage\":{\"@id\":\"https:\\\/\\\/poblenouurbandistrict.com\\\/carnaval-barcelona-2021\\\/\"},\"wordCount\":1334,\"image\":{\"@id\":\"https:\\\/\\\/poblenouurbandistrict.com\\\/carnaval-barcelona-2021\\\/#primaryimage\"},\"thumbnailUrl\":\"https:\\\/\\\/media.poblenouurbandistrict.com\\\/2021\\\/02\\\/25035006\\\/b4b693d71f6de70081d6ab648f2a52381da6393988ab6aad371d91b6.jpg\",\"articleSection\":[\"Espais\"],\"inLanguage\":\"ca\"},{\"@type\":\"WebPage\",\"@id\":\"https:\\\/\\\/poblenouurbandistrict.com\\\/ca\\\/carnaval-barcelona-2021\\\/\",\"url\":\"https:\\\/\\\/poblenouurbandistrict.com\\\/ca\\\/carnaval-barcelona-2021\\\/\",\"name\":\"\u00a1A Barcelona le encanta el Carnaval!\",\"isPartOf\":{\"@id\":\"https:\\\/\\\/poblenouurbandistrict.com\\\/ca\\\/#website\"},\"primaryImageOfPage\":{\"@id\":\"https:\\\/\\\/poblenouurbandistrict.com\\\/ca\\\/carnaval-barcelona-2021\\\/#primaryimage\"},\"image\":{\"@id\":\"https:\\\/\\\/poblenouurbandistrict.com\\\/carnaval-barcelona-2021\\\/#primaryimage\"},\"thumbnailUrl\":\"https:\\\/\\\/media.poblenouurbandistrict.com\\\/2021\\\/02\\\/25035006\\\/b4b693d71f6de70081d6ab648f2a52381da6393988ab6aad371d91b6.jpg\",\"datePublished\":\"2021-02-11T10:35:27+00:00\",\"author\":{\"@id\":\"https:\\\/\\\/poblenouurbandistrict.com\\\/#\\\/schema\\\/person\\\/980a2cf34b399d5218205730acd54a7e\"},\"description\":\"Aunque este a\u00f1o ser\u00e1 algo diferente, podremos disfrutar del carnaval con diferentes propuestas distribuidas por los diez distritos.\",\"breadcrumb\":{\"@id\":\"https:\\\/\\\/poblenouurbandistrict.com\\\/ca\\\/carnaval-barcelona-2021\\\/#breadcrumb\"},\"inLanguage\":\"ca\",\"potentialAction\":[{\"@type\":\"ReadAction\",\"target\":[[\"https:\\\/\\\/poblenouurbandistrict.com\\\/ca\\\/carnaval-barcelona-2021\\\/\"]]}]},{\"@type\":\"ImageObject\",\"inLanguage\":\"ca\",\"@id\":\"https:\\\/\\\/poblenouurbandistrict.com\\\/ca\\\/carnaval-barcelona-2021\\\/#primaryimage\",\"url\":\"https:\\\/\\\/media.poblenouurbandistrict.com\\\/2021\\\/02\\\/25035006\\\/b4b693d71f6de70081d6ab648f2a52381da6393988ab6aad371d91b6.jpg\",\"contentUrl\":\"https:\\\/\\\/media.poblenouurbandistrict.com\\\/2021\\\/02\\\/25035006\\\/b4b693d71f6de70081d6ab648f2a52381da6393988ab6aad371d91b6.jpg\",\"width\":1024,\"height\":683},{\"@type\":\"BreadcrumbList\",\"@id\":\"https:\\\/\\\/poblenouurbandistrict.com\\\/ca\\\/carnaval-barcelona-2021\\\/#breadcrumb\",\"itemListElement\":[{\"@type\":\"ListItem\",\"position\":1,\"name\":\"Home\",\"item\":\"https:\\\/\\\/poblenouurbandistrict.com\\\/ca\\\/\"},{\"@type\":\"ListItem\",\"position\":2,\"name\":\"La ciutat es prepara, un any m\u00e9s, pel Carnestoltes!\"}]},{\"@type\":\"WebSite\",\"@id\":\"https:\\\/\\\/poblenouurbandistrict.com\\\/ca\\\/#website\",\"url\":\"https:\\\/\\\/poblenouurbandistrict.com\\\/ca\\\/\",\"name\":\"Poblenou Urban District\",\"description\":\"Comunitat Creativa\",\"potentialAction\":[{\"@type\":\"SearchAction\",\"target\":{\"@type\":\"EntryPoint\",\"urlTemplate\":\"https:\\\/\\\/poblenouurbandistrict.com\\\/ca\\\/?s={search_term_string}\"},\"query-input\":{\"@type\":\"PropertyValueSpecification\",\"valueRequired\":true,\"valueName\":\"search_term_string\"}}],\"inLanguage\":\"ca\"},{\"@type\":\"Person\",\"@id\":\"https:\\\/\\\/poblenouurbandistrict.com\\\/#\\\/schema\\\/person\\\/980a2cf34b399d5218205730acd54a7e\",\"name\":\"pnud\",\"image\":{\"@type\":\"ImageObject\",\"inLanguage\":\"ca\",\"@id\":\"https:\\\/\\\/secure.gravatar.com\\\/avatar\\\/67146597b405ee077a24e519f75c3e2031736596d6ce35af3a34c122c93d0d7b?s=96&d=retro&r=g\",\"url\":\"https:\\\/\\\/secure.gravatar.com\\\/avatar\\\/67146597b405ee077a24e519f75c3e2031736596d6ce35af3a34c122c93d0d7b?s=96&d=retro&r=g\",\"contentUrl\":\"https:\\\/\\\/secure.gravatar.com\\\/avatar\\\/67146597b405ee077a24e519f75c3e2031736596d6ce35af3a34c122c93d0d7b?s=96&d=retro&r=g\",\"caption\":\"pnud\"}}]}<\/script>\n<!-- \/ Yoast SEO plugin. -->","yoast_head_json":{"title":"\u00a1A Barcelona le encanta el Carnaval!","description":"Aunque este a\u00f1o ser\u00e1 algo diferente, podremos disfrutar del carnaval con diferentes propuestas distribuidas por los diez distritos.","robots":{"index":"index","follow":"follow","max-snippet":"max-snippet:-1","max-image-preview":"max-image-preview:large","max-video-preview":"max-video-preview:-1"},"canonical":"https:\/\/poblenouurbandistrict.com\/ca\/carnaval-barcelona-2021\/","og_locale":"ca_ES","og_type":"article","og_title":"\u00a1A Barcelona le encanta el Carnaval!","og_description":"Aunque este a\u00f1o ser\u00e1 algo diferente, podremos disfrutar del carnaval con diferentes propuestas distribuidas por los diez distritos.","og_url":"https:\/\/poblenouurbandistrict.com\/ca\/carnaval-barcelona-2021\/","og_site_name":"Poblenou Urban District","article_published_time":"2021-02-11T10:35:27+00:00","og_image":[{"width":1024,"height":683,"url":"https:\/\/poblenouurbandistrict.com\/wp-content\/uploads\/2021\/02\/b4b693d71f6de70081d6ab648f2a52381da6393988ab6aad371d91b6.jpg","type":"image\/jpeg"}],"author":"pnud","twitter_card":"summary_large_image","twitter_misc":{"Escrit per":"pnud","Temps estimat de lectura":"6 minuts"},"schema":{"@context":"https:\/\/schema.org","@graph":[{"@type":"Article","@id":"https:\/\/poblenouurbandistrict.com\/carnaval-barcelona-2021\/#article","isPartOf":{"@id":"https:\/\/poblenouurbandistrict.com\/carnaval-barcelona-2021\/"},"author":{"name":"pnud","@id":"https:\/\/poblenouurbandistrict.com\/#\/schema\/person\/980a2cf34b399d5218205730acd54a7e"},"headline":"La ciutat es prepara, un any m\u00e9s, pel Carnestoltes!","datePublished":"2021-02-11T10:35:27+00:00","mainEntityOfPage":{"@id":"https:\/\/poblenouurbandistrict.com\/carnaval-barcelona-2021\/"},"wordCount":1334,"image":{"@id":"https:\/\/poblenouurbandistrict.com\/carnaval-barcelona-2021\/#primaryimage"},"thumbnailUrl":"https:\/\/media.poblenouurbandistrict.com\/2021\/02\/25035006\/b4b693d71f6de70081d6ab648f2a52381da6393988ab6aad371d91b6.jpg","articleSection":["Espais"],"inLanguage":"ca"},{"@type":"WebPage","@id":"https:\/\/poblenouurbandistrict.com\/ca\/carnaval-barcelona-2021\/","url":"https:\/\/poblenouurbandistrict.com\/ca\/carnaval-barcelona-2021\/","name":"\u00a1A Barcelona le encanta el Carnaval!","isPartOf":{"@id":"https:\/\/poblenouurbandistrict.com\/ca\/#website"},"primaryImageOfPage":{"@id":"https:\/\/poblenouurbandistrict.com\/ca\/carnaval-barcelona-2021\/#primaryimage"},"image":{"@id":"https:\/\/poblenouurbandistrict.com\/carnaval-barcelona-2021\/#primaryimage"},"thumbnailUrl":"https:\/\/media.poblenouurbandistrict.com\/2021\/02\/25035006\/b4b693d71f6de70081d6ab648f2a52381da6393988ab6aad371d91b6.jpg","datePublished":"2021-02-11T10:35:27+00:00","author":{"@id":"https:\/\/poblenouurbandistrict.com\/#\/schema\/person\/980a2cf34b399d5218205730acd54a7e"},"description":"Aunque este a\u00f1o ser\u00e1 algo diferente, podremos disfrutar del carnaval con diferentes propuestas distribuidas por los diez distritos.","breadcrumb":{"@id":"https:\/\/poblenouurbandistrict.com\/ca\/carnaval-barcelona-2021\/#breadcrumb"},"inLanguage":"ca","potentialAction":[{"@type":"ReadAction","target":[["https:\/\/poblenouurbandistrict.com\/ca\/carnaval-barcelona-2021\/"]]}]},{"@type":"ImageObject","inLanguage":"ca","@id":"https:\/\/poblenouurbandistrict.com\/ca\/carnaval-barcelona-2021\/#primaryimage","url":"https:\/\/media.poblenouurbandistrict.com\/2021\/02\/25035006\/b4b693d71f6de70081d6ab648f2a52381da6393988ab6aad371d91b6.jpg","contentUrl":"https:\/\/media.poblenouurbandistrict.com\/2021\/02\/25035006\/b4b693d71f6de70081d6ab648f2a52381da6393988ab6aad371d91b6.jpg","width":1024,"height":683},{"@type":"BreadcrumbList","@id":"https:\/\/poblenouurbandistrict.com\/ca\/carnaval-barcelona-2021\/#breadcrumb","itemListElement":[{"@type":"ListItem","position":1,"name":"Home","item":"https:\/\/poblenouurbandistrict.com\/ca\/"},{"@type":"ListItem","position":2,"name":"La ciutat es prepara, un any m\u00e9s, pel Carnestoltes!"}]},{"@type":"WebSite","@id":"https:\/\/poblenouurbandistrict.com\/ca\/#website","url":"https:\/\/poblenouurbandistrict.com\/ca\/","name":"Poblenou Urban District","description":"Comunitat Creativa","potentialAction":[{"@type":"SearchAction","target":{"@type":"EntryPoint","urlTemplate":"https:\/\/poblenouurbandistrict.com\/ca\/?s={search_term_string}"},"query-input":{"@type":"PropertyValueSpecification","valueRequired":true,"valueName":"search_term_string"}}],"inLanguage":"ca"},{"@type":"Person","@id":"https:\/\/poblenouurbandistrict.com\/#\/schema\/person\/980a2cf34b399d5218205730acd54a7e","name":"pnud","image":{"@type":"ImageObject","inLanguage":"ca","@id":"https:\/\/secure.gravatar.com\/avatar\/67146597b405ee077a24e519f75c3e2031736596d6ce35af3a34c122c93d0d7b?s=96&d=retro&r=g","url":"https:\/\/secure.gravatar.com\/avatar\/67146597b405ee077a24e519f75c3e2031736596d6ce35af3a34c122c93d0d7b?s=96&d=retro&r=g","contentUrl":"https:\/\/secure.gravatar.com\/avatar\/67146597b405ee077a24e519f75c3e2031736596d6ce35af3a34c122c93d0d7b?s=96&d=retro&r=g","caption":"pnud"}}]}},"_links":{"self":[{"href":"https:\/\/poblenouurbandistrict.com\/ca\/wp-json\/wp\/v2\/posts\/21728","targetHints":{"allow":["GET"]}}],"collection":[{"href":"https:\/\/poblenouurbandistrict.com\/ca\/wp-json\/wp\/v2\/posts"}],"about":[{"href":"https:\/\/poblenouurbandistrict.com\/ca\/wp-json\/wp\/v2\/types\/post"}],"author":[{"embeddable":true,"href":"https:\/\/poblenouurbandistrict.com\/ca\/wp-json\/wp\/v2\/users\/5"}],"replies":[{"embeddable":true,"href":"https:\/\/poblenouurbandistrict.com\/ca\/wp-json\/wp\/v2\/comments?post=21728"}],"version-history":[{"count":13,"href":"https:\/\/poblenouurbandistrict.com\/ca\/wp-json\/wp\/v2\/posts\/21728\/revisions"}],"predecessor-version":[{"id":21767,"href":"https:\/\/poblenouurbandistrict.com\/ca\/wp-json\/wp\/v2\/posts\/21728\/revisions\/21767"}],"wp:featuredmedia":[{"embeddable":true,"href":"https:\/\/poblenouurbandistrict.com\/ca\/wp-json\/wp\/v2\/media\/21758"}],"wp:attachment":[{"href":"https:\/\/poblenouurbandistrict.com\/ca\/wp-json\/wp\/v2\/media?parent=21728"}],"wp:term":[{"taxonomy":"category","embeddable":true,"href":"https:\/\/poblenouurbandistrict.com\/ca\/wp-json\/wp\/v2\/categories?post=21728"},{"taxonomy":"post_tag","embeddable":true,"href":"https:\/\/poblenouurbandistrict.com\/ca\/wp-json\/wp\/v2\/tags?post=21728"}],"curies":[{"name":"wp","href":"https:\/\/api.w.org\/{rel}","templated":true}]}}