{"id":22333,"date":"2021-04-29T14:38:09","date_gmt":"2021-04-29T12:38:09","guid":{"rendered":"https:\/\/poblenouurbandistrict.com\/?p=22333"},"modified":"2021-05-10T19:01:44","modified_gmt":"2021-05-10T17:01:44","slug":"segona-edicio-de-les-urban-talks","status":"publish","type":"post","link":"https:\/\/poblenouurbandistrict.com\/ca\/segona-edicio-de-les-urban-talks\/","title":{"rendered":"Segona edici\u00f3 de les Urban Talks"},"content":{"rendered":"<p>Les <strong>Urban Talks<\/strong> s\u00f3n un cicle de xerrades itinerants que tenen com a objectiu obrir un debat amb la ciutadania sobre la cultura i la creativitat en relaci\u00f3 a l&#8217;entorn urb\u00e0 i que formen part de el projecte <strong><a href=\"https:\/\/www.udaf.site\/\">Urban District Arts Festival (UDAF<\/a>)<\/strong>. La present edici\u00f3 est\u00e0 organitzada per <strong>Poblenou Urban District<\/strong>, <a href=\"https:\/\/fablabbcn.org\/\"><strong>Fab Lab Barcelona<\/strong><\/a> a <a href=\"https:\/\/iaac.net\/\"><strong>IAAC<\/strong><\/a>, <a href=\"http:\/\/laplataformabcn.com\/laplataformabcn.html\"><strong>La Plataforma<\/strong><\/a>, <a href=\"http:\/\/litwstudio.com\/\"><strong>Life In The Woods<\/strong><\/a>, compten amb el suport de el projecte europeu <a href=\"https:\/\/centrinno.eu\/\"><strong>H2020 CENTRINNO<\/strong><\/a> i amb la <a href=\"https:\/\/www.paloalto.barcelona\/\"><strong>Fundaci\u00f3 Palo Alto<\/strong><\/a> com venue partner.<\/p>\n<p>Sota el t\u00edtol general de<span style=\"text-decoration: underline;\"><strong> &#8216;L&#8217;impacte de la cultura i la creativitat&#8217;<\/strong><\/span> comptarem amb tres taules rodones que giraran entorn a temes interconnectats que afecten les principals urbs de el m\u00f3n, com s\u00f3n l&#8217;economia circular i les seves aplicacions pr\u00e0ctiques en els camps de la cultura i la creativitat, la recuperaci\u00f3 i usos de el patrimoni en les antigues zones industrials i els reptes derivats dels processos de gentrificaci\u00f3 i la recerca de solucions i elements d&#8217;harmonitzaci\u00f3.<\/p>\n<p><img loading=\"lazy\" decoding=\"async\" class=\"size-medium wp-image-22597 aligncenter\" src=\"https:\/\/media.poblenouurbandistrict.com\/2021\/05\/25040238\/urbantalks-web-pud-620x349.jpg\" alt=\"\" width=\"620\" height=\"349\" \/><\/p>\n<p>Aquestes primeres <span style=\"text-decoration: underline;\"><strong>Urban Talks de 2021 se celebraran el 15 de maig en el marc de Poblenou Open Day<\/strong><\/span>, una jornada on la comunitat creativa del Poblenou Urban District obre els seus espais oferint una programaci\u00f3 variada, aix\u00ed com tamb\u00e9 formaran part de la programaci\u00f3 de la <strong>&#8216;Setmana d&#8217;Arquitectura 2021 &#8216;de Barcelona<\/strong>.<\/p>\n<p>Les entrades ja estan <a href=\"https:\/\/www.eventbrite.es\/e\/entradas-urban-talks-2021-153558011145\"><strong>disponibles a trav\u00e9s del seg\u00fcent enlla\u00e7<\/strong><\/a>, per\u00f2 tamb\u00e9 podreu seguir les xerrades <a href=\"https:\/\/www.youtube.com\/channel\/UCyVb54OCWKmehErJQbsO7Gw\"><strong>en directe en el nostre canal de youtube<\/strong><\/a> o <strong><a href=\"https:\/\/www.instagram.com\/poblenouud\/\">a Instagram Live<\/a><\/strong>.<\/p>\n<h1 style=\"text-align: center;\">Per m\u00e9s informaci\u00f3 sobre les tres taules rodones, <a href=\"https:\/\/poblenouurbandistrict.com\/es\/urban-talks\/\"><strong>consulteu la p\u00e0gina de les Urban Talks<\/strong><\/a>.<\/h1>\n<p><\/p>","protected":false},"excerpt":{"rendered":"<p>Les Urban Talks s\u00f3n un cicle de xerrades itinerants que tenen com a objectiu obrir un debat amb la ciutadania&#8230; <a href=\"https:\/\/poblenouurbandistrict.com\/ca\/segona-edicio-de-les-urban-talks\/\">M\u00e9s  \u2192<\/a><\/p>\n","protected":false},"author":5,"featured_media":22600,"comment_status":"closed","ping_status":"closed","sticky":false,"template":"","format":"standard","meta":{"_acf_changed":false,"footnotes":""},"categories":[3364],"tags":[784,3426,16,657,3409],"class_list":["post-22333","post","type-post","status-publish","format-standard","has-post-thumbnail","hentry","category-poblenou-urban-district","tag-creatividad","tag-pobelnou-urban-district","tag-poblenou","tag-poblenou-open-day","tag-urban-talks"],"acf":[],"yoast_head":"<!-- This site is optimized with the Yoast SEO plugin v27.5 - https:\/\/yoast.com\/product\/yoast-seo-wordpress\/ -->\n<title>Segona edici\u00f3 de les Urban Talks al Poblenou Open Day<\/title>\n<meta name=\"description\" content=\"Aquest 15 de maig se celebra la segona edici\u00f3 de les Urban Talks, el cicle de xerrades itinerant, dins el Poblenou Open Day.\" \/>\n<meta name=\"robots\" content=\"index, follow, max-snippet:-1, max-image-preview:large, max-video-preview:-1\" \/>\n<link rel=\"canonical\" href=\"https:\/\/poblenouurbandistrict.com\/ca\/segona-edicio-de-les-urban-talks\/\" \/>\n<meta property=\"og:locale\" content=\"ca_ES\" \/>\n<meta property=\"og:type\" content=\"article\" \/>\n<meta property=\"og:title\" content=\"Segona edici\u00f3 de les Urban Talks al Poblenou Open Day\" \/>\n<meta property=\"og:description\" content=\"Aquest 15 de maig se celebra la segona edici\u00f3 de les Urban Talks, el cicle de xerrades itinerant, dins el Poblenou Open Day.\" \/>\n<meta property=\"og:url\" content=\"https:\/\/poblenouurbandistrict.com\/ca\/segona-edicio-de-les-urban-talks\/\" \/>\n<meta property=\"og:site_name\" content=\"Poblenou Urban District\" \/>\n<meta property=\"article:published_time\" content=\"2021-04-29T12:38:09+00:00\" \/>\n<meta property=\"article:modified_time\" content=\"2021-05-10T17:01:44+00:00\" \/>\n<meta property=\"og:image\" content=\"https:\/\/poblenouurbandistrict.com\/wp-content\/uploads\/2021\/03\/urbantalks-web-cas.jpg\" \/>\n\t<meta property=\"og:image:width\" content=\"690\" \/>\n\t<meta property=\"og:image:height\" content=\"430\" \/>\n\t<meta property=\"og:image:type\" content=\"image\/jpeg\" \/>\n<meta name=\"author\" content=\"pnud\" \/>\n<meta name=\"twitter:card\" content=\"summary_large_image\" \/>\n<meta name=\"twitter:label1\" content=\"Escrit per\" \/>\n\t<meta name=\"twitter:data1\" content=\"pnud\" \/>\n\t<meta name=\"twitter:label2\" content=\"Temps estimat de lectura\" \/>\n\t<meta name=\"twitter:data2\" content=\"4 minuts\" \/>\n<script type=\"application\/ld+json\" class=\"yoast-schema-graph\">{\"@context\":\"https:\\\/\\\/schema.org\",\"@graph\":[{\"@type\":\"Article\",\"@id\":\"https:\\\/\\\/poblenouurbandistrict.com\\\/segona-edicio-de-les-urban-talks\\\/#article\",\"isPartOf\":{\"@id\":\"https:\\\/\\\/poblenouurbandistrict.com\\\/segona-edicio-de-les-urban-talks\\\/\"},\"author\":{\"name\":\"pnud\",\"@id\":\"https:\\\/\\\/poblenouurbandistrict.com\\\/#\\\/schema\\\/person\\\/980a2cf34b399d5218205730acd54a7e\"},\"headline\":\"Segona edici\u00f3 de les Urban Talks\",\"datePublished\":\"2021-04-29T12:38:09+00:00\",\"dateModified\":\"2021-05-10T17:01:44+00:00\",\"mainEntityOfPage\":{\"@id\":\"https:\\\/\\\/poblenouurbandistrict.com\\\/segona-edicio-de-les-urban-talks\\\/\"},\"wordCount\":835,\"image\":{\"@id\":\"https:\\\/\\\/poblenouurbandistrict.com\\\/segona-edicio-de-les-urban-talks\\\/#primaryimage\"},\"thumbnailUrl\":\"https:\\\/\\\/media.poblenouurbandistrict.com\\\/2021\\\/03\\\/25040240\\\/urbantalks-web-cas.jpg\",\"keywords\":[\"creatividad\",\"Pobelnou Urban District\",\"Poblenou\",\"poblenou open day\",\"Urban Talks\"],\"articleSection\":[\"Poblenou Urban District\"],\"inLanguage\":\"ca\"},{\"@type\":\"WebPage\",\"@id\":\"https:\\\/\\\/poblenouurbandistrict.com\\\/ca\\\/segona-edicio-de-les-urban-talks\\\/\",\"url\":\"https:\\\/\\\/poblenouurbandistrict.com\\\/ca\\\/segona-edicio-de-les-urban-talks\\\/\",\"name\":\"Segona edici\u00f3 de les Urban Talks al Poblenou Open Day\",\"isPartOf\":{\"@id\":\"https:\\\/\\\/poblenouurbandistrict.com\\\/ca\\\/#website\"},\"primaryImageOfPage\":{\"@id\":\"https:\\\/\\\/poblenouurbandistrict.com\\\/ca\\\/segona-edicio-de-les-urban-talks\\\/#primaryimage\"},\"image\":{\"@id\":\"https:\\\/\\\/poblenouurbandistrict.com\\\/segona-edicio-de-les-urban-talks\\\/#primaryimage\"},\"thumbnailUrl\":\"https:\\\/\\\/media.poblenouurbandistrict.com\\\/2021\\\/03\\\/25040240\\\/urbantalks-web-cas.jpg\",\"datePublished\":\"2021-04-29T12:38:09+00:00\",\"dateModified\":\"2021-05-10T17:01:44+00:00\",\"author\":{\"@id\":\"https:\\\/\\\/poblenouurbandistrict.com\\\/#\\\/schema\\\/person\\\/980a2cf34b399d5218205730acd54a7e\"},\"description\":\"Aquest 15 de maig se celebra la segona edici\u00f3 de les Urban Talks, el cicle de xerrades itinerant, dins el Poblenou Open Day.\",\"breadcrumb\":{\"@id\":\"https:\\\/\\\/poblenouurbandistrict.com\\\/ca\\\/segona-edicio-de-les-urban-talks\\\/#breadcrumb\"},\"inLanguage\":\"ca\",\"potentialAction\":[{\"@type\":\"ReadAction\",\"target\":[[\"https:\\\/\\\/poblenouurbandistrict.com\\\/ca\\\/segona-edicio-de-les-urban-talks\\\/\"]]}]},{\"@type\":\"ImageObject\",\"inLanguage\":\"ca\",\"@id\":\"https:\\\/\\\/poblenouurbandistrict.com\\\/ca\\\/segona-edicio-de-les-urban-talks\\\/#primaryimage\",\"url\":\"https:\\\/\\\/media.poblenouurbandistrict.com\\\/2021\\\/03\\\/25040240\\\/urbantalks-web-cas.jpg\",\"contentUrl\":\"https:\\\/\\\/media.poblenouurbandistrict.com\\\/2021\\\/03\\\/25040240\\\/urbantalks-web-cas.jpg\",\"width\":690,\"height\":430},{\"@type\":\"BreadcrumbList\",\"@id\":\"https:\\\/\\\/poblenouurbandistrict.com\\\/ca\\\/segona-edicio-de-les-urban-talks\\\/#breadcrumb\",\"itemListElement\":[{\"@type\":\"ListItem\",\"position\":1,\"name\":\"Home\",\"item\":\"https:\\\/\\\/poblenouurbandistrict.com\\\/ca\\\/\"},{\"@type\":\"ListItem\",\"position\":2,\"name\":\"Segona edici\u00f3 de les Urban Talks\"}]},{\"@type\":\"WebSite\",\"@id\":\"https:\\\/\\\/poblenouurbandistrict.com\\\/ca\\\/#website\",\"url\":\"https:\\\/\\\/poblenouurbandistrict.com\\\/ca\\\/\",\"name\":\"Poblenou Urban District\",\"description\":\"Comunitat Creativa\",\"potentialAction\":[{\"@type\":\"SearchAction\",\"target\":{\"@type\":\"EntryPoint\",\"urlTemplate\":\"https:\\\/\\\/poblenouurbandistrict.com\\\/ca\\\/?s={search_term_string}\"},\"query-input\":{\"@type\":\"PropertyValueSpecification\",\"valueRequired\":true,\"valueName\":\"search_term_string\"}}],\"inLanguage\":\"ca\"},{\"@type\":\"Person\",\"@id\":\"https:\\\/\\\/poblenouurbandistrict.com\\\/#\\\/schema\\\/person\\\/980a2cf34b399d5218205730acd54a7e\",\"name\":\"pnud\",\"image\":{\"@type\":\"ImageObject\",\"inLanguage\":\"ca\",\"@id\":\"https:\\\/\\\/secure.gravatar.com\\\/avatar\\\/67146597b405ee077a24e519f75c3e2031736596d6ce35af3a34c122c93d0d7b?s=96&d=retro&r=g\",\"url\":\"https:\\\/\\\/secure.gravatar.com\\\/avatar\\\/67146597b405ee077a24e519f75c3e2031736596d6ce35af3a34c122c93d0d7b?s=96&d=retro&r=g\",\"contentUrl\":\"https:\\\/\\\/secure.gravatar.com\\\/avatar\\\/67146597b405ee077a24e519f75c3e2031736596d6ce35af3a34c122c93d0d7b?s=96&d=retro&r=g\",\"caption\":\"pnud\"}}]}<\/script>\n<!-- \/ Yoast SEO plugin. -->","yoast_head_json":{"title":"Segona edici\u00f3 de les Urban Talks al Poblenou Open Day","description":"Aquest 15 de maig se celebra la segona edici\u00f3 de les Urban Talks, el cicle de xerrades itinerant, dins el Poblenou Open Day.","robots":{"index":"index","follow":"follow","max-snippet":"max-snippet:-1","max-image-preview":"max-image-preview:large","max-video-preview":"max-video-preview:-1"},"canonical":"https:\/\/poblenouurbandistrict.com\/ca\/segona-edicio-de-les-urban-talks\/","og_locale":"ca_ES","og_type":"article","og_title":"Segona edici\u00f3 de les Urban Talks al Poblenou Open Day","og_description":"Aquest 15 de maig se celebra la segona edici\u00f3 de les Urban Talks, el cicle de xerrades itinerant, dins el Poblenou Open Day.","og_url":"https:\/\/poblenouurbandistrict.com\/ca\/segona-edicio-de-les-urban-talks\/","og_site_name":"Poblenou Urban District","article_published_time":"2021-04-29T12:38:09+00:00","article_modified_time":"2021-05-10T17:01:44+00:00","og_image":[{"width":690,"height":430,"url":"https:\/\/poblenouurbandistrict.com\/wp-content\/uploads\/2021\/03\/urbantalks-web-cas.jpg","type":"image\/jpeg"}],"author":"pnud","twitter_card":"summary_large_image","twitter_misc":{"Escrit per":"pnud","Temps estimat de lectura":"4 minuts"},"schema":{"@context":"https:\/\/schema.org","@graph":[{"@type":"Article","@id":"https:\/\/poblenouurbandistrict.com\/segona-edicio-de-les-urban-talks\/#article","isPartOf":{"@id":"https:\/\/poblenouurbandistrict.com\/segona-edicio-de-les-urban-talks\/"},"author":{"name":"pnud","@id":"https:\/\/poblenouurbandistrict.com\/#\/schema\/person\/980a2cf34b399d5218205730acd54a7e"},"headline":"Segona edici\u00f3 de les Urban Talks","datePublished":"2021-04-29T12:38:09+00:00","dateModified":"2021-05-10T17:01:44+00:00","mainEntityOfPage":{"@id":"https:\/\/poblenouurbandistrict.com\/segona-edicio-de-les-urban-talks\/"},"wordCount":835,"image":{"@id":"https:\/\/poblenouurbandistrict.com\/segona-edicio-de-les-urban-talks\/#primaryimage"},"thumbnailUrl":"https:\/\/media.poblenouurbandistrict.com\/2021\/03\/25040240\/urbantalks-web-cas.jpg","keywords":["creatividad","Pobelnou Urban District","Poblenou","poblenou open day","Urban Talks"],"articleSection":["Poblenou Urban District"],"inLanguage":"ca"},{"@type":"WebPage","@id":"https:\/\/poblenouurbandistrict.com\/ca\/segona-edicio-de-les-urban-talks\/","url":"https:\/\/poblenouurbandistrict.com\/ca\/segona-edicio-de-les-urban-talks\/","name":"Segona edici\u00f3 de les Urban Talks al Poblenou Open Day","isPartOf":{"@id":"https:\/\/poblenouurbandistrict.com\/ca\/#website"},"primaryImageOfPage":{"@id":"https:\/\/poblenouurbandistrict.com\/ca\/segona-edicio-de-les-urban-talks\/#primaryimage"},"image":{"@id":"https:\/\/poblenouurbandistrict.com\/segona-edicio-de-les-urban-talks\/#primaryimage"},"thumbnailUrl":"https:\/\/media.poblenouurbandistrict.com\/2021\/03\/25040240\/urbantalks-web-cas.jpg","datePublished":"2021-04-29T12:38:09+00:00","dateModified":"2021-05-10T17:01:44+00:00","author":{"@id":"https:\/\/poblenouurbandistrict.com\/#\/schema\/person\/980a2cf34b399d5218205730acd54a7e"},"description":"Aquest 15 de maig se celebra la segona edici\u00f3 de les Urban Talks, el cicle de xerrades itinerant, dins el Poblenou Open Day.","breadcrumb":{"@id":"https:\/\/poblenouurbandistrict.com\/ca\/segona-edicio-de-les-urban-talks\/#breadcrumb"},"inLanguage":"ca","potentialAction":[{"@type":"ReadAction","target":[["https:\/\/poblenouurbandistrict.com\/ca\/segona-edicio-de-les-urban-talks\/"]]}]},{"@type":"ImageObject","inLanguage":"ca","@id":"https:\/\/poblenouurbandistrict.com\/ca\/segona-edicio-de-les-urban-talks\/#primaryimage","url":"https:\/\/media.poblenouurbandistrict.com\/2021\/03\/25040240\/urbantalks-web-cas.jpg","contentUrl":"https:\/\/media.poblenouurbandistrict.com\/2021\/03\/25040240\/urbantalks-web-cas.jpg","width":690,"height":430},{"@type":"BreadcrumbList","@id":"https:\/\/poblenouurbandistrict.com\/ca\/segona-edicio-de-les-urban-talks\/#breadcrumb","itemListElement":[{"@type":"ListItem","position":1,"name":"Home","item":"https:\/\/poblenouurbandistrict.com\/ca\/"},{"@type":"ListItem","position":2,"name":"Segona edici\u00f3 de les Urban Talks"}]},{"@type":"WebSite","@id":"https:\/\/poblenouurbandistrict.com\/ca\/#website","url":"https:\/\/poblenouurbandistrict.com\/ca\/","name":"Poblenou Urban District","description":"Comunitat Creativa","potentialAction":[{"@type":"SearchAction","target":{"@type":"EntryPoint","urlTemplate":"https:\/\/poblenouurbandistrict.com\/ca\/?s={search_term_string}"},"query-input":{"@type":"PropertyValueSpecification","valueRequired":true,"valueName":"search_term_string"}}],"inLanguage":"ca"},{"@type":"Person","@id":"https:\/\/poblenouurbandistrict.com\/#\/schema\/person\/980a2cf34b399d5218205730acd54a7e","name":"pnud","image":{"@type":"ImageObject","inLanguage":"ca","@id":"https:\/\/secure.gravatar.com\/avatar\/67146597b405ee077a24e519f75c3e2031736596d6ce35af3a34c122c93d0d7b?s=96&d=retro&r=g","url":"https:\/\/secure.gravatar.com\/avatar\/67146597b405ee077a24e519f75c3e2031736596d6ce35af3a34c122c93d0d7b?s=96&d=retro&r=g","contentUrl":"https:\/\/secure.gravatar.com\/avatar\/67146597b405ee077a24e519f75c3e2031736596d6ce35af3a34c122c93d0d7b?s=96&d=retro&r=g","caption":"pnud"}}]}},"_links":{"self":[{"href":"https:\/\/poblenouurbandistrict.com\/ca\/wp-json\/wp\/v2\/posts\/22333","targetHints":{"allow":["GET"]}}],"collection":[{"href":"https:\/\/poblenouurbandistrict.com\/ca\/wp-json\/wp\/v2\/posts"}],"about":[{"href":"https:\/\/poblenouurbandistrict.com\/ca\/wp-json\/wp\/v2\/types\/post"}],"author":[{"embeddable":true,"href":"https:\/\/poblenouurbandistrict.com\/ca\/wp-json\/wp\/v2\/users\/5"}],"replies":[{"embeddable":true,"href":"https:\/\/poblenouurbandistrict.com\/ca\/wp-json\/wp\/v2\/comments?post=22333"}],"version-history":[{"count":3,"href":"https:\/\/poblenouurbandistrict.com\/ca\/wp-json\/wp\/v2\/posts\/22333\/revisions"}],"predecessor-version":[{"id":22609,"href":"https:\/\/poblenouurbandistrict.com\/ca\/wp-json\/wp\/v2\/posts\/22333\/revisions\/22609"}],"wp:featuredmedia":[{"embeddable":true,"href":"https:\/\/poblenouurbandistrict.com\/ca\/wp-json\/wp\/v2\/media\/22600"}],"wp:attachment":[{"href":"https:\/\/poblenouurbandistrict.com\/ca\/wp-json\/wp\/v2\/media?parent=22333"}],"wp:term":[{"taxonomy":"category","embeddable":true,"href":"https:\/\/poblenouurbandistrict.com\/ca\/wp-json\/wp\/v2\/categories?post=22333"},{"taxonomy":"post_tag","embeddable":true,"href":"https:\/\/poblenouurbandistrict.com\/ca\/wp-json\/wp\/v2\/tags?post=22333"}],"curies":[{"name":"wp","href":"https:\/\/api.w.org\/{rel}","templated":true}]}}