{"id":22431,"date":"2021-05-05T19:01:36","date_gmt":"2021-05-05T17:01:36","guid":{"rendered":"https:\/\/poblenouurbandistrict.com\/?p=22431"},"modified":"2021-05-14T12:46:33","modified_gmt":"2021-05-14T10:46:33","slug":"poblenou-open-day-art-i-creativitat","status":"publish","type":"post","link":"https:\/\/poblenouurbandistrict.com\/ca\/poblenou-open-day-art-i-creativitat\/","title":{"rendered":"Poblenou Open Day: Art i creativitat"},"content":{"rendered":"<p><span style=\"font-weight: 400;\">Durant el Poblenou Open Day hi haur\u00e0 propostes tan creatives que sorprenen per la seva singularitat. Volem enumerar-vos totes aquelles relacionades directament amb l\u2019art, la cultura o la creativitat.<\/span><\/p>\n<h2><b>Coneixeu els estudis creatius<\/b><\/h2>\n<p><span style=\"font-weight: 400;\">Un dels valors afegits d\u2019aquesta jornada \u00e9s que podreu con\u00e8ixer de primera m\u00e0 l\u2019espai de treball i el funcionament de molts tallers, estudis o escoles. \u00c9s el cas de <\/span><b>Medio Design Studio<\/b><span style=\"font-weight: 400;\">, on, a m\u00e9s, rebreu una degustaci\u00f3 especial sorpresa.<\/span><\/p>\n<p><b>Utopia126<\/b><span style=\"font-weight: 400;\"> ha organitzat un mercat d\u2019art cub\u00e0 amb una vintena d\u2019artistes, i rebr\u00e0 les actuacions d\u2019estudiants de l\u2019ESMUC i del Taller de M\u00fasics.<\/span><\/p>\n<p><img loading=\"lazy\" decoding=\"async\" class=\"size-medium wp-image-22441 aligncenter\" src=\"https:\/\/media.poblenouurbandistrict.com\/2021\/05\/25040101\/brian-kairuz-obz-57helba-unsplash-scaled-e1620233897743-620x342.jpg\" alt=\"\" width=\"620\" height=\"342\" \/><\/p>\n<p><span style=\"font-weight: 400;\">Sabies que al Poblenou hi tenim escoles de joieria? Acosteu-vos al <\/span><b>Taller de Joyer\u00eda<\/b><span style=\"font-weight: 400;\"> i escolteu la xerrada que far\u00e0 Jaime D\u00edaz, director de l\u2019escola!\u00a0<\/span><\/p>\n<p><span style=\"font-weight: 400;\">A <\/span><b>BD Design<\/b><span style=\"font-weight: 400;\"> presentaran les novetats que tenen per 2021 i podreu visitar el seu showroom. Per la seva banda, <\/span><b>Unusual Store<\/b><span style=\"font-weight: 400;\"> presentar\u00e0, en aquest cas, l\u2019ampliaci\u00f3 del \u2018Concept Store\u2019, en un preci\u00f3s espai dissenyat per Arquitectura G. I l&#8217;estudi d&#8217;instal\u00b7laci\u00f3 d&#8217;equips d&#8217;il\u00b7luminaci\u00f3 i de so <strong>Codigo Sound &amp; Light Projects<\/strong> inaugurar\u00e0 la nova imatge de la botiga.<\/span><\/p>\n<p><span style=\"font-weight: 400;\">On tamb\u00e9 podreu con\u00e8ixer l\u2019espai, descobrir les obres i dialogar amb l\u2019equip o l\u2019artista \u00e9s a <\/span><b>ALAS Artes en movimiento<\/b><span style=\"font-weight: 400;\">, a l\u2019estudi de <\/span><b>Carmina Wiegerinck<\/b><span style=\"font-weight: 400;\">, a <\/span><b>Mermi Studio<\/b><span style=\"font-weight: 400;\"> (de Philippe Mermi) i a <\/span><b>Zvonimir Matich<\/b><span style=\"font-weight: 400;\">.<\/span><\/p>\n<h2><b>Exposicions art\u00edstiques<\/b><\/h2>\n<p><span style=\"font-weight: 400;\">No us perdeu \u2018Yo soy superfan de&#8230;\u2019, la nova exposici\u00f3 d\u2019Elisava i 180Hilos a <\/span><b>The Folio Club<\/b><span style=\"font-weight: 400;\">, amb peces d\u2019il\u00b7lustraci\u00f3 sobre la Rosal\u00eda, Walter White o el menjar veg\u00e0.<\/span><\/p>\n<p><img loading=\"lazy\" decoding=\"async\" class=\"size-medium wp-image-22439 aligncenter\" src=\"https:\/\/media.poblenouurbandistrict.com\/2021\/05\/25040057\/capcalera-que-es-giravolt-e1620233761840-620x243.jpg\" alt=\"\" width=\"620\" height=\"243\" \/><\/p>\n<p><span style=\"font-weight: 400;\">A <\/span><b>Indissoluble<\/b><span style=\"font-weight: 400;\"> han preparat un m\u00f2dul expositiu interactiu sobre la COVID-19 i \u00e9s 100% anti-COVID! A <\/span><b>IDEAL Barcelona<\/b><span style=\"font-weight: 400;\"> obriran de 21:30h a 23:30h en exclusiva per presentar<\/span> <a href=\"http:\/\/patrimoni.gencat.cat\/en\/giravolt\"><b>\u2018Giravolt\u2019<\/b><\/a><span style=\"font-weight: 400;\">, el projecte de digitalitzaci\u00f3 3D del patrimoni cultural catal\u00e0.<\/span><\/p>\n<p><span style=\"font-weight: 400;\">La <\/span><b>Galeria Chez Xefo<\/b><span style=\"font-weight: 400;\"> acull dues exposicions, \u2018From Disgustin to Beauty\u2019, de Karla Jerez, i \u2018El Escarabajo Dorado\u2019, de Magdalena Esteve. I a <\/span><b>Piramid\u00f3n<\/b><span style=\"font-weight: 400;\"> dues m\u00e9s: hi podreu visitar l\u2019exposici\u00f3 \u2018Kit\u2019, de Laura Sebastianes, i \u20182021_n2\u2019, amb la col\u00b7lecci\u00f3 d\u2019obres dels artistes residents. Al centre d\u2019art contemporani tamb\u00e9 podr\u00e0s gaudir d\u2019un vermut a la seva terrassa.<\/span><\/p>\n<p><span style=\"font-weight: 400;\">A <\/span><b>TransfoLAB BCN<\/b><span style=\"font-weight: 400;\"> podreu visitar \u2018Clic Recycle Pop Up Rastros\u2019, l\u2019activitat \u2018Escultura Comunit\u00e0ria\u2019, la instal\u00b7laci\u00f3 \u2018Tiny House\u2019 o l\u2019exposici\u00f3 d\u2019objectes fabricats a l\u2019espai.<\/span><\/p>\n<p><img loading=\"lazy\" decoding=\"async\" class=\"size-medium wp-image-22438 aligncenter\" src=\"https:\/\/media.poblenouurbandistrict.com\/2021\/05\/25040053\/la-colleccio-de-guitarres-museu-de-la-musica-de-barcelona-620x283.jpg\" alt=\"\" width=\"620\" height=\"283\" \/><\/p>\n<p><span style=\"font-weight: 400;\">Tant el <\/span><b>Museu del Disseny<\/b><span style=\"font-weight: 400;\">, amb les seves 6 exposicions actuals, com el <\/span><b>Museu de la M\u00fasica<\/b><span style=\"font-weight: 400;\">, obriran les portes durant el Poblenou Open Day.<\/span><\/p>\n<h2><b>Intervencions art\u00edstiques en directe<\/b><\/h2>\n<p><b>La Plataforma<\/b><span style=\"font-weight: 400;\"> estrena la nova exposici\u00f3 <\/span><b>\u2018Lo oculto del objeto\u2019<\/b><span style=\"font-weight: 400;\">, de Francisco de Negri, en qu\u00e8 a m\u00e9s hi haur\u00e0 una intervenci\u00f3 mural en directe. A <\/span><b>Atta 33<\/b><span style=\"font-weight: 400;\">, a banda d\u2019una exposici\u00f3 i demostraci\u00f3 d\u2019impressions 3D, hi haur\u00e0 un <\/span><b>Live<\/b> <b>Painting<\/b><span style=\"font-weight: 400;\">, a c\u00e0rrec d\u2019<\/span><a href=\"https:\/\/www.instagram.com\/adansilvart\/\"><b>Adan Silva<\/b><\/a><span style=\"font-weight: 400;\">. La perruqueria <\/span><b>Blow Hair Salon Barcelona<\/b><span style=\"font-weight: 400;\"> acollir\u00e0 una intervenci\u00f3 d\u2019art en directe a la seva vitrina dins el<\/span> <a href=\"https:\/\/poblenouurbandistrict.com\/es\/artistas-seleccionados-windows-art-circuit-2021\/\"><b>Windows Art Circuit<\/b><\/a><span style=\"font-weight: 400;\">.<\/span><\/p>\n<p><img loading=\"lazy\" decoding=\"async\" class=\"size-medium wp-image-22436 aligncenter\" src=\"https:\/\/media.poblenouurbandistrict.com\/2021\/05\/25040049\/3-dsc17731-1-620x412.jpg\" alt=\"\" width=\"620\" height=\"412\" \/><\/p>\n<div class=\"o9v6fnle cxmmr5t8 oygrvhab hcukyx3x c1et5uql ii04i59q\">\n<h2 dir=\"auto\"><b>Espectacles culturals<\/b><\/h2>\n<\/div>\n<p><span style=\"font-weight: 400;\">Per altra banda, els equipaments culturals del Poblenou ofereixen descomptes pel dissabte 15 de maig perqu\u00e8 aneu a veure alguns dels seus espectacles. \u00c9s el cas del <\/span><b>TNC<\/b><span style=\"font-weight: 400;\">, en qu\u00e8 podreu veure \u2018Full House\u2019, \u2018Galatea\u2019, \u2018Mare de sucre\u2019 o \u2018L\u2019Emperadriu del Paral\u00b7lel\u2019; <\/span><b>L\u2019Auditori<\/b><span style=\"font-weight: 400;\">, amb l\u2019espectacle familiar \u2018Ullsclucs\u2019 i el Concert de l\u2019OBC; i la <\/span><b>Sala Beckett<\/b><span style=\"font-weight: 400;\">, amb l\u2019espectacle \u2018El que no es diu\u2019, de Marilia Samper.<\/span><\/p>","protected":false},"excerpt":{"rendered":"<p>Durant el Poblenou Open Day hi haur\u00e0 propostes tan creatives que sorprenen per la seva singularitat. Volem enumerar-vos totes aquelles&#8230; <a href=\"https:\/\/poblenouurbandistrict.com\/ca\/poblenou-open-day-art-i-creativitat\/\">M\u00e9s  \u2192<\/a><\/p>\n","protected":false},"author":5,"featured_media":22364,"comment_status":"closed","ping_status":"closed","sticky":false,"template":"","format":"standard","meta":{"_acf_changed":false,"footnotes":""},"categories":[3364],"tags":[848,2606,657],"class_list":["post-22431","post","type-post","status-publish","format-standard","has-post-thumbnail","hentry","category-poblenou-urban-district","tag-art","tag-creativitat","tag-poblenou-open-day"],"acf":[],"yoast_head":"<!-- This site is optimized with the Yoast SEO plugin v27.5 - https:\/\/yoast.com\/product\/yoast-seo-wordpress\/ -->\n<title>Poblenou Open Day: Art i creativitat &#8211; Poblenou Urban District<\/title>\n<meta name=\"description\" content=\"Durant el Poblenou Open Day hi haur\u00e0 propostes art\u00edstiques i culturals tan creatives que sorprenen per la seva singularitat.\" \/>\n<meta name=\"robots\" content=\"index, follow, max-snippet:-1, max-image-preview:large, max-video-preview:-1\" \/>\n<link rel=\"canonical\" href=\"https:\/\/poblenouurbandistrict.com\/ca\/poblenou-open-day-art-i-creativitat\/\" \/>\n<meta property=\"og:locale\" content=\"ca_ES\" \/>\n<meta property=\"og:type\" content=\"article\" \/>\n<meta property=\"og:title\" content=\"Poblenou Open Day: Art i creativitat &#8211; Poblenou Urban District\" \/>\n<meta property=\"og:description\" content=\"Durant el Poblenou Open Day hi haur\u00e0 propostes art\u00edstiques i culturals tan creatives que sorprenen per la seva singularitat.\" \/>\n<meta property=\"og:url\" content=\"https:\/\/poblenouurbandistrict.com\/ca\/poblenou-open-day-art-i-creativitat\/\" \/>\n<meta property=\"og:site_name\" content=\"Poblenou Urban District\" \/>\n<meta property=\"article:published_time\" content=\"2021-05-05T17:01:36+00:00\" \/>\n<meta property=\"article:modified_time\" content=\"2021-05-14T10:46:33+00:00\" \/>\n<meta property=\"og:image\" content=\"https:\/\/poblenouurbandistrict.com\/wp-content\/uploads\/2021\/04\/mg-8682-v2-scaled.jpg\" \/>\n\t<meta property=\"og:image:width\" content=\"2560\" \/>\n\t<meta property=\"og:image:height\" content=\"1707\" \/>\n\t<meta property=\"og:image:type\" content=\"image\/jpeg\" \/>\n<meta name=\"author\" content=\"pnud\" \/>\n<meta name=\"twitter:card\" content=\"summary_large_image\" \/>\n<meta name=\"twitter:label1\" content=\"Escrit per\" \/>\n\t<meta name=\"twitter:data1\" content=\"pnud\" \/>\n\t<meta name=\"twitter:label2\" content=\"Temps estimat de lectura\" \/>\n\t<meta name=\"twitter:data2\" content=\"9 minuts\" \/>\n<script type=\"application\/ld+json\" class=\"yoast-schema-graph\">{\"@context\":\"https:\\\/\\\/schema.org\",\"@graph\":[{\"@type\":\"Article\",\"@id\":\"https:\\\/\\\/poblenouurbandistrict.com\\\/poblenou-open-day-art-i-creativitat\\\/#article\",\"isPartOf\":{\"@id\":\"https:\\\/\\\/poblenouurbandistrict.com\\\/poblenou-open-day-art-i-creativitat\\\/\"},\"author\":{\"name\":\"pnud\",\"@id\":\"https:\\\/\\\/poblenouurbandistrict.com\\\/#\\\/schema\\\/person\\\/980a2cf34b399d5218205730acd54a7e\"},\"headline\":\"Poblenou Open Day: Art i creativitat\",\"datePublished\":\"2021-05-05T17:01:36+00:00\",\"dateModified\":\"2021-05-14T10:46:33+00:00\",\"mainEntityOfPage\":{\"@id\":\"https:\\\/\\\/poblenouurbandistrict.com\\\/poblenou-open-day-art-i-creativitat\\\/\"},\"wordCount\":1811,\"image\":{\"@id\":\"https:\\\/\\\/poblenouurbandistrict.com\\\/poblenou-open-day-art-i-creativitat\\\/#primaryimage\"},\"thumbnailUrl\":\"https:\\\/\\\/media.poblenouurbandistrict.com\\\/2021\\\/04\\\/25040009\\\/mg-8682-v2-scaled.jpg\",\"keywords\":[\"art\",\"creativitat\",\"poblenou open day\"],\"articleSection\":[\"Poblenou Urban District\"],\"inLanguage\":\"ca\"},{\"@type\":\"WebPage\",\"@id\":\"https:\\\/\\\/poblenouurbandistrict.com\\\/ca\\\/poblenou-open-day-art-i-creativitat\\\/\",\"url\":\"https:\\\/\\\/poblenouurbandistrict.com\\\/ca\\\/poblenou-open-day-art-i-creativitat\\\/\",\"name\":\"Poblenou Open Day: Art i creativitat &#8211; Poblenou Urban District\",\"isPartOf\":{\"@id\":\"https:\\\/\\\/poblenouurbandistrict.com\\\/ca\\\/#website\"},\"primaryImageOfPage\":{\"@id\":\"https:\\\/\\\/poblenouurbandistrict.com\\\/ca\\\/poblenou-open-day-art-i-creativitat\\\/#primaryimage\"},\"image\":{\"@id\":\"https:\\\/\\\/poblenouurbandistrict.com\\\/poblenou-open-day-art-i-creativitat\\\/#primaryimage\"},\"thumbnailUrl\":\"https:\\\/\\\/media.poblenouurbandistrict.com\\\/2021\\\/04\\\/25040009\\\/mg-8682-v2-scaled.jpg\",\"datePublished\":\"2021-05-05T17:01:36+00:00\",\"dateModified\":\"2021-05-14T10:46:33+00:00\",\"author\":{\"@id\":\"https:\\\/\\\/poblenouurbandistrict.com\\\/#\\\/schema\\\/person\\\/980a2cf34b399d5218205730acd54a7e\"},\"description\":\"Durant el Poblenou Open Day hi haur\u00e0 propostes art\u00edstiques i culturals tan creatives que sorprenen per la seva singularitat.\",\"breadcrumb\":{\"@id\":\"https:\\\/\\\/poblenouurbandistrict.com\\\/ca\\\/poblenou-open-day-art-i-creativitat\\\/#breadcrumb\"},\"inLanguage\":\"ca\",\"potentialAction\":[{\"@type\":\"ReadAction\",\"target\":[[\"https:\\\/\\\/poblenouurbandistrict.com\\\/ca\\\/poblenou-open-day-art-i-creativitat\\\/\"]]}]},{\"@type\":\"ImageObject\",\"inLanguage\":\"ca\",\"@id\":\"https:\\\/\\\/poblenouurbandistrict.com\\\/ca\\\/poblenou-open-day-art-i-creativitat\\\/#primaryimage\",\"url\":\"https:\\\/\\\/media.poblenouurbandistrict.com\\\/2021\\\/04\\\/25040009\\\/mg-8682-v2-scaled.jpg\",\"contentUrl\":\"https:\\\/\\\/media.poblenouurbandistrict.com\\\/2021\\\/04\\\/25040009\\\/mg-8682-v2-scaled.jpg\",\"width\":2560,\"height\":1707},{\"@type\":\"BreadcrumbList\",\"@id\":\"https:\\\/\\\/poblenouurbandistrict.com\\\/ca\\\/poblenou-open-day-art-i-creativitat\\\/#breadcrumb\",\"itemListElement\":[{\"@type\":\"ListItem\",\"position\":1,\"name\":\"Home\",\"item\":\"https:\\\/\\\/poblenouurbandistrict.com\\\/ca\\\/\"},{\"@type\":\"ListItem\",\"position\":2,\"name\":\"Poblenou Open Day: Art i creativitat\"}]},{\"@type\":\"WebSite\",\"@id\":\"https:\\\/\\\/poblenouurbandistrict.com\\\/ca\\\/#website\",\"url\":\"https:\\\/\\\/poblenouurbandistrict.com\\\/ca\\\/\",\"name\":\"Poblenou Urban District\",\"description\":\"Comunitat Creativa\",\"potentialAction\":[{\"@type\":\"SearchAction\",\"target\":{\"@type\":\"EntryPoint\",\"urlTemplate\":\"https:\\\/\\\/poblenouurbandistrict.com\\\/ca\\\/?s={search_term_string}\"},\"query-input\":{\"@type\":\"PropertyValueSpecification\",\"valueRequired\":true,\"valueName\":\"search_term_string\"}}],\"inLanguage\":\"ca\"},{\"@type\":\"Person\",\"@id\":\"https:\\\/\\\/poblenouurbandistrict.com\\\/#\\\/schema\\\/person\\\/980a2cf34b399d5218205730acd54a7e\",\"name\":\"pnud\",\"image\":{\"@type\":\"ImageObject\",\"inLanguage\":\"ca\",\"@id\":\"https:\\\/\\\/secure.gravatar.com\\\/avatar\\\/67146597b405ee077a24e519f75c3e2031736596d6ce35af3a34c122c93d0d7b?s=96&d=retro&r=g\",\"url\":\"https:\\\/\\\/secure.gravatar.com\\\/avatar\\\/67146597b405ee077a24e519f75c3e2031736596d6ce35af3a34c122c93d0d7b?s=96&d=retro&r=g\",\"contentUrl\":\"https:\\\/\\\/secure.gravatar.com\\\/avatar\\\/67146597b405ee077a24e519f75c3e2031736596d6ce35af3a34c122c93d0d7b?s=96&d=retro&r=g\",\"caption\":\"pnud\"}}]}<\/script>\n<!-- \/ Yoast SEO plugin. -->","yoast_head_json":{"title":"Poblenou Open Day: Art i creativitat &#8211; Poblenou Urban District","description":"Durant el Poblenou Open Day hi haur\u00e0 propostes art\u00edstiques i culturals tan creatives que sorprenen per la seva singularitat.","robots":{"index":"index","follow":"follow","max-snippet":"max-snippet:-1","max-image-preview":"max-image-preview:large","max-video-preview":"max-video-preview:-1"},"canonical":"https:\/\/poblenouurbandistrict.com\/ca\/poblenou-open-day-art-i-creativitat\/","og_locale":"ca_ES","og_type":"article","og_title":"Poblenou Open Day: Art i creativitat &#8211; Poblenou Urban District","og_description":"Durant el Poblenou Open Day hi haur\u00e0 propostes art\u00edstiques i culturals tan creatives que sorprenen per la seva singularitat.","og_url":"https:\/\/poblenouurbandistrict.com\/ca\/poblenou-open-day-art-i-creativitat\/","og_site_name":"Poblenou Urban District","article_published_time":"2021-05-05T17:01:36+00:00","article_modified_time":"2021-05-14T10:46:33+00:00","og_image":[{"width":2560,"height":1707,"url":"https:\/\/poblenouurbandistrict.com\/wp-content\/uploads\/2021\/04\/mg-8682-v2-scaled.jpg","type":"image\/jpeg"}],"author":"pnud","twitter_card":"summary_large_image","twitter_misc":{"Escrit per":"pnud","Temps estimat de lectura":"9 minuts"},"schema":{"@context":"https:\/\/schema.org","@graph":[{"@type":"Article","@id":"https:\/\/poblenouurbandistrict.com\/poblenou-open-day-art-i-creativitat\/#article","isPartOf":{"@id":"https:\/\/poblenouurbandistrict.com\/poblenou-open-day-art-i-creativitat\/"},"author":{"name":"pnud","@id":"https:\/\/poblenouurbandistrict.com\/#\/schema\/person\/980a2cf34b399d5218205730acd54a7e"},"headline":"Poblenou Open Day: Art i creativitat","datePublished":"2021-05-05T17:01:36+00:00","dateModified":"2021-05-14T10:46:33+00:00","mainEntityOfPage":{"@id":"https:\/\/poblenouurbandistrict.com\/poblenou-open-day-art-i-creativitat\/"},"wordCount":1811,"image":{"@id":"https:\/\/poblenouurbandistrict.com\/poblenou-open-day-art-i-creativitat\/#primaryimage"},"thumbnailUrl":"https:\/\/media.poblenouurbandistrict.com\/2021\/04\/25040009\/mg-8682-v2-scaled.jpg","keywords":["art","creativitat","poblenou open day"],"articleSection":["Poblenou Urban District"],"inLanguage":"ca"},{"@type":"WebPage","@id":"https:\/\/poblenouurbandistrict.com\/ca\/poblenou-open-day-art-i-creativitat\/","url":"https:\/\/poblenouurbandistrict.com\/ca\/poblenou-open-day-art-i-creativitat\/","name":"Poblenou Open Day: Art i creativitat &#8211; Poblenou Urban District","isPartOf":{"@id":"https:\/\/poblenouurbandistrict.com\/ca\/#website"},"primaryImageOfPage":{"@id":"https:\/\/poblenouurbandistrict.com\/ca\/poblenou-open-day-art-i-creativitat\/#primaryimage"},"image":{"@id":"https:\/\/poblenouurbandistrict.com\/poblenou-open-day-art-i-creativitat\/#primaryimage"},"thumbnailUrl":"https:\/\/media.poblenouurbandistrict.com\/2021\/04\/25040009\/mg-8682-v2-scaled.jpg","datePublished":"2021-05-05T17:01:36+00:00","dateModified":"2021-05-14T10:46:33+00:00","author":{"@id":"https:\/\/poblenouurbandistrict.com\/#\/schema\/person\/980a2cf34b399d5218205730acd54a7e"},"description":"Durant el Poblenou Open Day hi haur\u00e0 propostes art\u00edstiques i culturals tan creatives que sorprenen per la seva singularitat.","breadcrumb":{"@id":"https:\/\/poblenouurbandistrict.com\/ca\/poblenou-open-day-art-i-creativitat\/#breadcrumb"},"inLanguage":"ca","potentialAction":[{"@type":"ReadAction","target":[["https:\/\/poblenouurbandistrict.com\/ca\/poblenou-open-day-art-i-creativitat\/"]]}]},{"@type":"ImageObject","inLanguage":"ca","@id":"https:\/\/poblenouurbandistrict.com\/ca\/poblenou-open-day-art-i-creativitat\/#primaryimage","url":"https:\/\/media.poblenouurbandistrict.com\/2021\/04\/25040009\/mg-8682-v2-scaled.jpg","contentUrl":"https:\/\/media.poblenouurbandistrict.com\/2021\/04\/25040009\/mg-8682-v2-scaled.jpg","width":2560,"height":1707},{"@type":"BreadcrumbList","@id":"https:\/\/poblenouurbandistrict.com\/ca\/poblenou-open-day-art-i-creativitat\/#breadcrumb","itemListElement":[{"@type":"ListItem","position":1,"name":"Home","item":"https:\/\/poblenouurbandistrict.com\/ca\/"},{"@type":"ListItem","position":2,"name":"Poblenou Open Day: Art i creativitat"}]},{"@type":"WebSite","@id":"https:\/\/poblenouurbandistrict.com\/ca\/#website","url":"https:\/\/poblenouurbandistrict.com\/ca\/","name":"Poblenou Urban District","description":"Comunitat Creativa","potentialAction":[{"@type":"SearchAction","target":{"@type":"EntryPoint","urlTemplate":"https:\/\/poblenouurbandistrict.com\/ca\/?s={search_term_string}"},"query-input":{"@type":"PropertyValueSpecification","valueRequired":true,"valueName":"search_term_string"}}],"inLanguage":"ca"},{"@type":"Person","@id":"https:\/\/poblenouurbandistrict.com\/#\/schema\/person\/980a2cf34b399d5218205730acd54a7e","name":"pnud","image":{"@type":"ImageObject","inLanguage":"ca","@id":"https:\/\/secure.gravatar.com\/avatar\/67146597b405ee077a24e519f75c3e2031736596d6ce35af3a34c122c93d0d7b?s=96&d=retro&r=g","url":"https:\/\/secure.gravatar.com\/avatar\/67146597b405ee077a24e519f75c3e2031736596d6ce35af3a34c122c93d0d7b?s=96&d=retro&r=g","contentUrl":"https:\/\/secure.gravatar.com\/avatar\/67146597b405ee077a24e519f75c3e2031736596d6ce35af3a34c122c93d0d7b?s=96&d=retro&r=g","caption":"pnud"}}]}},"_links":{"self":[{"href":"https:\/\/poblenouurbandistrict.com\/ca\/wp-json\/wp\/v2\/posts\/22431","targetHints":{"allow":["GET"]}}],"collection":[{"href":"https:\/\/poblenouurbandistrict.com\/ca\/wp-json\/wp\/v2\/posts"}],"about":[{"href":"https:\/\/poblenouurbandistrict.com\/ca\/wp-json\/wp\/v2\/types\/post"}],"author":[{"embeddable":true,"href":"https:\/\/poblenouurbandistrict.com\/ca\/wp-json\/wp\/v2\/users\/5"}],"replies":[{"embeddable":true,"href":"https:\/\/poblenouurbandistrict.com\/ca\/wp-json\/wp\/v2\/comments?post=22431"}],"version-history":[{"count":6,"href":"https:\/\/poblenouurbandistrict.com\/ca\/wp-json\/wp\/v2\/posts\/22431\/revisions"}],"predecessor-version":[{"id":22654,"href":"https:\/\/poblenouurbandistrict.com\/ca\/wp-json\/wp\/v2\/posts\/22431\/revisions\/22654"}],"wp:featuredmedia":[{"embeddable":true,"href":"https:\/\/poblenouurbandistrict.com\/ca\/wp-json\/wp\/v2\/media\/22364"}],"wp:attachment":[{"href":"https:\/\/poblenouurbandistrict.com\/ca\/wp-json\/wp\/v2\/media?parent=22431"}],"wp:term":[{"taxonomy":"category","embeddable":true,"href":"https:\/\/poblenouurbandistrict.com\/ca\/wp-json\/wp\/v2\/categories?post=22431"},{"taxonomy":"post_tag","embeddable":true,"href":"https:\/\/poblenouurbandistrict.com\/ca\/wp-json\/wp\/v2\/tags?post=22431"}],"curies":[{"name":"wp","href":"https:\/\/api.w.org\/{rel}","templated":true}]}}