{"id":22498,"date":"2021-03-06T12:20:49","date_gmt":"2021-03-06T11:20:49","guid":{"rendered":"https:\/\/poblenouurbandistrict.com\/?p=22498"},"modified":"2021-05-14T08:56:33","modified_gmt":"2021-05-14T06:56:33","slug":"urban-talks-impacte-de-la-cultura-i-la-creativitats","status":"publish","type":"post","link":"https:\/\/poblenouurbandistrict.com\/ca\/urban-talks-impacte-de-la-cultura-i-la-creativitats\/","title":{"rendered":"L&#8217;impacte de la cultura i la creativitat"},"content":{"rendered":"<p>Les Urban Talks s\u00f3n un cicle de xerrades itinerants que tenen com a objectiu obrir un debat amb la ciutadania sobre la cultura i la creativitat en relaci\u00f3 a l&#8217;entorn urb\u00e0 i que formen part del projecte <a href=\"https:\/\/www.udaf.site\/\"><span style=\"text-decoration: underline;\"><strong>Urban District Arts Festival (UDAF)<\/strong><\/span><\/a>.<\/p>\n<p>La present edici\u00f3 est\u00e0 organitzada per <strong>Poblenou Urban District<\/strong>, <a href=\"https:\/\/fablabbcn.org\/\"><strong>Fab Lab Barcelona<\/strong><\/a> a l&#8217;<a href=\"https:\/\/iaac.net\/\"><strong>IAAC<\/strong><\/a>, <a href=\"http:\/\/laplataformabcn.com\/laplataformabcn.html\"><strong>La Plataforma<\/strong><\/a>, <a href=\"http:\/\/litwstudio.com\/\"><strong>Life In The Woods<\/strong><\/a>, compten amb el suport de el projecte europeu H2020 <a href=\"https:\/\/centrinno.eu\/\"><strong>CENTRINNO<\/strong><\/a> i amb la <a href=\"https:\/\/www.paloalto.barcelona\/\"><strong>Fundaci\u00f3 Palo Alto<\/strong><\/a> com venue partner.<\/p>\n<p>Sota el t\u00edtol general de &#8216;L&#8217;impacte de la cultura i la creativitat&#8217; comptarem amb tres taules rodones que giraran entorn a temes interconnectats que afecten les principals urbs del m\u00f3n, com s\u00f3n l&#8217;economia circular i les seves aplicacions pr\u00e0ctiques en els camps de la cultura i la creativitat, la recuperaci\u00f3 i usos del patrimoni en les antigues zones industrials i els reptes derivats dels processos de gentrificaci\u00f3 i la recerca de solucions i elements d&#8217;harmonitzaci\u00f3.<\/p>\n<p><img loading=\"lazy\" decoding=\"async\" class=\"size-medium wp-image-22336 aligncenter\" src=\"https:\/\/media.poblenouurbandistrict.com\/2021\/04\/25035951\/urbantalks2020-09-620x414.jpeg\" alt=\"\" width=\"620\" height=\"414\" \/><\/p>\n<p><span style=\"text-decoration: underline;\"><strong>Aquestes primeres Urban Talks de 2021 se celebraran el 15 de maig en el marc de Poblenou Open Day<\/strong><\/span>, una jornada on la comunitat creativa del Poblenou Urban District obre els seus espais oferint una programaci\u00f3 variada, aix\u00ed com tamb\u00e9 <strong>formaran part de la programaci\u00f3 de la &#8216;<a href=\"https:\/\/www.barcelona.cat\/setmanadarquitectura\/\">Setmana d&#8217;Arquitectura 2021<\/a>&#8216;de Barcelona<\/strong>.<\/p>\n<hr \/>\n<h2><span style=\"text-decoration: underline;\"><b>TALK #1 \/ Horari 11h-12:30h<\/b><\/span><\/h2>\n<p><strong>Introducci\u00f3 projecte H2020 CENTRINNO<br \/>\n<\/strong><strong>Participants #TALK 1:<\/strong><\/p>\n<p><span style=\"font-weight: 400;\">Pablo Mu\u00f1oz Unceta (Moderador)\u27f6 <\/span><span style=\"font-weight: 400;\">Maite Ard\u00e8vol &#8211; L\u00edder d&#8217;Economia Circular i Sostenibilitat d&#8217;ACCI\u00d3 (Generalitat de Catalunya)<\/span><span style=\"font-weight: 400;\"> \u27f6 <\/span><span style=\"font-weight: 400;\">Adriana Sanz Mirabal &#8211; Experta en Economia Circular d&#8217;In\u00e8dit Innova (Circular business, cities &amp; regions)<\/span><span style=\"font-weight: 400;\"> \u27f6 <\/span><span style=\"font-weight: 400;\">Nada Tozija &#8211; Cofundadora i Coordinadora de Transfolab<\/span><\/p>\n<h2><span style=\"text-decoration: underline;\"><b>TALK #2 \/ Horari 12:45-13:45<\/b><\/span><\/h2>\n<p><strong>La recuperaci\u00f3 del patrimoni industrial<br \/>\n<\/strong><strong>Participants #TALK 2:<\/strong><\/p>\n<p><span style=\"font-weight: 400;\">Laura Sangr\u00e0 (Moderadora) \u27f6 Lluis Torrents (Codirector\u00a0 gerent de Razzmatazz) \u27f6 Daniel Romeo (Director de Fundaci\u00f3 Palo Alto) \u27f6 Antoni Vilanova (Arquitecte i expert en rehabilitaci\u00f3 industrial)<\/span><\/p>\n<h2><span style=\"text-decoration: underline;\"><b>TALK #3 \/ Horari 14:00-15:00<\/b><\/span><\/h2>\n<p><strong>Els reptes de la gentrificaci\u00f3<br \/>\n<\/strong><strong>Participants TALK #3:<\/strong><\/p>\n<p><span style=\"font-weight: 400;\">Laura Sangr\u00e0 (Moderadora) \u27f6 <\/span><span style=\"font-weight: 400;\">Salvador Clar\u00f3s (T\u00e8cnic de pol\u00edtica industrial de CCOO de Catalunya i membre del moviment ve\u00efnal de Poblenou)<\/span><span style=\"font-weight: 400;\"> \u27f6 Montserrat Pareja-Eastaway (<\/span><span style=\"font-weight: 400;\">Vicepresidenta d&#8217;ENHR, Coordinadora del RGCS i professora de la UB) <\/span><span style=\"font-weight: 400;\">\u27f6 Jordi Callej\u00f3n (Coordinador de projectes de la Taula Eix Pere IV)<\/span><\/p>\n<h1 style=\"text-align: center;\"><a href=\"https:\/\/www.eventbrite.es\/e\/entradas-urban-talks-2021-153558011145\"><span style=\"text-decoration: underline;\"><strong>Reserva la teva entrada a trav\u00e9s del seg\u00fcent enlla\u00e7<\/strong><\/span><\/a><\/h1>\n<p><\/p>","protected":false},"excerpt":{"rendered":"<p>Les Urban Talks s\u00f3n un cicle de xerrades itinerants que tenen com a objectiu obrir un debat amb la ciutadania&#8230; <a href=\"https:\/\/poblenouurbandistrict.com\/ca\/urban-talks-impacte-de-la-cultura-i-la-creativitats\/\">M\u00e9s  \u2192<\/a><\/p>\n","protected":false},"author":5,"featured_media":22600,"comment_status":"closed","ping_status":"closed","sticky":false,"template":"","format":"standard","meta":{"_acf_changed":false,"footnotes":""},"categories":[3429],"tags":[3436,16,53,3409,1264],"class_list":["post-22498","post","type-post","status-publish","format-standard","has-post-thumbnail","hentry","category-urban-talks","tag-debat","tag-poblenou","tag-poblenou-urban-district","tag-urban-talks","tag-xerrades"],"acf":[],"yoast_head":"<!-- This site is optimized with the Yoast SEO plugin v27.4 - https:\/\/yoast.com\/product\/yoast-seo-wordpress\/ -->\n<title>L&#039;impacte de la cultura i la creativitat<\/title>\n<meta name=\"description\" content=\"Les Urban Talks s\u00f3n un cicle de xerrades que tenen com a objectiu obrir un debat amb la ciutadania sobre la cultura i la creativitat.\" \/>\n<meta name=\"robots\" content=\"index, follow, max-snippet:-1, max-image-preview:large, max-video-preview:-1\" \/>\n<link rel=\"canonical\" href=\"https:\/\/poblenouurbandistrict.com\/ca\/urban-talks-impacte-de-la-cultura-i-la-creativitats\/\" \/>\n<meta property=\"og:locale\" content=\"ca_ES\" \/>\n<meta property=\"og:type\" content=\"article\" \/>\n<meta property=\"og:title\" content=\"L&#039;impacte de la cultura i la creativitat\" \/>\n<meta property=\"og:description\" content=\"Les Urban Talks s\u00f3n un cicle de xerrades que tenen com a objectiu obrir un debat amb la ciutadania sobre la cultura i la creativitat.\" \/>\n<meta property=\"og:url\" content=\"https:\/\/poblenouurbandistrict.com\/ca\/urban-talks-impacte-de-la-cultura-i-la-creativitats\/\" \/>\n<meta property=\"og:site_name\" content=\"Poblenou Urban District\" \/>\n<meta property=\"article:published_time\" content=\"2021-03-06T11:20:49+00:00\" \/>\n<meta property=\"article:modified_time\" content=\"2021-05-14T06:56:33+00:00\" \/>\n<meta property=\"og:image\" content=\"https:\/\/poblenouurbandistrict.com\/wp-content\/uploads\/2021\/03\/urbantalks-web-cas.jpg\" \/>\n\t<meta property=\"og:image:width\" content=\"690\" \/>\n\t<meta property=\"og:image:height\" content=\"430\" \/>\n\t<meta property=\"og:image:type\" content=\"image\/jpeg\" \/>\n<meta name=\"author\" content=\"pnud\" \/>\n<meta name=\"twitter:card\" content=\"summary_large_image\" \/>\n<meta name=\"twitter:label1\" content=\"Escrit per\" \/>\n\t<meta name=\"twitter:data1\" content=\"pnud\" \/>\n\t<meta name=\"twitter:label2\" content=\"Temps estimat de lectura\" \/>\n\t<meta name=\"twitter:data2\" content=\"6 minuts\" \/>\n<script type=\"application\/ld+json\" class=\"yoast-schema-graph\">{\"@context\":\"https:\\\/\\\/schema.org\",\"@graph\":[{\"@type\":\"Article\",\"@id\":\"https:\\\/\\\/poblenouurbandistrict.com\\\/urban-talks-impacte-de-la-cultura-i-la-creativitats\\\/#article\",\"isPartOf\":{\"@id\":\"https:\\\/\\\/poblenouurbandistrict.com\\\/urban-talks-impacte-de-la-cultura-i-la-creativitats\\\/\"},\"author\":{\"name\":\"pnud\",\"@id\":\"https:\\\/\\\/poblenouurbandistrict.com\\\/#\\\/schema\\\/person\\\/980a2cf34b399d5218205730acd54a7e\"},\"headline\":\"L&#8217;impacte de la cultura i la creativitat\",\"datePublished\":\"2021-03-06T11:20:49+00:00\",\"dateModified\":\"2021-05-14T06:56:33+00:00\",\"mainEntityOfPage\":{\"@id\":\"https:\\\/\\\/poblenouurbandistrict.com\\\/urban-talks-impacte-de-la-cultura-i-la-creativitats\\\/\"},\"wordCount\":1184,\"image\":{\"@id\":\"https:\\\/\\\/poblenouurbandistrict.com\\\/urban-talks-impacte-de-la-cultura-i-la-creativitats\\\/#primaryimage\"},\"thumbnailUrl\":\"https:\\\/\\\/media.poblenouurbandistrict.com\\\/2021\\\/03\\\/25040240\\\/urbantalks-web-cas.jpg\",\"keywords\":[\"debat\",\"Poblenou\",\"Poblenou Urban District\",\"Urban Talks\",\"xerrades\"],\"articleSection\":[\"Urban Talks\"],\"inLanguage\":\"ca\"},{\"@type\":\"WebPage\",\"@id\":\"https:\\\/\\\/poblenouurbandistrict.com\\\/ca\\\/urban-talks-impacte-de-la-cultura-i-la-creativitats\\\/\",\"url\":\"https:\\\/\\\/poblenouurbandistrict.com\\\/ca\\\/urban-talks-impacte-de-la-cultura-i-la-creativitats\\\/\",\"name\":\"L'impacte de la cultura i la creativitat\",\"isPartOf\":{\"@id\":\"https:\\\/\\\/poblenouurbandistrict.com\\\/ca\\\/#website\"},\"primaryImageOfPage\":{\"@id\":\"https:\\\/\\\/poblenouurbandistrict.com\\\/ca\\\/urban-talks-impacte-de-la-cultura-i-la-creativitats\\\/#primaryimage\"},\"image\":{\"@id\":\"https:\\\/\\\/poblenouurbandistrict.com\\\/urban-talks-impacte-de-la-cultura-i-la-creativitats\\\/#primaryimage\"},\"thumbnailUrl\":\"https:\\\/\\\/media.poblenouurbandistrict.com\\\/2021\\\/03\\\/25040240\\\/urbantalks-web-cas.jpg\",\"datePublished\":\"2021-03-06T11:20:49+00:00\",\"dateModified\":\"2021-05-14T06:56:33+00:00\",\"author\":{\"@id\":\"https:\\\/\\\/poblenouurbandistrict.com\\\/#\\\/schema\\\/person\\\/980a2cf34b399d5218205730acd54a7e\"},\"description\":\"Les Urban Talks s\u00f3n un cicle de xerrades que tenen com a objectiu obrir un debat amb la ciutadania sobre la cultura i la creativitat.\",\"breadcrumb\":{\"@id\":\"https:\\\/\\\/poblenouurbandistrict.com\\\/ca\\\/urban-talks-impacte-de-la-cultura-i-la-creativitats\\\/#breadcrumb\"},\"inLanguage\":\"ca\",\"potentialAction\":[{\"@type\":\"ReadAction\",\"target\":[[\"https:\\\/\\\/poblenouurbandistrict.com\\\/ca\\\/urban-talks-impacte-de-la-cultura-i-la-creativitats\\\/\"]]}]},{\"@type\":\"ImageObject\",\"inLanguage\":\"ca\",\"@id\":\"https:\\\/\\\/poblenouurbandistrict.com\\\/ca\\\/urban-talks-impacte-de-la-cultura-i-la-creativitats\\\/#primaryimage\",\"url\":\"https:\\\/\\\/media.poblenouurbandistrict.com\\\/2021\\\/03\\\/25040240\\\/urbantalks-web-cas.jpg\",\"contentUrl\":\"https:\\\/\\\/media.poblenouurbandistrict.com\\\/2021\\\/03\\\/25040240\\\/urbantalks-web-cas.jpg\",\"width\":690,\"height\":430},{\"@type\":\"BreadcrumbList\",\"@id\":\"https:\\\/\\\/poblenouurbandistrict.com\\\/ca\\\/urban-talks-impacte-de-la-cultura-i-la-creativitats\\\/#breadcrumb\",\"itemListElement\":[{\"@type\":\"ListItem\",\"position\":1,\"name\":\"Home\",\"item\":\"https:\\\/\\\/poblenouurbandistrict.com\\\/ca\\\/\"},{\"@type\":\"ListItem\",\"position\":2,\"name\":\"L&#8217;impacte de la cultura i la creativitat\"}]},{\"@type\":\"WebSite\",\"@id\":\"https:\\\/\\\/poblenouurbandistrict.com\\\/ca\\\/#website\",\"url\":\"https:\\\/\\\/poblenouurbandistrict.com\\\/ca\\\/\",\"name\":\"Poblenou Urban District\",\"description\":\"Comunitat Creativa\",\"potentialAction\":[{\"@type\":\"SearchAction\",\"target\":{\"@type\":\"EntryPoint\",\"urlTemplate\":\"https:\\\/\\\/poblenouurbandistrict.com\\\/ca\\\/?s={search_term_string}\"},\"query-input\":{\"@type\":\"PropertyValueSpecification\",\"valueRequired\":true,\"valueName\":\"search_term_string\"}}],\"inLanguage\":\"ca\"},{\"@type\":\"Person\",\"@id\":\"https:\\\/\\\/poblenouurbandistrict.com\\\/#\\\/schema\\\/person\\\/980a2cf34b399d5218205730acd54a7e\",\"name\":\"pnud\",\"image\":{\"@type\":\"ImageObject\",\"inLanguage\":\"ca\",\"@id\":\"https:\\\/\\\/secure.gravatar.com\\\/avatar\\\/67146597b405ee077a24e519f75c3e2031736596d6ce35af3a34c122c93d0d7b?s=96&d=retro&r=g\",\"url\":\"https:\\\/\\\/secure.gravatar.com\\\/avatar\\\/67146597b405ee077a24e519f75c3e2031736596d6ce35af3a34c122c93d0d7b?s=96&d=retro&r=g\",\"contentUrl\":\"https:\\\/\\\/secure.gravatar.com\\\/avatar\\\/67146597b405ee077a24e519f75c3e2031736596d6ce35af3a34c122c93d0d7b?s=96&d=retro&r=g\",\"caption\":\"pnud\"}}]}<\/script>\n<!-- \/ Yoast SEO plugin. -->","yoast_head_json":{"title":"L'impacte de la cultura i la creativitat","description":"Les Urban Talks s\u00f3n un cicle de xerrades que tenen com a objectiu obrir un debat amb la ciutadania sobre la cultura i la creativitat.","robots":{"index":"index","follow":"follow","max-snippet":"max-snippet:-1","max-image-preview":"max-image-preview:large","max-video-preview":"max-video-preview:-1"},"canonical":"https:\/\/poblenouurbandistrict.com\/ca\/urban-talks-impacte-de-la-cultura-i-la-creativitats\/","og_locale":"ca_ES","og_type":"article","og_title":"L'impacte de la cultura i la creativitat","og_description":"Les Urban Talks s\u00f3n un cicle de xerrades que tenen com a objectiu obrir un debat amb la ciutadania sobre la cultura i la creativitat.","og_url":"https:\/\/poblenouurbandistrict.com\/ca\/urban-talks-impacte-de-la-cultura-i-la-creativitats\/","og_site_name":"Poblenou Urban District","article_published_time":"2021-03-06T11:20:49+00:00","article_modified_time":"2021-05-14T06:56:33+00:00","og_image":[{"width":690,"height":430,"url":"https:\/\/poblenouurbandistrict.com\/wp-content\/uploads\/2021\/03\/urbantalks-web-cas.jpg","type":"image\/jpeg"}],"author":"pnud","twitter_card":"summary_large_image","twitter_misc":{"Escrit per":"pnud","Temps estimat de lectura":"6 minuts"},"schema":{"@context":"https:\/\/schema.org","@graph":[{"@type":"Article","@id":"https:\/\/poblenouurbandistrict.com\/urban-talks-impacte-de-la-cultura-i-la-creativitats\/#article","isPartOf":{"@id":"https:\/\/poblenouurbandistrict.com\/urban-talks-impacte-de-la-cultura-i-la-creativitats\/"},"author":{"name":"pnud","@id":"https:\/\/poblenouurbandistrict.com\/#\/schema\/person\/980a2cf34b399d5218205730acd54a7e"},"headline":"L&#8217;impacte de la cultura i la creativitat","datePublished":"2021-03-06T11:20:49+00:00","dateModified":"2021-05-14T06:56:33+00:00","mainEntityOfPage":{"@id":"https:\/\/poblenouurbandistrict.com\/urban-talks-impacte-de-la-cultura-i-la-creativitats\/"},"wordCount":1184,"image":{"@id":"https:\/\/poblenouurbandistrict.com\/urban-talks-impacte-de-la-cultura-i-la-creativitats\/#primaryimage"},"thumbnailUrl":"https:\/\/media.poblenouurbandistrict.com\/2021\/03\/25040240\/urbantalks-web-cas.jpg","keywords":["debat","Poblenou","Poblenou Urban District","Urban Talks","xerrades"],"articleSection":["Urban Talks"],"inLanguage":"ca"},{"@type":"WebPage","@id":"https:\/\/poblenouurbandistrict.com\/ca\/urban-talks-impacte-de-la-cultura-i-la-creativitats\/","url":"https:\/\/poblenouurbandistrict.com\/ca\/urban-talks-impacte-de-la-cultura-i-la-creativitats\/","name":"L'impacte de la cultura i la creativitat","isPartOf":{"@id":"https:\/\/poblenouurbandistrict.com\/ca\/#website"},"primaryImageOfPage":{"@id":"https:\/\/poblenouurbandistrict.com\/ca\/urban-talks-impacte-de-la-cultura-i-la-creativitats\/#primaryimage"},"image":{"@id":"https:\/\/poblenouurbandistrict.com\/urban-talks-impacte-de-la-cultura-i-la-creativitats\/#primaryimage"},"thumbnailUrl":"https:\/\/media.poblenouurbandistrict.com\/2021\/03\/25040240\/urbantalks-web-cas.jpg","datePublished":"2021-03-06T11:20:49+00:00","dateModified":"2021-05-14T06:56:33+00:00","author":{"@id":"https:\/\/poblenouurbandistrict.com\/#\/schema\/person\/980a2cf34b399d5218205730acd54a7e"},"description":"Les Urban Talks s\u00f3n un cicle de xerrades que tenen com a objectiu obrir un debat amb la ciutadania sobre la cultura i la creativitat.","breadcrumb":{"@id":"https:\/\/poblenouurbandistrict.com\/ca\/urban-talks-impacte-de-la-cultura-i-la-creativitats\/#breadcrumb"},"inLanguage":"ca","potentialAction":[{"@type":"ReadAction","target":[["https:\/\/poblenouurbandistrict.com\/ca\/urban-talks-impacte-de-la-cultura-i-la-creativitats\/"]]}]},{"@type":"ImageObject","inLanguage":"ca","@id":"https:\/\/poblenouurbandistrict.com\/ca\/urban-talks-impacte-de-la-cultura-i-la-creativitats\/#primaryimage","url":"https:\/\/media.poblenouurbandistrict.com\/2021\/03\/25040240\/urbantalks-web-cas.jpg","contentUrl":"https:\/\/media.poblenouurbandistrict.com\/2021\/03\/25040240\/urbantalks-web-cas.jpg","width":690,"height":430},{"@type":"BreadcrumbList","@id":"https:\/\/poblenouurbandistrict.com\/ca\/urban-talks-impacte-de-la-cultura-i-la-creativitats\/#breadcrumb","itemListElement":[{"@type":"ListItem","position":1,"name":"Home","item":"https:\/\/poblenouurbandistrict.com\/ca\/"},{"@type":"ListItem","position":2,"name":"L&#8217;impacte de la cultura i la creativitat"}]},{"@type":"WebSite","@id":"https:\/\/poblenouurbandistrict.com\/ca\/#website","url":"https:\/\/poblenouurbandistrict.com\/ca\/","name":"Poblenou Urban District","description":"Comunitat Creativa","potentialAction":[{"@type":"SearchAction","target":{"@type":"EntryPoint","urlTemplate":"https:\/\/poblenouurbandistrict.com\/ca\/?s={search_term_string}"},"query-input":{"@type":"PropertyValueSpecification","valueRequired":true,"valueName":"search_term_string"}}],"inLanguage":"ca"},{"@type":"Person","@id":"https:\/\/poblenouurbandistrict.com\/#\/schema\/person\/980a2cf34b399d5218205730acd54a7e","name":"pnud","image":{"@type":"ImageObject","inLanguage":"ca","@id":"https:\/\/secure.gravatar.com\/avatar\/67146597b405ee077a24e519f75c3e2031736596d6ce35af3a34c122c93d0d7b?s=96&d=retro&r=g","url":"https:\/\/secure.gravatar.com\/avatar\/67146597b405ee077a24e519f75c3e2031736596d6ce35af3a34c122c93d0d7b?s=96&d=retro&r=g","contentUrl":"https:\/\/secure.gravatar.com\/avatar\/67146597b405ee077a24e519f75c3e2031736596d6ce35af3a34c122c93d0d7b?s=96&d=retro&r=g","caption":"pnud"}}]}},"_links":{"self":[{"href":"https:\/\/poblenouurbandistrict.com\/ca\/wp-json\/wp\/v2\/posts\/22498","targetHints":{"allow":["GET"]}}],"collection":[{"href":"https:\/\/poblenouurbandistrict.com\/ca\/wp-json\/wp\/v2\/posts"}],"about":[{"href":"https:\/\/poblenouurbandistrict.com\/ca\/wp-json\/wp\/v2\/types\/post"}],"author":[{"embeddable":true,"href":"https:\/\/poblenouurbandistrict.com\/ca\/wp-json\/wp\/v2\/users\/5"}],"replies":[{"embeddable":true,"href":"https:\/\/poblenouurbandistrict.com\/ca\/wp-json\/wp\/v2\/comments?post=22498"}],"version-history":[{"count":8,"href":"https:\/\/poblenouurbandistrict.com\/ca\/wp-json\/wp\/v2\/posts\/22498\/revisions"}],"predecessor-version":[{"id":22646,"href":"https:\/\/poblenouurbandistrict.com\/ca\/wp-json\/wp\/v2\/posts\/22498\/revisions\/22646"}],"wp:featuredmedia":[{"embeddable":true,"href":"https:\/\/poblenouurbandistrict.com\/ca\/wp-json\/wp\/v2\/media\/22600"}],"wp:attachment":[{"href":"https:\/\/poblenouurbandistrict.com\/ca\/wp-json\/wp\/v2\/media?parent=22498"}],"wp:term":[{"taxonomy":"category","embeddable":true,"href":"https:\/\/poblenouurbandistrict.com\/ca\/wp-json\/wp\/v2\/categories?post=22498"},{"taxonomy":"post_tag","embeddable":true,"href":"https:\/\/poblenouurbandistrict.com\/ca\/wp-json\/wp\/v2\/tags?post=22498"}],"curies":[{"name":"wp","href":"https:\/\/api.w.org\/{rel}","templated":true}]}}