{"id":22537,"date":"2021-03-06T13:12:10","date_gmt":"2021-03-06T12:12:10","guid":{"rendered":"https:\/\/poblenouurbandistrict.com\/?p=22537"},"modified":"2021-05-12T13:54:50","modified_gmt":"2021-05-12T11:54:50","slug":"wac-21-solar-pujades-64-66","status":"publish","type":"post","link":"https:\/\/poblenouurbandistrict.com\/ca\/wac-21-solar-pujades-64-66\/","title":{"rendered":"WAC 2021 &#8216;Solar Pujades 64-66&#8217;"},"content":{"rendered":"<p><span style=\"font-weight: 400;\">Al solar del carrer Pujades 64-66 hi haur\u00e0 <\/span><b>intervencions murals<\/b><span style=\"font-weight: 400;\"> en directe. Els artistes que hi participen comen\u00e7aran a pintar en els seus m\u00f2duls a partir del dilluns 10 de maig. En ser un espai de l\u2019Ajuntament, durant el Poblenou Open Day nom\u00e9s hi podran accedir els artistes. Estar\u00e0 delimitat perimetralment per\u00f2 les actuacions a les dues parets es podran veure perfectament.<\/span><\/p>\n<p><span style=\"font-weight: 400;\">Aqu\u00ed teniu la llista dels artistes que hi participaran:<\/span><\/p>\n<p><a href=\"https:\/\/www.instagram.com\/bcnpasteup\/\"><b>BarcelonaPasteUp<\/b><\/a><\/p>\n<p><a href=\"https:\/\/www.instagram.com\/eloisegillow\/\"><b>Eloise Gillow<\/b><\/a><\/p>\n<p><a href=\"https:\/\/www.instagram.com\/asispercales\/\"><b>Asis Percales<\/b><\/a><\/p>\n<p><a href=\"https:\/\/www.instagram.com\/allanhalley\/\"><b>Allan Halley<\/b><\/a><\/p>\n<p><a href=\"https:\/\/www.instagram.com\/rata_con_corbata\/\"><b>Rata con corbata<\/b><\/a><\/p>\n<p><a href=\"https:\/\/www.instagram.com\/m.votto\/\"><b>Votto<\/b><\/a><\/p>\n<p><a href=\"https:\/\/www.instagram.com\/wedo_goas\/\"><b>WEDO<\/b><\/a><\/p>\n<p><a href=\"https:\/\/www.instagram.com\/noquedatinte\/\"><b>No queda Tinte<\/b><\/a><\/p>\n<p><a href=\"https:\/\/www.instagram.com\/margalef.co\/\"><b>Margalef<\/b><\/a><\/p>\n<p><span style=\"font-weight: 400;\">Podeu veure tota la resta d\u2019activitats del Windows Art Circuit en<\/span><a href=\"https:\/\/poblenouurbandistrict.com\/windows-art-circuit\/\"> <b>aquest enlla\u00e7<\/b><\/a><span style=\"font-weight: 400;\">.<\/span><\/p>","protected":false},"excerpt":{"rendered":"<p>Al solar del carrer Pujades 64-66 hi haur\u00e0 intervencions murals en directe. Els artistes que hi participen comen\u00e7aran a pintar&#8230; <a href=\"https:\/\/poblenouurbandistrict.com\/ca\/wac-21-solar-pujades-64-66\/\">M\u00e9s  \u2192<\/a><\/p>\n","protected":false},"author":5,"featured_media":22539,"comment_status":"closed","ping_status":"closed","sticky":false,"template":"","format":"standard","meta":{"_acf_changed":false,"footnotes":""},"categories":[3364],"tags":[657,2945,2946],"class_list":["post-22537","post","type-post","status-publish","format-standard","has-post-thumbnail","hentry","category-poblenou-urban-district","tag-poblenou-open-day","tag-wac","tag-windows-art-circuit"],"acf":[],"yoast_head":"<!-- This site is optimized with the Yoast SEO plugin v27.5 - https:\/\/yoast.com\/product\/yoast-seo-wordpress\/ -->\n<title>WAC 2021 &#039;Solar Pujades 64-66&#039; &#8211; Poblenou Urban District<\/title>\n<meta name=\"description\" content=\"Al solar del carrer Pujades 64-66 hi haur\u00e0 intervencions murals en directe. Els artistes comen\u00e7aran a pintar a partir del dilluns 10 de maig.\" \/>\n<meta name=\"robots\" content=\"index, follow, max-snippet:-1, max-image-preview:large, max-video-preview:-1\" \/>\n<link rel=\"canonical\" href=\"https:\/\/poblenouurbandistrict.com\/ca\/wac-21-solar-pujades-64-66\/\" \/>\n<meta property=\"og:locale\" content=\"ca_ES\" \/>\n<meta property=\"og:type\" content=\"article\" \/>\n<meta property=\"og:title\" content=\"WAC 2021 &#039;Solar Pujades 64-66&#039; &#8211; Poblenou Urban District\" \/>\n<meta property=\"og:description\" content=\"Al solar del carrer Pujades 64-66 hi haur\u00e0 intervencions murals en directe. Els artistes comen\u00e7aran a pintar a partir del dilluns 10 de maig.\" \/>\n<meta property=\"og:url\" content=\"https:\/\/poblenouurbandistrict.com\/ca\/wac-21-solar-pujades-64-66\/\" \/>\n<meta property=\"og:site_name\" content=\"Poblenou Urban District\" \/>\n<meta property=\"article:published_time\" content=\"2021-03-06T12:12:10+00:00\" \/>\n<meta property=\"article:modified_time\" content=\"2021-05-12T11:54:50+00:00\" \/>\n<meta property=\"og:image\" content=\"https:\/\/poblenouurbandistrict.com\/wp-content\/uploads\/2021\/05\/img12.jpg\" \/>\n\t<meta property=\"og:image:width\" content=\"1901\" \/>\n\t<meta property=\"og:image:height\" content=\"1452\" \/>\n\t<meta property=\"og:image:type\" content=\"image\/jpeg\" \/>\n<meta name=\"author\" content=\"pnud\" \/>\n<meta name=\"twitter:card\" content=\"summary_large_image\" \/>\n<meta name=\"twitter:label1\" content=\"Escrit per\" \/>\n\t<meta name=\"twitter:data1\" content=\"pnud\" \/>\n\t<meta name=\"twitter:label2\" content=\"Temps estimat de lectura\" \/>\n\t<meta name=\"twitter:data2\" content=\"2 minuts\" \/>\n<script type=\"application\/ld+json\" class=\"yoast-schema-graph\">{\"@context\":\"https:\\\/\\\/schema.org\",\"@graph\":[{\"@type\":\"Article\",\"@id\":\"https:\\\/\\\/poblenouurbandistrict.com\\\/wac-21-solar-pujades-64-66\\\/#article\",\"isPartOf\":{\"@id\":\"https:\\\/\\\/poblenouurbandistrict.com\\\/wac-21-solar-pujades-64-66\\\/\"},\"author\":{\"name\":\"pnud\",\"@id\":\"https:\\\/\\\/poblenouurbandistrict.com\\\/#\\\/schema\\\/person\\\/980a2cf34b399d5218205730acd54a7e\"},\"headline\":\"WAC 2021 &#8216;Solar Pujades 64-66&#8217;\",\"datePublished\":\"2021-03-06T12:12:10+00:00\",\"dateModified\":\"2021-05-12T11:54:50+00:00\",\"mainEntityOfPage\":{\"@id\":\"https:\\\/\\\/poblenouurbandistrict.com\\\/wac-21-solar-pujades-64-66\\\/\"},\"wordCount\":323,\"image\":{\"@id\":\"https:\\\/\\\/poblenouurbandistrict.com\\\/wac-21-solar-pujades-64-66\\\/#primaryimage\"},\"thumbnailUrl\":\"https:\\\/\\\/media.poblenouurbandistrict.com\\\/2021\\\/05\\\/25040219\\\/img12.jpg\",\"keywords\":[\"poblenou open day\",\"WAC\",\"Windows Art Circuit\"],\"articleSection\":[\"Poblenou Urban District\"],\"inLanguage\":\"ca\"},{\"@type\":\"WebPage\",\"@id\":\"https:\\\/\\\/poblenouurbandistrict.com\\\/ca\\\/wac-21-solar-pujades-64-66\\\/\",\"url\":\"https:\\\/\\\/poblenouurbandistrict.com\\\/ca\\\/wac-21-solar-pujades-64-66\\\/\",\"name\":\"WAC 2021 'Solar Pujades 64-66' &#8211; Poblenou Urban District\",\"isPartOf\":{\"@id\":\"https:\\\/\\\/poblenouurbandistrict.com\\\/ca\\\/#website\"},\"primaryImageOfPage\":{\"@id\":\"https:\\\/\\\/poblenouurbandistrict.com\\\/ca\\\/wac-21-solar-pujades-64-66\\\/#primaryimage\"},\"image\":{\"@id\":\"https:\\\/\\\/poblenouurbandistrict.com\\\/wac-21-solar-pujades-64-66\\\/#primaryimage\"},\"thumbnailUrl\":\"https:\\\/\\\/media.poblenouurbandistrict.com\\\/2021\\\/05\\\/25040219\\\/img12.jpg\",\"datePublished\":\"2021-03-06T12:12:10+00:00\",\"dateModified\":\"2021-05-12T11:54:50+00:00\",\"author\":{\"@id\":\"https:\\\/\\\/poblenouurbandistrict.com\\\/#\\\/schema\\\/person\\\/980a2cf34b399d5218205730acd54a7e\"},\"description\":\"Al solar del carrer Pujades 64-66 hi haur\u00e0 intervencions murals en directe. Els artistes comen\u00e7aran a pintar a partir del dilluns 10 de maig.\",\"breadcrumb\":{\"@id\":\"https:\\\/\\\/poblenouurbandistrict.com\\\/ca\\\/wac-21-solar-pujades-64-66\\\/#breadcrumb\"},\"inLanguage\":\"ca\",\"potentialAction\":[{\"@type\":\"ReadAction\",\"target\":[[\"https:\\\/\\\/poblenouurbandistrict.com\\\/ca\\\/wac-21-solar-pujades-64-66\\\/\"]]}]},{\"@type\":\"ImageObject\",\"inLanguage\":\"ca\",\"@id\":\"https:\\\/\\\/poblenouurbandistrict.com\\\/ca\\\/wac-21-solar-pujades-64-66\\\/#primaryimage\",\"url\":\"https:\\\/\\\/media.poblenouurbandistrict.com\\\/2021\\\/05\\\/25040219\\\/img12.jpg\",\"contentUrl\":\"https:\\\/\\\/media.poblenouurbandistrict.com\\\/2021\\\/05\\\/25040219\\\/img12.jpg\",\"width\":1901,\"height\":1452},{\"@type\":\"BreadcrumbList\",\"@id\":\"https:\\\/\\\/poblenouurbandistrict.com\\\/ca\\\/wac-21-solar-pujades-64-66\\\/#breadcrumb\",\"itemListElement\":[{\"@type\":\"ListItem\",\"position\":1,\"name\":\"Home\",\"item\":\"https:\\\/\\\/poblenouurbandistrict.com\\\/ca\\\/\"},{\"@type\":\"ListItem\",\"position\":2,\"name\":\"WAC 2021 &#8216;Solar Pujades 64-66&#8217;\"}]},{\"@type\":\"WebSite\",\"@id\":\"https:\\\/\\\/poblenouurbandistrict.com\\\/ca\\\/#website\",\"url\":\"https:\\\/\\\/poblenouurbandistrict.com\\\/ca\\\/\",\"name\":\"Poblenou Urban District\",\"description\":\"Comunitat Creativa\",\"potentialAction\":[{\"@type\":\"SearchAction\",\"target\":{\"@type\":\"EntryPoint\",\"urlTemplate\":\"https:\\\/\\\/poblenouurbandistrict.com\\\/ca\\\/?s={search_term_string}\"},\"query-input\":{\"@type\":\"PropertyValueSpecification\",\"valueRequired\":true,\"valueName\":\"search_term_string\"}}],\"inLanguage\":\"ca\"},{\"@type\":\"Person\",\"@id\":\"https:\\\/\\\/poblenouurbandistrict.com\\\/#\\\/schema\\\/person\\\/980a2cf34b399d5218205730acd54a7e\",\"name\":\"pnud\",\"image\":{\"@type\":\"ImageObject\",\"inLanguage\":\"ca\",\"@id\":\"https:\\\/\\\/secure.gravatar.com\\\/avatar\\\/67146597b405ee077a24e519f75c3e2031736596d6ce35af3a34c122c93d0d7b?s=96&d=retro&r=g\",\"url\":\"https:\\\/\\\/secure.gravatar.com\\\/avatar\\\/67146597b405ee077a24e519f75c3e2031736596d6ce35af3a34c122c93d0d7b?s=96&d=retro&r=g\",\"contentUrl\":\"https:\\\/\\\/secure.gravatar.com\\\/avatar\\\/67146597b405ee077a24e519f75c3e2031736596d6ce35af3a34c122c93d0d7b?s=96&d=retro&r=g\",\"caption\":\"pnud\"}}]}<\/script>\n<!-- \/ Yoast SEO plugin. -->","yoast_head_json":{"title":"WAC 2021 'Solar Pujades 64-66' &#8211; Poblenou Urban District","description":"Al solar del carrer Pujades 64-66 hi haur\u00e0 intervencions murals en directe. Els artistes comen\u00e7aran a pintar a partir del dilluns 10 de maig.","robots":{"index":"index","follow":"follow","max-snippet":"max-snippet:-1","max-image-preview":"max-image-preview:large","max-video-preview":"max-video-preview:-1"},"canonical":"https:\/\/poblenouurbandistrict.com\/ca\/wac-21-solar-pujades-64-66\/","og_locale":"ca_ES","og_type":"article","og_title":"WAC 2021 'Solar Pujades 64-66' &#8211; Poblenou Urban District","og_description":"Al solar del carrer Pujades 64-66 hi haur\u00e0 intervencions murals en directe. Els artistes comen\u00e7aran a pintar a partir del dilluns 10 de maig.","og_url":"https:\/\/poblenouurbandistrict.com\/ca\/wac-21-solar-pujades-64-66\/","og_site_name":"Poblenou Urban District","article_published_time":"2021-03-06T12:12:10+00:00","article_modified_time":"2021-05-12T11:54:50+00:00","og_image":[{"width":1901,"height":1452,"url":"https:\/\/poblenouurbandistrict.com\/wp-content\/uploads\/2021\/05\/img12.jpg","type":"image\/jpeg"}],"author":"pnud","twitter_card":"summary_large_image","twitter_misc":{"Escrit per":"pnud","Temps estimat de lectura":"2 minuts"},"schema":{"@context":"https:\/\/schema.org","@graph":[{"@type":"Article","@id":"https:\/\/poblenouurbandistrict.com\/wac-21-solar-pujades-64-66\/#article","isPartOf":{"@id":"https:\/\/poblenouurbandistrict.com\/wac-21-solar-pujades-64-66\/"},"author":{"name":"pnud","@id":"https:\/\/poblenouurbandistrict.com\/#\/schema\/person\/980a2cf34b399d5218205730acd54a7e"},"headline":"WAC 2021 &#8216;Solar Pujades 64-66&#8217;","datePublished":"2021-03-06T12:12:10+00:00","dateModified":"2021-05-12T11:54:50+00:00","mainEntityOfPage":{"@id":"https:\/\/poblenouurbandistrict.com\/wac-21-solar-pujades-64-66\/"},"wordCount":323,"image":{"@id":"https:\/\/poblenouurbandistrict.com\/wac-21-solar-pujades-64-66\/#primaryimage"},"thumbnailUrl":"https:\/\/media.poblenouurbandistrict.com\/2021\/05\/25040219\/img12.jpg","keywords":["poblenou open day","WAC","Windows Art Circuit"],"articleSection":["Poblenou Urban District"],"inLanguage":"ca"},{"@type":"WebPage","@id":"https:\/\/poblenouurbandistrict.com\/ca\/wac-21-solar-pujades-64-66\/","url":"https:\/\/poblenouurbandistrict.com\/ca\/wac-21-solar-pujades-64-66\/","name":"WAC 2021 'Solar Pujades 64-66' &#8211; Poblenou Urban District","isPartOf":{"@id":"https:\/\/poblenouurbandistrict.com\/ca\/#website"},"primaryImageOfPage":{"@id":"https:\/\/poblenouurbandistrict.com\/ca\/wac-21-solar-pujades-64-66\/#primaryimage"},"image":{"@id":"https:\/\/poblenouurbandistrict.com\/wac-21-solar-pujades-64-66\/#primaryimage"},"thumbnailUrl":"https:\/\/media.poblenouurbandistrict.com\/2021\/05\/25040219\/img12.jpg","datePublished":"2021-03-06T12:12:10+00:00","dateModified":"2021-05-12T11:54:50+00:00","author":{"@id":"https:\/\/poblenouurbandistrict.com\/#\/schema\/person\/980a2cf34b399d5218205730acd54a7e"},"description":"Al solar del carrer Pujades 64-66 hi haur\u00e0 intervencions murals en directe. Els artistes comen\u00e7aran a pintar a partir del dilluns 10 de maig.","breadcrumb":{"@id":"https:\/\/poblenouurbandistrict.com\/ca\/wac-21-solar-pujades-64-66\/#breadcrumb"},"inLanguage":"ca","potentialAction":[{"@type":"ReadAction","target":[["https:\/\/poblenouurbandistrict.com\/ca\/wac-21-solar-pujades-64-66\/"]]}]},{"@type":"ImageObject","inLanguage":"ca","@id":"https:\/\/poblenouurbandistrict.com\/ca\/wac-21-solar-pujades-64-66\/#primaryimage","url":"https:\/\/media.poblenouurbandistrict.com\/2021\/05\/25040219\/img12.jpg","contentUrl":"https:\/\/media.poblenouurbandistrict.com\/2021\/05\/25040219\/img12.jpg","width":1901,"height":1452},{"@type":"BreadcrumbList","@id":"https:\/\/poblenouurbandistrict.com\/ca\/wac-21-solar-pujades-64-66\/#breadcrumb","itemListElement":[{"@type":"ListItem","position":1,"name":"Home","item":"https:\/\/poblenouurbandistrict.com\/ca\/"},{"@type":"ListItem","position":2,"name":"WAC 2021 &#8216;Solar Pujades 64-66&#8217;"}]},{"@type":"WebSite","@id":"https:\/\/poblenouurbandistrict.com\/ca\/#website","url":"https:\/\/poblenouurbandistrict.com\/ca\/","name":"Poblenou Urban District","description":"Comunitat Creativa","potentialAction":[{"@type":"SearchAction","target":{"@type":"EntryPoint","urlTemplate":"https:\/\/poblenouurbandistrict.com\/ca\/?s={search_term_string}"},"query-input":{"@type":"PropertyValueSpecification","valueRequired":true,"valueName":"search_term_string"}}],"inLanguage":"ca"},{"@type":"Person","@id":"https:\/\/poblenouurbandistrict.com\/#\/schema\/person\/980a2cf34b399d5218205730acd54a7e","name":"pnud","image":{"@type":"ImageObject","inLanguage":"ca","@id":"https:\/\/secure.gravatar.com\/avatar\/67146597b405ee077a24e519f75c3e2031736596d6ce35af3a34c122c93d0d7b?s=96&d=retro&r=g","url":"https:\/\/secure.gravatar.com\/avatar\/67146597b405ee077a24e519f75c3e2031736596d6ce35af3a34c122c93d0d7b?s=96&d=retro&r=g","contentUrl":"https:\/\/secure.gravatar.com\/avatar\/67146597b405ee077a24e519f75c3e2031736596d6ce35af3a34c122c93d0d7b?s=96&d=retro&r=g","caption":"pnud"}}]}},"_links":{"self":[{"href":"https:\/\/poblenouurbandistrict.com\/ca\/wp-json\/wp\/v2\/posts\/22537","targetHints":{"allow":["GET"]}}],"collection":[{"href":"https:\/\/poblenouurbandistrict.com\/ca\/wp-json\/wp\/v2\/posts"}],"about":[{"href":"https:\/\/poblenouurbandistrict.com\/ca\/wp-json\/wp\/v2\/types\/post"}],"author":[{"embeddable":true,"href":"https:\/\/poblenouurbandistrict.com\/ca\/wp-json\/wp\/v2\/users\/5"}],"replies":[{"embeddable":true,"href":"https:\/\/poblenouurbandistrict.com\/ca\/wp-json\/wp\/v2\/comments?post=22537"}],"version-history":[{"count":3,"href":"https:\/\/poblenouurbandistrict.com\/ca\/wp-json\/wp\/v2\/posts\/22537\/revisions"}],"predecessor-version":[{"id":22632,"href":"https:\/\/poblenouurbandistrict.com\/ca\/wp-json\/wp\/v2\/posts\/22537\/revisions\/22632"}],"wp:featuredmedia":[{"embeddable":true,"href":"https:\/\/poblenouurbandistrict.com\/ca\/wp-json\/wp\/v2\/media\/22539"}],"wp:attachment":[{"href":"https:\/\/poblenouurbandistrict.com\/ca\/wp-json\/wp\/v2\/media?parent=22537"}],"wp:term":[{"taxonomy":"category","embeddable":true,"href":"https:\/\/poblenouurbandistrict.com\/ca\/wp-json\/wp\/v2\/categories?post=22537"},{"taxonomy":"post_tag","embeddable":true,"href":"https:\/\/poblenouurbandistrict.com\/ca\/wp-json\/wp\/v2\/tags?post=22537"}],"curies":[{"name":"wp","href":"https:\/\/api.w.org\/{rel}","templated":true}]}}