{"id":227,"date":"2012-11-21T17:57:24","date_gmt":"2012-11-21T16:57:24","guid":{"rendered":"https:\/\/poblenouurbandistrict.com\/new\/?p=227"},"modified":"2013-11-21T14:36:42","modified_gmt":"2013-11-21T12:36:42","slug":"h2owassabi-fiesta-de-inauguracion","status":"publish","type":"post","link":"https:\/\/poblenouurbandistrict.com\/ca\/h2owassabi-fiesta-de-inauguracion\/","title":{"rendered":"h2\u00f2&#038;Wassabi &#8211; Fiesta de inauguraci\u00f3n"},"content":{"rendered":"<p class=\"qtranxs-available-languages-message qtranxs-available-languages-message-ca\">Disculpa, pero esta entrada est\u00e1 disponible s\u00f3lo en <a href=\"https:\/\/poblenouurbandistrict.com\/es\/wp-json\/wp\/v2\/posts\/227\" class=\"qtranxs-available-language-link qtranxs-available-language-link-es\" title=\"Castellano\">Castellano<\/a> y <a href=\"https:\/\/poblenouurbandistrict.com\/en\/wp-json\/wp\/v2\/posts\/227\" class=\"qtranxs-available-language-link qtranxs-available-language-link-en\" title=\"English\">English<\/a>.<\/p>","protected":false},"excerpt":{"rendered":"<p>Disculpa, pero esta entrada est\u00e1 disponible s\u00f3lo en Castellano y English.<\/p>\n","protected":false},"author":5,"featured_media":228,"comment_status":"closed","ping_status":"open","sticky":false,"template":"","format":"standard","meta":{"_acf_changed":false,"footnotes":""},"categories":[1],"tags":[128,53],"class_list":["post-227","post","type-post","status-publish","format-standard","has-post-thumbnail","hentry","category-noticias","tag-h2o-wassabi","tag-poblenou-urban-district"],"acf":[],"yoast_head":"<!-- This site is optimized with the Yoast SEO plugin v27.4 - https:\/\/yoast.com\/product\/yoast-seo-wordpress\/ -->\n<title>h2\u00f2&amp;Wassabi - Fiesta de inauguraci\u00f3n &#8211; Poblenou Urban District<\/title>\n<meta name=\"robots\" content=\"index, follow, max-snippet:-1, max-image-preview:large, max-video-preview:-1\" \/>\n<link rel=\"canonical\" href=\"https:\/\/poblenouurbandistrict.com\/ca\/h2owassabi-fiesta-de-inauguracion\/\" \/>\n<meta property=\"og:locale\" content=\"ca_ES\" \/>\n<meta property=\"og:type\" content=\"article\" \/>\n<meta property=\"og:title\" content=\"h2\u00f2&amp;Wassabi - Fiesta de inauguraci\u00f3n &#8211; Poblenou Urban District\" \/>\n<meta property=\"og:description\" content=\"Disculpa, pero esta entrada est\u00e1 disponible s\u00f3lo en Castellano y English.\" \/>\n<meta property=\"og:url\" content=\"https:\/\/poblenouurbandistrict.com\/ca\/h2owassabi-fiesta-de-inauguracion\/\" \/>\n<meta property=\"og:site_name\" content=\"Poblenou Urban District\" \/>\n<meta property=\"article:published_time\" content=\"2012-11-21T16:57:24+00:00\" \/>\n<meta property=\"article:modified_time\" content=\"2013-11-21T12:36:42+00:00\" \/>\n<meta property=\"og:image\" content=\"https:\/\/poblenouurbandistrict.com\/wp-content\/uploads\/2012\/11\/Screen-Shot-2012-11-21-at-5.54.12-PM.png\" \/>\n\t<meta property=\"og:image:width\" content=\"581\" \/>\n\t<meta property=\"og:image:height\" content=\"455\" \/>\n\t<meta property=\"og:image:type\" content=\"image\/png\" \/>\n<meta name=\"author\" content=\"pnud\" \/>\n<meta name=\"twitter:card\" content=\"summary_large_image\" \/>\n<meta name=\"twitter:label1\" content=\"Escrit per\" \/>\n\t<meta name=\"twitter:data1\" content=\"pnud\" \/>\n<script type=\"application\/ld+json\" class=\"yoast-schema-graph\">{\"@context\":\"https:\\\/\\\/schema.org\",\"@graph\":[{\"@type\":\"Article\",\"@id\":\"https:\\\/\\\/poblenouurbandistrict.com\\\/h2owassabi-fiesta-de-inauguracion\\\/#article\",\"isPartOf\":{\"@id\":\"https:\\\/\\\/poblenouurbandistrict.com\\\/h2owassabi-fiesta-de-inauguracion\\\/\"},\"author\":{\"name\":\"pnud\",\"@id\":\"https:\\\/\\\/poblenouurbandistrict.com\\\/#\\\/schema\\\/person\\\/980a2cf34b399d5218205730acd54a7e\"},\"headline\":\"h2\u00f2&#038;Wassabi &#8211; Fiesta de inauguraci\u00f3n\",\"datePublished\":\"2012-11-21T16:57:24+00:00\",\"dateModified\":\"2013-11-21T12:36:42+00:00\",\"mainEntityOfPage\":{\"@id\":\"https:\\\/\\\/poblenouurbandistrict.com\\\/h2owassabi-fiesta-de-inauguracion\\\/\"},\"wordCount\":70,\"image\":{\"@id\":\"https:\\\/\\\/poblenouurbandistrict.com\\\/h2owassabi-fiesta-de-inauguracion\\\/#primaryimage\"},\"thumbnailUrl\":\"https:\\\/\\\/media.poblenouurbandistrict.com\\\/2012\\\/11\\\/25000856\\\/Screen-Shot-2012-11-21-at-5.54.12-PM.png\",\"keywords\":[\"h2o + wassabi\",\"Poblenou Urban District\"],\"articleSection\":[\"Est\u00e0 passant\"],\"inLanguage\":\"ca\"},{\"@type\":\"WebPage\",\"@id\":\"https:\\\/\\\/poblenouurbandistrict.com\\\/ca\\\/h2owassabi-fiesta-de-inauguracion\\\/\",\"url\":\"https:\\\/\\\/poblenouurbandistrict.com\\\/ca\\\/h2owassabi-fiesta-de-inauguracion\\\/\",\"name\":\"h2\u00f2&Wassabi - Opening partyh2\u00f2&Wassabi - Fiesta de inauguraci\u00f3nh2\u00f2&Wassabi - Festa d'inauguraci\u00f3 &#8211; Poblenou Urban District\",\"isPartOf\":{\"@id\":\"https:\\\/\\\/poblenouurbandistrict.com\\\/ca\\\/#website\"},\"primaryImageOfPage\":{\"@id\":\"https:\\\/\\\/poblenouurbandistrict.com\\\/ca\\\/h2owassabi-fiesta-de-inauguracion\\\/#primaryimage\"},\"image\":{\"@id\":\"https:\\\/\\\/poblenouurbandistrict.com\\\/h2owassabi-fiesta-de-inauguracion\\\/#primaryimage\"},\"thumbnailUrl\":\"https:\\\/\\\/media.poblenouurbandistrict.com\\\/2012\\\/11\\\/25000856\\\/Screen-Shot-2012-11-21-at-5.54.12-PM.png\",\"datePublished\":\"2012-11-21T16:57:24+00:00\",\"dateModified\":\"2013-11-21T12:36:42+00:00\",\"author\":{\"@id\":\"https:\\\/\\\/poblenouurbandistrict.com\\\/#\\\/schema\\\/person\\\/980a2cf34b399d5218205730acd54a7e\"},\"breadcrumb\":{\"@id\":\"https:\\\/\\\/poblenouurbandistrict.com\\\/ca\\\/h2owassabi-fiesta-de-inauguracion\\\/#breadcrumb\"},\"inLanguage\":\"ca\",\"potentialAction\":[{\"@type\":\"ReadAction\",\"target\":[[\"https:\\\/\\\/poblenouurbandistrict.com\\\/ca\\\/h2owassabi-fiesta-de-inauguracion\\\/\"]]}]},{\"@type\":\"ImageObject\",\"inLanguage\":\"ca\",\"@id\":\"https:\\\/\\\/poblenouurbandistrict.com\\\/ca\\\/h2owassabi-fiesta-de-inauguracion\\\/#primaryimage\",\"url\":\"https:\\\/\\\/media.poblenouurbandistrict.com\\\/2012\\\/11\\\/25000856\\\/Screen-Shot-2012-11-21-at-5.54.12-PM.png\",\"contentUrl\":\"https:\\\/\\\/media.poblenouurbandistrict.com\\\/2012\\\/11\\\/25000856\\\/Screen-Shot-2012-11-21-at-5.54.12-PM.png\",\"width\":581,\"height\":455},{\"@type\":\"BreadcrumbList\",\"@id\":\"https:\\\/\\\/poblenouurbandistrict.com\\\/ca\\\/h2owassabi-fiesta-de-inauguracion\\\/#breadcrumb\",\"itemListElement\":[{\"@type\":\"ListItem\",\"position\":1,\"name\":\"Home\",\"item\":\"https:\\\/\\\/poblenouurbandistrict.com\\\/ca\\\/\"},{\"@type\":\"ListItem\",\"position\":2,\"name\":\"h2\u00f2&#038;Wassabi &#8211; Fiesta de inauguraci\u00f3n\"}]},{\"@type\":\"WebSite\",\"@id\":\"https:\\\/\\\/poblenouurbandistrict.com\\\/ca\\\/#website\",\"url\":\"https:\\\/\\\/poblenouurbandistrict.com\\\/ca\\\/\",\"name\":\"Poblenou Urban District\",\"description\":\"Comunitat Creativa\",\"potentialAction\":[{\"@type\":\"SearchAction\",\"target\":{\"@type\":\"EntryPoint\",\"urlTemplate\":\"https:\\\/\\\/poblenouurbandistrict.com\\\/ca\\\/?s={search_term_string}\"},\"query-input\":{\"@type\":\"PropertyValueSpecification\",\"valueRequired\":true,\"valueName\":\"search_term_string\"}}],\"inLanguage\":\"ca\"},{\"@type\":\"Person\",\"@id\":\"https:\\\/\\\/poblenouurbandistrict.com\\\/#\\\/schema\\\/person\\\/980a2cf34b399d5218205730acd54a7e\",\"name\":\"pnud\",\"image\":{\"@type\":\"ImageObject\",\"inLanguage\":\"ca\",\"@id\":\"https:\\\/\\\/secure.gravatar.com\\\/avatar\\\/67146597b405ee077a24e519f75c3e2031736596d6ce35af3a34c122c93d0d7b?s=96&d=retro&r=g\",\"url\":\"https:\\\/\\\/secure.gravatar.com\\\/avatar\\\/67146597b405ee077a24e519f75c3e2031736596d6ce35af3a34c122c93d0d7b?s=96&d=retro&r=g\",\"contentUrl\":\"https:\\\/\\\/secure.gravatar.com\\\/avatar\\\/67146597b405ee077a24e519f75c3e2031736596d6ce35af3a34c122c93d0d7b?s=96&d=retro&r=g\",\"caption\":\"pnud\"}}]}<\/script>\n<!-- \/ Yoast SEO plugin. -->","yoast_head_json":{"title":"h2\u00f2&Wassabi - Fiesta de inauguraci\u00f3n &#8211; Poblenou Urban District","robots":{"index":"index","follow":"follow","max-snippet":"max-snippet:-1","max-image-preview":"max-image-preview:large","max-video-preview":"max-video-preview:-1"},"canonical":"https:\/\/poblenouurbandistrict.com\/ca\/h2owassabi-fiesta-de-inauguracion\/","og_locale":"ca_ES","og_type":"article","og_title":"h2\u00f2&Wassabi - Fiesta de inauguraci\u00f3n &#8211; Poblenou Urban District","og_description":"Disculpa, pero esta entrada est\u00e1 disponible s\u00f3lo en Castellano y English.","og_url":"https:\/\/poblenouurbandistrict.com\/ca\/h2owassabi-fiesta-de-inauguracion\/","og_site_name":"Poblenou Urban District","article_published_time":"2012-11-21T16:57:24+00:00","article_modified_time":"2013-11-21T12:36:42+00:00","og_image":[{"width":581,"height":455,"url":"https:\/\/poblenouurbandistrict.com\/wp-content\/uploads\/2012\/11\/Screen-Shot-2012-11-21-at-5.54.12-PM.png","type":"image\/png"}],"author":"pnud","twitter_card":"summary_large_image","twitter_misc":{"Escrit per":"pnud"},"schema":{"@context":"https:\/\/schema.org","@graph":[{"@type":"Article","@id":"https:\/\/poblenouurbandistrict.com\/h2owassabi-fiesta-de-inauguracion\/#article","isPartOf":{"@id":"https:\/\/poblenouurbandistrict.com\/h2owassabi-fiesta-de-inauguracion\/"},"author":{"name":"pnud","@id":"https:\/\/poblenouurbandistrict.com\/#\/schema\/person\/980a2cf34b399d5218205730acd54a7e"},"headline":"h2\u00f2&#038;Wassabi &#8211; Fiesta de inauguraci\u00f3n","datePublished":"2012-11-21T16:57:24+00:00","dateModified":"2013-11-21T12:36:42+00:00","mainEntityOfPage":{"@id":"https:\/\/poblenouurbandistrict.com\/h2owassabi-fiesta-de-inauguracion\/"},"wordCount":70,"image":{"@id":"https:\/\/poblenouurbandistrict.com\/h2owassabi-fiesta-de-inauguracion\/#primaryimage"},"thumbnailUrl":"https:\/\/media.poblenouurbandistrict.com\/2012\/11\/25000856\/Screen-Shot-2012-11-21-at-5.54.12-PM.png","keywords":["h2o + wassabi","Poblenou Urban District"],"articleSection":["Est\u00e0 passant"],"inLanguage":"ca"},{"@type":"WebPage","@id":"https:\/\/poblenouurbandistrict.com\/ca\/h2owassabi-fiesta-de-inauguracion\/","url":"https:\/\/poblenouurbandistrict.com\/ca\/h2owassabi-fiesta-de-inauguracion\/","name":"h2\u00f2&Wassabi - Opening partyh2\u00f2&Wassabi - Fiesta de inauguraci\u00f3nh2\u00f2&Wassabi - Festa d'inauguraci\u00f3 &#8211; Poblenou Urban District","isPartOf":{"@id":"https:\/\/poblenouurbandistrict.com\/ca\/#website"},"primaryImageOfPage":{"@id":"https:\/\/poblenouurbandistrict.com\/ca\/h2owassabi-fiesta-de-inauguracion\/#primaryimage"},"image":{"@id":"https:\/\/poblenouurbandistrict.com\/h2owassabi-fiesta-de-inauguracion\/#primaryimage"},"thumbnailUrl":"https:\/\/media.poblenouurbandistrict.com\/2012\/11\/25000856\/Screen-Shot-2012-11-21-at-5.54.12-PM.png","datePublished":"2012-11-21T16:57:24+00:00","dateModified":"2013-11-21T12:36:42+00:00","author":{"@id":"https:\/\/poblenouurbandistrict.com\/#\/schema\/person\/980a2cf34b399d5218205730acd54a7e"},"breadcrumb":{"@id":"https:\/\/poblenouurbandistrict.com\/ca\/h2owassabi-fiesta-de-inauguracion\/#breadcrumb"},"inLanguage":"ca","potentialAction":[{"@type":"ReadAction","target":[["https:\/\/poblenouurbandistrict.com\/ca\/h2owassabi-fiesta-de-inauguracion\/"]]}]},{"@type":"ImageObject","inLanguage":"ca","@id":"https:\/\/poblenouurbandistrict.com\/ca\/h2owassabi-fiesta-de-inauguracion\/#primaryimage","url":"https:\/\/media.poblenouurbandistrict.com\/2012\/11\/25000856\/Screen-Shot-2012-11-21-at-5.54.12-PM.png","contentUrl":"https:\/\/media.poblenouurbandistrict.com\/2012\/11\/25000856\/Screen-Shot-2012-11-21-at-5.54.12-PM.png","width":581,"height":455},{"@type":"BreadcrumbList","@id":"https:\/\/poblenouurbandistrict.com\/ca\/h2owassabi-fiesta-de-inauguracion\/#breadcrumb","itemListElement":[{"@type":"ListItem","position":1,"name":"Home","item":"https:\/\/poblenouurbandistrict.com\/ca\/"},{"@type":"ListItem","position":2,"name":"h2\u00f2&#038;Wassabi &#8211; Fiesta de inauguraci\u00f3n"}]},{"@type":"WebSite","@id":"https:\/\/poblenouurbandistrict.com\/ca\/#website","url":"https:\/\/poblenouurbandistrict.com\/ca\/","name":"Poblenou Urban District","description":"Comunitat Creativa","potentialAction":[{"@type":"SearchAction","target":{"@type":"EntryPoint","urlTemplate":"https:\/\/poblenouurbandistrict.com\/ca\/?s={search_term_string}"},"query-input":{"@type":"PropertyValueSpecification","valueRequired":true,"valueName":"search_term_string"}}],"inLanguage":"ca"},{"@type":"Person","@id":"https:\/\/poblenouurbandistrict.com\/#\/schema\/person\/980a2cf34b399d5218205730acd54a7e","name":"pnud","image":{"@type":"ImageObject","inLanguage":"ca","@id":"https:\/\/secure.gravatar.com\/avatar\/67146597b405ee077a24e519f75c3e2031736596d6ce35af3a34c122c93d0d7b?s=96&d=retro&r=g","url":"https:\/\/secure.gravatar.com\/avatar\/67146597b405ee077a24e519f75c3e2031736596d6ce35af3a34c122c93d0d7b?s=96&d=retro&r=g","contentUrl":"https:\/\/secure.gravatar.com\/avatar\/67146597b405ee077a24e519f75c3e2031736596d6ce35af3a34c122c93d0d7b?s=96&d=retro&r=g","caption":"pnud"}}]}},"_links":{"self":[{"href":"https:\/\/poblenouurbandistrict.com\/ca\/wp-json\/wp\/v2\/posts\/227","targetHints":{"allow":["GET"]}}],"collection":[{"href":"https:\/\/poblenouurbandistrict.com\/ca\/wp-json\/wp\/v2\/posts"}],"about":[{"href":"https:\/\/poblenouurbandistrict.com\/ca\/wp-json\/wp\/v2\/types\/post"}],"author":[{"embeddable":true,"href":"https:\/\/poblenouurbandistrict.com\/ca\/wp-json\/wp\/v2\/users\/5"}],"replies":[{"embeddable":true,"href":"https:\/\/poblenouurbandistrict.com\/ca\/wp-json\/wp\/v2\/comments?post=227"}],"version-history":[{"count":5,"href":"https:\/\/poblenouurbandistrict.com\/ca\/wp-json\/wp\/v2\/posts\/227\/revisions"}],"predecessor-version":[{"id":1310,"href":"https:\/\/poblenouurbandistrict.com\/ca\/wp-json\/wp\/v2\/posts\/227\/revisions\/1310"}],"wp:featuredmedia":[{"embeddable":true,"href":"https:\/\/poblenouurbandistrict.com\/ca\/wp-json\/wp\/v2\/media\/228"}],"wp:attachment":[{"href":"https:\/\/poblenouurbandistrict.com\/ca\/wp-json\/wp\/v2\/media?parent=227"}],"wp:term":[{"taxonomy":"category","embeddable":true,"href":"https:\/\/poblenouurbandistrict.com\/ca\/wp-json\/wp\/v2\/categories?post=227"},{"taxonomy":"post_tag","embeddable":true,"href":"https:\/\/poblenouurbandistrict.com\/ca\/wp-json\/wp\/v2\/tags?post=227"}],"curies":[{"name":"wp","href":"https:\/\/api.w.org\/{rel}","templated":true}]}}