{"id":22806,"date":"2021-05-27T17:06:13","date_gmt":"2021-05-27T15:06:13","guid":{"rendered":"https:\/\/poblenouurbandistrict.com\/?p=22806"},"modified":"2021-05-28T12:14:41","modified_gmt":"2021-05-28T10:14:41","slug":"recupera-los-directos-de-las-urban-talks-2021","status":"publish","type":"post","link":"https:\/\/poblenouurbandistrict.com\/ca\/recupera-los-directos-de-las-urban-talks-2021\/","title":{"rendered":"Et vas perdre les Urban Talks?"},"content":{"rendered":"<p>El passat 15 de maig va tenir lloc la segona edici\u00f3 de les Urban Talks, un cicle de xerrades itinerants que tenen com a objectiu obrir un debat amb la ciutadania sobre la cultura i la creativitat en relaci\u00f3 a l&#8217;entorn urb\u00e0.<\/p>\n<p>En aquesta ocasi\u00f3 la trobada va moure lleugerament el seu eix habitual cap a temes m\u00e9s relacionats amb la sostenibilitat, tant medioambiental (economia circular), social (gentrificaci\u00f3) com a la recuperaci\u00f3 i nous usos dels espais industrials.<\/p>\n<p><img loading=\"lazy\" decoding=\"async\" class=\"size-medium wp-image-22722\" src=\"https:\/\/media.poblenouurbandistrict.com\/2021\/05\/25040435\/dsc3153-620x414.jpg\" alt=\"\" width=\"620\" height=\"414\" \/><\/p>\n<p>La jornada va comen\u00e7ar amb la presentaci\u00f3 del projecte europeu de recerca <strong>CENTRINNO<\/strong> i de tots els seus partners, que estan explorant el valor del patrimoni cultural i industrial del barri del Poblenou com a catalitzador per al desenvolupament d&#8217;accions que fomentin un territori m\u00e9s inclusiu, productiu i circular.<\/p>\n<p>Tot seguit, vam tenir el plaer de presentar la taula <span style=\"text-decoration: underline;\"><strong>&#8216;Closing the loop: La nova economia productiva, circular i creativa&#8217;<\/strong><\/span> moderada per Pablo Mu\u00f1oz i que va comptar amb la participaci\u00f3 de Maite Ard\u00e8vol (L\u00edder d&#8217;Economia Circular i Sostenibilitat d&#8217;ACCI\u00d3 (Generalitat de Catalunya )), Adriana Sanz Mirabal (Experta en Economia Circular d&#8217;In\u00e8dit Innova (Circular business, cities &amp; regions)) i Res Tozija (Co-fundadora i Coordinadora de Transfolab).<\/p>\n<p>Podeu escoltar-la de nou a continuaci\u00f3:<\/p>\n<p><div class=\"flex-video\"><div class=\"flex-video\"><div class=\"flex-video\"><iframe loading=\"lazy\" title=\"YouTube video player\" src=\"https:\/\/www.youtube.com\/embed\/JpE_sT1s5O4\" width=\"560\" height=\"315\" frameborder=\"0\" allowfullscreen=\"allowfullscreen\"><\/iframe><\/div><\/div><\/div><\/p>\n<p>La segona taula, i sota el t\u00edtol de <span style=\"text-decoration: underline;\"><strong>&#8216;La recuperaci\u00f3 de patrimoni industrial&#8217;<\/strong><\/span>, va comptar amb la periodista cultural Laura Sangr\u00e0 com a moderadora i i amb Llu\u00eds Torrents (Co-director i gerent de Razzmatazz), Daniel Romeo (Director de la Fundaci\u00f3 Palo Alto (i Antoni Vilanova (Arquitecte i expert en rehabilitaci\u00f3 industrial).<\/p>\n<p>Podeu escoltar-la de nou a continuaci\u00f3:<\/p>\n<p><div class=\"flex-video\"><div class=\"flex-video\"><div class=\"flex-video\"><iframe loading=\"lazy\" title=\"YouTube video player\" src=\"https:\/\/www.youtube.com\/embed\/6YyARyJSEXg\" width=\"560\" height=\"315\" frameborder=\"0\" allowfullscreen=\"allowfullscreen\"><\/iframe><\/div><\/div><\/div><\/p>\n<p>Per finalitzar el mat\u00ed, la tercera taula va tractar de respondre al seu t\u00edtol <span style=\"text-decoration: underline;\"><strong>&#8216;Els reptes de la gentrificaci\u00f3&#8217;<\/strong><\/span>, que va tornar a comptar amb Laura Sangr\u00e0 com a moderadora, aix\u00ed com amb Salvador Clar\u00f3s (T\u00e8cnic de pol\u00edtica industrial de CCOO de Catalunya i membre del moviment ve\u00efnal del Poblenou), Montserrat Pareja-Eastaway (Vicepresidenta de ENHR, Coordinadora del RGCS i professora de la UB) i Jordi Callej\u00f3n (Coordinador de projectes de la Taula Eix Pere IV).<\/p>\n<p>Podeu escoltar-la de nou a continuaci\u00f3:<\/p>\n<p><div class=\"flex-video\"><div class=\"flex-video\"><div class=\"flex-video\"><iframe loading=\"lazy\" title=\"YouTube video player\" src=\"https:\/\/www.youtube.com\/embed\/EB9Qw4a0FUI\" width=\"560\" height=\"315\" frameborder=\"0\" allowfullscreen=\"allowfullscreen\"><\/iframe><\/div><\/div><\/div><\/p>\n<p>Les Urban Talks s\u00f3n un projecte que parteix del <strong>Urban District Arts Festival (UDAF)<\/strong>. Aquesta edici\u00f3 va comptar amb <strong>Poblenou Urban District<\/strong>, <strong>Fab Lab Barcelona<\/strong> a <strong>IAAC<\/strong>, <strong>La Plataforma<\/strong> i <strong>Life In The Woods<\/strong>. El projecte va comptar a m\u00e9s amb el suport de <strong>H2020<\/strong> <strong>CENTRINNO<\/strong>, amb la <strong>Fundaci\u00f3 Palo Alto<\/strong> com venue partner i va estar incl\u00f2s en la programaci\u00f3 tant del Open Day com de la &#8216;<strong>Setmana d&#8217;Arquitectura 2021<\/strong>&#8216; de Barcelona.<\/p>\n<p>Volem agrair a tots els moderadors, ponents, entitats organitzadores, equip t\u00e8cnic i participants (tant en directe com des de casa en streaming), el suport en un projecte que busca obrir el di\u00e0leg sobre el futur de les ciutats des de la perspectiva de la cultura i la creativitat.<\/p>","protected":false},"excerpt":{"rendered":"<p>El passat 15 de maig va tenir lloc la segona edici\u00f3 de les Urban Talks, un cicle de xerrades itinerants&#8230; <a href=\"https:\/\/poblenouurbandistrict.com\/ca\/recupera-los-directos-de-las-urban-talks-2021\/\">M\u00e9s  \u2192<\/a><\/p>\n","protected":false},"author":5,"featured_media":22710,"comment_status":"closed","ping_status":"closed","sticky":false,"template":"","format":"standard","meta":{"_acf_changed":false,"footnotes":""},"categories":[3429],"tags":[3398,625,3448,268,14,21,3449,657,3433,3409],"class_list":["post-22806","post","type-post","status-publish","format-standard","has-post-thumbnail","hentry","category-urban-talks","tag-centrinno","tag-charlas","tag-debate","tag-fab-lab-barcelona","tag-iaac","tag-la-plataforma","tag-life-in-the-woods","tag-poblenou-open-day","tag-transfolab","tag-urban-talks"],"acf":[],"yoast_head":"<!-- This site is optimized with the Yoast SEO plugin v27.4 - https:\/\/yoast.com\/product\/yoast-seo-wordpress\/ -->\n<title>Recupera los directos de las Urban Talks del Open Day<\/title>\n<meta name=\"description\" content=\"Si te perdiste las charlas el pasado s\u00e1bado 15 de mayo, recupera los directos de las Urban Talks del Open Day en este art\u00edculo.\" \/>\n<meta name=\"robots\" content=\"index, follow, max-snippet:-1, max-image-preview:large, max-video-preview:-1\" \/>\n<link rel=\"canonical\" href=\"https:\/\/poblenouurbandistrict.com\/ca\/recupera-los-directos-de-las-urban-talks-2021\/\" \/>\n<meta property=\"og:locale\" content=\"ca_ES\" \/>\n<meta property=\"og:type\" content=\"article\" \/>\n<meta property=\"og:title\" content=\"Recupera los directos de las Urban Talks del Open Day\" \/>\n<meta property=\"og:description\" content=\"Si te perdiste las charlas el pasado s\u00e1bado 15 de mayo, recupera los directos de las Urban Talks del Open Day en este art\u00edculo.\" \/>\n<meta property=\"og:url\" content=\"https:\/\/poblenouurbandistrict.com\/ca\/recupera-los-directos-de-las-urban-talks-2021\/\" \/>\n<meta property=\"og:site_name\" content=\"Poblenou Urban District\" \/>\n<meta property=\"article:published_time\" content=\"2021-05-27T15:06:13+00:00\" \/>\n<meta property=\"article:modified_time\" content=\"2021-05-28T10:14:41+00:00\" \/>\n<meta property=\"og:image\" content=\"https:\/\/poblenouurbandistrict.com\/wp-content\/uploads\/2021\/05\/dsc2994-scaled.jpg\" \/>\n\t<meta property=\"og:image:width\" content=\"2560\" \/>\n\t<meta property=\"og:image:height\" content=\"1708\" \/>\n\t<meta property=\"og:image:type\" content=\"image\/jpeg\" \/>\n<meta name=\"author\" content=\"pnud\" \/>\n<meta name=\"twitter:card\" content=\"summary_large_image\" \/>\n<meta name=\"twitter:label1\" content=\"Escrit per\" \/>\n\t<meta name=\"twitter:data1\" content=\"pnud\" \/>\n\t<meta name=\"twitter:label2\" content=\"Temps estimat de lectura\" \/>\n\t<meta name=\"twitter:data2\" content=\"7 minuts\" \/>\n<script type=\"application\/ld+json\" class=\"yoast-schema-graph\">{\"@context\":\"https:\\\/\\\/schema.org\",\"@graph\":[{\"@type\":\"Article\",\"@id\":\"https:\\\/\\\/poblenouurbandistrict.com\\\/recupera-los-directos-de-las-urban-talks-2021\\\/#article\",\"isPartOf\":{\"@id\":\"https:\\\/\\\/poblenouurbandistrict.com\\\/recupera-los-directos-de-las-urban-talks-2021\\\/\"},\"author\":{\"name\":\"pnud\",\"@id\":\"https:\\\/\\\/poblenouurbandistrict.com\\\/#\\\/schema\\\/person\\\/980a2cf34b399d5218205730acd54a7e\"},\"headline\":\"Et vas perdre les Urban Talks?\",\"datePublished\":\"2021-05-27T15:06:13+00:00\",\"dateModified\":\"2021-05-28T10:14:41+00:00\",\"mainEntityOfPage\":{\"@id\":\"https:\\\/\\\/poblenouurbandistrict.com\\\/recupera-los-directos-de-las-urban-talks-2021\\\/\"},\"wordCount\":1476,\"image\":{\"@id\":\"https:\\\/\\\/poblenouurbandistrict.com\\\/recupera-los-directos-de-las-urban-talks-2021\\\/#primaryimage\"},\"thumbnailUrl\":\"https:\\\/\\\/media.poblenouurbandistrict.com\\\/2021\\\/05\\\/25040409\\\/dsc2994-scaled.jpg\",\"keywords\":[\"Centrinno\",\"charlas\",\"Debate\",\"Fab Lab Barcelona\",\"IAAC\",\"La Plataforma\",\"Life In The Woods\",\"poblenou open day\",\"Transfolab\",\"Urban Talks\"],\"articleSection\":[\"Urban Talks\"],\"inLanguage\":\"ca\"},{\"@type\":\"WebPage\",\"@id\":\"https:\\\/\\\/poblenouurbandistrict.com\\\/ca\\\/recupera-los-directos-de-las-urban-talks-2021\\\/\",\"url\":\"https:\\\/\\\/poblenouurbandistrict.com\\\/ca\\\/recupera-los-directos-de-las-urban-talks-2021\\\/\",\"name\":\"Recupera los directos de las Urban Talks del Open Day\",\"isPartOf\":{\"@id\":\"https:\\\/\\\/poblenouurbandistrict.com\\\/ca\\\/#website\"},\"primaryImageOfPage\":{\"@id\":\"https:\\\/\\\/poblenouurbandistrict.com\\\/ca\\\/recupera-los-directos-de-las-urban-talks-2021\\\/#primaryimage\"},\"image\":{\"@id\":\"https:\\\/\\\/poblenouurbandistrict.com\\\/recupera-los-directos-de-las-urban-talks-2021\\\/#primaryimage\"},\"thumbnailUrl\":\"https:\\\/\\\/media.poblenouurbandistrict.com\\\/2021\\\/05\\\/25040409\\\/dsc2994-scaled.jpg\",\"datePublished\":\"2021-05-27T15:06:13+00:00\",\"dateModified\":\"2021-05-28T10:14:41+00:00\",\"author\":{\"@id\":\"https:\\\/\\\/poblenouurbandistrict.com\\\/#\\\/schema\\\/person\\\/980a2cf34b399d5218205730acd54a7e\"},\"description\":\"Si te perdiste las charlas el pasado s\u00e1bado 15 de mayo, recupera los directos de las Urban Talks del Open Day en este art\u00edculo.\",\"breadcrumb\":{\"@id\":\"https:\\\/\\\/poblenouurbandistrict.com\\\/ca\\\/recupera-los-directos-de-las-urban-talks-2021\\\/#breadcrumb\"},\"inLanguage\":\"ca\",\"potentialAction\":[{\"@type\":\"ReadAction\",\"target\":[[\"https:\\\/\\\/poblenouurbandistrict.com\\\/ca\\\/recupera-los-directos-de-las-urban-talks-2021\\\/\"]]}]},{\"@type\":\"ImageObject\",\"inLanguage\":\"ca\",\"@id\":\"https:\\\/\\\/poblenouurbandistrict.com\\\/ca\\\/recupera-los-directos-de-las-urban-talks-2021\\\/#primaryimage\",\"url\":\"https:\\\/\\\/media.poblenouurbandistrict.com\\\/2021\\\/05\\\/25040409\\\/dsc2994-scaled.jpg\",\"contentUrl\":\"https:\\\/\\\/media.poblenouurbandistrict.com\\\/2021\\\/05\\\/25040409\\\/dsc2994-scaled.jpg\",\"width\":2560,\"height\":1708,\"caption\":\"Urban Talks\"},{\"@type\":\"BreadcrumbList\",\"@id\":\"https:\\\/\\\/poblenouurbandistrict.com\\\/ca\\\/recupera-los-directos-de-las-urban-talks-2021\\\/#breadcrumb\",\"itemListElement\":[{\"@type\":\"ListItem\",\"position\":1,\"name\":\"Home\",\"item\":\"https:\\\/\\\/poblenouurbandistrict.com\\\/ca\\\/\"},{\"@type\":\"ListItem\",\"position\":2,\"name\":\"Et vas perdre les Urban Talks?\"}]},{\"@type\":\"WebSite\",\"@id\":\"https:\\\/\\\/poblenouurbandistrict.com\\\/ca\\\/#website\",\"url\":\"https:\\\/\\\/poblenouurbandistrict.com\\\/ca\\\/\",\"name\":\"Poblenou Urban District\",\"description\":\"Comunitat Creativa\",\"potentialAction\":[{\"@type\":\"SearchAction\",\"target\":{\"@type\":\"EntryPoint\",\"urlTemplate\":\"https:\\\/\\\/poblenouurbandistrict.com\\\/ca\\\/?s={search_term_string}\"},\"query-input\":{\"@type\":\"PropertyValueSpecification\",\"valueRequired\":true,\"valueName\":\"search_term_string\"}}],\"inLanguage\":\"ca\"},{\"@type\":\"Person\",\"@id\":\"https:\\\/\\\/poblenouurbandistrict.com\\\/#\\\/schema\\\/person\\\/980a2cf34b399d5218205730acd54a7e\",\"name\":\"pnud\",\"image\":{\"@type\":\"ImageObject\",\"inLanguage\":\"ca\",\"@id\":\"https:\\\/\\\/secure.gravatar.com\\\/avatar\\\/67146597b405ee077a24e519f75c3e2031736596d6ce35af3a34c122c93d0d7b?s=96&d=retro&r=g\",\"url\":\"https:\\\/\\\/secure.gravatar.com\\\/avatar\\\/67146597b405ee077a24e519f75c3e2031736596d6ce35af3a34c122c93d0d7b?s=96&d=retro&r=g\",\"contentUrl\":\"https:\\\/\\\/secure.gravatar.com\\\/avatar\\\/67146597b405ee077a24e519f75c3e2031736596d6ce35af3a34c122c93d0d7b?s=96&d=retro&r=g\",\"caption\":\"pnud\"}}]}<\/script>\n<!-- \/ Yoast SEO plugin. -->","yoast_head_json":{"title":"Recupera los directos de las Urban Talks del Open Day","description":"Si te perdiste las charlas el pasado s\u00e1bado 15 de mayo, recupera los directos de las Urban Talks del Open Day en este art\u00edculo.","robots":{"index":"index","follow":"follow","max-snippet":"max-snippet:-1","max-image-preview":"max-image-preview:large","max-video-preview":"max-video-preview:-1"},"canonical":"https:\/\/poblenouurbandistrict.com\/ca\/recupera-los-directos-de-las-urban-talks-2021\/","og_locale":"ca_ES","og_type":"article","og_title":"Recupera los directos de las Urban Talks del Open Day","og_description":"Si te perdiste las charlas el pasado s\u00e1bado 15 de mayo, recupera los directos de las Urban Talks del Open Day en este art\u00edculo.","og_url":"https:\/\/poblenouurbandistrict.com\/ca\/recupera-los-directos-de-las-urban-talks-2021\/","og_site_name":"Poblenou Urban District","article_published_time":"2021-05-27T15:06:13+00:00","article_modified_time":"2021-05-28T10:14:41+00:00","og_image":[{"width":2560,"height":1708,"url":"https:\/\/poblenouurbandistrict.com\/wp-content\/uploads\/2021\/05\/dsc2994-scaled.jpg","type":"image\/jpeg"}],"author":"pnud","twitter_card":"summary_large_image","twitter_misc":{"Escrit per":"pnud","Temps estimat de lectura":"7 minuts"},"schema":{"@context":"https:\/\/schema.org","@graph":[{"@type":"Article","@id":"https:\/\/poblenouurbandistrict.com\/recupera-los-directos-de-las-urban-talks-2021\/#article","isPartOf":{"@id":"https:\/\/poblenouurbandistrict.com\/recupera-los-directos-de-las-urban-talks-2021\/"},"author":{"name":"pnud","@id":"https:\/\/poblenouurbandistrict.com\/#\/schema\/person\/980a2cf34b399d5218205730acd54a7e"},"headline":"Et vas perdre les Urban Talks?","datePublished":"2021-05-27T15:06:13+00:00","dateModified":"2021-05-28T10:14:41+00:00","mainEntityOfPage":{"@id":"https:\/\/poblenouurbandistrict.com\/recupera-los-directos-de-las-urban-talks-2021\/"},"wordCount":1476,"image":{"@id":"https:\/\/poblenouurbandistrict.com\/recupera-los-directos-de-las-urban-talks-2021\/#primaryimage"},"thumbnailUrl":"https:\/\/media.poblenouurbandistrict.com\/2021\/05\/25040409\/dsc2994-scaled.jpg","keywords":["Centrinno","charlas","Debate","Fab Lab Barcelona","IAAC","La Plataforma","Life In The Woods","poblenou open day","Transfolab","Urban Talks"],"articleSection":["Urban Talks"],"inLanguage":"ca"},{"@type":"WebPage","@id":"https:\/\/poblenouurbandistrict.com\/ca\/recupera-los-directos-de-las-urban-talks-2021\/","url":"https:\/\/poblenouurbandistrict.com\/ca\/recupera-los-directos-de-las-urban-talks-2021\/","name":"Recupera los directos de las Urban Talks del Open Day","isPartOf":{"@id":"https:\/\/poblenouurbandistrict.com\/ca\/#website"},"primaryImageOfPage":{"@id":"https:\/\/poblenouurbandistrict.com\/ca\/recupera-los-directos-de-las-urban-talks-2021\/#primaryimage"},"image":{"@id":"https:\/\/poblenouurbandistrict.com\/recupera-los-directos-de-las-urban-talks-2021\/#primaryimage"},"thumbnailUrl":"https:\/\/media.poblenouurbandistrict.com\/2021\/05\/25040409\/dsc2994-scaled.jpg","datePublished":"2021-05-27T15:06:13+00:00","dateModified":"2021-05-28T10:14:41+00:00","author":{"@id":"https:\/\/poblenouurbandistrict.com\/#\/schema\/person\/980a2cf34b399d5218205730acd54a7e"},"description":"Si te perdiste las charlas el pasado s\u00e1bado 15 de mayo, recupera los directos de las Urban Talks del Open Day en este art\u00edculo.","breadcrumb":{"@id":"https:\/\/poblenouurbandistrict.com\/ca\/recupera-los-directos-de-las-urban-talks-2021\/#breadcrumb"},"inLanguage":"ca","potentialAction":[{"@type":"ReadAction","target":[["https:\/\/poblenouurbandistrict.com\/ca\/recupera-los-directos-de-las-urban-talks-2021\/"]]}]},{"@type":"ImageObject","inLanguage":"ca","@id":"https:\/\/poblenouurbandistrict.com\/ca\/recupera-los-directos-de-las-urban-talks-2021\/#primaryimage","url":"https:\/\/media.poblenouurbandistrict.com\/2021\/05\/25040409\/dsc2994-scaled.jpg","contentUrl":"https:\/\/media.poblenouurbandistrict.com\/2021\/05\/25040409\/dsc2994-scaled.jpg","width":2560,"height":1708,"caption":"Urban Talks"},{"@type":"BreadcrumbList","@id":"https:\/\/poblenouurbandistrict.com\/ca\/recupera-los-directos-de-las-urban-talks-2021\/#breadcrumb","itemListElement":[{"@type":"ListItem","position":1,"name":"Home","item":"https:\/\/poblenouurbandistrict.com\/ca\/"},{"@type":"ListItem","position":2,"name":"Et vas perdre les Urban Talks?"}]},{"@type":"WebSite","@id":"https:\/\/poblenouurbandistrict.com\/ca\/#website","url":"https:\/\/poblenouurbandistrict.com\/ca\/","name":"Poblenou Urban District","description":"Comunitat Creativa","potentialAction":[{"@type":"SearchAction","target":{"@type":"EntryPoint","urlTemplate":"https:\/\/poblenouurbandistrict.com\/ca\/?s={search_term_string}"},"query-input":{"@type":"PropertyValueSpecification","valueRequired":true,"valueName":"search_term_string"}}],"inLanguage":"ca"},{"@type":"Person","@id":"https:\/\/poblenouurbandistrict.com\/#\/schema\/person\/980a2cf34b399d5218205730acd54a7e","name":"pnud","image":{"@type":"ImageObject","inLanguage":"ca","@id":"https:\/\/secure.gravatar.com\/avatar\/67146597b405ee077a24e519f75c3e2031736596d6ce35af3a34c122c93d0d7b?s=96&d=retro&r=g","url":"https:\/\/secure.gravatar.com\/avatar\/67146597b405ee077a24e519f75c3e2031736596d6ce35af3a34c122c93d0d7b?s=96&d=retro&r=g","contentUrl":"https:\/\/secure.gravatar.com\/avatar\/67146597b405ee077a24e519f75c3e2031736596d6ce35af3a34c122c93d0d7b?s=96&d=retro&r=g","caption":"pnud"}}]}},"_links":{"self":[{"href":"https:\/\/poblenouurbandistrict.com\/ca\/wp-json\/wp\/v2\/posts\/22806","targetHints":{"allow":["GET"]}}],"collection":[{"href":"https:\/\/poblenouurbandistrict.com\/ca\/wp-json\/wp\/v2\/posts"}],"about":[{"href":"https:\/\/poblenouurbandistrict.com\/ca\/wp-json\/wp\/v2\/types\/post"}],"author":[{"embeddable":true,"href":"https:\/\/poblenouurbandistrict.com\/ca\/wp-json\/wp\/v2\/users\/5"}],"replies":[{"embeddable":true,"href":"https:\/\/poblenouurbandistrict.com\/ca\/wp-json\/wp\/v2\/comments?post=22806"}],"version-history":[{"count":2,"href":"https:\/\/poblenouurbandistrict.com\/ca\/wp-json\/wp\/v2\/posts\/22806\/revisions"}],"predecessor-version":[{"id":22808,"href":"https:\/\/poblenouurbandistrict.com\/ca\/wp-json\/wp\/v2\/posts\/22806\/revisions\/22808"}],"wp:featuredmedia":[{"embeddable":true,"href":"https:\/\/poblenouurbandistrict.com\/ca\/wp-json\/wp\/v2\/media\/22710"}],"wp:attachment":[{"href":"https:\/\/poblenouurbandistrict.com\/ca\/wp-json\/wp\/v2\/media?parent=22806"}],"wp:term":[{"taxonomy":"category","embeddable":true,"href":"https:\/\/poblenouurbandistrict.com\/ca\/wp-json\/wp\/v2\/categories?post=22806"},{"taxonomy":"post_tag","embeddable":true,"href":"https:\/\/poblenouurbandistrict.com\/ca\/wp-json\/wp\/v2\/tags?post=22806"}],"curies":[{"name":"wp","href":"https:\/\/api.w.org\/{rel}","templated":true}]}}