{"id":23204,"date":"2021-09-15T12:24:14","date_gmt":"2021-09-15T10:24:14","guid":{"rendered":"https:\/\/poblenouurbandistrict.com\/?p=23204"},"modified":"2021-09-28T10:25:10","modified_gmt":"2021-09-28T08:25:10","slug":"la-plataforma-estrena-la-temporada-2021-2022-amb-cosi-fan-tutte","status":"publish","type":"post","link":"https:\/\/poblenouurbandistrict.com\/ca\/la-plataforma-estrena-la-temporada-2021-2022-amb-cosi-fan-tutte\/","title":{"rendered":"La Plataforma estrena la temporada 2021-2022 amb \u201cCos\u00ec fan tutte\u201d"},"content":{"rendered":"<p><\/p>\n<div class=\"page\" title=\"Page 4\">\n<div class=\"section\">\n<div class=\"layoutArea\">\n<div class=\"column\">\n<p>La galeria d&#8217;art contemporani i estudi de producci\u00f3 <span style=\"color: #000000;\"><strong><a style=\"color: #000000;\" href=\"https:\/\/www.instagram.com\/laplataformabcn\/\" target=\"_blank\" rel=\"noopener\">La Plataforma<\/a><\/strong><\/span> obre les seves portes per inaugurar la nova temporada 2021-2022. La primera gran cita ser\u00e0 l&#8217;exposici\u00f3 del treball m\u00e9s recent de l&#8217;artista <a href=\"https:\/\/www.instagram.com\/theartofcane\/\" target=\"_blank\" rel=\"noopener\"><span style=\"color: #000000;\"><strong>Riccardo Nannini a.k.a. Cane.<\/strong><\/span><\/a> amb l&#8217;exposici\u00f3 <strong>\u201cCos\u00ec fan tutte\u201d<\/strong><\/p>\n<p>La inauguraci\u00f3 ser\u00e0 el pr\u00f2xim <strong>23 de setembre<\/strong> a partir de les 19.00 hores i\u00a0comptar\u00e0 amb la pres\u00e8ncia de l&#8217;artista. L&#8217;exposici\u00f3 es podr\u00e0 visitar fins al <strong>30 d&#8217;octubre<\/strong> dins de l&#8217;horari habitual de la galeria.<\/p>\n<p><strong>Riccardo Nannini<\/strong> -m\u00e9s conegut com <strong>Cane<\/strong>-, reflexiona sobre l<strong>&#8216;individualisme<\/strong> i la seva faceta <strong>m\u00e9s narcisista<\/strong>, centrant-se en la forma que tenim de comunicar el nostre Jo i en la necessitat d&#8217;expressar constantment qui som, qu\u00e8 opinem, qu\u00e8 consumim, com vivim, amb qui ens relacionem&#8230; i sobre el soroll que aix\u00f2 genera.<\/p>\n<p>\u201cCos\u00ec fan tutte&#8221; posa l&#8217;accent en aquesta contradicci\u00f3 contempor\u00e0nia que \u00e9s la cerca d&#8217;una distinci\u00f3 personal a trav\u00e9s de les mateixes accions i de com aquest desig s&#8217;ha convertit en una aspiraci\u00f3 de massa. En la mostra per\u00f2, no trobarem un judici moralista sobre aquests temes, sin\u00f3 m\u00e9s aviat una <strong>representaci\u00f3 humor\u00edstica<\/strong>, a vegades fins i tot absurda, d&#8217;<strong>aquests comportaments<\/strong>. Un to lleuger i una aparent frivolitat emboliquen tota l&#8217;exposici\u00f3; els <strong>colors brillants<\/strong> caracter\u00edstics de les pintures de Nannini i les seves constants <strong>refer\u00e8ncies pop<\/strong>, contribueixen a potenciar aquesta sensaci\u00f3. L&#8217;artista sembla voler entretenir m\u00e9s que intel\u00b7lectualitzar i, encara aix\u00ed, el seu missatge continua sent incisiu.<\/p>\n<p>Obres molt elaborades, plagades de detalls, ens obliguen a prendre&#8217;ns el nostre temps per a mirar-les, for\u00e7ant d&#8217;aquesta manera la necess\u00e0ria desacceleraci\u00f3:<strong> menys frenes\u00ed comunicatiu, m\u00e9s reflexi\u00f3<\/strong>.<\/p>\n<div class=\"page\" title=\"Page 5\">\n<div class=\"section\">\n<div class=\"layoutArea\">\n<div class=\"column\">\n<p>La traject\u00f2ria art\u00edstica de <strong>Riccardo Nannini<\/strong> comen\u00e7a l&#8217;any 2009, un moment d&#8217;inflexi\u00f3 en la seva vida personal: decideix traslladar-se a Barcelona, abandona la seva carrera com a dissenyador i s&#8217;introdueix en la vida art\u00edstica de la ciutat. Comen\u00e7a col\u00b7laborant amb artistes, revistes i galeries underground. Mentre continua estudiant de manera autodidacta, afina les seves habilitats pict\u00f2riques i narratives.<\/p>\n<\/div>\n<\/div>\n<\/div>\n<\/div>\n<div class=\"page\" title=\"Page 5\">\n<div class=\"section\">\n<div class=\"layoutArea\">\n<div class=\"column\">\n<p><strong>La Plataforma,<\/strong>\u00a0\u00e9s una galeria d&#8217;art contemporani i estudi de producci\u00f3 que va obrir les seves portes a finals del 2010 a Poblenou en una antiga impremta, transformant l&#8217;espai en una galeria i estudi de producci\u00f3. La galeria promou el treball d&#8217;artistes contemporanis emergents i de mitjana carrera especialitzant-se en diferents disciplines com la pintura, fotografia, il\u00b7lustraci\u00f3 i multim\u00e8dia.<\/p>\n<p>Al llarg dels seus deu anys de traject\u00f2ria, La Plataforma, un dels fundadors de <strong>Poblenou Urban District<\/strong>, ha promogut i produ\u00eft paral\u00b7lelament projectes de dinamitzaci\u00f3 cultural a trav\u00e9s de festivals, circuits i xerrades on el seu objectiu fonamental \u00e9s apropar l&#8217;art al p\u00fablic.<\/p>\n<\/div>\n<\/div>\n<\/div>\n<\/div>\n<\/div>\n<\/div>\n<\/div>\n<\/div>\n<p><\/p>","protected":false},"excerpt":{"rendered":"<p>La galeria d&#8217;art contemporani i estudi de producci\u00f3 La Plataforma obre les seves portes per inaugurar la nova temporada 2021-2022&#8230;. <a href=\"https:\/\/poblenouurbandistrict.com\/ca\/la-plataforma-estrena-la-temporada-2021-2022-amb-cosi-fan-tutte\/\">M\u00e9s  \u2192<\/a><\/p>\n","protected":false},"author":5,"featured_media":23215,"comment_status":"closed","ping_status":"closed","sticky":false,"template":"","format":"standard","meta":{"_acf_changed":false,"footnotes":""},"categories":[3481,3363,3342],"tags":[],"class_list":["post-23204","post","type-post","status-publish","format-standard","has-post-thumbnail","hentry","category-agenda","category-places","category-art"],"acf":[],"yoast_head":"<!-- This site is optimized with the Yoast SEO plugin v27.5 - https:\/\/yoast.com\/product\/yoast-seo-wordpress\/ -->\n<title>La Plataforma estrena la temporada 2021-2022 amb \u201cCos\u00ec fan tutte\u201d &#8211; Poblenou Urban District<\/title>\n<meta name=\"description\" content=\"La galeria d&#039;art contemporani i estudi de producci\u00f3 La Plataforma obre les seves portes per inaugurar la nova temporada 2021-2022. La primera gran cita ser\u00e0 l&#039;exposici\u00f3 del treball m\u00e9s recent de l&#039;artista Riccardo Nannini a.k.a. Cane. amb l&#039;exposici\u00f3 \u201cCos\u00ec fan tutte\u201d\" \/>\n<meta name=\"robots\" content=\"index, follow, max-snippet:-1, max-image-preview:large, max-video-preview:-1\" \/>\n<link rel=\"canonical\" href=\"https:\/\/poblenouurbandistrict.com\/ca\/la-plataforma-estrena-la-temporada-2021-2022-amb-cosi-fan-tutte\/\" \/>\n<meta property=\"og:locale\" content=\"ca_ES\" \/>\n<meta property=\"og:type\" content=\"article\" \/>\n<meta property=\"og:title\" content=\"La Plataforma estrena la temporada 2021-2022 amb \u201cCos\u00ec fan tutte\u201d &#8211; Poblenou Urban District\" \/>\n<meta property=\"og:description\" content=\"La galeria d&#039;art contemporani i estudi de producci\u00f3 La Plataforma obre les seves portes per inaugurar la nova temporada 2021-2022. La primera gran cita ser\u00e0 l&#039;exposici\u00f3 del treball m\u00e9s recent de l&#039;artista Riccardo Nannini a.k.a. Cane. amb l&#039;exposici\u00f3 \u201cCos\u00ec fan tutte\u201d\" \/>\n<meta property=\"og:url\" content=\"https:\/\/poblenouurbandistrict.com\/ca\/la-plataforma-estrena-la-temporada-2021-2022-amb-cosi-fan-tutte\/\" \/>\n<meta property=\"og:site_name\" content=\"Poblenou Urban District\" \/>\n<meta property=\"article:published_time\" content=\"2021-09-15T10:24:14+00:00\" \/>\n<meta property=\"article:modified_time\" content=\"2021-09-28T08:25:10+00:00\" \/>\n<meta property=\"og:image\" content=\"https:\/\/poblenouurbandistrict.com\/wp-content\/uploads\/2021\/09\/i-want-a-brand-new-ego-1-scaled.jpg\" \/>\n\t<meta property=\"og:image:width\" content=\"1869\" \/>\n\t<meta property=\"og:image:height\" content=\"2560\" \/>\n\t<meta property=\"og:image:type\" content=\"image\/jpeg\" \/>\n<meta name=\"author\" content=\"pnud\" \/>\n<meta name=\"twitter:card\" content=\"summary_large_image\" \/>\n<meta name=\"twitter:label1\" content=\"Escrit per\" \/>\n\t<meta name=\"twitter:data1\" content=\"pnud\" \/>\n\t<meta name=\"twitter:label2\" content=\"Temps estimat de lectura\" \/>\n\t<meta name=\"twitter:data2\" content=\"9 minuts\" \/>\n<script type=\"application\/ld+json\" class=\"yoast-schema-graph\">{\"@context\":\"https:\\\/\\\/schema.org\",\"@graph\":[{\"@type\":\"Article\",\"@id\":\"https:\\\/\\\/poblenouurbandistrict.com\\\/la-plataforma-estrena-la-temporada-2021-2022-amb-cosi-fan-tutte\\\/#article\",\"isPartOf\":{\"@id\":\"https:\\\/\\\/poblenouurbandistrict.com\\\/la-plataforma-estrena-la-temporada-2021-2022-amb-cosi-fan-tutte\\\/\"},\"author\":{\"name\":\"pnud\",\"@id\":\"https:\\\/\\\/poblenouurbandistrict.com\\\/#\\\/schema\\\/person\\\/980a2cf34b399d5218205730acd54a7e\"},\"headline\":\"La Plataforma estrena la temporada 2021-2022 amb \u201cCos\u00ec fan tutte\u201d\",\"datePublished\":\"2021-09-15T10:24:14+00:00\",\"dateModified\":\"2021-09-28T08:25:10+00:00\",\"mainEntityOfPage\":{\"@id\":\"https:\\\/\\\/poblenouurbandistrict.com\\\/la-plataforma-estrena-la-temporada-2021-2022-amb-cosi-fan-tutte\\\/\"},\"wordCount\":1789,\"image\":{\"@id\":\"https:\\\/\\\/poblenouurbandistrict.com\\\/la-plataforma-estrena-la-temporada-2021-2022-amb-cosi-fan-tutte\\\/#primaryimage\"},\"thumbnailUrl\":\"https:\\\/\\\/media.poblenouurbandistrict.com\\\/2021\\\/09\\\/25041414\\\/i-want-a-brand-new-ego-1-scaled.jpg\",\"articleSection\":[\"Agenda\",\"Espais\",\"Art\"],\"inLanguage\":\"ca\"},{\"@type\":\"WebPage\",\"@id\":\"https:\\\/\\\/poblenouurbandistrict.com\\\/ca\\\/la-plataforma-estrena-la-temporada-2021-2022-amb-cosi-fan-tutte\\\/\",\"url\":\"https:\\\/\\\/poblenouurbandistrict.com\\\/ca\\\/la-plataforma-estrena-la-temporada-2021-2022-amb-cosi-fan-tutte\\\/\",\"name\":\"La Plataforma estrena la temporada 2021-2022 amb \u201cCos\u00ec fan tutte\u201d &#8211; Poblenou Urban District\",\"isPartOf\":{\"@id\":\"https:\\\/\\\/poblenouurbandistrict.com\\\/ca\\\/#website\"},\"primaryImageOfPage\":{\"@id\":\"https:\\\/\\\/poblenouurbandistrict.com\\\/ca\\\/la-plataforma-estrena-la-temporada-2021-2022-amb-cosi-fan-tutte\\\/#primaryimage\"},\"image\":{\"@id\":\"https:\\\/\\\/poblenouurbandistrict.com\\\/la-plataforma-estrena-la-temporada-2021-2022-amb-cosi-fan-tutte\\\/#primaryimage\"},\"thumbnailUrl\":\"https:\\\/\\\/media.poblenouurbandistrict.com\\\/2021\\\/09\\\/25041414\\\/i-want-a-brand-new-ego-1-scaled.jpg\",\"datePublished\":\"2021-09-15T10:24:14+00:00\",\"dateModified\":\"2021-09-28T08:25:10+00:00\",\"author\":{\"@id\":\"https:\\\/\\\/poblenouurbandistrict.com\\\/#\\\/schema\\\/person\\\/980a2cf34b399d5218205730acd54a7e\"},\"description\":\"La galeria d'art contemporani i estudi de producci\u00f3 La Plataforma obre les seves portes per inaugurar la nova temporada 2021-2022. La primera gran cita ser\u00e0 l'exposici\u00f3 del treball m\u00e9s recent de l'artista Riccardo Nannini a.k.a. Cane. amb l'exposici\u00f3 \u201cCos\u00ec fan tutte\u201d\",\"breadcrumb\":{\"@id\":\"https:\\\/\\\/poblenouurbandistrict.com\\\/ca\\\/la-plataforma-estrena-la-temporada-2021-2022-amb-cosi-fan-tutte\\\/#breadcrumb\"},\"inLanguage\":\"ca\",\"potentialAction\":[{\"@type\":\"ReadAction\",\"target\":[[\"https:\\\/\\\/poblenouurbandistrict.com\\\/ca\\\/la-plataforma-estrena-la-temporada-2021-2022-amb-cosi-fan-tutte\\\/\"]]}]},{\"@type\":\"ImageObject\",\"inLanguage\":\"ca\",\"@id\":\"https:\\\/\\\/poblenouurbandistrict.com\\\/ca\\\/la-plataforma-estrena-la-temporada-2021-2022-amb-cosi-fan-tutte\\\/#primaryimage\",\"url\":\"https:\\\/\\\/media.poblenouurbandistrict.com\\\/2021\\\/09\\\/25041414\\\/i-want-a-brand-new-ego-1-scaled.jpg\",\"contentUrl\":\"https:\\\/\\\/media.poblenouurbandistrict.com\\\/2021\\\/09\\\/25041414\\\/i-want-a-brand-new-ego-1-scaled.jpg\",\"width\":1869,\"height\":2560},{\"@type\":\"BreadcrumbList\",\"@id\":\"https:\\\/\\\/poblenouurbandistrict.com\\\/ca\\\/la-plataforma-estrena-la-temporada-2021-2022-amb-cosi-fan-tutte\\\/#breadcrumb\",\"itemListElement\":[{\"@type\":\"ListItem\",\"position\":1,\"name\":\"Home\",\"item\":\"https:\\\/\\\/poblenouurbandistrict.com\\\/ca\\\/\"},{\"@type\":\"ListItem\",\"position\":2,\"name\":\"La Plataforma estrena la temporada 2021-2022 amb \u201cCos\u00ec fan tutte\u201d\"}]},{\"@type\":\"WebSite\",\"@id\":\"https:\\\/\\\/poblenouurbandistrict.com\\\/ca\\\/#website\",\"url\":\"https:\\\/\\\/poblenouurbandistrict.com\\\/ca\\\/\",\"name\":\"Poblenou Urban District\",\"description\":\"Comunitat Creativa\",\"potentialAction\":[{\"@type\":\"SearchAction\",\"target\":{\"@type\":\"EntryPoint\",\"urlTemplate\":\"https:\\\/\\\/poblenouurbandistrict.com\\\/ca\\\/?s={search_term_string}\"},\"query-input\":{\"@type\":\"PropertyValueSpecification\",\"valueRequired\":true,\"valueName\":\"search_term_string\"}}],\"inLanguage\":\"ca\"},{\"@type\":\"Person\",\"@id\":\"https:\\\/\\\/poblenouurbandistrict.com\\\/#\\\/schema\\\/person\\\/980a2cf34b399d5218205730acd54a7e\",\"name\":\"pnud\",\"image\":{\"@type\":\"ImageObject\",\"inLanguage\":\"ca\",\"@id\":\"https:\\\/\\\/secure.gravatar.com\\\/avatar\\\/67146597b405ee077a24e519f75c3e2031736596d6ce35af3a34c122c93d0d7b?s=96&d=retro&r=g\",\"url\":\"https:\\\/\\\/secure.gravatar.com\\\/avatar\\\/67146597b405ee077a24e519f75c3e2031736596d6ce35af3a34c122c93d0d7b?s=96&d=retro&r=g\",\"contentUrl\":\"https:\\\/\\\/secure.gravatar.com\\\/avatar\\\/67146597b405ee077a24e519f75c3e2031736596d6ce35af3a34c122c93d0d7b?s=96&d=retro&r=g\",\"caption\":\"pnud\"}}]}<\/script>\n<!-- \/ Yoast SEO plugin. -->","yoast_head_json":{"title":"La Plataforma estrena la temporada 2021-2022 amb \u201cCos\u00ec fan tutte\u201d &#8211; Poblenou Urban District","description":"La galeria d'art contemporani i estudi de producci\u00f3 La Plataforma obre les seves portes per inaugurar la nova temporada 2021-2022. La primera gran cita ser\u00e0 l'exposici\u00f3 del treball m\u00e9s recent de l'artista Riccardo Nannini a.k.a. Cane. amb l'exposici\u00f3 \u201cCos\u00ec fan tutte\u201d","robots":{"index":"index","follow":"follow","max-snippet":"max-snippet:-1","max-image-preview":"max-image-preview:large","max-video-preview":"max-video-preview:-1"},"canonical":"https:\/\/poblenouurbandistrict.com\/ca\/la-plataforma-estrena-la-temporada-2021-2022-amb-cosi-fan-tutte\/","og_locale":"ca_ES","og_type":"article","og_title":"La Plataforma estrena la temporada 2021-2022 amb \u201cCos\u00ec fan tutte\u201d &#8211; Poblenou Urban District","og_description":"La galeria d'art contemporani i estudi de producci\u00f3 La Plataforma obre les seves portes per inaugurar la nova temporada 2021-2022. La primera gran cita ser\u00e0 l'exposici\u00f3 del treball m\u00e9s recent de l'artista Riccardo Nannini a.k.a. Cane. amb l'exposici\u00f3 \u201cCos\u00ec fan tutte\u201d","og_url":"https:\/\/poblenouurbandistrict.com\/ca\/la-plataforma-estrena-la-temporada-2021-2022-amb-cosi-fan-tutte\/","og_site_name":"Poblenou Urban District","article_published_time":"2021-09-15T10:24:14+00:00","article_modified_time":"2021-09-28T08:25:10+00:00","og_image":[{"width":1869,"height":2560,"url":"https:\/\/poblenouurbandistrict.com\/wp-content\/uploads\/2021\/09\/i-want-a-brand-new-ego-1-scaled.jpg","type":"image\/jpeg"}],"author":"pnud","twitter_card":"summary_large_image","twitter_misc":{"Escrit per":"pnud","Temps estimat de lectura":"9 minuts"},"schema":{"@context":"https:\/\/schema.org","@graph":[{"@type":"Article","@id":"https:\/\/poblenouurbandistrict.com\/la-plataforma-estrena-la-temporada-2021-2022-amb-cosi-fan-tutte\/#article","isPartOf":{"@id":"https:\/\/poblenouurbandistrict.com\/la-plataforma-estrena-la-temporada-2021-2022-amb-cosi-fan-tutte\/"},"author":{"name":"pnud","@id":"https:\/\/poblenouurbandistrict.com\/#\/schema\/person\/980a2cf34b399d5218205730acd54a7e"},"headline":"La Plataforma estrena la temporada 2021-2022 amb \u201cCos\u00ec fan tutte\u201d","datePublished":"2021-09-15T10:24:14+00:00","dateModified":"2021-09-28T08:25:10+00:00","mainEntityOfPage":{"@id":"https:\/\/poblenouurbandistrict.com\/la-plataforma-estrena-la-temporada-2021-2022-amb-cosi-fan-tutte\/"},"wordCount":1789,"image":{"@id":"https:\/\/poblenouurbandistrict.com\/la-plataforma-estrena-la-temporada-2021-2022-amb-cosi-fan-tutte\/#primaryimage"},"thumbnailUrl":"https:\/\/media.poblenouurbandistrict.com\/2021\/09\/25041414\/i-want-a-brand-new-ego-1-scaled.jpg","articleSection":["Agenda","Espais","Art"],"inLanguage":"ca"},{"@type":"WebPage","@id":"https:\/\/poblenouurbandistrict.com\/ca\/la-plataforma-estrena-la-temporada-2021-2022-amb-cosi-fan-tutte\/","url":"https:\/\/poblenouurbandistrict.com\/ca\/la-plataforma-estrena-la-temporada-2021-2022-amb-cosi-fan-tutte\/","name":"La Plataforma estrena la temporada 2021-2022 amb \u201cCos\u00ec fan tutte\u201d &#8211; Poblenou Urban District","isPartOf":{"@id":"https:\/\/poblenouurbandistrict.com\/ca\/#website"},"primaryImageOfPage":{"@id":"https:\/\/poblenouurbandistrict.com\/ca\/la-plataforma-estrena-la-temporada-2021-2022-amb-cosi-fan-tutte\/#primaryimage"},"image":{"@id":"https:\/\/poblenouurbandistrict.com\/la-plataforma-estrena-la-temporada-2021-2022-amb-cosi-fan-tutte\/#primaryimage"},"thumbnailUrl":"https:\/\/media.poblenouurbandistrict.com\/2021\/09\/25041414\/i-want-a-brand-new-ego-1-scaled.jpg","datePublished":"2021-09-15T10:24:14+00:00","dateModified":"2021-09-28T08:25:10+00:00","author":{"@id":"https:\/\/poblenouurbandistrict.com\/#\/schema\/person\/980a2cf34b399d5218205730acd54a7e"},"description":"La galeria d'art contemporani i estudi de producci\u00f3 La Plataforma obre les seves portes per inaugurar la nova temporada 2021-2022. La primera gran cita ser\u00e0 l'exposici\u00f3 del treball m\u00e9s recent de l'artista Riccardo Nannini a.k.a. Cane. amb l'exposici\u00f3 \u201cCos\u00ec fan tutte\u201d","breadcrumb":{"@id":"https:\/\/poblenouurbandistrict.com\/ca\/la-plataforma-estrena-la-temporada-2021-2022-amb-cosi-fan-tutte\/#breadcrumb"},"inLanguage":"ca","potentialAction":[{"@type":"ReadAction","target":[["https:\/\/poblenouurbandistrict.com\/ca\/la-plataforma-estrena-la-temporada-2021-2022-amb-cosi-fan-tutte\/"]]}]},{"@type":"ImageObject","inLanguage":"ca","@id":"https:\/\/poblenouurbandistrict.com\/ca\/la-plataforma-estrena-la-temporada-2021-2022-amb-cosi-fan-tutte\/#primaryimage","url":"https:\/\/media.poblenouurbandistrict.com\/2021\/09\/25041414\/i-want-a-brand-new-ego-1-scaled.jpg","contentUrl":"https:\/\/media.poblenouurbandistrict.com\/2021\/09\/25041414\/i-want-a-brand-new-ego-1-scaled.jpg","width":1869,"height":2560},{"@type":"BreadcrumbList","@id":"https:\/\/poblenouurbandistrict.com\/ca\/la-plataforma-estrena-la-temporada-2021-2022-amb-cosi-fan-tutte\/#breadcrumb","itemListElement":[{"@type":"ListItem","position":1,"name":"Home","item":"https:\/\/poblenouurbandistrict.com\/ca\/"},{"@type":"ListItem","position":2,"name":"La Plataforma estrena la temporada 2021-2022 amb \u201cCos\u00ec fan tutte\u201d"}]},{"@type":"WebSite","@id":"https:\/\/poblenouurbandistrict.com\/ca\/#website","url":"https:\/\/poblenouurbandistrict.com\/ca\/","name":"Poblenou Urban District","description":"Comunitat Creativa","potentialAction":[{"@type":"SearchAction","target":{"@type":"EntryPoint","urlTemplate":"https:\/\/poblenouurbandistrict.com\/ca\/?s={search_term_string}"},"query-input":{"@type":"PropertyValueSpecification","valueRequired":true,"valueName":"search_term_string"}}],"inLanguage":"ca"},{"@type":"Person","@id":"https:\/\/poblenouurbandistrict.com\/#\/schema\/person\/980a2cf34b399d5218205730acd54a7e","name":"pnud","image":{"@type":"ImageObject","inLanguage":"ca","@id":"https:\/\/secure.gravatar.com\/avatar\/67146597b405ee077a24e519f75c3e2031736596d6ce35af3a34c122c93d0d7b?s=96&d=retro&r=g","url":"https:\/\/secure.gravatar.com\/avatar\/67146597b405ee077a24e519f75c3e2031736596d6ce35af3a34c122c93d0d7b?s=96&d=retro&r=g","contentUrl":"https:\/\/secure.gravatar.com\/avatar\/67146597b405ee077a24e519f75c3e2031736596d6ce35af3a34c122c93d0d7b?s=96&d=retro&r=g","caption":"pnud"}}]}},"_links":{"self":[{"href":"https:\/\/poblenouurbandistrict.com\/ca\/wp-json\/wp\/v2\/posts\/23204","targetHints":{"allow":["GET"]}}],"collection":[{"href":"https:\/\/poblenouurbandistrict.com\/ca\/wp-json\/wp\/v2\/posts"}],"about":[{"href":"https:\/\/poblenouurbandistrict.com\/ca\/wp-json\/wp\/v2\/types\/post"}],"author":[{"embeddable":true,"href":"https:\/\/poblenouurbandistrict.com\/ca\/wp-json\/wp\/v2\/users\/5"}],"replies":[{"embeddable":true,"href":"https:\/\/poblenouurbandistrict.com\/ca\/wp-json\/wp\/v2\/comments?post=23204"}],"version-history":[{"count":6,"href":"https:\/\/poblenouurbandistrict.com\/ca\/wp-json\/wp\/v2\/posts\/23204\/revisions"}],"predecessor-version":[{"id":23381,"href":"https:\/\/poblenouurbandistrict.com\/ca\/wp-json\/wp\/v2\/posts\/23204\/revisions\/23381"}],"wp:featuredmedia":[{"embeddable":true,"href":"https:\/\/poblenouurbandistrict.com\/ca\/wp-json\/wp\/v2\/media\/23215"}],"wp:attachment":[{"href":"https:\/\/poblenouurbandistrict.com\/ca\/wp-json\/wp\/v2\/media?parent=23204"}],"wp:term":[{"taxonomy":"category","embeddable":true,"href":"https:\/\/poblenouurbandistrict.com\/ca\/wp-json\/wp\/v2\/categories?post=23204"},{"taxonomy":"post_tag","embeddable":true,"href":"https:\/\/poblenouurbandistrict.com\/ca\/wp-json\/wp\/v2\/tags?post=23204"}],"curies":[{"name":"wp","href":"https:\/\/api.w.org\/{rel}","templated":true}]}}