{"id":23633,"date":"2021-10-20T13:57:57","date_gmt":"2021-10-20T11:57:57","guid":{"rendered":"https:\/\/poblenouurbandistrict.com\/?p=23633"},"modified":"2021-10-21T12:16:45","modified_gmt":"2021-10-21T10:16:45","slug":"el-48h-open-house-bcn-abrira-gratis-al-publico","status":"publish","type":"post","link":"https:\/\/poblenouurbandistrict.com\/ca\/el-48h-open-house-bcn-abrira-gratis-al-publico\/","title":{"rendered":"El 48H Open House BCN obrir\u00e0 gratis al p\u00fablic 227 edificis en la seva 12 edici\u00f3"},"content":{"rendered":"<p>El <strong>48h OPEN HOUSE<\/strong> \u00e9s la principal cita de <strong>Barcelona<\/strong> amb l&#8217;arquitectura, un cap de setmana al mes d&#8217;octubre de portes obertes a m\u00e9s de 150 edificis de tot tipus, forma i mida. Una iniciativa de l&#8217;Associaci\u00f3 48h Open House Barcelona.<\/p>\n<p>La <strong>12a edici\u00f3<\/strong> de festival d&#8217;arquitectura 48h Open House BCN es realitzar\u00e0 el cap de setmana del <strong>23 i 24 d&#8217;octubre<\/strong> de 2021. T\u00e9 l&#8217;objectiu de promoure l&#8217;arquitectura i ajudar a entendre-la com a component imprescindible de la cultura.<\/p>\n<p>El 48H Open House BCN ha programat m\u00e9s de <strong>275 activitats<\/strong> en<strong> 227 edificis<\/strong> &#8211;76 nous i 151 repetidores&#8211; amb 27 itineraris guiats i 21 lliures, i ha destacat en aquesta edici\u00f3 construccions com la Torre de les Aig\u00fces del Bes\u00f2s, la Casa Grases , la Masia Can Zam i els habitatges socials del Bon Pastor. La programaci\u00f3, que s&#8217;amplia a diverses ciutats com Barcelona, \u200b\u200bl&#8217;Hospitalet de Llobregat, Badalona, \u200b\u200bSant Joan Desp\u00ed, Santa Coloma de Gramenet, Vilassar de Dalt i Sitges; destaca l&#8217;obra de l&#8217;arquitecte Jos\u00e9 Antonio Coderech de Sentmenat, qui va modernitzar la tradici\u00f3 arquitect\u00f2nica mediterr\u00e0nia, va ser alumne de l&#8217;arquitecte Josep Maria Jujol i va construir edificis com les torres Trade, el bloc d&#8217;habitatges de les Cotxeres de Sarri\u00e0 i l&#8217;Institut Franc\u00e8s de Barcelona.<\/p>\n<p>La tem\u00e0tica d&#8217;aquesta edici\u00f3 \u00e9s l&#8217;arquitectura mediterr\u00e0nia amb l&#8217;objectiu de &#8220;con\u00e8ixer i entendre el passat, revisar-lo i poder dissenyar aix\u00ed un futur millor i m\u00e9s sostenible per garantir la qualitat de vida&#8221;, han detallat.<\/p>\n<p>Alguns dels nostres socis i ve\u00efns de <strong>Poblenou Urban District<\/strong> col\u00b7laboren en aquesta festa de l&#8217;arquitectura, i \u00e9s per aix\u00f2 que oferim una petita descripci\u00f3 dels espais i us convidem a que us apropeu. Recordeu que l&#8217;entrada \u00e9s totalment lliure!<\/p>\n<p><strong>Fundaci\u00f3 Vila Casas &#8211; Can Framis<\/strong><\/p>\n<p>La intervenci\u00f3 a l&#8217;antiga f\u00e0brica de <strong>Can Framis<\/strong> per convertir-la en espai expositiu de la Fundaci\u00f3 Vila Casas mostra la seva deteriorada pell formant un collage contemporani i construeix un nou edifici que connecta les dues naus existents, coincidint a la vegada amb el tra\u00e7at d&#8217;una altra antiga nau . D&#8217;aquesta manera, els tres edificis configuren un pati que es converteix en un vest\u00edbul polivalent per al museu. La visita interior es comen\u00e7a des de la cota m\u00e9s alta, fent una passejada continu de baixada.<\/p>\n<p><strong>La Escocesa (F\u00e0brica de Creaci\u00f3)<\/strong><\/p>\n<p>El primer edifici de <strong>La Escocesa<\/strong> va ser una f\u00e0brica t\u00e8xtil d&#8217;estampats de la fam\u00edlia Paul. A partir del 1877, el recinte industrial el van ocupar diferents empreses que llogaven part de l&#8217;antiga f\u00e0brica, entre altres, l&#8217;empresa Johnston, Shields i Cia &#8211; La Escocesa (1894 al 1984), que li va acabar donant el nom.<\/p>","protected":false},"excerpt":{"rendered":"<p>El 48h OPEN HOUSE \u00e9s la principal cita de Barcelona amb l&#8217;arquitectura, un cap de setmana al mes d&#8217;octubre de&#8230; <a href=\"https:\/\/poblenouurbandistrict.com\/ca\/el-48h-open-house-bcn-abrira-gratis-al-publico\/\">M\u00e9s  \u2192<\/a><\/p>\n","protected":false},"author":5,"featured_media":23647,"comment_status":"closed","ping_status":"closed","sticky":false,"template":"","format":"standard","meta":{"_acf_changed":false,"footnotes":""},"categories":[3481,3363,1],"tags":[],"class_list":["post-23633","post","type-post","status-publish","format-standard","has-post-thumbnail","hentry","category-agenda","category-places","category-noticias"],"acf":[],"yoast_head":"<!-- This site is optimized with the Yoast SEO plugin v27.5 - https:\/\/yoast.com\/product\/yoast-seo-wordpress\/ -->\n<title>Poblenou Urban District Est\u00e0 passant &#8211; Poblenou Urban District<\/title>\n<meta name=\"description\" content=\"48h OPEN HOUSE \u00e9s la principal cita de Barcelona amb l&#039;arquitectura, un cap de setmana al mes d&#039;octubre de portes obertes a m\u00e9s de 150 edificis de tot tipus.\" \/>\n<meta name=\"robots\" content=\"index, follow, max-snippet:-1, max-image-preview:large, max-video-preview:-1\" \/>\n<link rel=\"canonical\" href=\"https:\/\/poblenouurbandistrict.com\/ca\/el-48h-open-house-bcn-abrira-gratis-al-publico\/\" \/>\n<meta property=\"og:locale\" content=\"ca_ES\" \/>\n<meta property=\"og:type\" content=\"article\" \/>\n<meta property=\"og:title\" content=\"Poblenou Urban District Est\u00e0 passant &#8211; Poblenou Urban District\" \/>\n<meta property=\"og:description\" content=\"48h OPEN HOUSE \u00e9s la principal cita de Barcelona amb l&#039;arquitectura, un cap de setmana al mes d&#039;octubre de portes obertes a m\u00e9s de 150 edificis de tot tipus.\" \/>\n<meta property=\"og:url\" content=\"https:\/\/poblenouurbandistrict.com\/ca\/el-48h-open-house-bcn-abrira-gratis-al-publico\/\" \/>\n<meta property=\"og:site_name\" content=\"Poblenou Urban District\" \/>\n<meta property=\"article:published_time\" content=\"2021-10-20T11:57:57+00:00\" \/>\n<meta property=\"article:modified_time\" content=\"2021-10-21T10:16:45+00:00\" \/>\n<meta property=\"og:image\" content=\"https:\/\/poblenouurbandistrict.com\/wp-content\/uploads\/2021\/10\/241482328-532393031162615-2392520306587723433-n.jpg\" \/>\n\t<meta property=\"og:image:width\" content=\"640\" \/>\n\t<meta property=\"og:image:height\" content=\"640\" \/>\n\t<meta property=\"og:image:type\" content=\"image\/jpeg\" \/>\n<meta name=\"author\" content=\"pnud\" \/>\n<meta name=\"twitter:card\" content=\"summary_large_image\" \/>\n<meta name=\"twitter:label1\" content=\"Escrit per\" \/>\n\t<meta name=\"twitter:data1\" content=\"pnud\" \/>\n\t<meta name=\"twitter:label2\" content=\"Temps estimat de lectura\" \/>\n\t<meta name=\"twitter:data2\" content=\"6 minuts\" \/>\n<script type=\"application\/ld+json\" class=\"yoast-schema-graph\">{\"@context\":\"https:\\\/\\\/schema.org\",\"@graph\":[{\"@type\":\"Article\",\"@id\":\"https:\\\/\\\/poblenouurbandistrict.com\\\/el-48h-open-house-bcn-abrira-gratis-al-publico\\\/#article\",\"isPartOf\":{\"@id\":\"https:\\\/\\\/poblenouurbandistrict.com\\\/el-48h-open-house-bcn-abrira-gratis-al-publico\\\/\"},\"author\":{\"name\":\"pnud\",\"@id\":\"https:\\\/\\\/poblenouurbandistrict.com\\\/#\\\/schema\\\/person\\\/980a2cf34b399d5218205730acd54a7e\"},\"headline\":\"El 48H Open House BCN obrir\u00e0 gratis al p\u00fablic 227 edificis en la seva 12 edici\u00f3\",\"datePublished\":\"2021-10-20T11:57:57+00:00\",\"dateModified\":\"2021-10-21T10:16:45+00:00\",\"mainEntityOfPage\":{\"@id\":\"https:\\\/\\\/poblenouurbandistrict.com\\\/el-48h-open-house-bcn-abrira-gratis-al-publico\\\/\"},\"wordCount\":1265,\"image\":{\"@id\":\"https:\\\/\\\/poblenouurbandistrict.com\\\/el-48h-open-house-bcn-abrira-gratis-al-publico\\\/#primaryimage\"},\"thumbnailUrl\":\"https:\\\/\\\/media.poblenouurbandistrict.com\\\/2021\\\/10\\\/25042044\\\/241482328-532393031162615-2392520306587723433-n.jpg\",\"articleSection\":[\"Agenda\",\"Espais\",\"Est\u00e0 passant\"],\"inLanguage\":\"ca\"},{\"@type\":\"WebPage\",\"@id\":\"https:\\\/\\\/poblenouurbandistrict.com\\\/ca\\\/el-48h-open-house-bcn-abrira-gratis-al-publico\\\/\",\"url\":\"https:\\\/\\\/poblenouurbandistrict.com\\\/ca\\\/el-48h-open-house-bcn-abrira-gratis-al-publico\\\/\",\"name\":\"Poblenou Urban District Est\u00e0 passant &#8211; Poblenou Urban District\",\"isPartOf\":{\"@id\":\"https:\\\/\\\/poblenouurbandistrict.com\\\/ca\\\/#website\"},\"primaryImageOfPage\":{\"@id\":\"https:\\\/\\\/poblenouurbandistrict.com\\\/ca\\\/el-48h-open-house-bcn-abrira-gratis-al-publico\\\/#primaryimage\"},\"image\":{\"@id\":\"https:\\\/\\\/poblenouurbandistrict.com\\\/el-48h-open-house-bcn-abrira-gratis-al-publico\\\/#primaryimage\"},\"thumbnailUrl\":\"https:\\\/\\\/media.poblenouurbandistrict.com\\\/2021\\\/10\\\/25042044\\\/241482328-532393031162615-2392520306587723433-n.jpg\",\"datePublished\":\"2021-10-20T11:57:57+00:00\",\"dateModified\":\"2021-10-21T10:16:45+00:00\",\"author\":{\"@id\":\"https:\\\/\\\/poblenouurbandistrict.com\\\/#\\\/schema\\\/person\\\/980a2cf34b399d5218205730acd54a7e\"},\"description\":\"48h OPEN HOUSE \u00e9s la principal cita de Barcelona amb l'arquitectura, un cap de setmana al mes d'octubre de portes obertes a m\u00e9s de 150 edificis de tot tipus.\",\"breadcrumb\":{\"@id\":\"https:\\\/\\\/poblenouurbandistrict.com\\\/ca\\\/el-48h-open-house-bcn-abrira-gratis-al-publico\\\/#breadcrumb\"},\"inLanguage\":\"ca\",\"potentialAction\":[{\"@type\":\"ReadAction\",\"target\":[[\"https:\\\/\\\/poblenouurbandistrict.com\\\/ca\\\/el-48h-open-house-bcn-abrira-gratis-al-publico\\\/\"]]}]},{\"@type\":\"ImageObject\",\"inLanguage\":\"ca\",\"@id\":\"https:\\\/\\\/poblenouurbandistrict.com\\\/ca\\\/el-48h-open-house-bcn-abrira-gratis-al-publico\\\/#primaryimage\",\"url\":\"https:\\\/\\\/media.poblenouurbandistrict.com\\\/2021\\\/10\\\/25042044\\\/241482328-532393031162615-2392520306587723433-n.jpg\",\"contentUrl\":\"https:\\\/\\\/media.poblenouurbandistrict.com\\\/2021\\\/10\\\/25042044\\\/241482328-532393031162615-2392520306587723433-n.jpg\",\"width\":640,\"height\":640},{\"@type\":\"BreadcrumbList\",\"@id\":\"https:\\\/\\\/poblenouurbandistrict.com\\\/ca\\\/el-48h-open-house-bcn-abrira-gratis-al-publico\\\/#breadcrumb\",\"itemListElement\":[{\"@type\":\"ListItem\",\"position\":1,\"name\":\"Home\",\"item\":\"https:\\\/\\\/poblenouurbandistrict.com\\\/ca\\\/\"},{\"@type\":\"ListItem\",\"position\":2,\"name\":\"El 48H Open House BCN obrir\u00e0 gratis al p\u00fablic 227 edificis en la seva 12 edici\u00f3\"}]},{\"@type\":\"WebSite\",\"@id\":\"https:\\\/\\\/poblenouurbandistrict.com\\\/ca\\\/#website\",\"url\":\"https:\\\/\\\/poblenouurbandistrict.com\\\/ca\\\/\",\"name\":\"Poblenou Urban District\",\"description\":\"Comunitat Creativa\",\"potentialAction\":[{\"@type\":\"SearchAction\",\"target\":{\"@type\":\"EntryPoint\",\"urlTemplate\":\"https:\\\/\\\/poblenouurbandistrict.com\\\/ca\\\/?s={search_term_string}\"},\"query-input\":{\"@type\":\"PropertyValueSpecification\",\"valueRequired\":true,\"valueName\":\"search_term_string\"}}],\"inLanguage\":\"ca\"},{\"@type\":\"Person\",\"@id\":\"https:\\\/\\\/poblenouurbandistrict.com\\\/#\\\/schema\\\/person\\\/980a2cf34b399d5218205730acd54a7e\",\"name\":\"pnud\",\"image\":{\"@type\":\"ImageObject\",\"inLanguage\":\"ca\",\"@id\":\"https:\\\/\\\/secure.gravatar.com\\\/avatar\\\/67146597b405ee077a24e519f75c3e2031736596d6ce35af3a34c122c93d0d7b?s=96&d=retro&r=g\",\"url\":\"https:\\\/\\\/secure.gravatar.com\\\/avatar\\\/67146597b405ee077a24e519f75c3e2031736596d6ce35af3a34c122c93d0d7b?s=96&d=retro&r=g\",\"contentUrl\":\"https:\\\/\\\/secure.gravatar.com\\\/avatar\\\/67146597b405ee077a24e519f75c3e2031736596d6ce35af3a34c122c93d0d7b?s=96&d=retro&r=g\",\"caption\":\"pnud\"}}]}<\/script>\n<!-- \/ Yoast SEO plugin. -->","yoast_head_json":{"title":"Poblenou Urban District Est\u00e0 passant &#8211; Poblenou Urban District","description":"48h OPEN HOUSE \u00e9s la principal cita de Barcelona amb l'arquitectura, un cap de setmana al mes d'octubre de portes obertes a m\u00e9s de 150 edificis de tot tipus.","robots":{"index":"index","follow":"follow","max-snippet":"max-snippet:-1","max-image-preview":"max-image-preview:large","max-video-preview":"max-video-preview:-1"},"canonical":"https:\/\/poblenouurbandistrict.com\/ca\/el-48h-open-house-bcn-abrira-gratis-al-publico\/","og_locale":"ca_ES","og_type":"article","og_title":"Poblenou Urban District Est\u00e0 passant &#8211; Poblenou Urban District","og_description":"48h OPEN HOUSE \u00e9s la principal cita de Barcelona amb l'arquitectura, un cap de setmana al mes d'octubre de portes obertes a m\u00e9s de 150 edificis de tot tipus.","og_url":"https:\/\/poblenouurbandistrict.com\/ca\/el-48h-open-house-bcn-abrira-gratis-al-publico\/","og_site_name":"Poblenou Urban District","article_published_time":"2021-10-20T11:57:57+00:00","article_modified_time":"2021-10-21T10:16:45+00:00","og_image":[{"width":640,"height":640,"url":"https:\/\/poblenouurbandistrict.com\/wp-content\/uploads\/2021\/10\/241482328-532393031162615-2392520306587723433-n.jpg","type":"image\/jpeg"}],"author":"pnud","twitter_card":"summary_large_image","twitter_misc":{"Escrit per":"pnud","Temps estimat de lectura":"6 minuts"},"schema":{"@context":"https:\/\/schema.org","@graph":[{"@type":"Article","@id":"https:\/\/poblenouurbandistrict.com\/el-48h-open-house-bcn-abrira-gratis-al-publico\/#article","isPartOf":{"@id":"https:\/\/poblenouurbandistrict.com\/el-48h-open-house-bcn-abrira-gratis-al-publico\/"},"author":{"name":"pnud","@id":"https:\/\/poblenouurbandistrict.com\/#\/schema\/person\/980a2cf34b399d5218205730acd54a7e"},"headline":"El 48H Open House BCN obrir\u00e0 gratis al p\u00fablic 227 edificis en la seva 12 edici\u00f3","datePublished":"2021-10-20T11:57:57+00:00","dateModified":"2021-10-21T10:16:45+00:00","mainEntityOfPage":{"@id":"https:\/\/poblenouurbandistrict.com\/el-48h-open-house-bcn-abrira-gratis-al-publico\/"},"wordCount":1265,"image":{"@id":"https:\/\/poblenouurbandistrict.com\/el-48h-open-house-bcn-abrira-gratis-al-publico\/#primaryimage"},"thumbnailUrl":"https:\/\/media.poblenouurbandistrict.com\/2021\/10\/25042044\/241482328-532393031162615-2392520306587723433-n.jpg","articleSection":["Agenda","Espais","Est\u00e0 passant"],"inLanguage":"ca"},{"@type":"WebPage","@id":"https:\/\/poblenouurbandistrict.com\/ca\/el-48h-open-house-bcn-abrira-gratis-al-publico\/","url":"https:\/\/poblenouurbandistrict.com\/ca\/el-48h-open-house-bcn-abrira-gratis-al-publico\/","name":"Poblenou Urban District Est\u00e0 passant &#8211; Poblenou Urban District","isPartOf":{"@id":"https:\/\/poblenouurbandistrict.com\/ca\/#website"},"primaryImageOfPage":{"@id":"https:\/\/poblenouurbandistrict.com\/ca\/el-48h-open-house-bcn-abrira-gratis-al-publico\/#primaryimage"},"image":{"@id":"https:\/\/poblenouurbandistrict.com\/el-48h-open-house-bcn-abrira-gratis-al-publico\/#primaryimage"},"thumbnailUrl":"https:\/\/media.poblenouurbandistrict.com\/2021\/10\/25042044\/241482328-532393031162615-2392520306587723433-n.jpg","datePublished":"2021-10-20T11:57:57+00:00","dateModified":"2021-10-21T10:16:45+00:00","author":{"@id":"https:\/\/poblenouurbandistrict.com\/#\/schema\/person\/980a2cf34b399d5218205730acd54a7e"},"description":"48h OPEN HOUSE \u00e9s la principal cita de Barcelona amb l'arquitectura, un cap de setmana al mes d'octubre de portes obertes a m\u00e9s de 150 edificis de tot tipus.","breadcrumb":{"@id":"https:\/\/poblenouurbandistrict.com\/ca\/el-48h-open-house-bcn-abrira-gratis-al-publico\/#breadcrumb"},"inLanguage":"ca","potentialAction":[{"@type":"ReadAction","target":[["https:\/\/poblenouurbandistrict.com\/ca\/el-48h-open-house-bcn-abrira-gratis-al-publico\/"]]}]},{"@type":"ImageObject","inLanguage":"ca","@id":"https:\/\/poblenouurbandistrict.com\/ca\/el-48h-open-house-bcn-abrira-gratis-al-publico\/#primaryimage","url":"https:\/\/media.poblenouurbandistrict.com\/2021\/10\/25042044\/241482328-532393031162615-2392520306587723433-n.jpg","contentUrl":"https:\/\/media.poblenouurbandistrict.com\/2021\/10\/25042044\/241482328-532393031162615-2392520306587723433-n.jpg","width":640,"height":640},{"@type":"BreadcrumbList","@id":"https:\/\/poblenouurbandistrict.com\/ca\/el-48h-open-house-bcn-abrira-gratis-al-publico\/#breadcrumb","itemListElement":[{"@type":"ListItem","position":1,"name":"Home","item":"https:\/\/poblenouurbandistrict.com\/ca\/"},{"@type":"ListItem","position":2,"name":"El 48H Open House BCN obrir\u00e0 gratis al p\u00fablic 227 edificis en la seva 12 edici\u00f3"}]},{"@type":"WebSite","@id":"https:\/\/poblenouurbandistrict.com\/ca\/#website","url":"https:\/\/poblenouurbandistrict.com\/ca\/","name":"Poblenou Urban District","description":"Comunitat Creativa","potentialAction":[{"@type":"SearchAction","target":{"@type":"EntryPoint","urlTemplate":"https:\/\/poblenouurbandistrict.com\/ca\/?s={search_term_string}"},"query-input":{"@type":"PropertyValueSpecification","valueRequired":true,"valueName":"search_term_string"}}],"inLanguage":"ca"},{"@type":"Person","@id":"https:\/\/poblenouurbandistrict.com\/#\/schema\/person\/980a2cf34b399d5218205730acd54a7e","name":"pnud","image":{"@type":"ImageObject","inLanguage":"ca","@id":"https:\/\/secure.gravatar.com\/avatar\/67146597b405ee077a24e519f75c3e2031736596d6ce35af3a34c122c93d0d7b?s=96&d=retro&r=g","url":"https:\/\/secure.gravatar.com\/avatar\/67146597b405ee077a24e519f75c3e2031736596d6ce35af3a34c122c93d0d7b?s=96&d=retro&r=g","contentUrl":"https:\/\/secure.gravatar.com\/avatar\/67146597b405ee077a24e519f75c3e2031736596d6ce35af3a34c122c93d0d7b?s=96&d=retro&r=g","caption":"pnud"}}]}},"_links":{"self":[{"href":"https:\/\/poblenouurbandistrict.com\/ca\/wp-json\/wp\/v2\/posts\/23633","targetHints":{"allow":["GET"]}}],"collection":[{"href":"https:\/\/poblenouurbandistrict.com\/ca\/wp-json\/wp\/v2\/posts"}],"about":[{"href":"https:\/\/poblenouurbandistrict.com\/ca\/wp-json\/wp\/v2\/types\/post"}],"author":[{"embeddable":true,"href":"https:\/\/poblenouurbandistrict.com\/ca\/wp-json\/wp\/v2\/users\/5"}],"replies":[{"embeddable":true,"href":"https:\/\/poblenouurbandistrict.com\/ca\/wp-json\/wp\/v2\/comments?post=23633"}],"version-history":[{"count":4,"href":"https:\/\/poblenouurbandistrict.com\/ca\/wp-json\/wp\/v2\/posts\/23633\/revisions"}],"predecessor-version":[{"id":23666,"href":"https:\/\/poblenouurbandistrict.com\/ca\/wp-json\/wp\/v2\/posts\/23633\/revisions\/23666"}],"wp:featuredmedia":[{"embeddable":true,"href":"https:\/\/poblenouurbandistrict.com\/ca\/wp-json\/wp\/v2\/media\/23647"}],"wp:attachment":[{"href":"https:\/\/poblenouurbandistrict.com\/ca\/wp-json\/wp\/v2\/media?parent=23633"}],"wp:term":[{"taxonomy":"category","embeddable":true,"href":"https:\/\/poblenouurbandistrict.com\/ca\/wp-json\/wp\/v2\/categories?post=23633"},{"taxonomy":"post_tag","embeddable":true,"href":"https:\/\/poblenouurbandistrict.com\/ca\/wp-json\/wp\/v2\/tags?post=23633"}],"curies":[{"name":"wp","href":"https:\/\/api.w.org\/{rel}","templated":true}]}}