{"id":23650,"date":"2021-10-21T13:39:06","date_gmt":"2021-10-21T11:39:06","guid":{"rendered":"https:\/\/poblenouurbandistrict.com\/?p=23650"},"modified":"2021-10-28T14:11:24","modified_gmt":"2021-10-28T12:11:24","slug":"muc-music-urban-circuit-abre-convocatoria","status":"publish","type":"post","link":"https:\/\/poblenouurbandistrict.com\/ca\/muc-music-urban-circuit-abre-convocatoria\/","title":{"rendered":"MUC &#8211; MUSIC URBAN CIRCUIT, CONVOCAT\u00d2RIA OBERTA"},"content":{"rendered":"<p><b>MUC &#8211; MUSIC URBAN CIRCUIT EDICI\u00d3 2021<\/b><\/p>\n<p>Busquem DJ!<\/p>\n<p>La convocat\u00f2ria s&#8217;adre\u00e7a a <strong>DJ &#8216;s<\/strong> amb totes les seves vessants per participar en la segona edici\u00f3 del <strong>Music Urban Circuit \/ MUC<\/strong>, en el marc de l&#8217;<strong>Open Night 2021<\/strong>, el proper <strong>26 de novembre<\/strong>. <strong>El l\u00edmit de presentaci\u00f3 de propostes \u00e9s el 2 de novembre a les 12: 00h.<\/strong><\/p>\n<p>El <strong>MUC<\/strong> \u00e9s un circuit musical per escenaris, sales de concerts i espais singulars del Poblenou on els artistes emergents tindran l&#8217;oportunitat de presentar el seu repertori. Aquesta promoci\u00f3 va adre\u00e7ada a <strong>DJ&#8217;s<\/strong> i <strong>Poblenou Urban District<\/strong> facilitar\u00e0 les condicions t\u00e8cniques necess\u00e0ries per dur a terme les actuacions en els espais participants.<\/p>\n<p>Les propostes musicals passaran per un jurat especialitzat i es seleccionaran als que formaran part de la programaci\u00f3 del <strong>MUC<\/strong> dins de l&#8217;<strong>Open Night.<\/strong> Aquesta programaci\u00f3 ser\u00e0 difosa amb la resta d&#8217;activitats d&#8217;aquesta edici\u00f3 de Poblenou Open Night.<\/p>\n<p>El jurat confirmat fins al moment est\u00e0 format per:<br \/>\nPatricio Isely &#8211; <strong>Sala de concerts La Nau<\/strong><br \/>\nHern\u00e1n Herrera &#8211; <strong>Bridge 48<\/strong><br \/>\nJavier Guillen &#8211; <strong>SAE Institute Barcelona<\/strong><\/p>\n<p>Els requisits per inscriure a aquesta convocat\u00f2ria s\u00f3n:<\/p>\n<ul>\n<li>Omplir el seg\u00fcent formulari: <a href=\"https:\/\/forms.gle\/54wLqFMm7QqVqKPQA\">https:\/\/forms.gle\/54wLqFMm7QqVqKPQA<\/a><\/li>\n<li>Ser major d&#8217;edat<\/li>\n<li>Presentar un repertori en plataformes digitals com Soundcloud, Spotify, YouTube, o similar (podr\u00e0s adjuntar el link al formulari)<\/li>\n<\/ul>\n<p><strong>Estem oberts a rebre propostes de DJ&#8217;s en diferents estils i formats, de manera que no dubtis a enviar-nos la teva proposta!<\/strong><\/p>\n<p><strong>No s&#8217;acceptar\u00e0 cap proposta fora d&#8217;aquest l\u00edmit.<\/strong><\/p>\n<p><strong>La resoluci\u00f3 del jurat es comunicar\u00e0 via correu electr\u00f2nic.<\/strong><\/p>\n<p>Durant la nit del 26 de novembre, dins de la programaci\u00f3 musical, es far\u00e0 un concurs p\u00fablic a les xarxes socials del Poblenou Urban District. Les tres propostes guanyadores formaran part de la propera edici\u00f3 de <strong>Poblenou Open Day 2022<\/strong> amb totes les condicions professionals cobertes. Els detalls es donaran a con\u00e8ixer m\u00e9s endavant.<\/p>","protected":false},"excerpt":{"rendered":"<p>MUC &#8211; MUSIC URBAN CIRCUIT EDICI\u00d3 2021 Busquem DJ! La convocat\u00f2ria s&#8217;adre\u00e7a a DJ &#8216;s amb totes les seves vessants&#8230; <a href=\"https:\/\/poblenouurbandistrict.com\/ca\/muc-music-urban-circuit-abre-convocatoria\/\">M\u00e9s  \u2192<\/a><\/p>\n","protected":false},"author":5,"featured_media":23769,"comment_status":"closed","ping_status":"closed","sticky":false,"template":"","format":"standard","meta":{"_acf_changed":false,"footnotes":""},"categories":[3481,3364,3363,3348],"tags":[],"class_list":["post-23650","post","type-post","status-publish","format-standard","has-post-thumbnail","hentry","category-agenda","category-poblenou-urban-district","category-places","category-musica"],"acf":[],"yoast_head":"<!-- This site is optimized with the Yoast SEO plugin v27.5 - https:\/\/yoast.com\/product\/yoast-seo-wordpress\/ -->\n<title>MUC - MUSIC URBAN CIRCUIT, CONVOCAT\u00d2RIA OBERTA &#8211;MUC - MUSIC URBAN CIRCUIT, CONVOCAT\u00d2RIA OBERTA &#8211; Poblenou Urban District MUC - MUSIC URBAN CIRCUIT, CONVOCAT\u00d2RIA OBERTA &#8211; Poblenou Urban District MUC - MUSIC URBAN CIRCUIT, CONVOCAT\u00d2RIA OBERTA &#8211; MUC - MUSIC URBAN CIRCUIT, CONVOCAT\u00d2RIA OBERTA Poblenou Urban District<\/title>\n<meta name=\"description\" content=\"Se abre una convocatoria dirigida a Dj&#039;s con todas sus vertientes para participar en la segunda edici\u00f3n del MUC, en el marco del Open Night.\" \/>\n<meta name=\"robots\" content=\"index, follow, max-snippet:-1, max-image-preview:large, max-video-preview:-1\" \/>\n<link rel=\"canonical\" href=\"https:\/\/poblenouurbandistrict.com\/ca\/muc-music-urban-circuit-abre-convocatoria\/\" \/>\n<meta property=\"og:locale\" content=\"ca_ES\" \/>\n<meta property=\"og:type\" content=\"article\" \/>\n<meta property=\"og:title\" content=\"MUC - MUSIC URBAN CIRCUIT, CONVOCAT\u00d2RIA OBERTA &#8211;MUC - MUSIC URBAN CIRCUIT, CONVOCAT\u00d2RIA OBERTA &#8211; Poblenou Urban District MUC - MUSIC URBAN CIRCUIT, CONVOCAT\u00d2RIA OBERTA &#8211; Poblenou Urban District MUC - MUSIC URBAN CIRCUIT, CONVOCAT\u00d2RIA OBERTA &#8211; MUC - MUSIC URBAN CIRCUIT, CONVOCAT\u00d2RIA OBERTA Poblenou Urban District\" \/>\n<meta property=\"og:description\" content=\"Se abre una convocatoria dirigida a Dj&#039;s con todas sus vertientes para participar en la segunda edici\u00f3n del MUC, en el marco del Open Night.\" \/>\n<meta property=\"og:url\" content=\"https:\/\/poblenouurbandistrict.com\/ca\/muc-music-urban-circuit-abre-convocatoria\/\" \/>\n<meta property=\"og:site_name\" content=\"Poblenou Urban District\" \/>\n<meta property=\"article:published_time\" content=\"2021-10-21T11:39:06+00:00\" \/>\n<meta property=\"article:modified_time\" content=\"2021-10-28T12:11:24+00:00\" \/>\n<meta property=\"og:image\" content=\"https:\/\/poblenouurbandistrict.com\/wp-content\/uploads\/2021\/10\/muc-1-1.jpg\" \/>\n\t<meta property=\"og:image:width\" content=\"1500\" \/>\n\t<meta property=\"og:image:height\" content=\"1000\" \/>\n\t<meta property=\"og:image:type\" content=\"image\/jpeg\" \/>\n<meta name=\"author\" content=\"pnud\" \/>\n<meta name=\"twitter:card\" content=\"summary_large_image\" \/>\n<meta name=\"twitter:label1\" content=\"Escrit per\" \/>\n\t<meta name=\"twitter:data1\" content=\"pnud\" \/>\n\t<meta name=\"twitter:label2\" content=\"Temps estimat de lectura\" \/>\n\t<meta name=\"twitter:data2\" content=\"5 minuts\" \/>\n<script type=\"application\/ld+json\" class=\"yoast-schema-graph\">{\"@context\":\"https:\\\/\\\/schema.org\",\"@graph\":[{\"@type\":\"Article\",\"@id\":\"https:\\\/\\\/poblenouurbandistrict.com\\\/muc-music-urban-circuit-abre-convocatoria\\\/#article\",\"isPartOf\":{\"@id\":\"https:\\\/\\\/poblenouurbandistrict.com\\\/muc-music-urban-circuit-abre-convocatoria\\\/\"},\"author\":{\"name\":\"pnud\",\"@id\":\"https:\\\/\\\/poblenouurbandistrict.com\\\/#\\\/schema\\\/person\\\/980a2cf34b399d5218205730acd54a7e\"},\"headline\":\"MUC &#8211; MUSIC URBAN CIRCUIT, CONVOCAT\u00d2RIA OBERTA\",\"datePublished\":\"2021-10-21T11:39:06+00:00\",\"dateModified\":\"2021-10-28T12:11:24+00:00\",\"mainEntityOfPage\":{\"@id\":\"https:\\\/\\\/poblenouurbandistrict.com\\\/muc-music-urban-circuit-abre-convocatoria\\\/\"},\"wordCount\":983,\"image\":{\"@id\":\"https:\\\/\\\/poblenouurbandistrict.com\\\/muc-music-urban-circuit-abre-convocatoria\\\/#primaryimage\"},\"thumbnailUrl\":\"https:\\\/\\\/media.poblenouurbandistrict.com\\\/2021\\\/10\\\/25042228\\\/muc-1-1.jpg\",\"articleSection\":[\"Agenda\",\"Poblenou Urban District\",\"Espais\",\"M\u00fasica\"],\"inLanguage\":\"ca\"},{\"@type\":\"WebPage\",\"@id\":\"https:\\\/\\\/poblenouurbandistrict.com\\\/ca\\\/muc-music-urban-circuit-abre-convocatoria\\\/\",\"url\":\"https:\\\/\\\/poblenouurbandistrict.com\\\/ca\\\/muc-music-urban-circuit-abre-convocatoria\\\/\",\"name\":\"MUC - MUSIC URBAN CIRCUIT, CONVOCAT\u00d2RIA OBERTA &#8211;MUC - MUSIC URBAN CIRCUIT, CONVOCAT\u00d2RIA OBERTA &#8211; Poblenou Urban District MUC - MUSIC URBAN CIRCUIT, CONVOCAT\u00d2RIA OBERTA &#8211; Poblenou Urban District MUC - MUSIC URBAN CIRCUIT, CONVOCAT\u00d2RIA OBERTA &#8211; MUC - MUSIC URBAN CIRCUIT, CONVOCAT\u00d2RIA OBERTA Poblenou Urban District\",\"isPartOf\":{\"@id\":\"https:\\\/\\\/poblenouurbandistrict.com\\\/ca\\\/#website\"},\"primaryImageOfPage\":{\"@id\":\"https:\\\/\\\/poblenouurbandistrict.com\\\/ca\\\/muc-music-urban-circuit-abre-convocatoria\\\/#primaryimage\"},\"image\":{\"@id\":\"https:\\\/\\\/poblenouurbandistrict.com\\\/muc-music-urban-circuit-abre-convocatoria\\\/#primaryimage\"},\"thumbnailUrl\":\"https:\\\/\\\/media.poblenouurbandistrict.com\\\/2021\\\/10\\\/25042228\\\/muc-1-1.jpg\",\"datePublished\":\"2021-10-21T11:39:06+00:00\",\"dateModified\":\"2021-10-28T12:11:24+00:00\",\"author\":{\"@id\":\"https:\\\/\\\/poblenouurbandistrict.com\\\/#\\\/schema\\\/person\\\/980a2cf34b399d5218205730acd54a7e\"},\"description\":\"Se abre una convocatoria dirigida a Dj's con todas sus vertientes para participar en la segunda edici\u00f3n del MUC, en el marco del Open Night.\",\"breadcrumb\":{\"@id\":\"https:\\\/\\\/poblenouurbandistrict.com\\\/ca\\\/muc-music-urban-circuit-abre-convocatoria\\\/#breadcrumb\"},\"inLanguage\":\"ca\",\"potentialAction\":[{\"@type\":\"ReadAction\",\"target\":[[\"https:\\\/\\\/poblenouurbandistrict.com\\\/ca\\\/muc-music-urban-circuit-abre-convocatoria\\\/\"]]}]},{\"@type\":\"ImageObject\",\"inLanguage\":\"ca\",\"@id\":\"https:\\\/\\\/poblenouurbandistrict.com\\\/ca\\\/muc-music-urban-circuit-abre-convocatoria\\\/#primaryimage\",\"url\":\"https:\\\/\\\/media.poblenouurbandistrict.com\\\/2021\\\/10\\\/25042228\\\/muc-1-1.jpg\",\"contentUrl\":\"https:\\\/\\\/media.poblenouurbandistrict.com\\\/2021\\\/10\\\/25042228\\\/muc-1-1.jpg\",\"width\":1500,\"height\":1000},{\"@type\":\"BreadcrumbList\",\"@id\":\"https:\\\/\\\/poblenouurbandistrict.com\\\/ca\\\/muc-music-urban-circuit-abre-convocatoria\\\/#breadcrumb\",\"itemListElement\":[{\"@type\":\"ListItem\",\"position\":1,\"name\":\"Home\",\"item\":\"https:\\\/\\\/poblenouurbandistrict.com\\\/ca\\\/\"},{\"@type\":\"ListItem\",\"position\":2,\"name\":\"MUC &#8211; MUSIC URBAN CIRCUIT, CONVOCAT\u00d2RIA OBERTA\"}]},{\"@type\":\"WebSite\",\"@id\":\"https:\\\/\\\/poblenouurbandistrict.com\\\/ca\\\/#website\",\"url\":\"https:\\\/\\\/poblenouurbandistrict.com\\\/ca\\\/\",\"name\":\"Poblenou Urban District\",\"description\":\"Comunitat Creativa\",\"potentialAction\":[{\"@type\":\"SearchAction\",\"target\":{\"@type\":\"EntryPoint\",\"urlTemplate\":\"https:\\\/\\\/poblenouurbandistrict.com\\\/ca\\\/?s={search_term_string}\"},\"query-input\":{\"@type\":\"PropertyValueSpecification\",\"valueRequired\":true,\"valueName\":\"search_term_string\"}}],\"inLanguage\":\"ca\"},{\"@type\":\"Person\",\"@id\":\"https:\\\/\\\/poblenouurbandistrict.com\\\/#\\\/schema\\\/person\\\/980a2cf34b399d5218205730acd54a7e\",\"name\":\"pnud\",\"image\":{\"@type\":\"ImageObject\",\"inLanguage\":\"ca\",\"@id\":\"https:\\\/\\\/secure.gravatar.com\\\/avatar\\\/67146597b405ee077a24e519f75c3e2031736596d6ce35af3a34c122c93d0d7b?s=96&d=retro&r=g\",\"url\":\"https:\\\/\\\/secure.gravatar.com\\\/avatar\\\/67146597b405ee077a24e519f75c3e2031736596d6ce35af3a34c122c93d0d7b?s=96&d=retro&r=g\",\"contentUrl\":\"https:\\\/\\\/secure.gravatar.com\\\/avatar\\\/67146597b405ee077a24e519f75c3e2031736596d6ce35af3a34c122c93d0d7b?s=96&d=retro&r=g\",\"caption\":\"pnud\"}}]}<\/script>\n<!-- \/ Yoast SEO plugin. -->","yoast_head_json":{"title":"MUC - MUSIC URBAN CIRCUIT, CONVOCAT\u00d2RIA OBERTA &#8211;MUC - MUSIC URBAN CIRCUIT, CONVOCAT\u00d2RIA OBERTA &#8211; Poblenou Urban District MUC - MUSIC URBAN CIRCUIT, CONVOCAT\u00d2RIA OBERTA &#8211; Poblenou Urban District MUC - MUSIC URBAN CIRCUIT, CONVOCAT\u00d2RIA OBERTA &#8211; MUC - MUSIC URBAN CIRCUIT, CONVOCAT\u00d2RIA OBERTA Poblenou Urban District","description":"Se abre una convocatoria dirigida a Dj's con todas sus vertientes para participar en la segunda edici\u00f3n del MUC, en el marco del Open Night.","robots":{"index":"index","follow":"follow","max-snippet":"max-snippet:-1","max-image-preview":"max-image-preview:large","max-video-preview":"max-video-preview:-1"},"canonical":"https:\/\/poblenouurbandistrict.com\/ca\/muc-music-urban-circuit-abre-convocatoria\/","og_locale":"ca_ES","og_type":"article","og_title":"MUC - MUSIC URBAN CIRCUIT, CONVOCAT\u00d2RIA OBERTA &#8211;MUC - MUSIC URBAN CIRCUIT, CONVOCAT\u00d2RIA OBERTA &#8211; Poblenou Urban District MUC - MUSIC URBAN CIRCUIT, CONVOCAT\u00d2RIA OBERTA &#8211; Poblenou Urban District MUC - MUSIC URBAN CIRCUIT, CONVOCAT\u00d2RIA OBERTA &#8211; MUC - MUSIC URBAN CIRCUIT, CONVOCAT\u00d2RIA OBERTA Poblenou Urban District","og_description":"Se abre una convocatoria dirigida a Dj's con todas sus vertientes para participar en la segunda edici\u00f3n del MUC, en el marco del Open Night.","og_url":"https:\/\/poblenouurbandistrict.com\/ca\/muc-music-urban-circuit-abre-convocatoria\/","og_site_name":"Poblenou Urban District","article_published_time":"2021-10-21T11:39:06+00:00","article_modified_time":"2021-10-28T12:11:24+00:00","og_image":[{"width":1500,"height":1000,"url":"https:\/\/poblenouurbandistrict.com\/wp-content\/uploads\/2021\/10\/muc-1-1.jpg","type":"image\/jpeg"}],"author":"pnud","twitter_card":"summary_large_image","twitter_misc":{"Escrit per":"pnud","Temps estimat de lectura":"5 minuts"},"schema":{"@context":"https:\/\/schema.org","@graph":[{"@type":"Article","@id":"https:\/\/poblenouurbandistrict.com\/muc-music-urban-circuit-abre-convocatoria\/#article","isPartOf":{"@id":"https:\/\/poblenouurbandistrict.com\/muc-music-urban-circuit-abre-convocatoria\/"},"author":{"name":"pnud","@id":"https:\/\/poblenouurbandistrict.com\/#\/schema\/person\/980a2cf34b399d5218205730acd54a7e"},"headline":"MUC &#8211; MUSIC URBAN CIRCUIT, CONVOCAT\u00d2RIA OBERTA","datePublished":"2021-10-21T11:39:06+00:00","dateModified":"2021-10-28T12:11:24+00:00","mainEntityOfPage":{"@id":"https:\/\/poblenouurbandistrict.com\/muc-music-urban-circuit-abre-convocatoria\/"},"wordCount":983,"image":{"@id":"https:\/\/poblenouurbandistrict.com\/muc-music-urban-circuit-abre-convocatoria\/#primaryimage"},"thumbnailUrl":"https:\/\/media.poblenouurbandistrict.com\/2021\/10\/25042228\/muc-1-1.jpg","articleSection":["Agenda","Poblenou Urban District","Espais","M\u00fasica"],"inLanguage":"ca"},{"@type":"WebPage","@id":"https:\/\/poblenouurbandistrict.com\/ca\/muc-music-urban-circuit-abre-convocatoria\/","url":"https:\/\/poblenouurbandistrict.com\/ca\/muc-music-urban-circuit-abre-convocatoria\/","name":"MUC - MUSIC URBAN CIRCUIT, CONVOCAT\u00d2RIA OBERTA &#8211;MUC - MUSIC URBAN CIRCUIT, CONVOCAT\u00d2RIA OBERTA &#8211; Poblenou Urban District MUC - MUSIC URBAN CIRCUIT, CONVOCAT\u00d2RIA OBERTA &#8211; Poblenou Urban District MUC - MUSIC URBAN CIRCUIT, CONVOCAT\u00d2RIA OBERTA &#8211; MUC - MUSIC URBAN CIRCUIT, CONVOCAT\u00d2RIA OBERTA Poblenou Urban District","isPartOf":{"@id":"https:\/\/poblenouurbandistrict.com\/ca\/#website"},"primaryImageOfPage":{"@id":"https:\/\/poblenouurbandistrict.com\/ca\/muc-music-urban-circuit-abre-convocatoria\/#primaryimage"},"image":{"@id":"https:\/\/poblenouurbandistrict.com\/muc-music-urban-circuit-abre-convocatoria\/#primaryimage"},"thumbnailUrl":"https:\/\/media.poblenouurbandistrict.com\/2021\/10\/25042228\/muc-1-1.jpg","datePublished":"2021-10-21T11:39:06+00:00","dateModified":"2021-10-28T12:11:24+00:00","author":{"@id":"https:\/\/poblenouurbandistrict.com\/#\/schema\/person\/980a2cf34b399d5218205730acd54a7e"},"description":"Se abre una convocatoria dirigida a Dj's con todas sus vertientes para participar en la segunda edici\u00f3n del MUC, en el marco del Open Night.","breadcrumb":{"@id":"https:\/\/poblenouurbandistrict.com\/ca\/muc-music-urban-circuit-abre-convocatoria\/#breadcrumb"},"inLanguage":"ca","potentialAction":[{"@type":"ReadAction","target":[["https:\/\/poblenouurbandistrict.com\/ca\/muc-music-urban-circuit-abre-convocatoria\/"]]}]},{"@type":"ImageObject","inLanguage":"ca","@id":"https:\/\/poblenouurbandistrict.com\/ca\/muc-music-urban-circuit-abre-convocatoria\/#primaryimage","url":"https:\/\/media.poblenouurbandistrict.com\/2021\/10\/25042228\/muc-1-1.jpg","contentUrl":"https:\/\/media.poblenouurbandistrict.com\/2021\/10\/25042228\/muc-1-1.jpg","width":1500,"height":1000},{"@type":"BreadcrumbList","@id":"https:\/\/poblenouurbandistrict.com\/ca\/muc-music-urban-circuit-abre-convocatoria\/#breadcrumb","itemListElement":[{"@type":"ListItem","position":1,"name":"Home","item":"https:\/\/poblenouurbandistrict.com\/ca\/"},{"@type":"ListItem","position":2,"name":"MUC &#8211; MUSIC URBAN CIRCUIT, CONVOCAT\u00d2RIA OBERTA"}]},{"@type":"WebSite","@id":"https:\/\/poblenouurbandistrict.com\/ca\/#website","url":"https:\/\/poblenouurbandistrict.com\/ca\/","name":"Poblenou Urban District","description":"Comunitat Creativa","potentialAction":[{"@type":"SearchAction","target":{"@type":"EntryPoint","urlTemplate":"https:\/\/poblenouurbandistrict.com\/ca\/?s={search_term_string}"},"query-input":{"@type":"PropertyValueSpecification","valueRequired":true,"valueName":"search_term_string"}}],"inLanguage":"ca"},{"@type":"Person","@id":"https:\/\/poblenouurbandistrict.com\/#\/schema\/person\/980a2cf34b399d5218205730acd54a7e","name":"pnud","image":{"@type":"ImageObject","inLanguage":"ca","@id":"https:\/\/secure.gravatar.com\/avatar\/67146597b405ee077a24e519f75c3e2031736596d6ce35af3a34c122c93d0d7b?s=96&d=retro&r=g","url":"https:\/\/secure.gravatar.com\/avatar\/67146597b405ee077a24e519f75c3e2031736596d6ce35af3a34c122c93d0d7b?s=96&d=retro&r=g","contentUrl":"https:\/\/secure.gravatar.com\/avatar\/67146597b405ee077a24e519f75c3e2031736596d6ce35af3a34c122c93d0d7b?s=96&d=retro&r=g","caption":"pnud"}}]}},"_links":{"self":[{"href":"https:\/\/poblenouurbandistrict.com\/ca\/wp-json\/wp\/v2\/posts\/23650","targetHints":{"allow":["GET"]}}],"collection":[{"href":"https:\/\/poblenouurbandistrict.com\/ca\/wp-json\/wp\/v2\/posts"}],"about":[{"href":"https:\/\/poblenouurbandistrict.com\/ca\/wp-json\/wp\/v2\/types\/post"}],"author":[{"embeddable":true,"href":"https:\/\/poblenouurbandistrict.com\/ca\/wp-json\/wp\/v2\/users\/5"}],"replies":[{"embeddable":true,"href":"https:\/\/poblenouurbandistrict.com\/ca\/wp-json\/wp\/v2\/comments?post=23650"}],"version-history":[{"count":7,"href":"https:\/\/poblenouurbandistrict.com\/ca\/wp-json\/wp\/v2\/posts\/23650\/revisions"}],"predecessor-version":[{"id":23856,"href":"https:\/\/poblenouurbandistrict.com\/ca\/wp-json\/wp\/v2\/posts\/23650\/revisions\/23856"}],"wp:featuredmedia":[{"embeddable":true,"href":"https:\/\/poblenouurbandistrict.com\/ca\/wp-json\/wp\/v2\/media\/23769"}],"wp:attachment":[{"href":"https:\/\/poblenouurbandistrict.com\/ca\/wp-json\/wp\/v2\/media?parent=23650"}],"wp:term":[{"taxonomy":"category","embeddable":true,"href":"https:\/\/poblenouurbandistrict.com\/ca\/wp-json\/wp\/v2\/categories?post=23650"},{"taxonomy":"post_tag","embeddable":true,"href":"https:\/\/poblenouurbandistrict.com\/ca\/wp-json\/wp\/v2\/tags?post=23650"}],"curies":[{"name":"wp","href":"https:\/\/api.w.org\/{rel}","templated":true}]}}