{"id":24098,"date":"2021-11-10T13:21:25","date_gmt":"2021-11-10T12:21:25","guid":{"rendered":"https:\/\/poblenouurbandistrict.com\/?p=24098"},"modified":"2021-11-10T13:21:25","modified_gmt":"2021-11-10T12:21:25","slug":"el-banksy-nunca-visto-en-el-disseny-hub-barcelona","status":"publish","type":"post","link":"https:\/\/poblenouurbandistrict.com\/ca\/el-banksy-nunca-visto-en-el-disseny-hub-barcelona\/","title":{"rendered":"El Banksy mai vist al Disseny Hub Barcelona"},"content":{"rendered":"<p>El <a href=\"https:\/\/ajuntament.barcelona.cat\/dissenyhub\/\"><span style=\"color: #000000;\"><strong>Disseny<\/strong><strong> Hub Barcelona<\/strong><\/span><\/a> obre les portes a l&#8217;exposici\u00f3 \u201c<strong>BANKSY. The Art of Protest<\/strong>\u201d, la gran mostra internacional d&#8217;obres originals procedents de col\u00b7leccions privades que arriba a Barcelona per descobrir l&#8217;art del controvertit artista brit\u00e0nic <strong>Banksy<\/strong>, la identitat del qual segueix sent una inc\u00f2gnita.<\/p>\n<p><strong>BANKSY. The Art of Protest<\/strong> ens apropa al controvertit univers art\u00edstic d&#8217;un dels creadors m\u00e9s influents dels darrers anys a trav\u00e9s de diferents \u00e0mbits tem\u00e0tics que inclouen una selecci\u00f3 d&#8217;obres \u00faniques executades amb t\u00e8cniques art\u00edstiques diferents.<\/p>\n<p>Gran part de les peces, totes originals i procedents de col\u00b7leccions privades internacionals, s&#8217;exhibeixen per primer cop a Barcelona i una part important de les obres veuran la llum per primera vegada davant del gran p\u00fablic durant aquesta exposici\u00f3.<\/p>\n<p>Una instal\u00b7laci\u00f3 multim\u00e8dia envolvent creda especialment per a aquesta mostra donar\u00e0 la benvinguda al visitant, desvetllant pistes sobre el misteri\u00f3s artista, destacant-ne les peces m\u00e9s importants i emmarcant la seva ins\u00f2lita traject\u00f2ria, no exempta de pol\u00e8mica.<\/p>\n<p>La mostra compta a m\u00e9s a m\u00e9s amb un \u00e0udio guia per a Smartphone gratu\u00efta, disponible en catal\u00e0, castell\u00e0 i angl\u00e8s, que enriqueix l&#8217;experi\u00e8ncia del visitant aportant \u00e0mplia informaci\u00f3 de l&#8217;artista i sobre cadascuna de les obres exposades.<\/p>\n<p><strong>Qu\u00e8 cal saber de l\u2019artista?<\/strong><\/p>\n<p>Banksy utilitza una forma de comunicaci\u00f3 directa, rebutjant el sistema i les seves regles. L&#8217;artista s&#8217;adre\u00e7a al p\u00fablic sense cap filtre, i les seves obres s\u00f3n textos visuals capa\u00e7os d&#8217;informar i inspirar la reflexi\u00f3. Guerra, riquesa i pobresa, animals, globalitzaci\u00f3, consumisme, pol\u00edtica, poder i ambientalisme\u2026 els temes que Banksy explora s\u00f3n els temes del m\u00f3n on vivim.<\/p>\n<p>Des de les trinxeres de l&#8217;asfalt, Banksy ha desafiat les regles del joc de l&#8217;art contemporani. La seva protesta visual ha connectat amb un p\u00fablic enorme i heterogeni i avui \u00e9s un dels artistes m\u00e9s reconeguts i admirats entre els amants de l&#8217;art i tamb\u00e9 de les generacions m\u00e9s joves.<\/p>\n<p><strong>BANKSY. The Art of Protest<\/strong> \u00e9s una coproducci\u00f3 del <strong>Disseny Hub Barcelona <\/strong>i <strong>Sold Out<\/strong>.<\/p>\n<p><span style=\"color: #000000;\"><strong><a style=\"color: #000000;\" href=\"https:\/\/tickets.banksyexhibition.es\/es\/\">Aconsegueix les entrades<\/a><\/strong><\/span><\/p>\n<p>&nbsp;<\/p>\n<p><div style=\"width: 896px;\" class=\"wp-video\"><!--[if lt IE 9]><script>document.createElement('video');<\/script><![endif]-->\n<video class=\"wp-video-shortcode\" id=\"video-24098-1\" width=\"896\" height=\"504\" preload=\"metadata\" controls=\"controls\"><source type=\"video\/mp4\" src=\"https:\/\/poblenouurbandistrict.com\/wp-content\/uploads\/2021\/11\/banksy-exhibition-web-bar.mp4?_=1\" \/><a href=\"https:\/\/poblenouurbandistrict.com\/wp-content\/uploads\/2021\/11\/banksy-exhibition-web-bar.mp4\">https:\/\/poblenouurbandistrict.com\/wp-content\/uploads\/2021\/11\/banksy-exhibition-web-bar.mp4<\/a><\/video><\/div><\/p>","protected":false},"excerpt":{"rendered":"<p>El Disseny Hub Barcelona obre les portes a l&#8217;exposici\u00f3 \u201cBANKSY. The Art of Protest\u201d, la gran mostra internacional d&#8217;obres originals&#8230; <a href=\"https:\/\/poblenouurbandistrict.com\/ca\/el-banksy-nunca-visto-en-el-disseny-hub-barcelona\/\">M\u00e9s  \u2192<\/a><\/p>\n","protected":false},"author":5,"featured_media":24104,"comment_status":"closed","ping_status":"closed","sticky":false,"template":"","format":"standard","meta":{"_acf_changed":false,"footnotes":""},"categories":[3532,1,3342],"tags":[],"class_list":["post-24098","post","type-post","status-publish","format-standard","has-post-thumbnail","hentry","category-disseny-hub-barcelona","category-noticias","category-art"],"acf":[],"yoast_head":"<!-- This site is optimized with the Yoast SEO plugin v27.5 - https:\/\/yoast.com\/product\/yoast-seo-wordpress\/ -->\n<title>El Banksy mai vist al Disseny Hub Barcelona &#8211;<\/title>\n<meta name=\"description\" content=\"El Disseny Hub Barcelona obre les portes a l&#039;exposici\u00f3 \u201cBANKSY. The Art of Protest\u201d, la gran mostra internacional d&#039;obres originals procedents de col\u00b7leccions privades que arriba a Barcelona.\" \/>\n<meta name=\"robots\" content=\"index, follow, max-snippet:-1, max-image-preview:large, max-video-preview:-1\" \/>\n<link rel=\"canonical\" href=\"https:\/\/poblenouurbandistrict.com\/ca\/el-banksy-nunca-visto-en-el-disseny-hub-barcelona\/\" \/>\n<meta property=\"og:locale\" content=\"ca_ES\" \/>\n<meta property=\"og:type\" content=\"article\" \/>\n<meta property=\"og:title\" content=\"El Banksy mai vist al Disseny Hub Barcelona &#8211;\" \/>\n<meta property=\"og:description\" content=\"El Disseny Hub Barcelona obre les portes a l&#039;exposici\u00f3 \u201cBANKSY. The Art of Protest\u201d, la gran mostra internacional d&#039;obres originals procedents de col\u00b7leccions privades que arriba a Barcelona.\" \/>\n<meta property=\"og:url\" content=\"https:\/\/poblenouurbandistrict.com\/ca\/el-banksy-nunca-visto-en-el-disseny-hub-barcelona\/\" \/>\n<meta property=\"og:site_name\" content=\"Poblenou Urban District\" \/>\n<meta property=\"article:published_time\" content=\"2021-11-10T12:21:25+00:00\" \/>\n<meta property=\"og:image\" content=\"https:\/\/poblenouurbandistrict.com\/wp-content\/uploads\/2021\/11\/150934130-1680786012122028-3075874558144762742-n-1.jpg\" \/>\n\t<meta property=\"og:image:width\" content=\"480\" \/>\n\t<meta property=\"og:image:height\" content=\"480\" \/>\n\t<meta property=\"og:image:type\" content=\"image\/jpeg\" \/>\n<meta name=\"author\" content=\"pnud\" \/>\n<meta name=\"twitter:card\" content=\"summary_large_image\" \/>\n<meta name=\"twitter:label1\" content=\"Escrit per\" \/>\n\t<meta name=\"twitter:data1\" content=\"pnud\" \/>\n\t<meta name=\"twitter:label2\" content=\"Temps estimat de lectura\" \/>\n\t<meta name=\"twitter:data2\" content=\"6 minuts\" \/>\n<script type=\"application\/ld+json\" class=\"yoast-schema-graph\">{\"@context\":\"https:\\\/\\\/schema.org\",\"@graph\":[{\"@type\":\"Article\",\"@id\":\"https:\\\/\\\/poblenouurbandistrict.com\\\/el-banksy-nunca-visto-en-el-disseny-hub-barcelona\\\/#article\",\"isPartOf\":{\"@id\":\"https:\\\/\\\/poblenouurbandistrict.com\\\/el-banksy-nunca-visto-en-el-disseny-hub-barcelona\\\/\"},\"author\":{\"name\":\"pnud\",\"@id\":\"https:\\\/\\\/poblenouurbandistrict.com\\\/#\\\/schema\\\/person\\\/980a2cf34b399d5218205730acd54a7e\"},\"headline\":\"El Banksy mai vist al Disseny Hub Barcelona\",\"datePublished\":\"2021-11-10T12:21:25+00:00\",\"mainEntityOfPage\":{\"@id\":\"https:\\\/\\\/poblenouurbandistrict.com\\\/el-banksy-nunca-visto-en-el-disseny-hub-barcelona\\\/\"},\"wordCount\":1152,\"image\":{\"@id\":\"https:\\\/\\\/poblenouurbandistrict.com\\\/el-banksy-nunca-visto-en-el-disseny-hub-barcelona\\\/#primaryimage\"},\"thumbnailUrl\":\"https:\\\/\\\/media.poblenouurbandistrict.com\\\/2021\\\/11\\\/25042626\\\/150934130-1680786012122028-3075874558144762742-n-1.jpg\",\"articleSection\":[\"Disseny Hub Barcelona\",\"Est\u00e0 passant\",\"Art\"],\"inLanguage\":\"ca\"},{\"@type\":\"WebPage\",\"@id\":\"https:\\\/\\\/poblenouurbandistrict.com\\\/ca\\\/el-banksy-nunca-visto-en-el-disseny-hub-barcelona\\\/\",\"url\":\"https:\\\/\\\/poblenouurbandistrict.com\\\/ca\\\/el-banksy-nunca-visto-en-el-disseny-hub-barcelona\\\/\",\"name\":\"El Banksy mai vist al Disseny Hub Barcelona &#8211;\",\"isPartOf\":{\"@id\":\"https:\\\/\\\/poblenouurbandistrict.com\\\/ca\\\/#website\"},\"primaryImageOfPage\":{\"@id\":\"https:\\\/\\\/poblenouurbandistrict.com\\\/ca\\\/el-banksy-nunca-visto-en-el-disseny-hub-barcelona\\\/#primaryimage\"},\"image\":{\"@id\":\"https:\\\/\\\/poblenouurbandistrict.com\\\/el-banksy-nunca-visto-en-el-disseny-hub-barcelona\\\/#primaryimage\"},\"thumbnailUrl\":\"https:\\\/\\\/media.poblenouurbandistrict.com\\\/2021\\\/11\\\/25042626\\\/150934130-1680786012122028-3075874558144762742-n-1.jpg\",\"datePublished\":\"2021-11-10T12:21:25+00:00\",\"author\":{\"@id\":\"https:\\\/\\\/poblenouurbandistrict.com\\\/#\\\/schema\\\/person\\\/980a2cf34b399d5218205730acd54a7e\"},\"description\":\"El Disseny Hub Barcelona obre les portes a l'exposici\u00f3 \u201cBANKSY. The Art of Protest\u201d, la gran mostra internacional d'obres originals procedents de col\u00b7leccions privades que arriba a Barcelona.\",\"breadcrumb\":{\"@id\":\"https:\\\/\\\/poblenouurbandistrict.com\\\/ca\\\/el-banksy-nunca-visto-en-el-disseny-hub-barcelona\\\/#breadcrumb\"},\"inLanguage\":\"ca\",\"potentialAction\":[{\"@type\":\"ReadAction\",\"target\":[[\"https:\\\/\\\/poblenouurbandistrict.com\\\/ca\\\/el-banksy-nunca-visto-en-el-disseny-hub-barcelona\\\/\"]]}]},{\"@type\":\"ImageObject\",\"inLanguage\":\"ca\",\"@id\":\"https:\\\/\\\/poblenouurbandistrict.com\\\/ca\\\/el-banksy-nunca-visto-en-el-disseny-hub-barcelona\\\/#primaryimage\",\"url\":\"https:\\\/\\\/media.poblenouurbandistrict.com\\\/2021\\\/11\\\/25042626\\\/150934130-1680786012122028-3075874558144762742-n-1.jpg\",\"contentUrl\":\"https:\\\/\\\/media.poblenouurbandistrict.com\\\/2021\\\/11\\\/25042626\\\/150934130-1680786012122028-3075874558144762742-n-1.jpg\",\"width\":480,\"height\":480},{\"@type\":\"BreadcrumbList\",\"@id\":\"https:\\\/\\\/poblenouurbandistrict.com\\\/ca\\\/el-banksy-nunca-visto-en-el-disseny-hub-barcelona\\\/#breadcrumb\",\"itemListElement\":[{\"@type\":\"ListItem\",\"position\":1,\"name\":\"Home\",\"item\":\"https:\\\/\\\/poblenouurbandistrict.com\\\/ca\\\/\"},{\"@type\":\"ListItem\",\"position\":2,\"name\":\"El Banksy mai vist al Disseny Hub Barcelona\"}]},{\"@type\":\"WebSite\",\"@id\":\"https:\\\/\\\/poblenouurbandistrict.com\\\/ca\\\/#website\",\"url\":\"https:\\\/\\\/poblenouurbandistrict.com\\\/ca\\\/\",\"name\":\"Poblenou Urban District\",\"description\":\"Comunitat Creativa\",\"potentialAction\":[{\"@type\":\"SearchAction\",\"target\":{\"@type\":\"EntryPoint\",\"urlTemplate\":\"https:\\\/\\\/poblenouurbandistrict.com\\\/ca\\\/?s={search_term_string}\"},\"query-input\":{\"@type\":\"PropertyValueSpecification\",\"valueRequired\":true,\"valueName\":\"search_term_string\"}}],\"inLanguage\":\"ca\"},{\"@type\":\"Person\",\"@id\":\"https:\\\/\\\/poblenouurbandistrict.com\\\/#\\\/schema\\\/person\\\/980a2cf34b399d5218205730acd54a7e\",\"name\":\"pnud\",\"image\":{\"@type\":\"ImageObject\",\"inLanguage\":\"ca\",\"@id\":\"https:\\\/\\\/secure.gravatar.com\\\/avatar\\\/67146597b405ee077a24e519f75c3e2031736596d6ce35af3a34c122c93d0d7b?s=96&d=retro&r=g\",\"url\":\"https:\\\/\\\/secure.gravatar.com\\\/avatar\\\/67146597b405ee077a24e519f75c3e2031736596d6ce35af3a34c122c93d0d7b?s=96&d=retro&r=g\",\"contentUrl\":\"https:\\\/\\\/secure.gravatar.com\\\/avatar\\\/67146597b405ee077a24e519f75c3e2031736596d6ce35af3a34c122c93d0d7b?s=96&d=retro&r=g\",\"caption\":\"pnud\"}}]}<\/script>\n<!-- \/ Yoast SEO plugin. -->","yoast_head_json":{"title":"El Banksy mai vist al Disseny Hub Barcelona &#8211;","description":"El Disseny Hub Barcelona obre les portes a l'exposici\u00f3 \u201cBANKSY. The Art of Protest\u201d, la gran mostra internacional d'obres originals procedents de col\u00b7leccions privades que arriba a Barcelona.","robots":{"index":"index","follow":"follow","max-snippet":"max-snippet:-1","max-image-preview":"max-image-preview:large","max-video-preview":"max-video-preview:-1"},"canonical":"https:\/\/poblenouurbandistrict.com\/ca\/el-banksy-nunca-visto-en-el-disseny-hub-barcelona\/","og_locale":"ca_ES","og_type":"article","og_title":"El Banksy mai vist al Disseny Hub Barcelona &#8211;","og_description":"El Disseny Hub Barcelona obre les portes a l'exposici\u00f3 \u201cBANKSY. The Art of Protest\u201d, la gran mostra internacional d'obres originals procedents de col\u00b7leccions privades que arriba a Barcelona.","og_url":"https:\/\/poblenouurbandistrict.com\/ca\/el-banksy-nunca-visto-en-el-disseny-hub-barcelona\/","og_site_name":"Poblenou Urban District","article_published_time":"2021-11-10T12:21:25+00:00","og_image":[{"width":480,"height":480,"url":"https:\/\/poblenouurbandistrict.com\/wp-content\/uploads\/2021\/11\/150934130-1680786012122028-3075874558144762742-n-1.jpg","type":"image\/jpeg"}],"author":"pnud","twitter_card":"summary_large_image","twitter_misc":{"Escrit per":"pnud","Temps estimat de lectura":"6 minuts"},"schema":{"@context":"https:\/\/schema.org","@graph":[{"@type":"Article","@id":"https:\/\/poblenouurbandistrict.com\/el-banksy-nunca-visto-en-el-disseny-hub-barcelona\/#article","isPartOf":{"@id":"https:\/\/poblenouurbandistrict.com\/el-banksy-nunca-visto-en-el-disseny-hub-barcelona\/"},"author":{"name":"pnud","@id":"https:\/\/poblenouurbandistrict.com\/#\/schema\/person\/980a2cf34b399d5218205730acd54a7e"},"headline":"El Banksy mai vist al Disseny Hub Barcelona","datePublished":"2021-11-10T12:21:25+00:00","mainEntityOfPage":{"@id":"https:\/\/poblenouurbandistrict.com\/el-banksy-nunca-visto-en-el-disseny-hub-barcelona\/"},"wordCount":1152,"image":{"@id":"https:\/\/poblenouurbandistrict.com\/el-banksy-nunca-visto-en-el-disseny-hub-barcelona\/#primaryimage"},"thumbnailUrl":"https:\/\/media.poblenouurbandistrict.com\/2021\/11\/25042626\/150934130-1680786012122028-3075874558144762742-n-1.jpg","articleSection":["Disseny Hub Barcelona","Est\u00e0 passant","Art"],"inLanguage":"ca"},{"@type":"WebPage","@id":"https:\/\/poblenouurbandistrict.com\/ca\/el-banksy-nunca-visto-en-el-disseny-hub-barcelona\/","url":"https:\/\/poblenouurbandistrict.com\/ca\/el-banksy-nunca-visto-en-el-disseny-hub-barcelona\/","name":"El Banksy mai vist al Disseny Hub Barcelona &#8211;","isPartOf":{"@id":"https:\/\/poblenouurbandistrict.com\/ca\/#website"},"primaryImageOfPage":{"@id":"https:\/\/poblenouurbandistrict.com\/ca\/el-banksy-nunca-visto-en-el-disseny-hub-barcelona\/#primaryimage"},"image":{"@id":"https:\/\/poblenouurbandistrict.com\/el-banksy-nunca-visto-en-el-disseny-hub-barcelona\/#primaryimage"},"thumbnailUrl":"https:\/\/media.poblenouurbandistrict.com\/2021\/11\/25042626\/150934130-1680786012122028-3075874558144762742-n-1.jpg","datePublished":"2021-11-10T12:21:25+00:00","author":{"@id":"https:\/\/poblenouurbandistrict.com\/#\/schema\/person\/980a2cf34b399d5218205730acd54a7e"},"description":"El Disseny Hub Barcelona obre les portes a l'exposici\u00f3 \u201cBANKSY. The Art of Protest\u201d, la gran mostra internacional d'obres originals procedents de col\u00b7leccions privades que arriba a Barcelona.","breadcrumb":{"@id":"https:\/\/poblenouurbandistrict.com\/ca\/el-banksy-nunca-visto-en-el-disseny-hub-barcelona\/#breadcrumb"},"inLanguage":"ca","potentialAction":[{"@type":"ReadAction","target":[["https:\/\/poblenouurbandistrict.com\/ca\/el-banksy-nunca-visto-en-el-disseny-hub-barcelona\/"]]}]},{"@type":"ImageObject","inLanguage":"ca","@id":"https:\/\/poblenouurbandistrict.com\/ca\/el-banksy-nunca-visto-en-el-disseny-hub-barcelona\/#primaryimage","url":"https:\/\/media.poblenouurbandistrict.com\/2021\/11\/25042626\/150934130-1680786012122028-3075874558144762742-n-1.jpg","contentUrl":"https:\/\/media.poblenouurbandistrict.com\/2021\/11\/25042626\/150934130-1680786012122028-3075874558144762742-n-1.jpg","width":480,"height":480},{"@type":"BreadcrumbList","@id":"https:\/\/poblenouurbandistrict.com\/ca\/el-banksy-nunca-visto-en-el-disseny-hub-barcelona\/#breadcrumb","itemListElement":[{"@type":"ListItem","position":1,"name":"Home","item":"https:\/\/poblenouurbandistrict.com\/ca\/"},{"@type":"ListItem","position":2,"name":"El Banksy mai vist al Disseny Hub Barcelona"}]},{"@type":"WebSite","@id":"https:\/\/poblenouurbandistrict.com\/ca\/#website","url":"https:\/\/poblenouurbandistrict.com\/ca\/","name":"Poblenou Urban District","description":"Comunitat Creativa","potentialAction":[{"@type":"SearchAction","target":{"@type":"EntryPoint","urlTemplate":"https:\/\/poblenouurbandistrict.com\/ca\/?s={search_term_string}"},"query-input":{"@type":"PropertyValueSpecification","valueRequired":true,"valueName":"search_term_string"}}],"inLanguage":"ca"},{"@type":"Person","@id":"https:\/\/poblenouurbandistrict.com\/#\/schema\/person\/980a2cf34b399d5218205730acd54a7e","name":"pnud","image":{"@type":"ImageObject","inLanguage":"ca","@id":"https:\/\/secure.gravatar.com\/avatar\/67146597b405ee077a24e519f75c3e2031736596d6ce35af3a34c122c93d0d7b?s=96&d=retro&r=g","url":"https:\/\/secure.gravatar.com\/avatar\/67146597b405ee077a24e519f75c3e2031736596d6ce35af3a34c122c93d0d7b?s=96&d=retro&r=g","contentUrl":"https:\/\/secure.gravatar.com\/avatar\/67146597b405ee077a24e519f75c3e2031736596d6ce35af3a34c122c93d0d7b?s=96&d=retro&r=g","caption":"pnud"}}]}},"_links":{"self":[{"href":"https:\/\/poblenouurbandistrict.com\/ca\/wp-json\/wp\/v2\/posts\/24098","targetHints":{"allow":["GET"]}}],"collection":[{"href":"https:\/\/poblenouurbandistrict.com\/ca\/wp-json\/wp\/v2\/posts"}],"about":[{"href":"https:\/\/poblenouurbandistrict.com\/ca\/wp-json\/wp\/v2\/types\/post"}],"author":[{"embeddable":true,"href":"https:\/\/poblenouurbandistrict.com\/ca\/wp-json\/wp\/v2\/users\/5"}],"replies":[{"embeddable":true,"href":"https:\/\/poblenouurbandistrict.com\/ca\/wp-json\/wp\/v2\/comments?post=24098"}],"version-history":[{"count":4,"href":"https:\/\/poblenouurbandistrict.com\/ca\/wp-json\/wp\/v2\/posts\/24098\/revisions"}],"predecessor-version":[{"id":24110,"href":"https:\/\/poblenouurbandistrict.com\/ca\/wp-json\/wp\/v2\/posts\/24098\/revisions\/24110"}],"wp:featuredmedia":[{"embeddable":true,"href":"https:\/\/poblenouurbandistrict.com\/ca\/wp-json\/wp\/v2\/media\/24104"}],"wp:attachment":[{"href":"https:\/\/poblenouurbandistrict.com\/ca\/wp-json\/wp\/v2\/media?parent=24098"}],"wp:term":[{"taxonomy":"category","embeddable":true,"href":"https:\/\/poblenouurbandistrict.com\/ca\/wp-json\/wp\/v2\/categories?post=24098"},{"taxonomy":"post_tag","embeddable":true,"href":"https:\/\/poblenouurbandistrict.com\/ca\/wp-json\/wp\/v2\/tags?post=24098"}],"curies":[{"name":"wp","href":"https:\/\/api.w.org\/{rel}","templated":true}]}}