{"id":24720,"date":"2021-12-02T15:23:04","date_gmt":"2021-12-02T14:23:04","guid":{"rendered":"https:\/\/poblenouurbandistrict.com\/?p=24720"},"modified":"2021-12-07T16:24:33","modified_gmt":"2021-12-07T15:24:33","slug":"luzidlab-volem-desenvolupar-experiencies-immersives-pel-be-de-la-societat","status":"publish","type":"post","link":"https:\/\/poblenouurbandistrict.com\/ca\/luzidlab-volem-desenvolupar-experiencies-immersives-pel-be-de-la-societat\/","title":{"rendered":"Luzidlab: Volem Desenvolupar experi\u00e8ncies immersives pel b\u00e9 de la societat"},"content":{"rendered":"<p><strong>Luzidlab<\/strong> s&#8217;ha convertit en pocs dies amb el nou col\u00b7laborador del Poblenou Urban District. Els hem entrevistat per con\u00e8ixer les facetes professionals. Com s\u00f3n, com treballen i coneixerem els nous projectes que compartiran a partir d&#8217;ara amb la comunitat de <strong>Poblenou Urban District<\/strong>.<\/p>\n<p><strong>Giles Pooley<\/strong> i <strong>Mike Van der Noordt,<\/strong> Ceo&#8217;s i cofundadors de Luzidlab, es van con\u00e8ixer treballant en una altra empresa i tant l&#8217;un com l&#8217;altre volien millorar el seu m\u00f3n laboral. Sobretot volien idear una nova manera de formar i de gestionar un equip creatiu. A partir d&#8217;aqu\u00ed, el 2020 va n\u00e9ixer <strong>Luzidlab<\/strong>, un col\u00b7lectiu d&#8217;artistes format per 25 persones repartides per tot el m\u00f3n amb 15 anys d&#8217;experi\u00e8ncia cadascuna al seu propi camp. Producci\u00f3 de fotografia, producci\u00f3 audiovisual, de realitat augmentada i virtual, perfils de m\u00e0rqueting, arquitectes, compositors de m\u00fasica, guionistes, etc. Un equip multidisciplinari i flexible.<\/p>\n<p>Des del comen\u00e7ament, junts han treballat en m\u00e9s de 16 projectes internacionals, animacions i espais virtuals, en m\u00e0rqueting i altres modalitats per a empreses de tot el m\u00f3n. Treballen sobretot en projectes que tindran un impacte positiu per a la societat, enfocats en projectes que inclouen l&#8217;art i la cultura connectats amb el m\u00f3n social.<\/p>\n<p>Per a ells, aix\u00f2 \u00e9s part del seu manifest, la seva manera d&#8217;interpretar aquest col\u00b7lectiu al qual pertanyen.<\/p>\n<p>Els agrada dir que treballen sota el paraigua dels projectes immersius; una cosa amb el que puguis interactuar, amb la que tindr\u00e0s una experi\u00e8ncia diferent.<\/p>\n<p>\u201cFins ara estem desenvolupant aplicacions, animacions, m\u00e0rqueting, per\u00f2 volem arribar a una mica m\u00e9s enll\u00e0 de tot aix\u00f2. \u00c9s aqu\u00ed quan entra AR-DE\u201d. Manifesta Mike.<\/p>\n<p>\u201cAR-DE intr\u00ednsecament inclou el concepte de comunitat, de ciutat i de barri. \u00c9s el projecte m\u00e9s identitari de tots els que hem treballat fins ara. Volem desenvolupar experi\u00e8ncies immersives pel b\u00e9 de la Societat. Puntualitza Giles.<\/p>\n<p><strong>Som l&#8217;\u00e0rea \u201cgris\u201d entre Art i Tecnologia<\/strong>. Afegeix Mike somrient.<\/p>\n<p>&nbsp;<\/p>\n<p><strong>Com \u00e9s la vostra participaci\u00f3 dins d&#8217;AR-DE?<\/strong><\/p>\n<p><strong>Giles<\/strong>: Amb AR-DE \u00e9s el primer projecte que col\u00b7laborarem amb Poblenou Urban District i per aix\u00f2 estem desenvolupant aquesta experi\u00e8ncia immersiva amb realitat augmentada. Una mica diferent del que \u00e9s habitual. En els propers mesos la nostra relaci\u00f3 estar\u00e0 m\u00e9s lligada amb aquest i altres projectes amb el Poblenou Urban District.<\/p>\n<p>&nbsp;<\/p>\n<p><strong>I Quina \u00e9s la participaci\u00f3 dins del Poblenou Urban District? Quins projectes hi ha en marxa?<\/strong><\/p>\n<p><strong>Giles<\/strong>: AR-DE \u00e9s el nou projecte, tamb\u00e9 participarem a les Urban Talks, on Mike parlar\u00e0 de la seva plataforma que ha desenvolupat amb la qual podrem experimentar la realitat augmentada anomenada \u201cDigital Canvas\u201d. (Un Spinoff de l&#8217;app Per AR-DE).<\/p>\n<p>Estem desenvolupant tamb\u00e9 una idea per a l&#8217;Off Llum, una instal\u00b7laci\u00f3, utilitzant la mateixa tecnologia crearem una experi\u00e8ncia art\u00edstica amb artistes de Luzidlab, una restauraci\u00f3 de la idea del <em>Metavers<\/em> i la<em> multiver<\/em>s, el que va m\u00e9s enll\u00e0 de nosaltres.<\/p>\n<p>Al mar\u00e7, Mike vol muntar un workshop per explicar a diferents artistes com \u00e9s la plataforma Digital Canvas i ajudar-los a crear obres d&#8217;art per a aquesta nova plataforma. Per despr\u00e9s al maig muntar una exposici\u00f3 amb la feina dels artistes en un espai f\u00edsic.<\/p>\n<p><strong>Explica&#8217;m en qu\u00e8 consisteix aquesta aplicaci\u00f3. Com funciona?<\/strong><\/p>\n<p>Mike: Aquesta app, batejada amb el nom AR-DE, incorpora un mapa per localitzar els diferents espais participants al circuit. Cadascuna d&#8217;aquestes localitzacions tindr\u00e0 la seva experi\u00e8ncia de realitat augmentada. Una obra art\u00edstica exhibida en forma d&#8217;extintor customitzada expressament per a cadascuna d&#8217;elles amb colors i textures diferents.<\/p>\n<p>L&#8217;usuari podr\u00e0 veure, mitjan\u00e7ant un p\u00f2ster gegant, que incorpora un codi il\u00b7lustrat, una obra de realitat augmentada en moviment. Immortalitzant una obra d&#8217;art en una aplicaci\u00f3 i al carrer \u201cvirtual\u201d alhora.<\/p>\n<p><strong>I de quina manera creus que incideix aquesta app al m\u00f3n de l&#8217;art? Quin paper t\u00e9 la realitat augmentada en l&#8217;\u00e0mbit art\u00edstic actualment o en un futur proper?<\/strong><\/p>\n<p>\u00c9s la primera vegada que utilitzem aquesta tecnologia al m\u00f3n real. Amb el nostre prototip estem llan\u00e7ant una nova tecnologia. No estem fent res art\u00edstic amb aquesta app, sin\u00f3 posant els fonaments perqu\u00e8 s&#8217;inici\u00ef una nova manera de fer, interpretar i experimentar l&#8217;art.<\/p>\n<p>Estem creant un nou mitj\u00e0. Fins ara estem treballant amb la Pintura, la Fotografia, l&#8217;Escultura\u2026 Ara el m\u00f3n digital ofereix noves oportunitats, que inclouen la realitat augmentada. La nostra plataforma, com diu el nom \u201cCanvas\u201d \u00e9s l&#8217;alian\u00e7a. Aqu\u00ed els artistes poden plasmar la pr\u00f2pia expressi\u00f3. Estem gestant una nova plataforma per expressar art, per\u00f2 afegint-hi una altra dimensi\u00f3, un altre llenguatge, un altre mitj\u00e0. Amb aquesta plataforma, ara tenim moltes eines per expressar i donar vida a l&#8217;art. Pots crear un art interactiu, o pots crear una hist\u00f2ria\u2026 Obrim la ciutat de manera art\u00edstica inimaginable. Pensem en gran\u2026 Pots pintar tot un edifici, com la Catedral, la Sagrada Fam\u00edlia o l&#8217;Ajuntament si ho desitges. Aquesta plataforma ens obre un m\u00f3n nou, inimaginable fins ara.<\/p>","protected":false},"excerpt":{"rendered":"<p>Luzidlab s&#8217;ha convertit en pocs dies amb el nou col\u00b7laborador del Poblenou Urban District. Els hem entrevistat per con\u00e8ixer les&#8230; <a href=\"https:\/\/poblenouurbandistrict.com\/ca\/luzidlab-volem-desenvolupar-experiencies-immersives-pel-be-de-la-societat\/\">M\u00e9s  \u2192<\/a><\/p>\n","protected":false},"author":5,"featured_media":24726,"comment_status":"closed","ping_status":"closed","sticky":false,"template":"","format":"standard","meta":{"_acf_changed":false,"footnotes":""},"categories":[3364,1,3342],"tags":[],"class_list":["post-24720","post","type-post","status-publish","format-standard","has-post-thumbnail","hentry","category-poblenou-urban-district","category-noticias","category-art"],"acf":[],"yoast_head":"<!-- This site is optimized with the Yoast SEO plugin v27.5 - https:\/\/yoast.com\/product\/yoast-seo-wordpress\/ -->\n<title>Luzidlab: Volem Desenvolupar experi\u00e8ncies immersives pel b\u00e9 de la societat<\/title>\n<meta name=\"description\" content=\"Luzidlab se ha convertido en el nuevo colaborador de Poblenou Urban District. Los hemos entrevistado para conocer sus facetas profesionales.\" \/>\n<meta name=\"robots\" content=\"index, follow, max-snippet:-1, max-image-preview:large, max-video-preview:-1\" \/>\n<link rel=\"canonical\" href=\"https:\/\/poblenouurbandistrict.com\/ca\/luzidlab-volem-desenvolupar-experiencies-immersives-pel-be-de-la-societat\/\" \/>\n<meta property=\"og:locale\" content=\"ca_ES\" \/>\n<meta property=\"og:type\" content=\"article\" \/>\n<meta property=\"og:title\" content=\"Luzidlab: Volem Desenvolupar experi\u00e8ncies immersives pel b\u00e9 de la societat\" \/>\n<meta property=\"og:description\" content=\"Luzidlab se ha convertido en el nuevo colaborador de Poblenou Urban District. Los hemos entrevistado para conocer sus facetas profesionales.\" \/>\n<meta property=\"og:url\" content=\"https:\/\/poblenouurbandistrict.com\/ca\/luzidlab-volem-desenvolupar-experiencies-immersives-pel-be-de-la-societat\/\" \/>\n<meta property=\"og:site_name\" content=\"Poblenou Urban District\" \/>\n<meta property=\"article:published_time\" content=\"2021-12-02T14:23:04+00:00\" \/>\n<meta property=\"article:modified_time\" content=\"2021-12-07T15:24:33+00:00\" \/>\n<meta property=\"og:image\" content=\"https:\/\/poblenouurbandistrict.com\/wp-content\/uploads\/2021\/12\/compressed-hero-video-1920x1080-00089.jpg\" \/>\n\t<meta property=\"og:image:width\" content=\"1920\" \/>\n\t<meta property=\"og:image:height\" content=\"1080\" \/>\n\t<meta property=\"og:image:type\" content=\"image\/jpeg\" \/>\n<meta name=\"author\" content=\"pnud\" \/>\n<meta name=\"twitter:card\" content=\"summary_large_image\" \/>\n<meta name=\"twitter:label1\" content=\"Escrit per\" \/>\n\t<meta name=\"twitter:data1\" content=\"pnud\" \/>\n\t<meta name=\"twitter:label2\" content=\"Temps estimat de lectura\" \/>\n\t<meta name=\"twitter:data2\" content=\"13 minuts\" \/>\n<script type=\"application\/ld+json\" class=\"yoast-schema-graph\">{\"@context\":\"https:\\\/\\\/schema.org\",\"@graph\":[{\"@type\":\"Article\",\"@id\":\"https:\\\/\\\/poblenouurbandistrict.com\\\/luzidlab-volem-desenvolupar-experiencies-immersives-pel-be-de-la-societat\\\/#article\",\"isPartOf\":{\"@id\":\"https:\\\/\\\/poblenouurbandistrict.com\\\/luzidlab-volem-desenvolupar-experiencies-immersives-pel-be-de-la-societat\\\/\"},\"author\":{\"name\":\"pnud\",\"@id\":\"https:\\\/\\\/poblenouurbandistrict.com\\\/#\\\/schema\\\/person\\\/980a2cf34b399d5218205730acd54a7e\"},\"headline\":\"Luzidlab: Volem Desenvolupar experi\u00e8ncies immersives pel b\u00e9 de la societat\",\"datePublished\":\"2021-12-02T14:23:04+00:00\",\"dateModified\":\"2021-12-07T15:24:33+00:00\",\"mainEntityOfPage\":{\"@id\":\"https:\\\/\\\/poblenouurbandistrict.com\\\/luzidlab-volem-desenvolupar-experiencies-immersives-pel-be-de-la-societat\\\/\"},\"wordCount\":2617,\"image\":{\"@id\":\"https:\\\/\\\/poblenouurbandistrict.com\\\/luzidlab-volem-desenvolupar-experiencies-immersives-pel-be-de-la-societat\\\/#primaryimage\"},\"thumbnailUrl\":\"https:\\\/\\\/media.poblenouurbandistrict.com\\\/2021\\\/12\\\/25043158\\\/compressed-hero-video-1920x1080-00089.jpg\",\"articleSection\":[\"Poblenou Urban District\",\"Est\u00e0 passant\",\"Art\"],\"inLanguage\":\"ca\"},{\"@type\":\"WebPage\",\"@id\":\"https:\\\/\\\/poblenouurbandistrict.com\\\/ca\\\/luzidlab-volem-desenvolupar-experiencies-immersives-pel-be-de-la-societat\\\/\",\"url\":\"https:\\\/\\\/poblenouurbandistrict.com\\\/ca\\\/luzidlab-volem-desenvolupar-experiencies-immersives-pel-be-de-la-societat\\\/\",\"name\":\"Luzidlab: Volem Desenvolupar experi\u00e8ncies immersives pel b\u00e9 de la societat\",\"isPartOf\":{\"@id\":\"https:\\\/\\\/poblenouurbandistrict.com\\\/ca\\\/#website\"},\"primaryImageOfPage\":{\"@id\":\"https:\\\/\\\/poblenouurbandistrict.com\\\/ca\\\/luzidlab-volem-desenvolupar-experiencies-immersives-pel-be-de-la-societat\\\/#primaryimage\"},\"image\":{\"@id\":\"https:\\\/\\\/poblenouurbandistrict.com\\\/luzidlab-volem-desenvolupar-experiencies-immersives-pel-be-de-la-societat\\\/#primaryimage\"},\"thumbnailUrl\":\"https:\\\/\\\/media.poblenouurbandistrict.com\\\/2021\\\/12\\\/25043158\\\/compressed-hero-video-1920x1080-00089.jpg\",\"datePublished\":\"2021-12-02T14:23:04+00:00\",\"dateModified\":\"2021-12-07T15:24:33+00:00\",\"author\":{\"@id\":\"https:\\\/\\\/poblenouurbandistrict.com\\\/#\\\/schema\\\/person\\\/980a2cf34b399d5218205730acd54a7e\"},\"description\":\"Luzidlab se ha convertido en el nuevo colaborador de Poblenou Urban District. Los hemos entrevistado para conocer sus facetas profesionales.\",\"breadcrumb\":{\"@id\":\"https:\\\/\\\/poblenouurbandistrict.com\\\/ca\\\/luzidlab-volem-desenvolupar-experiencies-immersives-pel-be-de-la-societat\\\/#breadcrumb\"},\"inLanguage\":\"ca\",\"potentialAction\":[{\"@type\":\"ReadAction\",\"target\":[[\"https:\\\/\\\/poblenouurbandistrict.com\\\/ca\\\/luzidlab-volem-desenvolupar-experiencies-immersives-pel-be-de-la-societat\\\/\"]]}]},{\"@type\":\"ImageObject\",\"inLanguage\":\"ca\",\"@id\":\"https:\\\/\\\/poblenouurbandistrict.com\\\/ca\\\/luzidlab-volem-desenvolupar-experiencies-immersives-pel-be-de-la-societat\\\/#primaryimage\",\"url\":\"https:\\\/\\\/media.poblenouurbandistrict.com\\\/2021\\\/12\\\/25043158\\\/compressed-hero-video-1920x1080-00089.jpg\",\"contentUrl\":\"https:\\\/\\\/media.poblenouurbandistrict.com\\\/2021\\\/12\\\/25043158\\\/compressed-hero-video-1920x1080-00089.jpg\",\"width\":1920,\"height\":1080},{\"@type\":\"BreadcrumbList\",\"@id\":\"https:\\\/\\\/poblenouurbandistrict.com\\\/ca\\\/luzidlab-volem-desenvolupar-experiencies-immersives-pel-be-de-la-societat\\\/#breadcrumb\",\"itemListElement\":[{\"@type\":\"ListItem\",\"position\":1,\"name\":\"Home\",\"item\":\"https:\\\/\\\/poblenouurbandistrict.com\\\/ca\\\/\"},{\"@type\":\"ListItem\",\"position\":2,\"name\":\"Luzidlab: Volem Desenvolupar experi\u00e8ncies immersives pel b\u00e9 de la societat\"}]},{\"@type\":\"WebSite\",\"@id\":\"https:\\\/\\\/poblenouurbandistrict.com\\\/ca\\\/#website\",\"url\":\"https:\\\/\\\/poblenouurbandistrict.com\\\/ca\\\/\",\"name\":\"Poblenou Urban District\",\"description\":\"Comunitat Creativa\",\"potentialAction\":[{\"@type\":\"SearchAction\",\"target\":{\"@type\":\"EntryPoint\",\"urlTemplate\":\"https:\\\/\\\/poblenouurbandistrict.com\\\/ca\\\/?s={search_term_string}\"},\"query-input\":{\"@type\":\"PropertyValueSpecification\",\"valueRequired\":true,\"valueName\":\"search_term_string\"}}],\"inLanguage\":\"ca\"},{\"@type\":\"Person\",\"@id\":\"https:\\\/\\\/poblenouurbandistrict.com\\\/#\\\/schema\\\/person\\\/980a2cf34b399d5218205730acd54a7e\",\"name\":\"pnud\",\"image\":{\"@type\":\"ImageObject\",\"inLanguage\":\"ca\",\"@id\":\"https:\\\/\\\/secure.gravatar.com\\\/avatar\\\/67146597b405ee077a24e519f75c3e2031736596d6ce35af3a34c122c93d0d7b?s=96&d=retro&r=g\",\"url\":\"https:\\\/\\\/secure.gravatar.com\\\/avatar\\\/67146597b405ee077a24e519f75c3e2031736596d6ce35af3a34c122c93d0d7b?s=96&d=retro&r=g\",\"contentUrl\":\"https:\\\/\\\/secure.gravatar.com\\\/avatar\\\/67146597b405ee077a24e519f75c3e2031736596d6ce35af3a34c122c93d0d7b?s=96&d=retro&r=g\",\"caption\":\"pnud\"}}]}<\/script>\n<!-- \/ Yoast SEO plugin. -->","yoast_head_json":{"title":"Luzidlab: Volem Desenvolupar experi\u00e8ncies immersives pel b\u00e9 de la societat","description":"Luzidlab se ha convertido en el nuevo colaborador de Poblenou Urban District. Los hemos entrevistado para conocer sus facetas profesionales.","robots":{"index":"index","follow":"follow","max-snippet":"max-snippet:-1","max-image-preview":"max-image-preview:large","max-video-preview":"max-video-preview:-1"},"canonical":"https:\/\/poblenouurbandistrict.com\/ca\/luzidlab-volem-desenvolupar-experiencies-immersives-pel-be-de-la-societat\/","og_locale":"ca_ES","og_type":"article","og_title":"Luzidlab: Volem Desenvolupar experi\u00e8ncies immersives pel b\u00e9 de la societat","og_description":"Luzidlab se ha convertido en el nuevo colaborador de Poblenou Urban District. Los hemos entrevistado para conocer sus facetas profesionales.","og_url":"https:\/\/poblenouurbandistrict.com\/ca\/luzidlab-volem-desenvolupar-experiencies-immersives-pel-be-de-la-societat\/","og_site_name":"Poblenou Urban District","article_published_time":"2021-12-02T14:23:04+00:00","article_modified_time":"2021-12-07T15:24:33+00:00","og_image":[{"width":1920,"height":1080,"url":"https:\/\/poblenouurbandistrict.com\/wp-content\/uploads\/2021\/12\/compressed-hero-video-1920x1080-00089.jpg","type":"image\/jpeg"}],"author":"pnud","twitter_card":"summary_large_image","twitter_misc":{"Escrit per":"pnud","Temps estimat de lectura":"13 minuts"},"schema":{"@context":"https:\/\/schema.org","@graph":[{"@type":"Article","@id":"https:\/\/poblenouurbandistrict.com\/luzidlab-volem-desenvolupar-experiencies-immersives-pel-be-de-la-societat\/#article","isPartOf":{"@id":"https:\/\/poblenouurbandistrict.com\/luzidlab-volem-desenvolupar-experiencies-immersives-pel-be-de-la-societat\/"},"author":{"name":"pnud","@id":"https:\/\/poblenouurbandistrict.com\/#\/schema\/person\/980a2cf34b399d5218205730acd54a7e"},"headline":"Luzidlab: Volem Desenvolupar experi\u00e8ncies immersives pel b\u00e9 de la societat","datePublished":"2021-12-02T14:23:04+00:00","dateModified":"2021-12-07T15:24:33+00:00","mainEntityOfPage":{"@id":"https:\/\/poblenouurbandistrict.com\/luzidlab-volem-desenvolupar-experiencies-immersives-pel-be-de-la-societat\/"},"wordCount":2617,"image":{"@id":"https:\/\/poblenouurbandistrict.com\/luzidlab-volem-desenvolupar-experiencies-immersives-pel-be-de-la-societat\/#primaryimage"},"thumbnailUrl":"https:\/\/media.poblenouurbandistrict.com\/2021\/12\/25043158\/compressed-hero-video-1920x1080-00089.jpg","articleSection":["Poblenou Urban District","Est\u00e0 passant","Art"],"inLanguage":"ca"},{"@type":"WebPage","@id":"https:\/\/poblenouurbandistrict.com\/ca\/luzidlab-volem-desenvolupar-experiencies-immersives-pel-be-de-la-societat\/","url":"https:\/\/poblenouurbandistrict.com\/ca\/luzidlab-volem-desenvolupar-experiencies-immersives-pel-be-de-la-societat\/","name":"Luzidlab: Volem Desenvolupar experi\u00e8ncies immersives pel b\u00e9 de la societat","isPartOf":{"@id":"https:\/\/poblenouurbandistrict.com\/ca\/#website"},"primaryImageOfPage":{"@id":"https:\/\/poblenouurbandistrict.com\/ca\/luzidlab-volem-desenvolupar-experiencies-immersives-pel-be-de-la-societat\/#primaryimage"},"image":{"@id":"https:\/\/poblenouurbandistrict.com\/luzidlab-volem-desenvolupar-experiencies-immersives-pel-be-de-la-societat\/#primaryimage"},"thumbnailUrl":"https:\/\/media.poblenouurbandistrict.com\/2021\/12\/25043158\/compressed-hero-video-1920x1080-00089.jpg","datePublished":"2021-12-02T14:23:04+00:00","dateModified":"2021-12-07T15:24:33+00:00","author":{"@id":"https:\/\/poblenouurbandistrict.com\/#\/schema\/person\/980a2cf34b399d5218205730acd54a7e"},"description":"Luzidlab se ha convertido en el nuevo colaborador de Poblenou Urban District. Los hemos entrevistado para conocer sus facetas profesionales.","breadcrumb":{"@id":"https:\/\/poblenouurbandistrict.com\/ca\/luzidlab-volem-desenvolupar-experiencies-immersives-pel-be-de-la-societat\/#breadcrumb"},"inLanguage":"ca","potentialAction":[{"@type":"ReadAction","target":[["https:\/\/poblenouurbandistrict.com\/ca\/luzidlab-volem-desenvolupar-experiencies-immersives-pel-be-de-la-societat\/"]]}]},{"@type":"ImageObject","inLanguage":"ca","@id":"https:\/\/poblenouurbandistrict.com\/ca\/luzidlab-volem-desenvolupar-experiencies-immersives-pel-be-de-la-societat\/#primaryimage","url":"https:\/\/media.poblenouurbandistrict.com\/2021\/12\/25043158\/compressed-hero-video-1920x1080-00089.jpg","contentUrl":"https:\/\/media.poblenouurbandistrict.com\/2021\/12\/25043158\/compressed-hero-video-1920x1080-00089.jpg","width":1920,"height":1080},{"@type":"BreadcrumbList","@id":"https:\/\/poblenouurbandistrict.com\/ca\/luzidlab-volem-desenvolupar-experiencies-immersives-pel-be-de-la-societat\/#breadcrumb","itemListElement":[{"@type":"ListItem","position":1,"name":"Home","item":"https:\/\/poblenouurbandistrict.com\/ca\/"},{"@type":"ListItem","position":2,"name":"Luzidlab: Volem Desenvolupar experi\u00e8ncies immersives pel b\u00e9 de la societat"}]},{"@type":"WebSite","@id":"https:\/\/poblenouurbandistrict.com\/ca\/#website","url":"https:\/\/poblenouurbandistrict.com\/ca\/","name":"Poblenou Urban District","description":"Comunitat Creativa","potentialAction":[{"@type":"SearchAction","target":{"@type":"EntryPoint","urlTemplate":"https:\/\/poblenouurbandistrict.com\/ca\/?s={search_term_string}"},"query-input":{"@type":"PropertyValueSpecification","valueRequired":true,"valueName":"search_term_string"}}],"inLanguage":"ca"},{"@type":"Person","@id":"https:\/\/poblenouurbandistrict.com\/#\/schema\/person\/980a2cf34b399d5218205730acd54a7e","name":"pnud","image":{"@type":"ImageObject","inLanguage":"ca","@id":"https:\/\/secure.gravatar.com\/avatar\/67146597b405ee077a24e519f75c3e2031736596d6ce35af3a34c122c93d0d7b?s=96&d=retro&r=g","url":"https:\/\/secure.gravatar.com\/avatar\/67146597b405ee077a24e519f75c3e2031736596d6ce35af3a34c122c93d0d7b?s=96&d=retro&r=g","contentUrl":"https:\/\/secure.gravatar.com\/avatar\/67146597b405ee077a24e519f75c3e2031736596d6ce35af3a34c122c93d0d7b?s=96&d=retro&r=g","caption":"pnud"}}]}},"_links":{"self":[{"href":"https:\/\/poblenouurbandistrict.com\/ca\/wp-json\/wp\/v2\/posts\/24720","targetHints":{"allow":["GET"]}}],"collection":[{"href":"https:\/\/poblenouurbandistrict.com\/ca\/wp-json\/wp\/v2\/posts"}],"about":[{"href":"https:\/\/poblenouurbandistrict.com\/ca\/wp-json\/wp\/v2\/types\/post"}],"author":[{"embeddable":true,"href":"https:\/\/poblenouurbandistrict.com\/ca\/wp-json\/wp\/v2\/users\/5"}],"replies":[{"embeddable":true,"href":"https:\/\/poblenouurbandistrict.com\/ca\/wp-json\/wp\/v2\/comments?post=24720"}],"version-history":[{"count":11,"href":"https:\/\/poblenouurbandistrict.com\/ca\/wp-json\/wp\/v2\/posts\/24720\/revisions"}],"predecessor-version":[{"id":24827,"href":"https:\/\/poblenouurbandistrict.com\/ca\/wp-json\/wp\/v2\/posts\/24720\/revisions\/24827"}],"wp:featuredmedia":[{"embeddable":true,"href":"https:\/\/poblenouurbandistrict.com\/ca\/wp-json\/wp\/v2\/media\/24726"}],"wp:attachment":[{"href":"https:\/\/poblenouurbandistrict.com\/ca\/wp-json\/wp\/v2\/media?parent=24720"}],"wp:term":[{"taxonomy":"category","embeddable":true,"href":"https:\/\/poblenouurbandistrict.com\/ca\/wp-json\/wp\/v2\/categories?post=24720"},{"taxonomy":"post_tag","embeddable":true,"href":"https:\/\/poblenouurbandistrict.com\/ca\/wp-json\/wp\/v2\/tags?post=24720"}],"curies":[{"name":"wp","href":"https:\/\/api.w.org\/{rel}","templated":true}]}}