{"id":25524,"date":"2022-01-28T14:00:15","date_gmt":"2022-01-28T13:00:15","guid":{"rendered":"https:\/\/poblenouurbandistrict.com\/?p=25524"},"modified":"2022-01-31T16:37:00","modified_gmt":"2022-01-31T15:37:00","slug":"off-llum-bcn-2022-la-plataforma-presenta-el-extasis-de-santa-maria-de-no-queda-tinte","status":"publish","type":"post","link":"https:\/\/poblenouurbandistrict.com\/ca\/off-llum-bcn-2022-la-plataforma-presenta-el-extasis-de-santa-maria-de-no-queda-tinte\/","title":{"rendered":"Off Llum Bcn 2022: La Plataforma presenta El \u00c9xtasis de Santa Maria de No Queda Tinte"},"content":{"rendered":"<p>En el marc de l&#8217;<span style=\"font-weight: 400; color: #333333;\"><a style=\"color: #333333;\" href=\"https:\/\/poblenouurbandistrict.com\/es\/off-llum-bcn-2022\/\" target=\"_blank\" rel=\"noopener\"><strong>Off Llum Bcn 2022<\/strong><\/a><\/span> que tindr\u00e0 lloc del 4 al 6 de febrer als carrers dels districte creatiu de barcelona, la galeria d&#8217;art <span style=\"font-weight: 400; color: #333333;\"><a style=\"color: #333333;\" href=\"https:\/\/www.instagram.com\/laplataformabcn\/\" target=\"_blank\" rel=\"noopener\"><strong>La Plataforma<\/strong><\/a><\/span> presenta l&#8217;obra <strong>L&#8217;\u00c8xtasi de Santa Maria<\/strong> de l&#8217;artista <strong>No Queda Tinte<\/strong> (Marina Salazar)<\/p>\n<p>\u201cLa il\u00b7luminaci\u00f3 (en alemany, Erleuchtung) \u00e9s l&#8217;experi\u00e8ncia del div\u00ed. I quan es revela es converteix en un acte pol\u00edtic de fe, guia i poder. Apunta <strong>Marina Salazar.<\/strong><\/p>\n<p>La llum sempre apareix a la nostra cultura com all\u00f2 oposat a la foscor, com a dualitat. La vida (\u201cdonar a llum\u201d) i la mort (\u201cveure la llum al final del t\u00fanel\u201d). Un binarisme complementari i intr\u00ednsec que ens condiciona com a \u00e9ssers humans. La nit i el dia. El b\u00e9 i el mal. El que \u00e9s correcte i el que \u00e9s incorrecte. El sagrat i el prohibit.<\/p>\n<p>En aquest ritual div\u00ed, deixem les espelmes de banda i iniciem la cerim\u00f2nia encenent llums de ne\u00f3 per revelar aquesta pe\u00e7a er\u00f2tica festiva, que busca sorprendre l&#8217;espectador amb la revelaci\u00f3 i interacci\u00f3 que projecta la seva aura.<\/p>\n<p>I \u00e9s que al final, tot el que sabem sobre la nostra llum, ens ho ha ensenyat la nostra foscor.<\/p>\n<p><strong>Marina Salazar<\/strong> \u00e9s una dissenyadora gr\u00e0fica amb <em>affaires<\/em> art\u00edstics. En el seu projecte &#8220;Lovjects&#8221; reivindica el <em>pongo<\/em> i li d\u00f3na valor <em>hackejant<\/em> aquestes figures de porcellana, implementant nous missatges i codis cr\u00edtics plens de contingut pol\u00edtic, color, humor i controv\u00e8rsia social. A trav\u00e9s de la recuperaci\u00f3 cultural, us ofereix una segona oportunitat per poder arribar a tenir una nova vida i transformar-se en icones.<\/p>\n<p>Salazar li d\u00f3na molta import\u00e0ncia al treball personal i a enc\u00e0rrecs que surtin dels l\u00edmits de la seva disciplina, ja que \u00e9s on pot investigar i experimentar amb noves t\u00e8cniques i llenguatges. \u00c9s minimalistament barroca, una mica kitsch i li encanten els reptes creatius per entrenar les seves rosses neurones.&#8221;<\/p>\n<p>Dia i horari: Divendres i dissabte 18h a 23h<\/p>\n<p>Diumenge de 18h a 23h<\/p>\n<p>Ubicaci\u00f3: <strong>Pujades 99<\/strong><\/p>\n<p>&nbsp;<\/p>\n<p>Ho organitza:<strong> La Plataforma.<\/strong><\/p>","protected":false},"excerpt":{"rendered":"<p>En el marc de l&#8217;Off Llum Bcn 2022 que tindr\u00e0 lloc del 4 al 6 de febrer als carrers dels&#8230; <a href=\"https:\/\/poblenouurbandistrict.com\/ca\/off-llum-bcn-2022-la-plataforma-presenta-el-extasis-de-santa-maria-de-no-queda-tinte\/\">M\u00e9s  \u2192<\/a><\/p>\n","protected":false},"author":5,"featured_media":25525,"comment_status":"closed","ping_status":"closed","sticky":false,"template":"","format":"standard","meta":{"_acf_changed":false,"footnotes":""},"categories":[3548,3364],"tags":[],"class_list":["post-25524","post","type-post","status-publish","format-standard","has-post-thumbnail","hentry","category-off-llum-bcn","category-poblenou-urban-district"],"acf":[],"yoast_head":"<!-- This site is optimized with the Yoast SEO plugin v27.5 - https:\/\/yoast.com\/product\/yoast-seo-wordpress\/ -->\n<title>Off Llum Bcn Poblenou Urban District<\/title>\n<meta name=\"description\" content=\"La galeria de arte La Plataforma presenta la obra El \u00c9xtasis de Santa Maria de la artista No Queda Tinte (Marina Salazar)\" \/>\n<meta name=\"robots\" content=\"index, follow, max-snippet:-1, max-image-preview:large, max-video-preview:-1\" \/>\n<link rel=\"canonical\" href=\"https:\/\/poblenouurbandistrict.com\/ca\/off-llum-bcn-2022-la-plataforma-presenta-el-extasis-de-santa-maria-de-no-queda-tinte\/\" \/>\n<meta property=\"og:locale\" content=\"ca_ES\" \/>\n<meta property=\"og:type\" content=\"article\" \/>\n<meta property=\"og:title\" content=\"Off Llum Bcn Poblenou Urban District\" \/>\n<meta property=\"og:description\" content=\"La galeria de arte La Plataforma presenta la obra El \u00c9xtasis de Santa Maria de la artista No Queda Tinte (Marina Salazar)\" \/>\n<meta property=\"og:url\" content=\"https:\/\/poblenouurbandistrict.com\/ca\/off-llum-bcn-2022-la-plataforma-presenta-el-extasis-de-santa-maria-de-no-queda-tinte\/\" \/>\n<meta property=\"og:site_name\" content=\"Poblenou Urban District\" \/>\n<meta property=\"article:published_time\" content=\"2022-01-28T13:00:15+00:00\" \/>\n<meta property=\"article:modified_time\" content=\"2022-01-31T15:37:00+00:00\" \/>\n<meta property=\"og:image\" content=\"https:\/\/poblenouurbandistrict.com\/wp-content\/uploads\/2022\/01\/nqt-marina-salazar-1.jpg\" \/>\n\t<meta property=\"og:image:width\" content=\"2449\" \/>\n\t<meta property=\"og:image:height\" content=\"2449\" \/>\n\t<meta property=\"og:image:type\" content=\"image\/jpeg\" \/>\n<meta name=\"author\" content=\"pnud\" \/>\n<meta name=\"twitter:card\" content=\"summary_large_image\" \/>\n<meta name=\"twitter:label1\" content=\"Escrit per\" \/>\n\t<meta name=\"twitter:data1\" content=\"pnud\" \/>\n\t<meta name=\"twitter:label2\" content=\"Temps estimat de lectura\" \/>\n\t<meta name=\"twitter:data2\" content=\"2 minuts\" \/>\n<script type=\"application\/ld+json\" class=\"yoast-schema-graph\">{\"@context\":\"https:\\\/\\\/schema.org\",\"@graph\":[{\"@type\":\"Article\",\"@id\":\"https:\\\/\\\/poblenouurbandistrict.com\\\/off-llum-bcn-2022-la-plataforma-presenta-el-extasis-de-santa-maria-de-no-queda-tinte\\\/#article\",\"isPartOf\":{\"@id\":\"https:\\\/\\\/poblenouurbandistrict.com\\\/off-llum-bcn-2022-la-plataforma-presenta-el-extasis-de-santa-maria-de-no-queda-tinte\\\/\"},\"author\":{\"name\":\"pnud\",\"@id\":\"https:\\\/\\\/poblenouurbandistrict.com\\\/#\\\/schema\\\/person\\\/980a2cf34b399d5218205730acd54a7e\"},\"headline\":\"Off Llum Bcn 2022: La Plataforma presenta El \u00c9xtasis de Santa Maria de No Queda Tinte\",\"datePublished\":\"2022-01-28T13:00:15+00:00\",\"dateModified\":\"2022-01-31T15:37:00+00:00\",\"mainEntityOfPage\":{\"@id\":\"https:\\\/\\\/poblenouurbandistrict.com\\\/off-llum-bcn-2022-la-plataforma-presenta-el-extasis-de-santa-maria-de-no-queda-tinte\\\/\"},\"wordCount\":727,\"image\":{\"@id\":\"https:\\\/\\\/poblenouurbandistrict.com\\\/off-llum-bcn-2022-la-plataforma-presenta-el-extasis-de-santa-maria-de-no-queda-tinte\\\/#primaryimage\"},\"thumbnailUrl\":\"https:\\\/\\\/media.poblenouurbandistrict.com\\\/2022\\\/01\\\/25044300\\\/nqt-marina-salazar-1.jpg\",\"articleSection\":[\"Off Llum Bcn\",\"Poblenou Urban District\"],\"inLanguage\":\"ca\"},{\"@type\":\"WebPage\",\"@id\":\"https:\\\/\\\/poblenouurbandistrict.com\\\/ca\\\/off-llum-bcn-2022-la-plataforma-presenta-el-extasis-de-santa-maria-de-no-queda-tinte\\\/\",\"url\":\"https:\\\/\\\/poblenouurbandistrict.com\\\/ca\\\/off-llum-bcn-2022-la-plataforma-presenta-el-extasis-de-santa-maria-de-no-queda-tinte\\\/\",\"name\":\"Off Llum Bcn Poblenou Urban District\",\"isPartOf\":{\"@id\":\"https:\\\/\\\/poblenouurbandistrict.com\\\/ca\\\/#website\"},\"primaryImageOfPage\":{\"@id\":\"https:\\\/\\\/poblenouurbandistrict.com\\\/ca\\\/off-llum-bcn-2022-la-plataforma-presenta-el-extasis-de-santa-maria-de-no-queda-tinte\\\/#primaryimage\"},\"image\":{\"@id\":\"https:\\\/\\\/poblenouurbandistrict.com\\\/off-llum-bcn-2022-la-plataforma-presenta-el-extasis-de-santa-maria-de-no-queda-tinte\\\/#primaryimage\"},\"thumbnailUrl\":\"https:\\\/\\\/media.poblenouurbandistrict.com\\\/2022\\\/01\\\/25044300\\\/nqt-marina-salazar-1.jpg\",\"datePublished\":\"2022-01-28T13:00:15+00:00\",\"dateModified\":\"2022-01-31T15:37:00+00:00\",\"author\":{\"@id\":\"https:\\\/\\\/poblenouurbandistrict.com\\\/#\\\/schema\\\/person\\\/980a2cf34b399d5218205730acd54a7e\"},\"description\":\"La galeria de arte La Plataforma presenta la obra El \u00c9xtasis de Santa Maria de la artista No Queda Tinte (Marina Salazar)\",\"breadcrumb\":{\"@id\":\"https:\\\/\\\/poblenouurbandistrict.com\\\/ca\\\/off-llum-bcn-2022-la-plataforma-presenta-el-extasis-de-santa-maria-de-no-queda-tinte\\\/#breadcrumb\"},\"inLanguage\":\"ca\",\"potentialAction\":[{\"@type\":\"ReadAction\",\"target\":[[\"https:\\\/\\\/poblenouurbandistrict.com\\\/ca\\\/off-llum-bcn-2022-la-plataforma-presenta-el-extasis-de-santa-maria-de-no-queda-tinte\\\/\"]]}]},{\"@type\":\"ImageObject\",\"inLanguage\":\"ca\",\"@id\":\"https:\\\/\\\/poblenouurbandistrict.com\\\/ca\\\/off-llum-bcn-2022-la-plataforma-presenta-el-extasis-de-santa-maria-de-no-queda-tinte\\\/#primaryimage\",\"url\":\"https:\\\/\\\/media.poblenouurbandistrict.com\\\/2022\\\/01\\\/25044300\\\/nqt-marina-salazar-1.jpg\",\"contentUrl\":\"https:\\\/\\\/media.poblenouurbandistrict.com\\\/2022\\\/01\\\/25044300\\\/nqt-marina-salazar-1.jpg\",\"width\":2449,\"height\":2449},{\"@type\":\"BreadcrumbList\",\"@id\":\"https:\\\/\\\/poblenouurbandistrict.com\\\/ca\\\/off-llum-bcn-2022-la-plataforma-presenta-el-extasis-de-santa-maria-de-no-queda-tinte\\\/#breadcrumb\",\"itemListElement\":[{\"@type\":\"ListItem\",\"position\":1,\"name\":\"Home\",\"item\":\"https:\\\/\\\/poblenouurbandistrict.com\\\/ca\\\/\"},{\"@type\":\"ListItem\",\"position\":2,\"name\":\"Off Llum Bcn 2022: La Plataforma presenta El \u00c9xtasis de Santa Maria de No Queda Tinte\"}]},{\"@type\":\"WebSite\",\"@id\":\"https:\\\/\\\/poblenouurbandistrict.com\\\/ca\\\/#website\",\"url\":\"https:\\\/\\\/poblenouurbandistrict.com\\\/ca\\\/\",\"name\":\"Poblenou Urban District\",\"description\":\"Comunitat Creativa\",\"potentialAction\":[{\"@type\":\"SearchAction\",\"target\":{\"@type\":\"EntryPoint\",\"urlTemplate\":\"https:\\\/\\\/poblenouurbandistrict.com\\\/ca\\\/?s={search_term_string}\"},\"query-input\":{\"@type\":\"PropertyValueSpecification\",\"valueRequired\":true,\"valueName\":\"search_term_string\"}}],\"inLanguage\":\"ca\"},{\"@type\":\"Person\",\"@id\":\"https:\\\/\\\/poblenouurbandistrict.com\\\/#\\\/schema\\\/person\\\/980a2cf34b399d5218205730acd54a7e\",\"name\":\"pnud\",\"image\":{\"@type\":\"ImageObject\",\"inLanguage\":\"ca\",\"@id\":\"https:\\\/\\\/secure.gravatar.com\\\/avatar\\\/67146597b405ee077a24e519f75c3e2031736596d6ce35af3a34c122c93d0d7b?s=96&d=retro&r=g\",\"url\":\"https:\\\/\\\/secure.gravatar.com\\\/avatar\\\/67146597b405ee077a24e519f75c3e2031736596d6ce35af3a34c122c93d0d7b?s=96&d=retro&r=g\",\"contentUrl\":\"https:\\\/\\\/secure.gravatar.com\\\/avatar\\\/67146597b405ee077a24e519f75c3e2031736596d6ce35af3a34c122c93d0d7b?s=96&d=retro&r=g\",\"caption\":\"pnud\"}}]}<\/script>\n<!-- \/ Yoast SEO plugin. -->","yoast_head_json":{"title":"Off Llum Bcn Poblenou Urban District","description":"La galeria de arte La Plataforma presenta la obra El \u00c9xtasis de Santa Maria de la artista No Queda Tinte (Marina Salazar)","robots":{"index":"index","follow":"follow","max-snippet":"max-snippet:-1","max-image-preview":"max-image-preview:large","max-video-preview":"max-video-preview:-1"},"canonical":"https:\/\/poblenouurbandistrict.com\/ca\/off-llum-bcn-2022-la-plataforma-presenta-el-extasis-de-santa-maria-de-no-queda-tinte\/","og_locale":"ca_ES","og_type":"article","og_title":"Off Llum Bcn Poblenou Urban District","og_description":"La galeria de arte La Plataforma presenta la obra El \u00c9xtasis de Santa Maria de la artista No Queda Tinte (Marina Salazar)","og_url":"https:\/\/poblenouurbandistrict.com\/ca\/off-llum-bcn-2022-la-plataforma-presenta-el-extasis-de-santa-maria-de-no-queda-tinte\/","og_site_name":"Poblenou Urban District","article_published_time":"2022-01-28T13:00:15+00:00","article_modified_time":"2022-01-31T15:37:00+00:00","og_image":[{"width":2449,"height":2449,"url":"https:\/\/poblenouurbandistrict.com\/wp-content\/uploads\/2022\/01\/nqt-marina-salazar-1.jpg","type":"image\/jpeg"}],"author":"pnud","twitter_card":"summary_large_image","twitter_misc":{"Escrit per":"pnud","Temps estimat de lectura":"2 minuts"},"schema":{"@context":"https:\/\/schema.org","@graph":[{"@type":"Article","@id":"https:\/\/poblenouurbandistrict.com\/off-llum-bcn-2022-la-plataforma-presenta-el-extasis-de-santa-maria-de-no-queda-tinte\/#article","isPartOf":{"@id":"https:\/\/poblenouurbandistrict.com\/off-llum-bcn-2022-la-plataforma-presenta-el-extasis-de-santa-maria-de-no-queda-tinte\/"},"author":{"name":"pnud","@id":"https:\/\/poblenouurbandistrict.com\/#\/schema\/person\/980a2cf34b399d5218205730acd54a7e"},"headline":"Off Llum Bcn 2022: La Plataforma presenta El \u00c9xtasis de Santa Maria de No Queda Tinte","datePublished":"2022-01-28T13:00:15+00:00","dateModified":"2022-01-31T15:37:00+00:00","mainEntityOfPage":{"@id":"https:\/\/poblenouurbandistrict.com\/off-llum-bcn-2022-la-plataforma-presenta-el-extasis-de-santa-maria-de-no-queda-tinte\/"},"wordCount":727,"image":{"@id":"https:\/\/poblenouurbandistrict.com\/off-llum-bcn-2022-la-plataforma-presenta-el-extasis-de-santa-maria-de-no-queda-tinte\/#primaryimage"},"thumbnailUrl":"https:\/\/media.poblenouurbandistrict.com\/2022\/01\/25044300\/nqt-marina-salazar-1.jpg","articleSection":["Off Llum Bcn","Poblenou Urban District"],"inLanguage":"ca"},{"@type":"WebPage","@id":"https:\/\/poblenouurbandistrict.com\/ca\/off-llum-bcn-2022-la-plataforma-presenta-el-extasis-de-santa-maria-de-no-queda-tinte\/","url":"https:\/\/poblenouurbandistrict.com\/ca\/off-llum-bcn-2022-la-plataforma-presenta-el-extasis-de-santa-maria-de-no-queda-tinte\/","name":"Off Llum Bcn Poblenou Urban District","isPartOf":{"@id":"https:\/\/poblenouurbandistrict.com\/ca\/#website"},"primaryImageOfPage":{"@id":"https:\/\/poblenouurbandistrict.com\/ca\/off-llum-bcn-2022-la-plataforma-presenta-el-extasis-de-santa-maria-de-no-queda-tinte\/#primaryimage"},"image":{"@id":"https:\/\/poblenouurbandistrict.com\/off-llum-bcn-2022-la-plataforma-presenta-el-extasis-de-santa-maria-de-no-queda-tinte\/#primaryimage"},"thumbnailUrl":"https:\/\/media.poblenouurbandistrict.com\/2022\/01\/25044300\/nqt-marina-salazar-1.jpg","datePublished":"2022-01-28T13:00:15+00:00","dateModified":"2022-01-31T15:37:00+00:00","author":{"@id":"https:\/\/poblenouurbandistrict.com\/#\/schema\/person\/980a2cf34b399d5218205730acd54a7e"},"description":"La galeria de arte La Plataforma presenta la obra El \u00c9xtasis de Santa Maria de la artista No Queda Tinte (Marina Salazar)","breadcrumb":{"@id":"https:\/\/poblenouurbandistrict.com\/ca\/off-llum-bcn-2022-la-plataforma-presenta-el-extasis-de-santa-maria-de-no-queda-tinte\/#breadcrumb"},"inLanguage":"ca","potentialAction":[{"@type":"ReadAction","target":[["https:\/\/poblenouurbandistrict.com\/ca\/off-llum-bcn-2022-la-plataforma-presenta-el-extasis-de-santa-maria-de-no-queda-tinte\/"]]}]},{"@type":"ImageObject","inLanguage":"ca","@id":"https:\/\/poblenouurbandistrict.com\/ca\/off-llum-bcn-2022-la-plataforma-presenta-el-extasis-de-santa-maria-de-no-queda-tinte\/#primaryimage","url":"https:\/\/media.poblenouurbandistrict.com\/2022\/01\/25044300\/nqt-marina-salazar-1.jpg","contentUrl":"https:\/\/media.poblenouurbandistrict.com\/2022\/01\/25044300\/nqt-marina-salazar-1.jpg","width":2449,"height":2449},{"@type":"BreadcrumbList","@id":"https:\/\/poblenouurbandistrict.com\/ca\/off-llum-bcn-2022-la-plataforma-presenta-el-extasis-de-santa-maria-de-no-queda-tinte\/#breadcrumb","itemListElement":[{"@type":"ListItem","position":1,"name":"Home","item":"https:\/\/poblenouurbandistrict.com\/ca\/"},{"@type":"ListItem","position":2,"name":"Off Llum Bcn 2022: La Plataforma presenta El \u00c9xtasis de Santa Maria de No Queda Tinte"}]},{"@type":"WebSite","@id":"https:\/\/poblenouurbandistrict.com\/ca\/#website","url":"https:\/\/poblenouurbandistrict.com\/ca\/","name":"Poblenou Urban District","description":"Comunitat Creativa","potentialAction":[{"@type":"SearchAction","target":{"@type":"EntryPoint","urlTemplate":"https:\/\/poblenouurbandistrict.com\/ca\/?s={search_term_string}"},"query-input":{"@type":"PropertyValueSpecification","valueRequired":true,"valueName":"search_term_string"}}],"inLanguage":"ca"},{"@type":"Person","@id":"https:\/\/poblenouurbandistrict.com\/#\/schema\/person\/980a2cf34b399d5218205730acd54a7e","name":"pnud","image":{"@type":"ImageObject","inLanguage":"ca","@id":"https:\/\/secure.gravatar.com\/avatar\/67146597b405ee077a24e519f75c3e2031736596d6ce35af3a34c122c93d0d7b?s=96&d=retro&r=g","url":"https:\/\/secure.gravatar.com\/avatar\/67146597b405ee077a24e519f75c3e2031736596d6ce35af3a34c122c93d0d7b?s=96&d=retro&r=g","contentUrl":"https:\/\/secure.gravatar.com\/avatar\/67146597b405ee077a24e519f75c3e2031736596d6ce35af3a34c122c93d0d7b?s=96&d=retro&r=g","caption":"pnud"}}]}},"_links":{"self":[{"href":"https:\/\/poblenouurbandistrict.com\/ca\/wp-json\/wp\/v2\/posts\/25524","targetHints":{"allow":["GET"]}}],"collection":[{"href":"https:\/\/poblenouurbandistrict.com\/ca\/wp-json\/wp\/v2\/posts"}],"about":[{"href":"https:\/\/poblenouurbandistrict.com\/ca\/wp-json\/wp\/v2\/types\/post"}],"author":[{"embeddable":true,"href":"https:\/\/poblenouurbandistrict.com\/ca\/wp-json\/wp\/v2\/users\/5"}],"replies":[{"embeddable":true,"href":"https:\/\/poblenouurbandistrict.com\/ca\/wp-json\/wp\/v2\/comments?post=25524"}],"version-history":[{"count":12,"href":"https:\/\/poblenouurbandistrict.com\/ca\/wp-json\/wp\/v2\/posts\/25524\/revisions"}],"predecessor-version":[{"id":25781,"href":"https:\/\/poblenouurbandistrict.com\/ca\/wp-json\/wp\/v2\/posts\/25524\/revisions\/25781"}],"wp:featuredmedia":[{"embeddable":true,"href":"https:\/\/poblenouurbandistrict.com\/ca\/wp-json\/wp\/v2\/media\/25525"}],"wp:attachment":[{"href":"https:\/\/poblenouurbandistrict.com\/ca\/wp-json\/wp\/v2\/media?parent=25524"}],"wp:term":[{"taxonomy":"category","embeddable":true,"href":"https:\/\/poblenouurbandistrict.com\/ca\/wp-json\/wp\/v2\/categories?post=25524"},{"taxonomy":"post_tag","embeddable":true,"href":"https:\/\/poblenouurbandistrict.com\/ca\/wp-json\/wp\/v2\/tags?post=25524"}],"curies":[{"name":"wp","href":"https:\/\/api.w.org\/{rel}","templated":true}]}}