{"id":25628,"date":"2022-01-26T11:51:13","date_gmt":"2022-01-26T10:51:13","guid":{"rendered":"https:\/\/poblenouurbandistrict.com\/?p=25628"},"modified":"2022-02-03T13:33:30","modified_gmt":"2022-02-03T12:33:30","slug":"conoce-toda-la-programacion-del-off-llum-bcn-2022","status":"publish","type":"post","link":"https:\/\/poblenouurbandistrict.com\/ca\/conoce-toda-la-programacion-del-off-llum-bcn-2022\/","title":{"rendered":"Coneix tota la programaci\u00f3 de l&#8217;Off Llum Bcn 2022"},"content":{"rendered":"<p><span style=\"color: #333333;\"><span style=\"font-weight: 400;\">Del <\/span><strong>4 al 6 de febrer <\/strong>de<span style=\"font-weight: 400;\"> 18:00 a 00:00 torna l&#8217;<\/span><a style=\"color: #333333;\" href=\"https:\/\/poblenouurbandistrict.com\/es\/off-llum-bcn-2022\/\" target=\"_blank\" rel=\"noopener\"><b>Off Llum Bcn<\/b><\/a><span style=\"font-weight: 400;\">, un circuit d&#8217;instal\u00b7lacions lum\u00edniques de petit i mitj\u00e0 format ideat i produ\u00eft per <\/span><a style=\"color: #333333;\" href=\"https:\/\/poblenouurbandistrict.com\/es\/\" target=\"_blank\" rel=\"noopener\"><strong>Poblenou Urban District<\/strong><\/a><span style=\"font-weight: 400;\">.<\/span><\/span><\/p>\n<p>Un recorregut alternatiu al <span style=\"color: #333333;\"><a style=\"color: #333333;\" href=\"https:\/\/www.barcelona.cat\/llumbcn\/ca\/\" target=\"_blank\" rel=\"noopener\"><b>Festival d&#8217;Arts Lum\u00edniques Llum BCN<\/b><\/a> <\/span>que pret\u00e9n posar el focus a l&#8217;art lum\u00ednic experimental i en propostes locals dels espais de creaci\u00f3 i innovaci\u00f3 que formen la comunitat del Districte Creatiu.<\/p>\n<p>Aquest any, el circuit de l&#8217;<strong>Off Llum Bcn<\/strong> proposa set instal\u00b7lacions \u00faniques que es podran veure i gaudir a set espais de la comunitat del Poblenou Urban District: <strong>Go\u2013PopUp<\/strong>, <strong>ProtoPixel<\/strong>, <strong>La Plataforma<\/strong>, <strong>Valkiria<\/strong>, <strong>BAU<\/strong>, <strong>Chez Xefo<\/strong> i <strong>ConnectHor<\/strong>t. Cadascun d&#8217;aquests espais obrir\u00e0 les portes al p\u00fablic i ens presentar\u00e0 la seva obra lum\u00ednica.<\/p>\n<p>&nbsp;<\/p>\n<h2><span style=\"color: #333333;\"><b>#1 Go\u2013PopUp<\/b><\/span><\/h2>\n<h4 style=\"text-align: center;\"><span style=\"color: #333333;\"><strong>BeatMe Lab<\/strong><span style=\"font-weight: 400;\"> presenta <\/span><strong><i>OracLED<\/i><\/strong><span style=\"font-weight: 400;\">.\u00a0<\/span><\/span><\/h4>\n<p><span style=\"color: #333333;\"><img loading=\"lazy\" decoding=\"async\" class=\"size-medium wp-image-25517 aligncenter\" src=\"https:\/\/media.poblenouurbandistrict.com\/2022\/01\/25044258\/led-wash-v3-0962-1-620x349.jpg\" alt=\"\" width=\"620\" height=\"349\" \/><\/span><\/p>\n<p><span style=\"color: #333333;\"><strong><i>OracLED<\/i><\/strong><span style=\"font-weight: 400;\">\u00a0\u00e9s un projecte multidisciplinari que combina v\u00eddeo <em>mapping<\/em> i pixel <em>mapping<\/em> per recrear un paisatge on\u00edric al centre del qual destaca un oracle lum\u00ednic. L&#8217;edifici del fons cobra vida mitjan\u00e7ant una gegantina projecci\u00f3 mentre un passad\u00eds format per focus LED laterals s&#8217;il\u00b7lumina seq\u00fcencialment seguint els motius de les formes calidosc\u00f2piques. El m\u00f3n dels somnis es rrepresenta mitjan\u00e7ant la llum, creant una enigm\u00e0tica atmosfera que, juntament amb la inducci\u00f3 musical, genera a l&#8217;espectador una sensaci\u00f3 hipn\u00f2tica i atraient.<\/span><\/span><\/p>\n<p><span style=\"font-weight: 400; color: #333333;\">Dies: 4, 5, 6 de febrer<\/span><\/p>\n<p><span style=\"font-weight: 400; color: #333333;\">Horari: 19h a 23h<\/span><\/p>\n<p><span style=\"font-weight: 400; color: #333333;\">Ubicaci\u00f3: Passatge Pamplona 88<\/span><\/p>\n<p><span style=\"font-weight: 400; color: #333333;\">Organitza: <strong><a style=\"color: #333333;\" href=\"https:\/\/www.gopopup.com\/en\" target=\"_blank\" rel=\"noopener\">Go\u2013PopUp<\/a><\/strong>, <strong><a style=\"color: #333333;\" href=\"https:\/\/www.beatmelab.com\/\" target=\"_blank\" rel=\"noopener\">BeatMe Lab<\/a><\/strong><\/span><\/p>\n<p><span style=\"font-weight: 400; color: #333333;\">Patrocina: <strong>Leds C4<\/strong>, <strong>Fluge<\/strong>, <strong>Razzmatazz<\/strong>\u00a0<\/span><\/p>\n<p>&nbsp;<\/p>\n<h2><span style=\"color: #333333;\"><b>#2 ProtoPixel<\/b><\/span><\/h2>\n<h4 style=\"text-align: center;\"><span style=\"color: #333333;\"><strong>Artec Studio<\/strong><span style=\"font-weight: 400;\"> presenta <\/span><strong><i>Like Turtles<\/i><\/strong><\/span><\/h4>\n<p><span style=\"color: #333333;\"><img loading=\"lazy\" decoding=\"async\" class=\"size-medium wp-image-25531 aligncenter\" src=\"https:\/\/media.poblenouurbandistrict.com\/2022\/01\/25044304\/220118-liketurtles-offllum-300dpi-1-620x349.jpg\" alt=\"\" width=\"620\" height=\"349\" \/><\/span><\/p>\n<p>La instal\u00b7laci\u00f3 busca conscienciar sobre la import\u00e0ncia de tancar el cicle de producci\u00f3, tamb\u00e9 anomenat com a economia circular, on el que es produeix ha de formar part d&#8217;un cicle vital i, per tant, que no contamini. Reutilitzar, Reciclar, Respectar, Reduir, s\u00f3n paraules clau en aquest context.<\/p>\n<p>Dia: 4, 5, 6 de febrer<\/p>\n<p>Horari: Divendres i dissabte 18h a 24h, diumenge 18h a 23h<\/p>\n<p>Ubicaci\u00f3: Carrer d&#8217;\u00c0laba, 88<\/p>\n<p>Organiza: <strong><a style=\"color: #333333;\" href=\"https:\/\/www.protopixel.io\/\" target=\"_blank\" rel=\"noopener\">ProtoPixel<\/a><\/strong>, <strong><a style=\"color: #333333;\" href=\"https:\/\/artecstudio.net\/\" target=\"_blank\" rel=\"noopener\">Artec Studio<\/a><\/strong><\/p>\n<p><span style=\"font-weight: 400; color: #333333;\">Patrocina: <strong>SIMON<\/strong>, <strong>ProtoPixel<\/strong><\/span><\/p>\n<p>&nbsp;<\/p>\n<h2><span style=\"color: #333333;\"><b>#3 La Plataforma<\/b><\/span><\/h2>\n<h4 style=\"text-align: center;\"><span style=\"color: #333333;\"><span style=\"font-weight: 400;\"><strong>Marina Salazar<\/strong> (<\/span><\/span><span style=\"color: #333333;\">NO QUEDA TINTE)<span style=\"font-weight: 400;\">\u00a0 presenta <\/span><strong><i>El \u00c9xtasis de Santa Maria<\/i><\/strong><\/span><\/h4>\n<p><span style=\"color: #333333;\"><img loading=\"lazy\" decoding=\"async\" class=\" wp-image-25525 aligncenter\" src=\"https:\/\/media.poblenouurbandistrict.com\/2022\/01\/25044300\/nqt-marina-salazar-1-620x620.jpg\" alt=\"\" width=\"340\" height=\"340\" \/><\/span><\/p>\n<p>La nit i el dia. El b\u00e9 i el mal. El que \u00e9s correcte i el que \u00e9s incorrecte. El sagrat i el prohibit. En aquest ritual div\u00ed, deixem les espelmes de banda i iniciem la cerim\u00f2nia encenent llums de ne\u00f3 per revelar aquesta pe\u00e7a er\u00f2tica festiva, que busca sorprendre l&#8217;espectador amb la revelaci\u00f3 i interacci\u00f3 que projecta la seva aura. I \u00e9s que al final, tot el que sabem sobre la nostra llum, ens ho ha ensenyat la nostra foscor.<\/p>\n<p>Dia: 4, 5 de febrer<\/p>\n<p>Horari: Divendres i dissabte 18h a 23h<\/p>\n<p>Ubicaci\u00f3: Pujades 99<\/p>\n<p><span style=\"font-weight: 400; color: #333333;\">Organiza: <strong><a style=\"color: #333333;\" href=\"https:\/\/www.instagram.com\/laplataformabcn\/\" target=\"_blank\" rel=\"noopener\">La Plataforma<\/a><\/strong>, <strong><a style=\"color: #333333;\" href=\"https:\/\/www.instagram.com\/noquedatinte\/\" target=\"_blank\" rel=\"noopener\">No Queda Tinte<\/a><\/strong><\/span><\/p>\n<p>Patrocina: <strong>Codigo Sound, The Folio, Plataforma<\/strong><\/p>\n<h2><span style=\"color: #333333;\"><b>#4 Valkiria<\/b><\/span><\/h2>\n<h4 style=\"text-align: center;\"><span style=\"color: #333333;\"><strong>Framemov<\/strong><span style=\"font-weight: 400;\"> presenta <\/span><strong><i>Lazer Pupil<\/i><\/strong><\/span><\/h4>\n<p><span style=\"color: #333333;\"><img loading=\"lazy\" decoding=\"async\" class=\"size-medium wp-image-25528 aligncenter\" src=\"https:\/\/media.poblenouurbandistrict.com\/2022\/01\/25044302\/framemov-1-620x349.jpg\" alt=\"\" width=\"620\" height=\"349\" \/><\/span><\/p>\n<p><span style=\"color: #333333;\"><strong><i>Lazer Pupil <\/i><\/strong><\/span>\u00e9s una instal\u00b7laci\u00f3 interactiva de llum i \u00e0udio on cada espectador tindr\u00e0 la possibilitat de projectar la seva empremta lluminosa.<\/p>\n<p>Mitjan\u00e7ant un t\u00f2tem interactiu, l&#8217;espectador pot triar entre diferents gifs animats preseleccionats creant el disseny propi. Aquestes imatges es projecten sobre un llen\u00e7 fotoluminiscent que conserva durant uns instants la llum, creant aix\u00ed diferents patrons ef\u00edmers.<\/p>\n<p>Dia: 4, 5, 6 de febrer<\/p>\n<p>Horari: Divendres i dissabte 18h a 23h, diumenge 18h a 22h<\/p>\n<p>Ubicaci\u00f3: Pujades 126<\/p>\n<p><span style=\"font-weight: 400; color: #333333;\">Organiza: <strong><a style=\"color: #333333;\" href=\"https:\/\/valkiriahubspace.com\/\" target=\"_blank\" rel=\"noopener\">Valkiria<\/a><\/strong>, <strong><a style=\"color: #333333;\" href=\"https:\/\/framemov.com\/\" target=\"_blank\" rel=\"noopener\">Framemov<\/a><\/strong><\/span><\/p>\n<p><span style=\"font-weight: 400; color: #333333;\">Patrocina: <strong>Pirolazer fx, Rental SP, Valkiria Hub<\/strong><\/span><\/p>\n<p>&nbsp;<\/p>\n<h2><span style=\"color: #333333;\"><b>#5 BAU Centro Universitario de Dise\u00f1o<\/b><\/span><\/h2>\n<h4 style=\"text-align: center;\"><span style=\"color: #333333;\"><span style=\"font-weight: 400;\">Ex-alumnos de <\/span><strong>BAU<\/strong><span style=\"font-weight: 400;\"> presentan <\/span><strong><i>Nucli<\/i><\/strong><\/span><\/h4>\n<p><span style=\"color: #333333;\"><img loading=\"lazy\" decoding=\"async\" class=\" wp-image-25562 aligncenter\" src=\"https:\/\/media.poblenouurbandistrict.com\/2022\/01\/25044317\/nucli-1-620x465.jpg\" alt=\"\" width=\"509\" height=\"382\" \/><\/span><\/p>\n<p><span style=\"color: #333333;\"><strong><i>Nucli <\/i><\/strong><\/span>\u00e9s una interf\u00edcie central d&#8217;informaci\u00f3 immaterial, que mostra elements visuals i sonors per conformar un sistema de dades sensorials.<\/p>\n<p>Artistes:<\/p>\n<p><span style=\"color: #333333;\"><strong>Xavier Maixenchs Bob\u00e9 Catalina Joy Ansaldi Luisina Andrea Lauriente David Pastor Ussetti Lorenza Tabares Montoya<\/strong><\/span><\/p>\n<p>Dia: 4, 5, 6 de febrer<\/p>\n<p>Horari: Divendres, dissabte i diumenge 19h a 23h<\/p>\n<p>Ubicaci\u00f3: Pujades, 128<\/p>\n<p><span style=\"font-weight: 400; color: #333333;\">Organiza: <strong><a style=\"color: #333333;\" href=\"https:\/\/www.baued.es\/\" target=\"_blank\" rel=\"noopener\">BAU<\/a><\/strong><\/span><\/p>\n<p><span style=\"font-weight: 400; color: #333333;\">Patrocina: <strong>BAU<\/strong><\/span><\/p>\n<p>&nbsp;<\/p>\n<h2><span style=\"color: #333333;\"><b>#6 Chez Xefo<\/b><\/span><\/h2>\n<h4 style=\"text-align: center;\"><span style=\"color: #333333;\"><strong>Maurici Gin\u00e9s<\/strong><span style=\"font-weight: 400;\"> presenta <\/span><strong><i>Nuestro Mar Vibra<\/i><\/strong><\/span><\/h4>\n<p><span style=\"color: #333333;\"><img loading=\"lazy\" decoding=\"async\" class=\"size-medium wp-image-25452 aligncenter\" src=\"https:\/\/media.poblenouurbandistrict.com\/2022\/01\/25044129\/220118-nuestromarvibra-offllum-300dpi-620x428.jpg\" alt=\"\" width=\"620\" height=\"428\" \/><\/span><\/p>\n<p><span style=\"color: #333333;\"><strong><i>Nuestro Mar Vibra<\/i><\/strong> <\/span>s\u00f3n records de llum de Barcelona. S&#8217;inspira en la deixalla de reflexos que el sol produeix a l&#8217;aigua quan apareix al mar Mediterrani de manera que l&#8217;obra evoca una mirada fragmentada de la sortida del sol, els seus reflexos a un mar propi. El moviment de l&#8217;espectador i el moviment de la llum a la pe\u00e7a crea efectes de perspectiva subtils generant una relaci\u00f3 personal amb l&#8217;obra.<\/p>\n<p>Dia: 4, 5, 6 de febrer<\/p>\n<p>Horari: Divendres, dissabte 18h a 24h, diumenge 18h a 23h<\/p>\n<p>Ubicaci\u00f3: Badajoz 46<\/p>\n<p><span style=\"font-weight: 400; color: #333333;\">Organiza: <strong><a style=\"color: #333333;\" href=\"https:\/\/chezxefo.com\/\" target=\"_blank\" rel=\"noopener\">Chez Xefo<\/a><\/strong><\/span><\/p>\n<p><span style=\"font-weight: 400; color: #333333;\">Patrocina:<strong> Simon<\/strong><\/span><\/p>\n<p>&nbsp;<\/p>\n<h2><span style=\"color: #333333;\"><b>#7 ConnectHort<\/b><\/span><\/h2>\n<h4 style=\"text-align: center;\"><span style=\"color: #333333;\"><b><a style=\"color: #333333;\" href=\"https:\/\/www.instagram.com\/bio.materiality\/\" target=\"_blank\" rel=\"noopener\">Biomateriality &amp; Biosonification Collective<\/a>, <a style=\"color: #333333;\" href=\"https:\/\/www.instagram.com\/na.b3collective\/\" target=\"_blank\" rel=\"noopener\">NAB3 Collective<\/a>, <\/b><strong>Irradia Collective<\/strong><span style=\"font-weight: 400;\"> presenten a <\/span><strong><i>JARD\u00cd SIDERAL<\/i><\/strong><\/span><\/h4>\n<p><span style=\"color: #333333;\"><img loading=\"lazy\" decoding=\"async\" class=\"size-medium wp-image-25564 aligncenter\" src=\"https:\/\/media.poblenouurbandistrict.com\/2022\/01\/25044319\/biomaterialitybiosonification-2-620x413.jpg\" alt=\"\" width=\"620\" height=\"413\" \/><\/span><\/p>\n<p>Ens endinsarem al jard\u00ed agroforestal urb\u00e0 de <strong>ConnectHort<\/strong>. Un circuit d&#8217;instal\u00b7lacions que convidaran a la trobada vincular amb altres formes de vida: animals no humans, vegetals, fongs i bacteris a trav\u00e9s d&#8217;est\u00edmuls el\u00e8ctrics, lum\u00ednics i sonors. Inspirats en els lligams sist\u00e8mics de l&#8217;ecologia, la proposta reuneix diversos col\u00b7lectius per teixir nous relats de coexist\u00e8ncia i reflexionar sobre tecnologies que intervinguin entre humans i naturalesa.<\/p>\n<p>Dia: 4, 5, 6 de febrer<\/p>\n<p>Horari: Divendres, dissabte 18h a 24h, diumenge 19h a 24h<\/p>\n<p>Ubicaci\u00f3: <span style=\"font-weight: 400; color: #333333;\">Carrer del Dr. Trueta, 100<\/span><\/p>\n<p><span style=\"font-weight: 400; color: #333333;\">Organiza: <strong><a style=\"color: #333333;\" href=\"https:\/\/www.instagram.com\/connecthort\/?hl=fr\" target=\"_blank\" rel=\"noopener\">ConnectHort<\/a><\/strong><\/span><\/p>\n<p><span style=\"font-weight: 400; color: #333333;\">Patrocina: <strong>Lluria<\/strong>, <strong>Microfusa<\/strong>, <strong>Vermut<\/strong><\/span><\/p>","protected":false},"excerpt":{"rendered":"<p>Del 4 al 6 de febrer de 18:00 a 00:00 torna l&#8217;Off Llum Bcn, un circuit d&#8217;instal\u00b7lacions lum\u00edniques de petit&#8230; <a href=\"https:\/\/poblenouurbandistrict.com\/ca\/conoce-toda-la-programacion-del-off-llum-bcn-2022\/\">M\u00e9s  \u2192<\/a><\/p>\n","protected":false},"author":5,"featured_media":25695,"comment_status":"closed","ping_status":"closed","sticky":false,"template":"","format":"standard","meta":{"_acf_changed":false,"footnotes":""},"categories":[3548,3364,1],"tags":[],"class_list":["post-25628","post","type-post","status-publish","format-standard","has-post-thumbnail","hentry","category-off-llum-bcn","category-poblenou-urban-district","category-noticias"],"acf":[],"yoast_head":"<!-- This site is optimized with the Yoast SEO plugin v27.5 - https:\/\/yoast.com\/product\/yoast-seo-wordpress\/ -->\n<title>Coneix tota la programaci\u00f3 de l&#039;Off Llum Bcn 2022<\/title>\n<meta name=\"description\" content=\"Del 4 al 6 de febrero de 2022 vuelve Off Llum BCN, un circuito de instalaciones lum\u00ednicas ideado y producido por Poblenou Urban District.\" \/>\n<meta name=\"robots\" content=\"index, follow, max-snippet:-1, max-image-preview:large, max-video-preview:-1\" \/>\n<link rel=\"canonical\" href=\"https:\/\/poblenouurbandistrict.com\/ca\/conoce-toda-la-programacion-del-off-llum-bcn-2022\/\" \/>\n<meta property=\"og:locale\" content=\"ca_ES\" \/>\n<meta property=\"og:type\" content=\"article\" \/>\n<meta property=\"og:title\" content=\"Coneix tota la programaci\u00f3 de l&#039;Off Llum Bcn 2022\" \/>\n<meta property=\"og:description\" content=\"Del 4 al 6 de febrero de 2022 vuelve Off Llum BCN, un circuito de instalaciones lum\u00ednicas ideado y producido por Poblenou Urban District.\" \/>\n<meta property=\"og:url\" content=\"https:\/\/poblenouurbandistrict.com\/ca\/conoce-toda-la-programacion-del-off-llum-bcn-2022\/\" \/>\n<meta property=\"og:site_name\" content=\"Poblenou Urban District\" \/>\n<meta property=\"article:published_time\" content=\"2022-01-26T10:51:13+00:00\" \/>\n<meta property=\"article:modified_time\" content=\"2022-02-03T12:33:30+00:00\" \/>\n<meta property=\"og:image\" content=\"https:\/\/poblenouurbandistrict.com\/wp-content\/uploads\/2022\/01\/web-off-llum-bcn-1920x1080px.gif\" \/>\n\t<meta property=\"og:image:width\" content=\"690\" \/>\n\t<meta property=\"og:image:height\" content=\"388\" \/>\n\t<meta property=\"og:image:type\" content=\"image\/gif\" \/>\n<meta name=\"author\" content=\"pnud\" \/>\n<meta name=\"twitter:card\" content=\"summary_large_image\" \/>\n<meta name=\"twitter:label1\" content=\"Escrit per\" \/>\n\t<meta name=\"twitter:data1\" content=\"pnud\" \/>\n\t<meta name=\"twitter:label2\" content=\"Temps estimat de lectura\" \/>\n\t<meta name=\"twitter:data2\" content=\"6 minuts\" \/>\n<script type=\"application\/ld+json\" class=\"yoast-schema-graph\">{\"@context\":\"https:\\\/\\\/schema.org\",\"@graph\":[{\"@type\":\"Article\",\"@id\":\"https:\\\/\\\/poblenouurbandistrict.com\\\/conoce-toda-la-programacion-del-off-llum-bcn-2022\\\/#article\",\"isPartOf\":{\"@id\":\"https:\\\/\\\/poblenouurbandistrict.com\\\/conoce-toda-la-programacion-del-off-llum-bcn-2022\\\/\"},\"author\":{\"name\":\"pnud\",\"@id\":\"https:\\\/\\\/poblenouurbandistrict.com\\\/#\\\/schema\\\/person\\\/980a2cf34b399d5218205730acd54a7e\"},\"headline\":\"Coneix tota la programaci\u00f3 de l&#8217;Off Llum Bcn 2022\",\"datePublished\":\"2022-01-26T10:51:13+00:00\",\"dateModified\":\"2022-02-03T12:33:30+00:00\",\"mainEntityOfPage\":{\"@id\":\"https:\\\/\\\/poblenouurbandistrict.com\\\/conoce-toda-la-programacion-del-off-llum-bcn-2022\\\/\"},\"wordCount\":2504,\"image\":{\"@id\":\"https:\\\/\\\/poblenouurbandistrict.com\\\/conoce-toda-la-programacion-del-off-llum-bcn-2022\\\/#primaryimage\"},\"thumbnailUrl\":\"https:\\\/\\\/media.poblenouurbandistrict.com\\\/2022\\\/01\\\/25044343\\\/web-off-llum-bcn-1920x1080px.gif\",\"articleSection\":[\"Off Llum Bcn\",\"Poblenou Urban District\",\"Est\u00e0 passant\"],\"inLanguage\":\"ca\"},{\"@type\":\"WebPage\",\"@id\":\"https:\\\/\\\/poblenouurbandistrict.com\\\/ca\\\/conoce-toda-la-programacion-del-off-llum-bcn-2022\\\/\",\"url\":\"https:\\\/\\\/poblenouurbandistrict.com\\\/ca\\\/conoce-toda-la-programacion-del-off-llum-bcn-2022\\\/\",\"name\":\"Coneix tota la programaci\u00f3 de l'Off Llum Bcn 2022\",\"isPartOf\":{\"@id\":\"https:\\\/\\\/poblenouurbandistrict.com\\\/ca\\\/#website\"},\"primaryImageOfPage\":{\"@id\":\"https:\\\/\\\/poblenouurbandistrict.com\\\/ca\\\/conoce-toda-la-programacion-del-off-llum-bcn-2022\\\/#primaryimage\"},\"image\":{\"@id\":\"https:\\\/\\\/poblenouurbandistrict.com\\\/conoce-toda-la-programacion-del-off-llum-bcn-2022\\\/#primaryimage\"},\"thumbnailUrl\":\"https:\\\/\\\/media.poblenouurbandistrict.com\\\/2022\\\/01\\\/25044343\\\/web-off-llum-bcn-1920x1080px.gif\",\"datePublished\":\"2022-01-26T10:51:13+00:00\",\"dateModified\":\"2022-02-03T12:33:30+00:00\",\"author\":{\"@id\":\"https:\\\/\\\/poblenouurbandistrict.com\\\/#\\\/schema\\\/person\\\/980a2cf34b399d5218205730acd54a7e\"},\"description\":\"Del 4 al 6 de febrero de 2022 vuelve Off Llum BCN, un circuito de instalaciones lum\u00ednicas ideado y producido por Poblenou Urban District.\",\"breadcrumb\":{\"@id\":\"https:\\\/\\\/poblenouurbandistrict.com\\\/ca\\\/conoce-toda-la-programacion-del-off-llum-bcn-2022\\\/#breadcrumb\"},\"inLanguage\":\"ca\",\"potentialAction\":[{\"@type\":\"ReadAction\",\"target\":[[\"https:\\\/\\\/poblenouurbandistrict.com\\\/ca\\\/conoce-toda-la-programacion-del-off-llum-bcn-2022\\\/\"]]}]},{\"@type\":\"ImageObject\",\"inLanguage\":\"ca\",\"@id\":\"https:\\\/\\\/poblenouurbandistrict.com\\\/ca\\\/conoce-toda-la-programacion-del-off-llum-bcn-2022\\\/#primaryimage\",\"url\":\"https:\\\/\\\/media.poblenouurbandistrict.com\\\/2022\\\/01\\\/25044343\\\/web-off-llum-bcn-1920x1080px.gif\",\"contentUrl\":\"https:\\\/\\\/media.poblenouurbandistrict.com\\\/2022\\\/01\\\/25044343\\\/web-off-llum-bcn-1920x1080px.gif\",\"width\":690,\"height\":388},{\"@type\":\"BreadcrumbList\",\"@id\":\"https:\\\/\\\/poblenouurbandistrict.com\\\/ca\\\/conoce-toda-la-programacion-del-off-llum-bcn-2022\\\/#breadcrumb\",\"itemListElement\":[{\"@type\":\"ListItem\",\"position\":1,\"name\":\"Home\",\"item\":\"https:\\\/\\\/poblenouurbandistrict.com\\\/ca\\\/\"},{\"@type\":\"ListItem\",\"position\":2,\"name\":\"Coneix tota la programaci\u00f3 de l&#8217;Off Llum Bcn 2022\"}]},{\"@type\":\"WebSite\",\"@id\":\"https:\\\/\\\/poblenouurbandistrict.com\\\/ca\\\/#website\",\"url\":\"https:\\\/\\\/poblenouurbandistrict.com\\\/ca\\\/\",\"name\":\"Poblenou Urban District\",\"description\":\"Comunitat Creativa\",\"potentialAction\":[{\"@type\":\"SearchAction\",\"target\":{\"@type\":\"EntryPoint\",\"urlTemplate\":\"https:\\\/\\\/poblenouurbandistrict.com\\\/ca\\\/?s={search_term_string}\"},\"query-input\":{\"@type\":\"PropertyValueSpecification\",\"valueRequired\":true,\"valueName\":\"search_term_string\"}}],\"inLanguage\":\"ca\"},{\"@type\":\"Person\",\"@id\":\"https:\\\/\\\/poblenouurbandistrict.com\\\/#\\\/schema\\\/person\\\/980a2cf34b399d5218205730acd54a7e\",\"name\":\"pnud\",\"image\":{\"@type\":\"ImageObject\",\"inLanguage\":\"ca\",\"@id\":\"https:\\\/\\\/secure.gravatar.com\\\/avatar\\\/67146597b405ee077a24e519f75c3e2031736596d6ce35af3a34c122c93d0d7b?s=96&d=retro&r=g\",\"url\":\"https:\\\/\\\/secure.gravatar.com\\\/avatar\\\/67146597b405ee077a24e519f75c3e2031736596d6ce35af3a34c122c93d0d7b?s=96&d=retro&r=g\",\"contentUrl\":\"https:\\\/\\\/secure.gravatar.com\\\/avatar\\\/67146597b405ee077a24e519f75c3e2031736596d6ce35af3a34c122c93d0d7b?s=96&d=retro&r=g\",\"caption\":\"pnud\"}}]}<\/script>\n<!-- \/ Yoast SEO plugin. -->","yoast_head_json":{"title":"Coneix tota la programaci\u00f3 de l'Off Llum Bcn 2022","description":"Del 4 al 6 de febrero de 2022 vuelve Off Llum BCN, un circuito de instalaciones lum\u00ednicas ideado y producido por Poblenou Urban District.","robots":{"index":"index","follow":"follow","max-snippet":"max-snippet:-1","max-image-preview":"max-image-preview:large","max-video-preview":"max-video-preview:-1"},"canonical":"https:\/\/poblenouurbandistrict.com\/ca\/conoce-toda-la-programacion-del-off-llum-bcn-2022\/","og_locale":"ca_ES","og_type":"article","og_title":"Coneix tota la programaci\u00f3 de l'Off Llum Bcn 2022","og_description":"Del 4 al 6 de febrero de 2022 vuelve Off Llum BCN, un circuito de instalaciones lum\u00ednicas ideado y producido por Poblenou Urban District.","og_url":"https:\/\/poblenouurbandistrict.com\/ca\/conoce-toda-la-programacion-del-off-llum-bcn-2022\/","og_site_name":"Poblenou Urban District","article_published_time":"2022-01-26T10:51:13+00:00","article_modified_time":"2022-02-03T12:33:30+00:00","og_image":[{"width":690,"height":388,"url":"https:\/\/poblenouurbandistrict.com\/wp-content\/uploads\/2022\/01\/web-off-llum-bcn-1920x1080px.gif","type":"image\/gif"}],"author":"pnud","twitter_card":"summary_large_image","twitter_misc":{"Escrit per":"pnud","Temps estimat de lectura":"6 minuts"},"schema":{"@context":"https:\/\/schema.org","@graph":[{"@type":"Article","@id":"https:\/\/poblenouurbandistrict.com\/conoce-toda-la-programacion-del-off-llum-bcn-2022\/#article","isPartOf":{"@id":"https:\/\/poblenouurbandistrict.com\/conoce-toda-la-programacion-del-off-llum-bcn-2022\/"},"author":{"name":"pnud","@id":"https:\/\/poblenouurbandistrict.com\/#\/schema\/person\/980a2cf34b399d5218205730acd54a7e"},"headline":"Coneix tota la programaci\u00f3 de l&#8217;Off Llum Bcn 2022","datePublished":"2022-01-26T10:51:13+00:00","dateModified":"2022-02-03T12:33:30+00:00","mainEntityOfPage":{"@id":"https:\/\/poblenouurbandistrict.com\/conoce-toda-la-programacion-del-off-llum-bcn-2022\/"},"wordCount":2504,"image":{"@id":"https:\/\/poblenouurbandistrict.com\/conoce-toda-la-programacion-del-off-llum-bcn-2022\/#primaryimage"},"thumbnailUrl":"https:\/\/media.poblenouurbandistrict.com\/2022\/01\/25044343\/web-off-llum-bcn-1920x1080px.gif","articleSection":["Off Llum Bcn","Poblenou Urban District","Est\u00e0 passant"],"inLanguage":"ca"},{"@type":"WebPage","@id":"https:\/\/poblenouurbandistrict.com\/ca\/conoce-toda-la-programacion-del-off-llum-bcn-2022\/","url":"https:\/\/poblenouurbandistrict.com\/ca\/conoce-toda-la-programacion-del-off-llum-bcn-2022\/","name":"Coneix tota la programaci\u00f3 de l'Off Llum Bcn 2022","isPartOf":{"@id":"https:\/\/poblenouurbandistrict.com\/ca\/#website"},"primaryImageOfPage":{"@id":"https:\/\/poblenouurbandistrict.com\/ca\/conoce-toda-la-programacion-del-off-llum-bcn-2022\/#primaryimage"},"image":{"@id":"https:\/\/poblenouurbandistrict.com\/conoce-toda-la-programacion-del-off-llum-bcn-2022\/#primaryimage"},"thumbnailUrl":"https:\/\/media.poblenouurbandistrict.com\/2022\/01\/25044343\/web-off-llum-bcn-1920x1080px.gif","datePublished":"2022-01-26T10:51:13+00:00","dateModified":"2022-02-03T12:33:30+00:00","author":{"@id":"https:\/\/poblenouurbandistrict.com\/#\/schema\/person\/980a2cf34b399d5218205730acd54a7e"},"description":"Del 4 al 6 de febrero de 2022 vuelve Off Llum BCN, un circuito de instalaciones lum\u00ednicas ideado y producido por Poblenou Urban District.","breadcrumb":{"@id":"https:\/\/poblenouurbandistrict.com\/ca\/conoce-toda-la-programacion-del-off-llum-bcn-2022\/#breadcrumb"},"inLanguage":"ca","potentialAction":[{"@type":"ReadAction","target":[["https:\/\/poblenouurbandistrict.com\/ca\/conoce-toda-la-programacion-del-off-llum-bcn-2022\/"]]}]},{"@type":"ImageObject","inLanguage":"ca","@id":"https:\/\/poblenouurbandistrict.com\/ca\/conoce-toda-la-programacion-del-off-llum-bcn-2022\/#primaryimage","url":"https:\/\/media.poblenouurbandistrict.com\/2022\/01\/25044343\/web-off-llum-bcn-1920x1080px.gif","contentUrl":"https:\/\/media.poblenouurbandistrict.com\/2022\/01\/25044343\/web-off-llum-bcn-1920x1080px.gif","width":690,"height":388},{"@type":"BreadcrumbList","@id":"https:\/\/poblenouurbandistrict.com\/ca\/conoce-toda-la-programacion-del-off-llum-bcn-2022\/#breadcrumb","itemListElement":[{"@type":"ListItem","position":1,"name":"Home","item":"https:\/\/poblenouurbandistrict.com\/ca\/"},{"@type":"ListItem","position":2,"name":"Coneix tota la programaci\u00f3 de l&#8217;Off Llum Bcn 2022"}]},{"@type":"WebSite","@id":"https:\/\/poblenouurbandistrict.com\/ca\/#website","url":"https:\/\/poblenouurbandistrict.com\/ca\/","name":"Poblenou Urban District","description":"Comunitat Creativa","potentialAction":[{"@type":"SearchAction","target":{"@type":"EntryPoint","urlTemplate":"https:\/\/poblenouurbandistrict.com\/ca\/?s={search_term_string}"},"query-input":{"@type":"PropertyValueSpecification","valueRequired":true,"valueName":"search_term_string"}}],"inLanguage":"ca"},{"@type":"Person","@id":"https:\/\/poblenouurbandistrict.com\/#\/schema\/person\/980a2cf34b399d5218205730acd54a7e","name":"pnud","image":{"@type":"ImageObject","inLanguage":"ca","@id":"https:\/\/secure.gravatar.com\/avatar\/67146597b405ee077a24e519f75c3e2031736596d6ce35af3a34c122c93d0d7b?s=96&d=retro&r=g","url":"https:\/\/secure.gravatar.com\/avatar\/67146597b405ee077a24e519f75c3e2031736596d6ce35af3a34c122c93d0d7b?s=96&d=retro&r=g","contentUrl":"https:\/\/secure.gravatar.com\/avatar\/67146597b405ee077a24e519f75c3e2031736596d6ce35af3a34c122c93d0d7b?s=96&d=retro&r=g","caption":"pnud"}}]}},"_links":{"self":[{"href":"https:\/\/poblenouurbandistrict.com\/ca\/wp-json\/wp\/v2\/posts\/25628","targetHints":{"allow":["GET"]}}],"collection":[{"href":"https:\/\/poblenouurbandistrict.com\/ca\/wp-json\/wp\/v2\/posts"}],"about":[{"href":"https:\/\/poblenouurbandistrict.com\/ca\/wp-json\/wp\/v2\/types\/post"}],"author":[{"embeddable":true,"href":"https:\/\/poblenouurbandistrict.com\/ca\/wp-json\/wp\/v2\/users\/5"}],"replies":[{"embeddable":true,"href":"https:\/\/poblenouurbandistrict.com\/ca\/wp-json\/wp\/v2\/comments?post=25628"}],"version-history":[{"count":14,"href":"https:\/\/poblenouurbandistrict.com\/ca\/wp-json\/wp\/v2\/posts\/25628\/revisions"}],"predecessor-version":[{"id":25920,"href":"https:\/\/poblenouurbandistrict.com\/ca\/wp-json\/wp\/v2\/posts\/25628\/revisions\/25920"}],"wp:featuredmedia":[{"embeddable":true,"href":"https:\/\/poblenouurbandistrict.com\/ca\/wp-json\/wp\/v2\/media\/25695"}],"wp:attachment":[{"href":"https:\/\/poblenouurbandistrict.com\/ca\/wp-json\/wp\/v2\/media?parent=25628"}],"wp:term":[{"taxonomy":"category","embeddable":true,"href":"https:\/\/poblenouurbandistrict.com\/ca\/wp-json\/wp\/v2\/categories?post=25628"},{"taxonomy":"post_tag","embeddable":true,"href":"https:\/\/poblenouurbandistrict.com\/ca\/wp-json\/wp\/v2\/tags?post=25628"}],"curies":[{"name":"wp","href":"https:\/\/api.w.org\/{rel}","templated":true}]}}