{"id":25744,"date":"2022-01-28T12:34:49","date_gmt":"2022-01-28T11:34:49","guid":{"rendered":"https:\/\/poblenouurbandistrict.com\/?p=25744"},"modified":"2022-01-28T12:59:19","modified_gmt":"2022-01-28T11:59:19","slug":"nuestro-mar-vibra-de-lartista-i-dissenyador-maurici-gines-emmarcada-a-loff-llum-bcn","status":"publish","type":"post","link":"https:\/\/poblenouurbandistrict.com\/ca\/nuestro-mar-vibra-de-lartista-i-dissenyador-maurici-gines-emmarcada-a-loff-llum-bcn\/","title":{"rendered":"&#8221;Nuestro\u00a0Mar Vibra&#8221; de l&#8217;artista i dissenyador Maurici Gin\u00e9s, emmarcada a\u00a0l&#8217;Off\u00a0Llum\u00a0Bcn."},"content":{"rendered":"<p>La\u00a0galeria\u00a0<strong><span style=\"color: #000000;\"><a style=\"color: #000000;\" href=\"https:\/\/chezxefo.com\/\" target=\"_blank\" rel=\"noopener\"><span class=\"hiddenSpellError\">Chez<\/span>\u00a0<span class=\"hiddenSpellError\">Xefo<\/span><\/a><\/span><\/strong>\u00a0acollir\u00e0 els pr\u00f2xims 4, 5 i 6 de febrer la instal\u00b7laci\u00f3 lum\u00ednica &#8220;<strong><span class=\"hiddenSpellError\">Nuestro<\/span>\u00a0Mar Vibra<\/strong>&#8221; de l&#8217;artista i dissenyador <strong><a href=\"https:\/\/artecstudio.net\/about\" target=\"_blank\" rel=\"noopener\">Maurici Gin\u00e9s<\/a>,<\/strong> emmarcada dins la programaci\u00f3 de\u00a0<span class=\"hiddenGrammarError\">l&#8217;<\/span><span style=\"color: #000000;\"><strong><a style=\"color: #000000;\" href=\"https:\/\/poblenouurbandistrict.com\/off-llum-bcn-2022\/\" target=\"_blank\" rel=\"noopener\"><span class=\"hiddenSpellError\">Off<\/span>\u00a0Llum\u00a0<span class=\"hiddenSpellError\">Bcn<\/span><\/a><\/strong><\/span>.<\/p>\n<p>&#8220;<strong><span class=\"hiddenSpellError\">Nuestro<\/span>\u00a0Mar Vibra<\/strong>&#8221;\u00a0s\u00f3n\u00a0records de llum de Barcelona. S&#8217;inspira en l&#8217;estela de\u00a0reflexos\u00a0que el sol produeix a l&#8217;aigua quan apareix al mar Mediterrani de manera que l&#8217;obra evoca una mirada fragmentada de la sortida del sol, els seus\u00a0reflexos\u00a0en un mar propi. El moviment de l&#8217;espectador i el moviment de la llum a la pe\u00e7a crea subtils efectes de perspectiva generant una relaci\u00f3 personal amb l&#8217;obra.<\/p>\n<p>&#8220;<strong><span class=\"hiddenSpellError\">Nuestro<\/span>\u00a0Mar Vibra<\/strong>&#8221; est\u00e0 composta per diversos elements i matisos. En primer lloc, els filtres de tons c\u00e0lids a l&#8217;interior de la pe\u00e7a recreen els colors de la sortida del sol, mentre que l&#8217;\u00fas de llum din\u00e0mica permet generar\u00a0v\u00e0ries\u00a0escenes associades a l&#8217;aigua i el mar. El contingut principal simula el moviment d&#8217;un fluid, transmetent sensacions de pau i tranquil\u00b7litat. Aquesta i altres escenes, com les ones del mar i\u00a0reflexos, s&#8217;activen alternativament enlla\u00e7ant-se entre elles.<\/p>\n<p>L&#8217;escultura lum\u00ednica est\u00e0 constru\u00efda a partir de l\u00e0mines de metacrilat de diversos gruixos i mesura 70 cm d&#8217;amplada i 3 metres d&#8217;alt. Per tal de difuminar la llum i obtenir una textura, el metacrilat es va sorrar manualment per les seves dues cares. La instal\u00b7laci\u00f3 incorpora un sistema d&#8217;\u00e0udio que reprodueix un rumor lluny\u00e0 del mar, pensat perqu\u00e8 l&#8217;usuari pugui tenir una experi\u00e8ncia completa a trav\u00e9s de la llum, el so i\u00a0la tecnologia.<\/p>\n<p>L&#8217;objectiu doncs ha estat traslladar aquesta llum a l&#8217;espai\u00a0<strong><span class=\"hiddenSpellError\">Chez<\/span>\u00a0<span class=\"hiddenSpellError\">Xefo<\/span><\/strong>, on les persones que el visitin puguin tenir una relaci\u00f3 especial amb la ciutat.<\/p>","protected":false},"excerpt":{"rendered":"<p>La\u00a0galeria\u00a0Chez\u00a0Xefo\u00a0acollir\u00e0 els pr\u00f2xims 4, 5 i 6 de febrer la instal\u00b7laci\u00f3 lum\u00ednica &#8220;Nuestro\u00a0Mar Vibra&#8221; de l&#8217;artista i dissenyador Maurici Gin\u00e9s,&#8230; <a href=\"https:\/\/poblenouurbandistrict.com\/ca\/nuestro-mar-vibra-de-lartista-i-dissenyador-maurici-gines-emmarcada-a-loff-llum-bcn\/\">M\u00e9s  \u2192<\/a><\/p>\n","protected":false},"author":5,"featured_media":25745,"comment_status":"closed","ping_status":"closed","sticky":false,"template":"","format":"standard","meta":{"_acf_changed":false,"footnotes":""},"categories":[3548,3364],"tags":[],"class_list":["post-25744","post","type-post","status-publish","format-standard","has-post-thumbnail","hentry","category-off-llum-bcn","category-poblenou-urban-district"],"acf":[],"yoast_head":"<!-- This site is optimized with the Yoast SEO plugin v27.5 - https:\/\/yoast.com\/product\/yoast-seo-wordpress\/ -->\n<title>Off Llum Bcn Poblenou Urban District Off Llum Bcn &#8211; Off Llum Bcn<\/title>\n<meta name=\"description\" content=\"La\u00a0galeria\u00a0Chez\u00a0Xefo\u00a0acollir\u00e0 els pr\u00f2xims 4, 5 i 6 de febrer la instal\u00b7laci\u00f3 lum\u00ednica &quot;Nuestro\u00a0Mar Vibra&quot; emmarcada a\u00a0l&#039;Off\u00a0Llum\u00a0Bcn.\" \/>\n<meta name=\"robots\" content=\"index, follow, max-snippet:-1, max-image-preview:large, max-video-preview:-1\" \/>\n<link rel=\"canonical\" href=\"https:\/\/poblenouurbandistrict.com\/ca\/nuestro-mar-vibra-de-lartista-i-dissenyador-maurici-gines-emmarcada-a-loff-llum-bcn\/\" \/>\n<meta property=\"og:locale\" content=\"ca_ES\" \/>\n<meta property=\"og:type\" content=\"article\" \/>\n<meta property=\"og:title\" content=\"Off Llum Bcn Poblenou Urban District Off Llum Bcn &#8211; Off Llum Bcn\" \/>\n<meta property=\"og:description\" content=\"La\u00a0galeria\u00a0Chez\u00a0Xefo\u00a0acollir\u00e0 els pr\u00f2xims 4, 5 i 6 de febrer la instal\u00b7laci\u00f3 lum\u00ednica &quot;Nuestro\u00a0Mar Vibra&quot; emmarcada a\u00a0l&#039;Off\u00a0Llum\u00a0Bcn.\" \/>\n<meta property=\"og:url\" content=\"https:\/\/poblenouurbandistrict.com\/ca\/nuestro-mar-vibra-de-lartista-i-dissenyador-maurici-gines-emmarcada-a-loff-llum-bcn\/\" \/>\n<meta property=\"og:site_name\" content=\"Poblenou Urban District\" \/>\n<meta property=\"article:published_time\" content=\"2022-01-28T11:34:49+00:00\" \/>\n<meta property=\"article:modified_time\" content=\"2022-01-28T11:59:19+00:00\" \/>\n<meta property=\"og:image\" content=\"https:\/\/poblenouurbandistrict.com\/wp-content\/uploads\/2022\/01\/220118-nuestromarvibra-offllum-300dpi-1-scaled.jpg\" \/>\n\t<meta property=\"og:image:width\" content=\"2560\" \/>\n\t<meta property=\"og:image:height\" content=\"1767\" \/>\n\t<meta property=\"og:image:type\" content=\"image\/jpeg\" \/>\n<meta name=\"author\" content=\"pnud\" \/>\n<meta name=\"twitter:card\" content=\"summary_large_image\" \/>\n<meta name=\"twitter:label1\" content=\"Escrit per\" \/>\n\t<meta name=\"twitter:data1\" content=\"pnud\" \/>\n\t<meta name=\"twitter:label2\" content=\"Temps estimat de lectura\" \/>\n\t<meta name=\"twitter:data2\" content=\"2 minuts\" \/>\n<script type=\"application\/ld+json\" class=\"yoast-schema-graph\">{\"@context\":\"https:\\\/\\\/schema.org\",\"@graph\":[{\"@type\":\"Article\",\"@id\":\"https:\\\/\\\/poblenouurbandistrict.com\\\/nuestro-mar-vibra-de-lartista-i-dissenyador-maurici-gines-emmarcada-a-loff-llum-bcn\\\/#article\",\"isPartOf\":{\"@id\":\"https:\\\/\\\/poblenouurbandistrict.com\\\/nuestro-mar-vibra-de-lartista-i-dissenyador-maurici-gines-emmarcada-a-loff-llum-bcn\\\/\"},\"author\":{\"name\":\"pnud\",\"@id\":\"https:\\\/\\\/poblenouurbandistrict.com\\\/#\\\/schema\\\/person\\\/980a2cf34b399d5218205730acd54a7e\"},\"headline\":\"&#8221;Nuestro\u00a0Mar Vibra&#8221; de l&#8217;artista i dissenyador Maurici Gin\u00e9s, emmarcada a\u00a0l&#8217;Off\u00a0Llum\u00a0Bcn.\",\"datePublished\":\"2022-01-28T11:34:49+00:00\",\"dateModified\":\"2022-01-28T11:59:19+00:00\",\"mainEntityOfPage\":{\"@id\":\"https:\\\/\\\/poblenouurbandistrict.com\\\/nuestro-mar-vibra-de-lartista-i-dissenyador-maurici-gines-emmarcada-a-loff-llum-bcn\\\/\"},\"wordCount\":662,\"image\":{\"@id\":\"https:\\\/\\\/poblenouurbandistrict.com\\\/nuestro-mar-vibra-de-lartista-i-dissenyador-maurici-gines-emmarcada-a-loff-llum-bcn\\\/#primaryimage\"},\"thumbnailUrl\":\"https:\\\/\\\/media.poblenouurbandistrict.com\\\/2022\\\/01\\\/25044354\\\/220118-nuestromarvibra-offllum-300dpi-1-scaled.jpg\",\"articleSection\":[\"Off Llum Bcn\",\"Poblenou Urban District\"],\"inLanguage\":\"ca\"},{\"@type\":\"WebPage\",\"@id\":\"https:\\\/\\\/poblenouurbandistrict.com\\\/ca\\\/nuestro-mar-vibra-de-lartista-i-dissenyador-maurici-gines-emmarcada-a-loff-llum-bcn\\\/\",\"url\":\"https:\\\/\\\/poblenouurbandistrict.com\\\/ca\\\/nuestro-mar-vibra-de-lartista-i-dissenyador-maurici-gines-emmarcada-a-loff-llum-bcn\\\/\",\"name\":\"Off Llum Bcn Poblenou Urban District Off Llum Bcn &#8211; Off Llum Bcn\",\"isPartOf\":{\"@id\":\"https:\\\/\\\/poblenouurbandistrict.com\\\/ca\\\/#website\"},\"primaryImageOfPage\":{\"@id\":\"https:\\\/\\\/poblenouurbandistrict.com\\\/ca\\\/nuestro-mar-vibra-de-lartista-i-dissenyador-maurici-gines-emmarcada-a-loff-llum-bcn\\\/#primaryimage\"},\"image\":{\"@id\":\"https:\\\/\\\/poblenouurbandistrict.com\\\/nuestro-mar-vibra-de-lartista-i-dissenyador-maurici-gines-emmarcada-a-loff-llum-bcn\\\/#primaryimage\"},\"thumbnailUrl\":\"https:\\\/\\\/media.poblenouurbandistrict.com\\\/2022\\\/01\\\/25044354\\\/220118-nuestromarvibra-offllum-300dpi-1-scaled.jpg\",\"datePublished\":\"2022-01-28T11:34:49+00:00\",\"dateModified\":\"2022-01-28T11:59:19+00:00\",\"author\":{\"@id\":\"https:\\\/\\\/poblenouurbandistrict.com\\\/#\\\/schema\\\/person\\\/980a2cf34b399d5218205730acd54a7e\"},\"description\":\"La\u00a0galeria\u00a0Chez\u00a0Xefo\u00a0acollir\u00e0 els pr\u00f2xims 4, 5 i 6 de febrer la instal\u00b7laci\u00f3 lum\u00ednica \\\"Nuestro\u00a0Mar Vibra\\\" emmarcada a\u00a0l'Off\u00a0Llum\u00a0Bcn.\",\"breadcrumb\":{\"@id\":\"https:\\\/\\\/poblenouurbandistrict.com\\\/ca\\\/nuestro-mar-vibra-de-lartista-i-dissenyador-maurici-gines-emmarcada-a-loff-llum-bcn\\\/#breadcrumb\"},\"inLanguage\":\"ca\",\"potentialAction\":[{\"@type\":\"ReadAction\",\"target\":[[\"https:\\\/\\\/poblenouurbandistrict.com\\\/ca\\\/nuestro-mar-vibra-de-lartista-i-dissenyador-maurici-gines-emmarcada-a-loff-llum-bcn\\\/\"]]}]},{\"@type\":\"ImageObject\",\"inLanguage\":\"ca\",\"@id\":\"https:\\\/\\\/poblenouurbandistrict.com\\\/ca\\\/nuestro-mar-vibra-de-lartista-i-dissenyador-maurici-gines-emmarcada-a-loff-llum-bcn\\\/#primaryimage\",\"url\":\"https:\\\/\\\/media.poblenouurbandistrict.com\\\/2022\\\/01\\\/25044354\\\/220118-nuestromarvibra-offllum-300dpi-1-scaled.jpg\",\"contentUrl\":\"https:\\\/\\\/media.poblenouurbandistrict.com\\\/2022\\\/01\\\/25044354\\\/220118-nuestromarvibra-offllum-300dpi-1-scaled.jpg\",\"width\":2560,\"height\":1767},{\"@type\":\"BreadcrumbList\",\"@id\":\"https:\\\/\\\/poblenouurbandistrict.com\\\/ca\\\/nuestro-mar-vibra-de-lartista-i-dissenyador-maurici-gines-emmarcada-a-loff-llum-bcn\\\/#breadcrumb\",\"itemListElement\":[{\"@type\":\"ListItem\",\"position\":1,\"name\":\"Home\",\"item\":\"https:\\\/\\\/poblenouurbandistrict.com\\\/ca\\\/\"},{\"@type\":\"ListItem\",\"position\":2,\"name\":\"&#8220;Nuestro\u00a0Mar Vibra&#8221; de l&#8217;artista i dissenyador Maurici Gin\u00e9s, emmarcada a\u00a0l&#8217;Off\u00a0Llum\u00a0Bcn.\"}]},{\"@type\":\"WebSite\",\"@id\":\"https:\\\/\\\/poblenouurbandistrict.com\\\/ca\\\/#website\",\"url\":\"https:\\\/\\\/poblenouurbandistrict.com\\\/ca\\\/\",\"name\":\"Poblenou Urban District\",\"description\":\"Comunitat Creativa\",\"potentialAction\":[{\"@type\":\"SearchAction\",\"target\":{\"@type\":\"EntryPoint\",\"urlTemplate\":\"https:\\\/\\\/poblenouurbandistrict.com\\\/ca\\\/?s={search_term_string}\"},\"query-input\":{\"@type\":\"PropertyValueSpecification\",\"valueRequired\":true,\"valueName\":\"search_term_string\"}}],\"inLanguage\":\"ca\"},{\"@type\":\"Person\",\"@id\":\"https:\\\/\\\/poblenouurbandistrict.com\\\/#\\\/schema\\\/person\\\/980a2cf34b399d5218205730acd54a7e\",\"name\":\"pnud\",\"image\":{\"@type\":\"ImageObject\",\"inLanguage\":\"ca\",\"@id\":\"https:\\\/\\\/secure.gravatar.com\\\/avatar\\\/67146597b405ee077a24e519f75c3e2031736596d6ce35af3a34c122c93d0d7b?s=96&d=retro&r=g\",\"url\":\"https:\\\/\\\/secure.gravatar.com\\\/avatar\\\/67146597b405ee077a24e519f75c3e2031736596d6ce35af3a34c122c93d0d7b?s=96&d=retro&r=g\",\"contentUrl\":\"https:\\\/\\\/secure.gravatar.com\\\/avatar\\\/67146597b405ee077a24e519f75c3e2031736596d6ce35af3a34c122c93d0d7b?s=96&d=retro&r=g\",\"caption\":\"pnud\"}}]}<\/script>\n<!-- \/ Yoast SEO plugin. -->","yoast_head_json":{"title":"Off Llum Bcn Poblenou Urban District Off Llum Bcn &#8211; Off Llum Bcn","description":"La\u00a0galeria\u00a0Chez\u00a0Xefo\u00a0acollir\u00e0 els pr\u00f2xims 4, 5 i 6 de febrer la instal\u00b7laci\u00f3 lum\u00ednica \"Nuestro\u00a0Mar Vibra\" emmarcada a\u00a0l'Off\u00a0Llum\u00a0Bcn.","robots":{"index":"index","follow":"follow","max-snippet":"max-snippet:-1","max-image-preview":"max-image-preview:large","max-video-preview":"max-video-preview:-1"},"canonical":"https:\/\/poblenouurbandistrict.com\/ca\/nuestro-mar-vibra-de-lartista-i-dissenyador-maurici-gines-emmarcada-a-loff-llum-bcn\/","og_locale":"ca_ES","og_type":"article","og_title":"Off Llum Bcn Poblenou Urban District Off Llum Bcn &#8211; Off Llum Bcn","og_description":"La\u00a0galeria\u00a0Chez\u00a0Xefo\u00a0acollir\u00e0 els pr\u00f2xims 4, 5 i 6 de febrer la instal\u00b7laci\u00f3 lum\u00ednica \"Nuestro\u00a0Mar Vibra\" emmarcada a\u00a0l'Off\u00a0Llum\u00a0Bcn.","og_url":"https:\/\/poblenouurbandistrict.com\/ca\/nuestro-mar-vibra-de-lartista-i-dissenyador-maurici-gines-emmarcada-a-loff-llum-bcn\/","og_site_name":"Poblenou Urban District","article_published_time":"2022-01-28T11:34:49+00:00","article_modified_time":"2022-01-28T11:59:19+00:00","og_image":[{"width":2560,"height":1767,"url":"https:\/\/poblenouurbandistrict.com\/wp-content\/uploads\/2022\/01\/220118-nuestromarvibra-offllum-300dpi-1-scaled.jpg","type":"image\/jpeg"}],"author":"pnud","twitter_card":"summary_large_image","twitter_misc":{"Escrit per":"pnud","Temps estimat de lectura":"2 minuts"},"schema":{"@context":"https:\/\/schema.org","@graph":[{"@type":"Article","@id":"https:\/\/poblenouurbandistrict.com\/nuestro-mar-vibra-de-lartista-i-dissenyador-maurici-gines-emmarcada-a-loff-llum-bcn\/#article","isPartOf":{"@id":"https:\/\/poblenouurbandistrict.com\/nuestro-mar-vibra-de-lartista-i-dissenyador-maurici-gines-emmarcada-a-loff-llum-bcn\/"},"author":{"name":"pnud","@id":"https:\/\/poblenouurbandistrict.com\/#\/schema\/person\/980a2cf34b399d5218205730acd54a7e"},"headline":"&#8221;Nuestro\u00a0Mar Vibra&#8221; de l&#8217;artista i dissenyador Maurici Gin\u00e9s, emmarcada a\u00a0l&#8217;Off\u00a0Llum\u00a0Bcn.","datePublished":"2022-01-28T11:34:49+00:00","dateModified":"2022-01-28T11:59:19+00:00","mainEntityOfPage":{"@id":"https:\/\/poblenouurbandistrict.com\/nuestro-mar-vibra-de-lartista-i-dissenyador-maurici-gines-emmarcada-a-loff-llum-bcn\/"},"wordCount":662,"image":{"@id":"https:\/\/poblenouurbandistrict.com\/nuestro-mar-vibra-de-lartista-i-dissenyador-maurici-gines-emmarcada-a-loff-llum-bcn\/#primaryimage"},"thumbnailUrl":"https:\/\/media.poblenouurbandistrict.com\/2022\/01\/25044354\/220118-nuestromarvibra-offllum-300dpi-1-scaled.jpg","articleSection":["Off Llum Bcn","Poblenou Urban District"],"inLanguage":"ca"},{"@type":"WebPage","@id":"https:\/\/poblenouurbandistrict.com\/ca\/nuestro-mar-vibra-de-lartista-i-dissenyador-maurici-gines-emmarcada-a-loff-llum-bcn\/","url":"https:\/\/poblenouurbandistrict.com\/ca\/nuestro-mar-vibra-de-lartista-i-dissenyador-maurici-gines-emmarcada-a-loff-llum-bcn\/","name":"Off Llum Bcn Poblenou Urban District Off Llum Bcn &#8211; Off Llum Bcn","isPartOf":{"@id":"https:\/\/poblenouurbandistrict.com\/ca\/#website"},"primaryImageOfPage":{"@id":"https:\/\/poblenouurbandistrict.com\/ca\/nuestro-mar-vibra-de-lartista-i-dissenyador-maurici-gines-emmarcada-a-loff-llum-bcn\/#primaryimage"},"image":{"@id":"https:\/\/poblenouurbandistrict.com\/nuestro-mar-vibra-de-lartista-i-dissenyador-maurici-gines-emmarcada-a-loff-llum-bcn\/#primaryimage"},"thumbnailUrl":"https:\/\/media.poblenouurbandistrict.com\/2022\/01\/25044354\/220118-nuestromarvibra-offllum-300dpi-1-scaled.jpg","datePublished":"2022-01-28T11:34:49+00:00","dateModified":"2022-01-28T11:59:19+00:00","author":{"@id":"https:\/\/poblenouurbandistrict.com\/#\/schema\/person\/980a2cf34b399d5218205730acd54a7e"},"description":"La\u00a0galeria\u00a0Chez\u00a0Xefo\u00a0acollir\u00e0 els pr\u00f2xims 4, 5 i 6 de febrer la instal\u00b7laci\u00f3 lum\u00ednica \"Nuestro\u00a0Mar Vibra\" emmarcada a\u00a0l'Off\u00a0Llum\u00a0Bcn.","breadcrumb":{"@id":"https:\/\/poblenouurbandistrict.com\/ca\/nuestro-mar-vibra-de-lartista-i-dissenyador-maurici-gines-emmarcada-a-loff-llum-bcn\/#breadcrumb"},"inLanguage":"ca","potentialAction":[{"@type":"ReadAction","target":[["https:\/\/poblenouurbandistrict.com\/ca\/nuestro-mar-vibra-de-lartista-i-dissenyador-maurici-gines-emmarcada-a-loff-llum-bcn\/"]]}]},{"@type":"ImageObject","inLanguage":"ca","@id":"https:\/\/poblenouurbandistrict.com\/ca\/nuestro-mar-vibra-de-lartista-i-dissenyador-maurici-gines-emmarcada-a-loff-llum-bcn\/#primaryimage","url":"https:\/\/media.poblenouurbandistrict.com\/2022\/01\/25044354\/220118-nuestromarvibra-offllum-300dpi-1-scaled.jpg","contentUrl":"https:\/\/media.poblenouurbandistrict.com\/2022\/01\/25044354\/220118-nuestromarvibra-offllum-300dpi-1-scaled.jpg","width":2560,"height":1767},{"@type":"BreadcrumbList","@id":"https:\/\/poblenouurbandistrict.com\/ca\/nuestro-mar-vibra-de-lartista-i-dissenyador-maurici-gines-emmarcada-a-loff-llum-bcn\/#breadcrumb","itemListElement":[{"@type":"ListItem","position":1,"name":"Home","item":"https:\/\/poblenouurbandistrict.com\/ca\/"},{"@type":"ListItem","position":2,"name":"&#8220;Nuestro\u00a0Mar Vibra&#8221; de l&#8217;artista i dissenyador Maurici Gin\u00e9s, emmarcada a\u00a0l&#8217;Off\u00a0Llum\u00a0Bcn."}]},{"@type":"WebSite","@id":"https:\/\/poblenouurbandistrict.com\/ca\/#website","url":"https:\/\/poblenouurbandistrict.com\/ca\/","name":"Poblenou Urban District","description":"Comunitat Creativa","potentialAction":[{"@type":"SearchAction","target":{"@type":"EntryPoint","urlTemplate":"https:\/\/poblenouurbandistrict.com\/ca\/?s={search_term_string}"},"query-input":{"@type":"PropertyValueSpecification","valueRequired":true,"valueName":"search_term_string"}}],"inLanguage":"ca"},{"@type":"Person","@id":"https:\/\/poblenouurbandistrict.com\/#\/schema\/person\/980a2cf34b399d5218205730acd54a7e","name":"pnud","image":{"@type":"ImageObject","inLanguage":"ca","@id":"https:\/\/secure.gravatar.com\/avatar\/67146597b405ee077a24e519f75c3e2031736596d6ce35af3a34c122c93d0d7b?s=96&d=retro&r=g","url":"https:\/\/secure.gravatar.com\/avatar\/67146597b405ee077a24e519f75c3e2031736596d6ce35af3a34c122c93d0d7b?s=96&d=retro&r=g","contentUrl":"https:\/\/secure.gravatar.com\/avatar\/67146597b405ee077a24e519f75c3e2031736596d6ce35af3a34c122c93d0d7b?s=96&d=retro&r=g","caption":"pnud"}}]}},"_links":{"self":[{"href":"https:\/\/poblenouurbandistrict.com\/ca\/wp-json\/wp\/v2\/posts\/25744","targetHints":{"allow":["GET"]}}],"collection":[{"href":"https:\/\/poblenouurbandistrict.com\/ca\/wp-json\/wp\/v2\/posts"}],"about":[{"href":"https:\/\/poblenouurbandistrict.com\/ca\/wp-json\/wp\/v2\/types\/post"}],"author":[{"embeddable":true,"href":"https:\/\/poblenouurbandistrict.com\/ca\/wp-json\/wp\/v2\/users\/5"}],"replies":[{"embeddable":true,"href":"https:\/\/poblenouurbandistrict.com\/ca\/wp-json\/wp\/v2\/comments?post=25744"}],"version-history":[{"count":2,"href":"https:\/\/poblenouurbandistrict.com\/ca\/wp-json\/wp\/v2\/posts\/25744\/revisions"}],"predecessor-version":[{"id":25749,"href":"https:\/\/poblenouurbandistrict.com\/ca\/wp-json\/wp\/v2\/posts\/25744\/revisions\/25749"}],"wp:featuredmedia":[{"embeddable":true,"href":"https:\/\/poblenouurbandistrict.com\/ca\/wp-json\/wp\/v2\/media\/25745"}],"wp:attachment":[{"href":"https:\/\/poblenouurbandistrict.com\/ca\/wp-json\/wp\/v2\/media?parent=25744"}],"wp:term":[{"taxonomy":"category","embeddable":true,"href":"https:\/\/poblenouurbandistrict.com\/ca\/wp-json\/wp\/v2\/categories?post=25744"},{"taxonomy":"post_tag","embeddable":true,"href":"https:\/\/poblenouurbandistrict.com\/ca\/wp-json\/wp\/v2\/tags?post=25744"}],"curies":[{"name":"wp","href":"https:\/\/api.w.org\/{rel}","templated":true}]}}