{"id":25752,"date":"2022-02-02T13:03:20","date_gmt":"2022-02-02T12:03:20","guid":{"rendered":"https:\/\/poblenouurbandistrict.com\/?p=25752"},"modified":"2022-02-03T13:20:38","modified_gmt":"2022-02-03T12:20:38","slug":"descubre-la-programacion-escenica-del-distrito-creativo-de-barcelona","status":"publish","type":"post","link":"https:\/\/poblenouurbandistrict.com\/ca\/descubre-la-programacion-escenica-del-distrito-creativo-de-barcelona\/","title":{"rendered":"Descobreix la programaci\u00f3 esc\u00e8nica del Districte Creatiu de Barcelona"},"content":{"rendered":"<p>Anar al teatre \u00e9s sin\u00f2nim de cultivar-se, d&#8217;entendre la societat des d&#8217;una altra perspectiva m\u00e9s cr\u00edtica, d&#8217;impregnar-se de sensacions i emocions. Ens permet empatitzar amb hist\u00f2ries llunyanes i properes, de realitats ficcionades i de grans cl\u00e0ssics que mai no deixaran de sorprendre\u2019ns; possibilita descobrir o redescobrir actors i actrius que ens transmeten amb cada gest, amb cada paraula. Tot aix\u00f2 es magnifica amb la gran varietat d&#8217;obres, teatres i estils que s&#8217;exhibeixen en el panorama barcelon\u00ed.<\/p>\n<p>&nbsp;<\/p>\n<p>En el Districte Creatiu comptem amb diferents teatres que ens ofereixen l&#8217;oportunitat de presenciar obres amb formats i provid\u00e8ncies diferents: Des del <span style=\"color: #000000;\"><a style=\"color: #000000;\" href=\"https:\/\/www.tnc.cat\/ca\/espectacles-2021-2022\"><b>Teatre Nacional de Catalunya<\/b><\/a><\/span>; amb un programa anual ple de grans t\u00edtols i varietats, a la <span style=\"color: #000000;\"><a style=\"color: #000000;\" href=\"https:\/\/www.salabeckett.cat\/espectacles\/#\"><b>Sala Beckett<\/b><\/a><\/span>; amb un fant\u00e0stic espai i amb obres de primer nivell, fins al <a href=\"https:\/\/www.casinoalianca.cat\/\"><b><span style=\"color: #000000;\">Casino de l\u2019Alian\u00e7a<\/span><\/b><\/a>; emblema del barri que acull espectacles per a tota mena de p\u00fablics. Per no perdre detall de les seves novetats us presentem la programaci\u00f3 d&#8217;aquest mes de febrer.<\/p>\n<p>Comencem amb la <span style=\"color: #000000;\"><a style=\"color: #000000;\" href=\"https:\/\/www.salabeckett.cat\/espectacles\/#\"><b>Sala Beckett<\/b><\/a><\/span>, teatre de refer\u00e8ncia a Barcelona que ofereix des d&#8217;espectacles i obres teatrals, fins a activitats i cursos de formaci\u00f3. Si ens centrem en les obres d&#8217;aquest mes de febrer podeu apreciar les seg\u00fcents:<\/p>\n<p>&nbsp;<\/p>\n<p><span style=\"color: #000000;\"><a style=\"color: #000000;\" href=\"https:\/\/www.salabeckett.cat\/espectacle\/salvaciototal-imminent-immediata-terrestre-i-collectiva\/\"><b>Salvaci\u00f3 Total Imminent Immediata Terrestre i Col\u00b7lectiva<\/b><\/a><\/span><\/p>\n<p>Autor: <strong>Tim Crouch<\/strong><\/p>\n<p>Traductora: <strong>Adriana Nadal<\/strong><\/p>\n<p>Direcci\u00f3:<strong> Pau Roca<\/strong><\/p>\n<p>Del 26\/01\/2022 al 20\/02\/2022<\/p>\n<p>&nbsp;<\/p>\n<p>Salvaci\u00f3 Total Imminent Immediata Terrestre i Col\u00b7lectiva (2019) \u00e9s la hist\u00f2ria d&#8217;una fam\u00edlia que cerca respostes despr\u00e9s d&#8217;un cataclisme.<\/p>\n<p>&nbsp;<\/p>\n<p><span style=\"color: #000000;\"><a style=\"color: #000000;\" href=\"https:\/\/www.salabeckett.cat\/espectacle\/animal-negre-tristesa\/\"><b>Animal negre tristesa<\/b><\/a><\/span><\/p>\n<p>Autora: <strong>Anja Hilling<\/strong><\/p>\n<p>Traductora: <strong>Maria Bosom<\/strong><\/p>\n<p>Direcci\u00f3: <strong>Julio Manrique<\/strong><\/p>\n<p>Del 26\/01\/2022 al 06\/03\/2022<\/p>\n<p>Julio Manrique dirigeix \u200b\u200baquesta obra que ens mostra un petit i privilegiat grup d&#8217;\u00e9ssers humans que, amb la imprud\u00e8ncia d&#8217;uns nens que juguen despreocupadament a l&#8217;ombra dels arbres, ignorant qualsevol perill, obren les portes a l&#8217;infern.<\/p>\n<p>&nbsp;<\/p>\n<p><span style=\"color: #000000;\"><a style=\"color: #000000;\" href=\"https:\/\/www.salabeckett.cat\/espectacle\/demeter\/\"><b>Dem\u00e8ter<\/b><\/a><\/span><\/p>\n<p>Autor: <strong>Agrupaci\u00f3 Senyor Serrano<\/strong><\/p>\n<p>Del 05\/02\/2022 al 13\/02\/2022<\/p>\n<p><strong>Projecte Olympus<\/strong> \u00e9s una s\u00e8rie teatral basada en una visi\u00f3 cr\u00edtica i desenfadada dels mites grecs destinada a nenes i nens perqu\u00e8 puguin gaudir de l&#8217;espectacle en autonomia sense la pres\u00e8ncia dels pares a sala.<\/p>\n<p>&nbsp;<\/p>\n<p>Recital a duet: <a href=\"https:\/\/www.salabeckett.cat\/espectacle\/himnes-de-fata-morgana\/\"><b><span style=\"color: #000000;\">Himnes de Fata Morgana<\/span><\/b><\/a><\/p>\n<p><strong>David Castillo <\/strong>i <strong>Xarim Arest\u00e9<\/strong><\/p>\n<p>El 22\/02\/2022<\/p>\n<p>&nbsp;<\/p>\n<p><span style=\"color: #000000;\"><a style=\"color: #000000;\" href=\"https:\/\/www.salabeckett.cat\/espectacle\/no-res-campo\/\"><b>No sabem res del camp. Hist\u00f2ries \u00edntimes sobre la quotidianitat rural<\/b><span style=\"font-weight: 400;\">\u00a0<\/span><\/a><\/span><\/p>\n<p><span style=\"font-weight: 400;\">Autora: <\/span><b>Cl\u00e0udia Serrahima i Urgell<\/b><\/p>\n<p>Del 24\/02\/2022 al 27\/02\/2022<\/p>\n<p>No sabem res del camp \u00e9s el resultat d&#8217;una investigaci\u00f3 de <strong>Cl\u00e0udia Serrahima<\/strong> sobre el m\u00f3n rural. La proposta presenta diverses experi\u00e8ncies vitals, narrades oralment de la m\u00e0 dels seus protagonists. Un espectacle teatral d&#8217;objectes i un format petit.<\/p>\n<p>&nbsp;<\/p>\n<p><span style=\"font-weight: 400;\">El <\/span><span style=\"color: #000000;\"><a style=\"color: #000000;\" href=\"https:\/\/www.tnc.cat\/ca\/espectacles-2021-2022\"><b>Teatre Nacional de Catalunya<\/b><\/a><\/span><\/p>\n<p>\u00c9s un dels grans referents dins l&#8217;\u00e0mbit esc\u00e8nic de la ciutat, i la seva programaci\u00f3 compta amb grans obres de teatre. Per aquest mes de febrer es podran veure:<\/p>\n<p><a href=\"https:\/\/www.tnc.cat\/ca\/fuego-fuego\"><b><span style=\"color: #000000;\">Fuego Fuego<\/span><\/b><\/a><\/p>\n<p>Dramat\u00fargia i direcci\u00f3: <strong>Manuela Infante<\/strong><\/p>\n<p>Sala Tallers<\/p>\n<p>Del 14\/01\/2022 al 06\/02\/2022<\/p>\n<p>La mirada \u00fanica, intel\u00b7ligent i po\u00e8tica de Manuela Infante que d\u00f3na vida al foc.<\/p>\n<p>&nbsp;<\/p>\n<p>&nbsp;<\/p>\n<p><span style=\"color: #000000;\"><a style=\"color: #000000;\" href=\"https:\/\/www.tnc.cat\/ca\/la-casa-del-dolor\"><b>La casa del dolor<\/b><\/a><\/span><\/p>\n<p>Direcci\u00f3: <strong>V\u00edctor S\u00e1nchez Rodr\u00edguez<\/strong><\/p>\n<p>Sala Petita<\/p>\n<p>Del 26\/01\/2022 al 20\/02\/2022<\/p>\n<p>La vida inquietant darrere de la imatge d&#8217;una fam\u00edlia perfecta.<\/p>\n<p>&nbsp;<\/p>\n<p><span style=\"color: #000000;\"><a style=\"color: #000000;\" href=\"https:\/\/www.tnc.cat\/ca\/desig\"><b>Desig<\/b><\/a><\/span><\/p>\n<p><strong>Josep Maria Benet i Jornet<\/strong><\/p>\n<p>Direcci\u00f3: <strong>S\u00edlvia Munt<\/strong><\/p>\n<p>Sala Gran<\/p>\n<p>Del 27\/01\/2022 al 06\/03\/2022<\/p>\n<p>Un text de Josep Maria Benet i Jornet d&#8217;atmosfera fantasmag\u00f2rica i on\u00edrica on el desig \u00e9s el protagonista.<\/p>\n<p>&nbsp;<\/p>\n<p>&nbsp;<\/p>\n<p><span style=\"color: #000000;\"><a style=\"color: #000000;\" href=\"https:\/\/www.tnc.cat\/ca\/el-mar-visio-duns-nens-que-no-lhan-vist-mai\"><b>El mar: Visi\u00f3 d\u2019uns nens que no l\u2019han vist mai<\/b><\/a><\/span><\/p>\n<p>Direcci\u00f3: Xavier Bob\u00e9s i Alberto Conejero<\/p>\n<p>Sala Tallers<\/p>\n<p>Del 17\/02\/2022 al 06\/03\/2022<\/p>\n<p>Una obra de teatre po\u00e8tic, documental i d&#8217;objectes basada en les redaccions d&#8217;uns nens que no han vist el mar ni el seu mestre Antoni Benaiges.<\/p>\n<p>&nbsp;<\/p>\n<p><span style=\"color: #000000;\"><a style=\"color: #000000;\" href=\"https:\/\/www.tnc.cat\/ca\/dramaturgia-europea\"><b>Dramat\u00fargia emergent europea: B\u00e8lgica<\/b><\/a><\/span><\/p>\n<p>Direcci\u00f3: Dounia de Marie-Aurore D\u2019Awans i Gif de Lisa Boa Houbrechts<\/p>\n<p>Sala Petita<\/p>\n<p>Del 26\/02\/2022 al 27\/02\/2022<\/p>\n<p>&nbsp;<\/p>\n<p>Finalment, per\u00f2 no menys important, tenim el <span style=\"color: #000000;\"><a style=\"color: #000000;\" href=\"https:\/\/www.casinoalianca.cat\/\"><b>Casino de l\u2019Alian\u00e7a del Poblenou<\/b><\/a><\/span>, espai que \u00e9s s\u00edmbol del barri on es programen espectacles de gran varietat per a p\u00fablic de tota mena. Per a aquest mes de febrer podreu acudir a veure l&#8217;espectacle <span style=\"color: #000000;\"><a style=\"color: #000000;\" href=\"https:\/\/www.casinoalianca.cat\/dissabte-5-de-febrer-de-2022-a-les-1830-de-la-tarda-the-feliuettes\/\"><b>The Feliuettes<\/b><\/a><\/span>, de <strong>Laia Alsina<\/strong>, <strong>Laura Pau<\/strong> i <strong>Maria Cirici<\/strong>. Un concert teatralitzat amb can\u00e7ons de <strong>N\u00faria Feliu<\/strong> a partir del cinc de febrer.<\/p>\n<p>&nbsp;<\/p>\n<p>&nbsp;<\/p>\n<p>&nbsp;<\/p>\n<p>&nbsp;<\/p>\n<p>Una gran varietat d&#8217;obres ens acompanyen aquest mes de febrer al districte creatiu de Barcelona. No dubteu a reservar les vostres entrades i gaudir de l&#8217;art esc\u00e8nic.<\/p>","protected":false},"excerpt":{"rendered":"<p>Anar al teatre \u00e9s sin\u00f2nim de cultivar-se, d&#8217;entendre la societat des d&#8217;una altra perspectiva m\u00e9s cr\u00edtica, d&#8217;impregnar-se de sensacions i&#8230; <a href=\"https:\/\/poblenouurbandistrict.com\/ca\/descubre-la-programacion-escenica-del-distrito-creativo-de-barcelona\/\">M\u00e9s  \u2192<\/a><\/p>\n","protected":false},"author":5,"featured_media":25865,"comment_status":"closed","ping_status":"closed","sticky":false,"template":"","format":"standard","meta":{"_acf_changed":false,"footnotes":""},"categories":[3481,3363],"tags":[],"class_list":["post-25752","post","type-post","status-publish","format-standard","has-post-thumbnail","hentry","category-agenda","category-places"],"acf":[],"yoast_head":"<!-- This site is optimized with the Yoast SEO plugin v27.5 - https:\/\/yoast.com\/product\/yoast-seo-wordpress\/ -->\n<title>Descobreix la programaci\u00f3 esc\u00e8nica del Districte Creatiu de Barcelona &#8211;<\/title>\n<meta name=\"description\" content=\"Descubre la programaci\u00f3n esc\u00e9nica del mes de febrero del Distrito Creativo de Barcelona. Una gran variedad de obras y espect\u00e1culos\" \/>\n<meta name=\"robots\" content=\"index, follow, max-snippet:-1, max-image-preview:large, max-video-preview:-1\" \/>\n<link rel=\"canonical\" href=\"https:\/\/poblenouurbandistrict.com\/ca\/descubre-la-programacion-escenica-del-distrito-creativo-de-barcelona\/\" \/>\n<meta property=\"og:locale\" content=\"ca_ES\" \/>\n<meta property=\"og:type\" content=\"article\" \/>\n<meta property=\"og:title\" content=\"Descobreix la programaci\u00f3 esc\u00e8nica del Districte Creatiu de Barcelona &#8211;\" \/>\n<meta property=\"og:description\" content=\"Descubre la programaci\u00f3n esc\u00e9nica del mes de febrero del Distrito Creativo de Barcelona. Una gran variedad de obras y espect\u00e1culos\" \/>\n<meta property=\"og:url\" content=\"https:\/\/poblenouurbandistrict.com\/ca\/descubre-la-programacion-escenica-del-distrito-creativo-de-barcelona\/\" \/>\n<meta property=\"og:site_name\" content=\"Poblenou Urban District\" \/>\n<meta property=\"article:published_time\" content=\"2022-02-02T12:03:20+00:00\" \/>\n<meta property=\"article:modified_time\" content=\"2022-02-03T12:20:38+00:00\" \/>\n<meta property=\"og:image\" content=\"https:\/\/poblenouurbandistrict.com\/wp-content\/uploads\/2022\/02\/sans-titre-12.png\" \/>\n\t<meta property=\"og:image:width\" content=\"1500\" \/>\n\t<meta property=\"og:image:height\" content=\"1000\" \/>\n\t<meta property=\"og:image:type\" content=\"image\/jpeg\" \/>\n<meta name=\"author\" content=\"pnud\" \/>\n<meta name=\"twitter:card\" content=\"summary_large_image\" \/>\n<meta name=\"twitter:label1\" content=\"Escrit per\" \/>\n\t<meta name=\"twitter:data1\" content=\"pnud\" \/>\n\t<meta name=\"twitter:label2\" content=\"Temps estimat de lectura\" \/>\n\t<meta name=\"twitter:data2\" content=\"4 minuts\" \/>\n<script type=\"application\/ld+json\" class=\"yoast-schema-graph\">{\"@context\":\"https:\\\/\\\/schema.org\",\"@graph\":[{\"@type\":\"Article\",\"@id\":\"https:\\\/\\\/poblenouurbandistrict.com\\\/descubre-la-programacion-escenica-del-distrito-creativo-de-barcelona\\\/#article\",\"isPartOf\":{\"@id\":\"https:\\\/\\\/poblenouurbandistrict.com\\\/descubre-la-programacion-escenica-del-distrito-creativo-de-barcelona\\\/\"},\"author\":{\"name\":\"pnud\",\"@id\":\"https:\\\/\\\/poblenouurbandistrict.com\\\/#\\\/schema\\\/person\\\/980a2cf34b399d5218205730acd54a7e\"},\"headline\":\"Descobreix la programaci\u00f3 esc\u00e8nica del Districte Creatiu de Barcelona\",\"datePublished\":\"2022-02-02T12:03:20+00:00\",\"dateModified\":\"2022-02-03T12:20:38+00:00\",\"mainEntityOfPage\":{\"@id\":\"https:\\\/\\\/poblenouurbandistrict.com\\\/descubre-la-programacion-escenica-del-distrito-creativo-de-barcelona\\\/\"},\"wordCount\":2198,\"image\":{\"@id\":\"https:\\\/\\\/poblenouurbandistrict.com\\\/descubre-la-programacion-escenica-del-distrito-creativo-de-barcelona\\\/#primaryimage\"},\"thumbnailUrl\":\"https:\\\/\\\/media.poblenouurbandistrict.com\\\/2022\\\/02\\\/25044501\\\/sans-titre-12.jpg\",\"articleSection\":[\"Agenda\",\"Espais\"],\"inLanguage\":\"ca\"},{\"@type\":\"WebPage\",\"@id\":\"https:\\\/\\\/poblenouurbandistrict.com\\\/ca\\\/descubre-la-programacion-escenica-del-distrito-creativo-de-barcelona\\\/\",\"url\":\"https:\\\/\\\/poblenouurbandistrict.com\\\/ca\\\/descubre-la-programacion-escenica-del-distrito-creativo-de-barcelona\\\/\",\"name\":\"Descobreix la programaci\u00f3 esc\u00e8nica del Districte Creatiu de Barcelona &#8211;\",\"isPartOf\":{\"@id\":\"https:\\\/\\\/poblenouurbandistrict.com\\\/ca\\\/#website\"},\"primaryImageOfPage\":{\"@id\":\"https:\\\/\\\/poblenouurbandistrict.com\\\/ca\\\/descubre-la-programacion-escenica-del-distrito-creativo-de-barcelona\\\/#primaryimage\"},\"image\":{\"@id\":\"https:\\\/\\\/poblenouurbandistrict.com\\\/descubre-la-programacion-escenica-del-distrito-creativo-de-barcelona\\\/#primaryimage\"},\"thumbnailUrl\":\"https:\\\/\\\/media.poblenouurbandistrict.com\\\/2022\\\/02\\\/25044501\\\/sans-titre-12.jpg\",\"datePublished\":\"2022-02-02T12:03:20+00:00\",\"dateModified\":\"2022-02-03T12:20:38+00:00\",\"author\":{\"@id\":\"https:\\\/\\\/poblenouurbandistrict.com\\\/#\\\/schema\\\/person\\\/980a2cf34b399d5218205730acd54a7e\"},\"description\":\"Descubre la programaci\u00f3n esc\u00e9nica del mes de febrero del Distrito Creativo de Barcelona. Una gran variedad de obras y espect\u00e1culos\",\"breadcrumb\":{\"@id\":\"https:\\\/\\\/poblenouurbandistrict.com\\\/ca\\\/descubre-la-programacion-escenica-del-distrito-creativo-de-barcelona\\\/#breadcrumb\"},\"inLanguage\":\"ca\",\"potentialAction\":[{\"@type\":\"ReadAction\",\"target\":[[\"https:\\\/\\\/poblenouurbandistrict.com\\\/ca\\\/descubre-la-programacion-escenica-del-distrito-creativo-de-barcelona\\\/\"]]}]},{\"@type\":\"ImageObject\",\"inLanguage\":\"ca\",\"@id\":\"https:\\\/\\\/poblenouurbandistrict.com\\\/ca\\\/descubre-la-programacion-escenica-del-distrito-creativo-de-barcelona\\\/#primaryimage\",\"url\":\"https:\\\/\\\/media.poblenouurbandistrict.com\\\/2022\\\/02\\\/25044501\\\/sans-titre-12.jpg\",\"contentUrl\":\"https:\\\/\\\/media.poblenouurbandistrict.com\\\/2022\\\/02\\\/25044501\\\/sans-titre-12.jpg\",\"width\":1500,\"height\":1000},{\"@type\":\"BreadcrumbList\",\"@id\":\"https:\\\/\\\/poblenouurbandistrict.com\\\/ca\\\/descubre-la-programacion-escenica-del-distrito-creativo-de-barcelona\\\/#breadcrumb\",\"itemListElement\":[{\"@type\":\"ListItem\",\"position\":1,\"name\":\"Home\",\"item\":\"https:\\\/\\\/poblenouurbandistrict.com\\\/ca\\\/\"},{\"@type\":\"ListItem\",\"position\":2,\"name\":\"Descobreix la programaci\u00f3 esc\u00e8nica del Districte Creatiu de Barcelona\"}]},{\"@type\":\"WebSite\",\"@id\":\"https:\\\/\\\/poblenouurbandistrict.com\\\/ca\\\/#website\",\"url\":\"https:\\\/\\\/poblenouurbandistrict.com\\\/ca\\\/\",\"name\":\"Poblenou Urban District\",\"description\":\"Comunitat Creativa\",\"potentialAction\":[{\"@type\":\"SearchAction\",\"target\":{\"@type\":\"EntryPoint\",\"urlTemplate\":\"https:\\\/\\\/poblenouurbandistrict.com\\\/ca\\\/?s={search_term_string}\"},\"query-input\":{\"@type\":\"PropertyValueSpecification\",\"valueRequired\":true,\"valueName\":\"search_term_string\"}}],\"inLanguage\":\"ca\"},{\"@type\":\"Person\",\"@id\":\"https:\\\/\\\/poblenouurbandistrict.com\\\/#\\\/schema\\\/person\\\/980a2cf34b399d5218205730acd54a7e\",\"name\":\"pnud\",\"image\":{\"@type\":\"ImageObject\",\"inLanguage\":\"ca\",\"@id\":\"https:\\\/\\\/secure.gravatar.com\\\/avatar\\\/67146597b405ee077a24e519f75c3e2031736596d6ce35af3a34c122c93d0d7b?s=96&d=retro&r=g\",\"url\":\"https:\\\/\\\/secure.gravatar.com\\\/avatar\\\/67146597b405ee077a24e519f75c3e2031736596d6ce35af3a34c122c93d0d7b?s=96&d=retro&r=g\",\"contentUrl\":\"https:\\\/\\\/secure.gravatar.com\\\/avatar\\\/67146597b405ee077a24e519f75c3e2031736596d6ce35af3a34c122c93d0d7b?s=96&d=retro&r=g\",\"caption\":\"pnud\"}}]}<\/script>\n<!-- \/ Yoast SEO plugin. -->","yoast_head_json":{"title":"Descobreix la programaci\u00f3 esc\u00e8nica del Districte Creatiu de Barcelona &#8211;","description":"Descubre la programaci\u00f3n esc\u00e9nica del mes de febrero del Distrito Creativo de Barcelona. Una gran variedad de obras y espect\u00e1culos","robots":{"index":"index","follow":"follow","max-snippet":"max-snippet:-1","max-image-preview":"max-image-preview:large","max-video-preview":"max-video-preview:-1"},"canonical":"https:\/\/poblenouurbandistrict.com\/ca\/descubre-la-programacion-escenica-del-distrito-creativo-de-barcelona\/","og_locale":"ca_ES","og_type":"article","og_title":"Descobreix la programaci\u00f3 esc\u00e8nica del Districte Creatiu de Barcelona &#8211;","og_description":"Descubre la programaci\u00f3n esc\u00e9nica del mes de febrero del Distrito Creativo de Barcelona. Una gran variedad de obras y espect\u00e1culos","og_url":"https:\/\/poblenouurbandistrict.com\/ca\/descubre-la-programacion-escenica-del-distrito-creativo-de-barcelona\/","og_site_name":"Poblenou Urban District","article_published_time":"2022-02-02T12:03:20+00:00","article_modified_time":"2022-02-03T12:20:38+00:00","og_image":[{"width":1500,"height":1000,"url":"https:\/\/poblenouurbandistrict.com\/wp-content\/uploads\/2022\/02\/sans-titre-12.png","type":"image\/jpeg"}],"author":"pnud","twitter_card":"summary_large_image","twitter_misc":{"Escrit per":"pnud","Temps estimat de lectura":"4 minuts"},"schema":{"@context":"https:\/\/schema.org","@graph":[{"@type":"Article","@id":"https:\/\/poblenouurbandistrict.com\/descubre-la-programacion-escenica-del-distrito-creativo-de-barcelona\/#article","isPartOf":{"@id":"https:\/\/poblenouurbandistrict.com\/descubre-la-programacion-escenica-del-distrito-creativo-de-barcelona\/"},"author":{"name":"pnud","@id":"https:\/\/poblenouurbandistrict.com\/#\/schema\/person\/980a2cf34b399d5218205730acd54a7e"},"headline":"Descobreix la programaci\u00f3 esc\u00e8nica del Districte Creatiu de Barcelona","datePublished":"2022-02-02T12:03:20+00:00","dateModified":"2022-02-03T12:20:38+00:00","mainEntityOfPage":{"@id":"https:\/\/poblenouurbandistrict.com\/descubre-la-programacion-escenica-del-distrito-creativo-de-barcelona\/"},"wordCount":2198,"image":{"@id":"https:\/\/poblenouurbandistrict.com\/descubre-la-programacion-escenica-del-distrito-creativo-de-barcelona\/#primaryimage"},"thumbnailUrl":"https:\/\/media.poblenouurbandistrict.com\/2022\/02\/25044501\/sans-titre-12.jpg","articleSection":["Agenda","Espais"],"inLanguage":"ca"},{"@type":"WebPage","@id":"https:\/\/poblenouurbandistrict.com\/ca\/descubre-la-programacion-escenica-del-distrito-creativo-de-barcelona\/","url":"https:\/\/poblenouurbandistrict.com\/ca\/descubre-la-programacion-escenica-del-distrito-creativo-de-barcelona\/","name":"Descobreix la programaci\u00f3 esc\u00e8nica del Districte Creatiu de Barcelona &#8211;","isPartOf":{"@id":"https:\/\/poblenouurbandistrict.com\/ca\/#website"},"primaryImageOfPage":{"@id":"https:\/\/poblenouurbandistrict.com\/ca\/descubre-la-programacion-escenica-del-distrito-creativo-de-barcelona\/#primaryimage"},"image":{"@id":"https:\/\/poblenouurbandistrict.com\/descubre-la-programacion-escenica-del-distrito-creativo-de-barcelona\/#primaryimage"},"thumbnailUrl":"https:\/\/media.poblenouurbandistrict.com\/2022\/02\/25044501\/sans-titre-12.jpg","datePublished":"2022-02-02T12:03:20+00:00","dateModified":"2022-02-03T12:20:38+00:00","author":{"@id":"https:\/\/poblenouurbandistrict.com\/#\/schema\/person\/980a2cf34b399d5218205730acd54a7e"},"description":"Descubre la programaci\u00f3n esc\u00e9nica del mes de febrero del Distrito Creativo de Barcelona. Una gran variedad de obras y espect\u00e1culos","breadcrumb":{"@id":"https:\/\/poblenouurbandistrict.com\/ca\/descubre-la-programacion-escenica-del-distrito-creativo-de-barcelona\/#breadcrumb"},"inLanguage":"ca","potentialAction":[{"@type":"ReadAction","target":[["https:\/\/poblenouurbandistrict.com\/ca\/descubre-la-programacion-escenica-del-distrito-creativo-de-barcelona\/"]]}]},{"@type":"ImageObject","inLanguage":"ca","@id":"https:\/\/poblenouurbandistrict.com\/ca\/descubre-la-programacion-escenica-del-distrito-creativo-de-barcelona\/#primaryimage","url":"https:\/\/media.poblenouurbandistrict.com\/2022\/02\/25044501\/sans-titre-12.jpg","contentUrl":"https:\/\/media.poblenouurbandistrict.com\/2022\/02\/25044501\/sans-titre-12.jpg","width":1500,"height":1000},{"@type":"BreadcrumbList","@id":"https:\/\/poblenouurbandistrict.com\/ca\/descubre-la-programacion-escenica-del-distrito-creativo-de-barcelona\/#breadcrumb","itemListElement":[{"@type":"ListItem","position":1,"name":"Home","item":"https:\/\/poblenouurbandistrict.com\/ca\/"},{"@type":"ListItem","position":2,"name":"Descobreix la programaci\u00f3 esc\u00e8nica del Districte Creatiu de Barcelona"}]},{"@type":"WebSite","@id":"https:\/\/poblenouurbandistrict.com\/ca\/#website","url":"https:\/\/poblenouurbandistrict.com\/ca\/","name":"Poblenou Urban District","description":"Comunitat Creativa","potentialAction":[{"@type":"SearchAction","target":{"@type":"EntryPoint","urlTemplate":"https:\/\/poblenouurbandistrict.com\/ca\/?s={search_term_string}"},"query-input":{"@type":"PropertyValueSpecification","valueRequired":true,"valueName":"search_term_string"}}],"inLanguage":"ca"},{"@type":"Person","@id":"https:\/\/poblenouurbandistrict.com\/#\/schema\/person\/980a2cf34b399d5218205730acd54a7e","name":"pnud","image":{"@type":"ImageObject","inLanguage":"ca","@id":"https:\/\/secure.gravatar.com\/avatar\/67146597b405ee077a24e519f75c3e2031736596d6ce35af3a34c122c93d0d7b?s=96&d=retro&r=g","url":"https:\/\/secure.gravatar.com\/avatar\/67146597b405ee077a24e519f75c3e2031736596d6ce35af3a34c122c93d0d7b?s=96&d=retro&r=g","contentUrl":"https:\/\/secure.gravatar.com\/avatar\/67146597b405ee077a24e519f75c3e2031736596d6ce35af3a34c122c93d0d7b?s=96&d=retro&r=g","caption":"pnud"}}]}},"_links":{"self":[{"href":"https:\/\/poblenouurbandistrict.com\/ca\/wp-json\/wp\/v2\/posts\/25752","targetHints":{"allow":["GET"]}}],"collection":[{"href":"https:\/\/poblenouurbandistrict.com\/ca\/wp-json\/wp\/v2\/posts"}],"about":[{"href":"https:\/\/poblenouurbandistrict.com\/ca\/wp-json\/wp\/v2\/types\/post"}],"author":[{"embeddable":true,"href":"https:\/\/poblenouurbandistrict.com\/ca\/wp-json\/wp\/v2\/users\/5"}],"replies":[{"embeddable":true,"href":"https:\/\/poblenouurbandistrict.com\/ca\/wp-json\/wp\/v2\/comments?post=25752"}],"version-history":[{"count":9,"href":"https:\/\/poblenouurbandistrict.com\/ca\/wp-json\/wp\/v2\/posts\/25752\/revisions"}],"predecessor-version":[{"id":25915,"href":"https:\/\/poblenouurbandistrict.com\/ca\/wp-json\/wp\/v2\/posts\/25752\/revisions\/25915"}],"wp:featuredmedia":[{"embeddable":true,"href":"https:\/\/poblenouurbandistrict.com\/ca\/wp-json\/wp\/v2\/media\/25865"}],"wp:attachment":[{"href":"https:\/\/poblenouurbandistrict.com\/ca\/wp-json\/wp\/v2\/media?parent=25752"}],"wp:term":[{"taxonomy":"category","embeddable":true,"href":"https:\/\/poblenouurbandistrict.com\/ca\/wp-json\/wp\/v2\/categories?post=25752"},{"taxonomy":"post_tag","embeddable":true,"href":"https:\/\/poblenouurbandistrict.com\/ca\/wp-json\/wp\/v2\/tags?post=25752"}],"curies":[{"name":"wp","href":"https:\/\/api.w.org\/{rel}","templated":true}]}}