{"id":25763,"date":"2022-01-31T13:50:17","date_gmt":"2022-01-31T12:50:17","guid":{"rendered":"https:\/\/poblenouurbandistrict.com\/?p=25763"},"modified":"2022-02-03T13:29:49","modified_gmt":"2022-02-03T12:29:49","slug":"antoni-miralda-inundara-de-llum-el-barri-de-poblenou","status":"publish","type":"post","link":"https:\/\/poblenouurbandistrict.com\/ca\/antoni-miralda-inundara-de-llum-el-barri-de-poblenou\/","title":{"rendered":"Antoni Miralda inundar\u00e0 de llum el barri de Poblenou"},"content":{"rendered":"<p>L\u2019artista internacional, <strong>Antoni Miralda<\/strong>, inaugura aquest divendres 4 de febrer \u201c<strong>La Formigonera del Poblenew. Balada per a un est\u00f3mac<\/strong>\u201d, una performance especial \u00a0que involucra les caracter\u00edstiques del barri i els canvis fren\u00e8tics que viu darrerament.<\/p>\n<p>Aquesta instal\u00b7laci\u00f3 lum\u00ednica m\u00f2bil, emmarcada al <strong>Festival Llum Bcn<\/strong>, desfilar\u00e0 pels carrers del Districte Creatiu de Barcelona durant el vespre del divendres 4 de febrer. Una desfilada po\u00e8tica de Llum i M\u00fasica que es passejar\u00e0 pels carrers amb un seguici de \u201cFormigonetes\u201d, Motos, personatges il\u00b7luminats i d\u2019altres enlluernats.<\/p>\n<p>\u201c<strong>La Formigonera del Poblenew. Balada per a un est\u00f3mac<\/strong>\u201d \u00e9s la icona d\u2019un barri en plena mutaci\u00f3. Representa el despla\u00e7ament l\u2019\u00e8xode i l\u2019arribada; l\u2019anar i venir, la metamorfosi d\u2019un nou espai urb\u00e0. A trav\u00e9s d\u2019un element tan propi de la construcci\u00f3 \u2013\u00adque en aquest barri ha esdevingut un assidu reconegut d\u2019all\u00f2 quotidi\u00e0\u2013, ens convida a la reflexi\u00f3, simbolitzant l\u2019est\u00f3mac del Poblenou en cont\u00ednua digesti\u00f3; devorant, de-construint,\u00a0 i construint, metabolitzant el barri: el passat, el present i el trasbals de la vida dels ve\u00efns.<\/p>\n<p>Des de <strong>Poblenou Urban District <\/strong>us convidem a participar i viure de prop la Rua de l\u2019Antoni Miralda, amb l\u2019\u00fanic requisit d\u2019il\u00b7luminar el m\u00e0xim possible els seu recorregut i formar part de la performance d\u2019aquest gran artista internacional que ens brinda aquesta oportunitat. Com a acte de cloenda d\u2019aquesta Rua es realitzar\u00e0 una celebraci\u00f3 a la fundaci\u00f3 Food Cultura. Un tast simb\u00f2lic que representa all\u00f2 que alimenta a l\u2019est\u00f3mac de Poblenou.<\/p>\n<p>El d<strong>issabte 5<\/strong> i el <strong>diumenge 6<\/strong> de febrer, La Formigonera-Est\u00f2mac s&#8217;instaurar\u00e0 al solar de Pere IV com una de les instal\u00b7lacions del <strong>Llum BCN.<\/strong> Una escena, amb el dipositiu de llum, on trobarem tamb\u00e9 una mostra del proc\u00e9s de treball d&#8217;aquest gran projecte d&#8217;Antoni Miralda. (esbossos, dibuixos, v\u00eddeos, etc) en una caseta d&#8217;obra instal\u00b7lada al mateix solar.<\/p>\n<p><strong>El Recorregut<\/strong>: Pere IV, Espronceda, Marroc\/T\u00e0nger, Roc Boronat i Pujades-d\u2019aproximadament hora i mitja de durada, comen\u00e7ar\u00e0 al solar ubicat al carrer Pere IV , 115 cantonada amb carrer ciutat de Granada i finalitzar\u00e0 a la fundaci\u00f3 Food Cultura, al carrer Joan d\u2019\u00c0ustria 88, on es rebr\u00e0 i celebrar\u00e0 l\u2019arribada.<\/p>\n<p><strong>Sortida de la Rua: <\/strong><\/p>\n<p>19h30 des del carrer Pere IV n\u00fam. 115<\/p>\n<p><strong>Final de la Rua: <\/strong><\/p>\n<p>Joan d\u2019\u00c0ustria n\u00fam. 88<\/p>\n<p>&nbsp;<\/p>\n<p>&nbsp;<\/p>","protected":false},"excerpt":{"rendered":"<p>L\u2019artista internacional, Antoni Miralda, inaugura aquest divendres 4 de febrer \u201cLa Formigonera del Poblenew. Balada per a un est\u00f3mac\u201d, una&#8230; <a href=\"https:\/\/poblenouurbandistrict.com\/ca\/antoni-miralda-inundara-de-llum-el-barri-de-poblenou\/\">M\u00e9s  \u2192<\/a><\/p>\n","protected":false},"author":5,"featured_media":25764,"comment_status":"closed","ping_status":"closed","sticky":false,"template":"","format":"standard","meta":{"_acf_changed":false,"footnotes":""},"categories":[3548,1],"tags":[],"class_list":["post-25763","post","type-post","status-publish","format-standard","has-post-thumbnail","hentry","category-off-llum-bcn","category-noticias"],"acf":[],"yoast_head":"<!-- This site is optimized with the Yoast SEO plugin v27.5 - https:\/\/yoast.com\/product\/yoast-seo-wordpress\/ -->\n<title>Est\u00e0 passant Antoni Miralda inundar\u00e0 de llum el barri de Poblenou Poblenou Urban District Est\u00e0 passant Est\u00e0 passant<\/title>\n<meta name=\"description\" content=\"El artista internacional, Antoni Miralda, inaugura este viernes 4 de febrero \u201cLa Formigonera del Poblenew. Balada per a un est\u00f3mac\u201d\" \/>\n<meta name=\"robots\" content=\"index, follow, max-snippet:-1, max-image-preview:large, max-video-preview:-1\" \/>\n<link rel=\"canonical\" href=\"https:\/\/poblenouurbandistrict.com\/ca\/antoni-miralda-inundara-de-llum-el-barri-de-poblenou\/\" \/>\n<meta property=\"og:locale\" content=\"ca_ES\" \/>\n<meta property=\"og:type\" content=\"article\" \/>\n<meta property=\"og:title\" content=\"Est\u00e0 passant Antoni Miralda inundar\u00e0 de llum el barri de Poblenou Poblenou Urban District Est\u00e0 passant Est\u00e0 passant\" \/>\n<meta property=\"og:description\" content=\"El artista internacional, Antoni Miralda, inaugura este viernes 4 de febrero \u201cLa Formigonera del Poblenew. Balada per a un est\u00f3mac\u201d\" \/>\n<meta property=\"og:url\" content=\"https:\/\/poblenouurbandistrict.com\/ca\/antoni-miralda-inundara-de-llum-el-barri-de-poblenou\/\" \/>\n<meta property=\"og:site_name\" content=\"Poblenou Urban District\" \/>\n<meta property=\"article:published_time\" content=\"2022-01-31T12:50:17+00:00\" \/>\n<meta property=\"article:modified_time\" content=\"2022-02-03T12:29:49+00:00\" \/>\n<meta property=\"og:image\" content=\"https:\/\/poblenouurbandistrict.com\/wp-content\/uploads\/2022\/01\/captura-de-pantalla-2022-01-31-a-les-122119.png\" \/>\n\t<meta property=\"og:image:width\" content=\"332\" \/>\n\t<meta property=\"og:image:height\" content=\"408\" \/>\n\t<meta property=\"og:image:type\" content=\"image\/jpeg\" \/>\n<meta name=\"author\" content=\"pnud\" \/>\n<meta name=\"twitter:card\" content=\"summary_large_image\" \/>\n<meta name=\"twitter:label1\" content=\"Escrit per\" \/>\n\t<meta name=\"twitter:data1\" content=\"pnud\" \/>\n\t<meta name=\"twitter:label2\" content=\"Temps estimat de lectura\" \/>\n\t<meta name=\"twitter:data2\" content=\"3 minuts\" \/>\n<script type=\"application\/ld+json\" class=\"yoast-schema-graph\">{\"@context\":\"https:\\\/\\\/schema.org\",\"@graph\":[{\"@type\":\"Article\",\"@id\":\"https:\\\/\\\/poblenouurbandistrict.com\\\/antoni-miralda-inundara-de-llum-el-barri-de-poblenou\\\/#article\",\"isPartOf\":{\"@id\":\"https:\\\/\\\/poblenouurbandistrict.com\\\/antoni-miralda-inundara-de-llum-el-barri-de-poblenou\\\/\"},\"author\":{\"name\":\"pnud\",\"@id\":\"https:\\\/\\\/poblenouurbandistrict.com\\\/#\\\/schema\\\/person\\\/980a2cf34b399d5218205730acd54a7e\"},\"headline\":\"Antoni Miralda inundar\u00e0 de llum el barri de Poblenou\",\"datePublished\":\"2022-01-31T12:50:17+00:00\",\"dateModified\":\"2022-02-03T12:29:49+00:00\",\"mainEntityOfPage\":{\"@id\":\"https:\\\/\\\/poblenouurbandistrict.com\\\/antoni-miralda-inundara-de-llum-el-barri-de-poblenou\\\/\"},\"wordCount\":854,\"image\":{\"@id\":\"https:\\\/\\\/poblenouurbandistrict.com\\\/antoni-miralda-inundara-de-llum-el-barri-de-poblenou\\\/#primaryimage\"},\"thumbnailUrl\":\"https:\\\/\\\/media.poblenouurbandistrict.com\\\/2022\\\/01\\\/25044443\\\/captura-de-pantalla-2022-01-31-a-les-122119.jpg\",\"articleSection\":[\"Off Llum Bcn\",\"Est\u00e0 passant\"],\"inLanguage\":\"ca\"},{\"@type\":\"WebPage\",\"@id\":\"https:\\\/\\\/poblenouurbandistrict.com\\\/ca\\\/antoni-miralda-inundara-de-llum-el-barri-de-poblenou\\\/\",\"url\":\"https:\\\/\\\/poblenouurbandistrict.com\\\/ca\\\/antoni-miralda-inundara-de-llum-el-barri-de-poblenou\\\/\",\"name\":\"Est\u00e0 passant Antoni Miralda inundar\u00e0 de llum el barri de Poblenou Poblenou Urban District Est\u00e0 passant Est\u00e0 passant\",\"isPartOf\":{\"@id\":\"https:\\\/\\\/poblenouurbandistrict.com\\\/ca\\\/#website\"},\"primaryImageOfPage\":{\"@id\":\"https:\\\/\\\/poblenouurbandistrict.com\\\/ca\\\/antoni-miralda-inundara-de-llum-el-barri-de-poblenou\\\/#primaryimage\"},\"image\":{\"@id\":\"https:\\\/\\\/poblenouurbandistrict.com\\\/antoni-miralda-inundara-de-llum-el-barri-de-poblenou\\\/#primaryimage\"},\"thumbnailUrl\":\"https:\\\/\\\/media.poblenouurbandistrict.com\\\/2022\\\/01\\\/25044443\\\/captura-de-pantalla-2022-01-31-a-les-122119.jpg\",\"datePublished\":\"2022-01-31T12:50:17+00:00\",\"dateModified\":\"2022-02-03T12:29:49+00:00\",\"author\":{\"@id\":\"https:\\\/\\\/poblenouurbandistrict.com\\\/#\\\/schema\\\/person\\\/980a2cf34b399d5218205730acd54a7e\"},\"description\":\"El artista internacional, Antoni Miralda, inaugura este viernes 4 de febrero \u201cLa Formigonera del Poblenew. Balada per a un est\u00f3mac\u201d\",\"breadcrumb\":{\"@id\":\"https:\\\/\\\/poblenouurbandistrict.com\\\/ca\\\/antoni-miralda-inundara-de-llum-el-barri-de-poblenou\\\/#breadcrumb\"},\"inLanguage\":\"ca\",\"potentialAction\":[{\"@type\":\"ReadAction\",\"target\":[[\"https:\\\/\\\/poblenouurbandistrict.com\\\/ca\\\/antoni-miralda-inundara-de-llum-el-barri-de-poblenou\\\/\"]]}]},{\"@type\":\"ImageObject\",\"inLanguage\":\"ca\",\"@id\":\"https:\\\/\\\/poblenouurbandistrict.com\\\/ca\\\/antoni-miralda-inundara-de-llum-el-barri-de-poblenou\\\/#primaryimage\",\"url\":\"https:\\\/\\\/media.poblenouurbandistrict.com\\\/2022\\\/01\\\/25044443\\\/captura-de-pantalla-2022-01-31-a-les-122119.jpg\",\"contentUrl\":\"https:\\\/\\\/media.poblenouurbandistrict.com\\\/2022\\\/01\\\/25044443\\\/captura-de-pantalla-2022-01-31-a-les-122119.jpg\",\"width\":332,\"height\":408},{\"@type\":\"BreadcrumbList\",\"@id\":\"https:\\\/\\\/poblenouurbandistrict.com\\\/ca\\\/antoni-miralda-inundara-de-llum-el-barri-de-poblenou\\\/#breadcrumb\",\"itemListElement\":[{\"@type\":\"ListItem\",\"position\":1,\"name\":\"Home\",\"item\":\"https:\\\/\\\/poblenouurbandistrict.com\\\/ca\\\/\"},{\"@type\":\"ListItem\",\"position\":2,\"name\":\"Antoni Miralda inundar\u00e0 de llum el barri de Poblenou\"}]},{\"@type\":\"WebSite\",\"@id\":\"https:\\\/\\\/poblenouurbandistrict.com\\\/ca\\\/#website\",\"url\":\"https:\\\/\\\/poblenouurbandistrict.com\\\/ca\\\/\",\"name\":\"Poblenou Urban District\",\"description\":\"Comunitat Creativa\",\"potentialAction\":[{\"@type\":\"SearchAction\",\"target\":{\"@type\":\"EntryPoint\",\"urlTemplate\":\"https:\\\/\\\/poblenouurbandistrict.com\\\/ca\\\/?s={search_term_string}\"},\"query-input\":{\"@type\":\"PropertyValueSpecification\",\"valueRequired\":true,\"valueName\":\"search_term_string\"}}],\"inLanguage\":\"ca\"},{\"@type\":\"Person\",\"@id\":\"https:\\\/\\\/poblenouurbandistrict.com\\\/#\\\/schema\\\/person\\\/980a2cf34b399d5218205730acd54a7e\",\"name\":\"pnud\",\"image\":{\"@type\":\"ImageObject\",\"inLanguage\":\"ca\",\"@id\":\"https:\\\/\\\/secure.gravatar.com\\\/avatar\\\/67146597b405ee077a24e519f75c3e2031736596d6ce35af3a34c122c93d0d7b?s=96&d=retro&r=g\",\"url\":\"https:\\\/\\\/secure.gravatar.com\\\/avatar\\\/67146597b405ee077a24e519f75c3e2031736596d6ce35af3a34c122c93d0d7b?s=96&d=retro&r=g\",\"contentUrl\":\"https:\\\/\\\/secure.gravatar.com\\\/avatar\\\/67146597b405ee077a24e519f75c3e2031736596d6ce35af3a34c122c93d0d7b?s=96&d=retro&r=g\",\"caption\":\"pnud\"}}]}<\/script>\n<!-- \/ Yoast SEO plugin. -->","yoast_head_json":{"title":"Est\u00e0 passant Antoni Miralda inundar\u00e0 de llum el barri de Poblenou Poblenou Urban District Est\u00e0 passant Est\u00e0 passant","description":"El artista internacional, Antoni Miralda, inaugura este viernes 4 de febrero \u201cLa Formigonera del Poblenew. Balada per a un est\u00f3mac\u201d","robots":{"index":"index","follow":"follow","max-snippet":"max-snippet:-1","max-image-preview":"max-image-preview:large","max-video-preview":"max-video-preview:-1"},"canonical":"https:\/\/poblenouurbandistrict.com\/ca\/antoni-miralda-inundara-de-llum-el-barri-de-poblenou\/","og_locale":"ca_ES","og_type":"article","og_title":"Est\u00e0 passant Antoni Miralda inundar\u00e0 de llum el barri de Poblenou Poblenou Urban District Est\u00e0 passant Est\u00e0 passant","og_description":"El artista internacional, Antoni Miralda, inaugura este viernes 4 de febrero \u201cLa Formigonera del Poblenew. Balada per a un est\u00f3mac\u201d","og_url":"https:\/\/poblenouurbandistrict.com\/ca\/antoni-miralda-inundara-de-llum-el-barri-de-poblenou\/","og_site_name":"Poblenou Urban District","article_published_time":"2022-01-31T12:50:17+00:00","article_modified_time":"2022-02-03T12:29:49+00:00","og_image":[{"width":332,"height":408,"url":"https:\/\/poblenouurbandistrict.com\/wp-content\/uploads\/2022\/01\/captura-de-pantalla-2022-01-31-a-les-122119.png","type":"image\/jpeg"}],"author":"pnud","twitter_card":"summary_large_image","twitter_misc":{"Escrit per":"pnud","Temps estimat de lectura":"3 minuts"},"schema":{"@context":"https:\/\/schema.org","@graph":[{"@type":"Article","@id":"https:\/\/poblenouurbandistrict.com\/antoni-miralda-inundara-de-llum-el-barri-de-poblenou\/#article","isPartOf":{"@id":"https:\/\/poblenouurbandistrict.com\/antoni-miralda-inundara-de-llum-el-barri-de-poblenou\/"},"author":{"name":"pnud","@id":"https:\/\/poblenouurbandistrict.com\/#\/schema\/person\/980a2cf34b399d5218205730acd54a7e"},"headline":"Antoni Miralda inundar\u00e0 de llum el barri de Poblenou","datePublished":"2022-01-31T12:50:17+00:00","dateModified":"2022-02-03T12:29:49+00:00","mainEntityOfPage":{"@id":"https:\/\/poblenouurbandistrict.com\/antoni-miralda-inundara-de-llum-el-barri-de-poblenou\/"},"wordCount":854,"image":{"@id":"https:\/\/poblenouurbandistrict.com\/antoni-miralda-inundara-de-llum-el-barri-de-poblenou\/#primaryimage"},"thumbnailUrl":"https:\/\/media.poblenouurbandistrict.com\/2022\/01\/25044443\/captura-de-pantalla-2022-01-31-a-les-122119.jpg","articleSection":["Off Llum Bcn","Est\u00e0 passant"],"inLanguage":"ca"},{"@type":"WebPage","@id":"https:\/\/poblenouurbandistrict.com\/ca\/antoni-miralda-inundara-de-llum-el-barri-de-poblenou\/","url":"https:\/\/poblenouurbandistrict.com\/ca\/antoni-miralda-inundara-de-llum-el-barri-de-poblenou\/","name":"Est\u00e0 passant Antoni Miralda inundar\u00e0 de llum el barri de Poblenou Poblenou Urban District Est\u00e0 passant Est\u00e0 passant","isPartOf":{"@id":"https:\/\/poblenouurbandistrict.com\/ca\/#website"},"primaryImageOfPage":{"@id":"https:\/\/poblenouurbandistrict.com\/ca\/antoni-miralda-inundara-de-llum-el-barri-de-poblenou\/#primaryimage"},"image":{"@id":"https:\/\/poblenouurbandistrict.com\/antoni-miralda-inundara-de-llum-el-barri-de-poblenou\/#primaryimage"},"thumbnailUrl":"https:\/\/media.poblenouurbandistrict.com\/2022\/01\/25044443\/captura-de-pantalla-2022-01-31-a-les-122119.jpg","datePublished":"2022-01-31T12:50:17+00:00","dateModified":"2022-02-03T12:29:49+00:00","author":{"@id":"https:\/\/poblenouurbandistrict.com\/#\/schema\/person\/980a2cf34b399d5218205730acd54a7e"},"description":"El artista internacional, Antoni Miralda, inaugura este viernes 4 de febrero \u201cLa Formigonera del Poblenew. Balada per a un est\u00f3mac\u201d","breadcrumb":{"@id":"https:\/\/poblenouurbandistrict.com\/ca\/antoni-miralda-inundara-de-llum-el-barri-de-poblenou\/#breadcrumb"},"inLanguage":"ca","potentialAction":[{"@type":"ReadAction","target":[["https:\/\/poblenouurbandistrict.com\/ca\/antoni-miralda-inundara-de-llum-el-barri-de-poblenou\/"]]}]},{"@type":"ImageObject","inLanguage":"ca","@id":"https:\/\/poblenouurbandistrict.com\/ca\/antoni-miralda-inundara-de-llum-el-barri-de-poblenou\/#primaryimage","url":"https:\/\/media.poblenouurbandistrict.com\/2022\/01\/25044443\/captura-de-pantalla-2022-01-31-a-les-122119.jpg","contentUrl":"https:\/\/media.poblenouurbandistrict.com\/2022\/01\/25044443\/captura-de-pantalla-2022-01-31-a-les-122119.jpg","width":332,"height":408},{"@type":"BreadcrumbList","@id":"https:\/\/poblenouurbandistrict.com\/ca\/antoni-miralda-inundara-de-llum-el-barri-de-poblenou\/#breadcrumb","itemListElement":[{"@type":"ListItem","position":1,"name":"Home","item":"https:\/\/poblenouurbandistrict.com\/ca\/"},{"@type":"ListItem","position":2,"name":"Antoni Miralda inundar\u00e0 de llum el barri de Poblenou"}]},{"@type":"WebSite","@id":"https:\/\/poblenouurbandistrict.com\/ca\/#website","url":"https:\/\/poblenouurbandistrict.com\/ca\/","name":"Poblenou Urban District","description":"Comunitat Creativa","potentialAction":[{"@type":"SearchAction","target":{"@type":"EntryPoint","urlTemplate":"https:\/\/poblenouurbandistrict.com\/ca\/?s={search_term_string}"},"query-input":{"@type":"PropertyValueSpecification","valueRequired":true,"valueName":"search_term_string"}}],"inLanguage":"ca"},{"@type":"Person","@id":"https:\/\/poblenouurbandistrict.com\/#\/schema\/person\/980a2cf34b399d5218205730acd54a7e","name":"pnud","image":{"@type":"ImageObject","inLanguage":"ca","@id":"https:\/\/secure.gravatar.com\/avatar\/67146597b405ee077a24e519f75c3e2031736596d6ce35af3a34c122c93d0d7b?s=96&d=retro&r=g","url":"https:\/\/secure.gravatar.com\/avatar\/67146597b405ee077a24e519f75c3e2031736596d6ce35af3a34c122c93d0d7b?s=96&d=retro&r=g","contentUrl":"https:\/\/secure.gravatar.com\/avatar\/67146597b405ee077a24e519f75c3e2031736596d6ce35af3a34c122c93d0d7b?s=96&d=retro&r=g","caption":"pnud"}}]}},"_links":{"self":[{"href":"https:\/\/poblenouurbandistrict.com\/ca\/wp-json\/wp\/v2\/posts\/25763","targetHints":{"allow":["GET"]}}],"collection":[{"href":"https:\/\/poblenouurbandistrict.com\/ca\/wp-json\/wp\/v2\/posts"}],"about":[{"href":"https:\/\/poblenouurbandistrict.com\/ca\/wp-json\/wp\/v2\/types\/post"}],"author":[{"embeddable":true,"href":"https:\/\/poblenouurbandistrict.com\/ca\/wp-json\/wp\/v2\/users\/5"}],"replies":[{"embeddable":true,"href":"https:\/\/poblenouurbandistrict.com\/ca\/wp-json\/wp\/v2\/comments?post=25763"}],"version-history":[{"count":8,"href":"https:\/\/poblenouurbandistrict.com\/ca\/wp-json\/wp\/v2\/posts\/25763\/revisions"}],"predecessor-version":[{"id":25919,"href":"https:\/\/poblenouurbandistrict.com\/ca\/wp-json\/wp\/v2\/posts\/25763\/revisions\/25919"}],"wp:featuredmedia":[{"embeddable":true,"href":"https:\/\/poblenouurbandistrict.com\/ca\/wp-json\/wp\/v2\/media\/25764"}],"wp:attachment":[{"href":"https:\/\/poblenouurbandistrict.com\/ca\/wp-json\/wp\/v2\/media?parent=25763"}],"wp:term":[{"taxonomy":"category","embeddable":true,"href":"https:\/\/poblenouurbandistrict.com\/ca\/wp-json\/wp\/v2\/categories?post=25763"},{"taxonomy":"post_tag","embeddable":true,"href":"https:\/\/poblenouurbandistrict.com\/ca\/wp-json\/wp\/v2\/tags?post=25763"}],"curies":[{"name":"wp","href":"https:\/\/api.w.org\/{rel}","templated":true}]}}