{"id":25857,"date":"2022-02-03T10:16:21","date_gmt":"2022-02-03T09:16:21","guid":{"rendered":"https:\/\/poblenouurbandistrict.com\/?p=25857"},"modified":"2022-02-03T13:03:50","modified_gmt":"2022-02-03T12:03:50","slug":"els-restaurants-de-loff-llum-bcn-2022","status":"publish","type":"post","link":"https:\/\/poblenouurbandistrict.com\/ca\/els-restaurants-de-loff-llum-bcn-2022\/","title":{"rendered":"Els Restaurants de l&#8217;Off llum Bcn 2022"},"content":{"rendered":"<p><span style=\"color: #000000;\"><span style=\"font-weight: 400;\">Torna l\u2019<\/span><a style=\"color: #000000;\" href=\"https:\/\/poblenouurbandistrict.com\/es\/off-llum-bcn-2022\/\"><b>Off Llum Bcn<\/b><\/a><span style=\"font-weight: 400;\"> els propers 4, 5 i 6 de febrer de 18h a 00h al <\/span><b>Districte Cultural<\/b> <b>de Barcelona <\/b><span style=\"font-weight: 400;\">i per a l&#8217;ocasi\u00f3, els restaurants i bars de la comunitat del <\/span><b>Poblenou Urban District <\/b><span style=\"font-weight: 400;\">obriran les portes per proposar un gran ventall de propostes gastron\u00f2miques aix\u00ed com de cocteleria. No dubteu a fer una parada als restaurants del Districte Creatiu de Barcelona abans, durant o despr\u00e9s del teu recorregut lum\u00ednic.<\/span><\/span><\/p>\n<p>&nbsp;<\/p>\n<p><span style=\"color: #000000;\"><b>La Tavern\u00edcola | Divendres i dissabte: 12:30 a 00:30, diumenge: 12:30 a 22:00<\/b><\/span><\/p>\n<p><span style=\"color: #000000;\"><span style=\"font-weight: 400;\">Al carrer de Roc Boronat trobareu <\/span><a style=\"color: #000000;\" href=\"https:\/\/www.instagram.com\/latavernicola\/\"><b>La Tavern\u00edcola<\/b><\/a><span style=\"font-weight: 400;\">, el restaurant dels amants de la bona carn i de la producci\u00f3 ecol\u00f2gica, un lloc per gaudir exquisides carns argentines i nacionals, una \u00e0mplia selecci\u00f3 de vins, on tamb\u00e9 podreu degustar els deliciosos postres casolanes imprescindibles. Triar la carta et ser\u00e0 molt dif\u00edcil. Extremadament. Ho voldr\u00e0s tot!<\/span><\/span><\/p>\n<p><span style=\"color: #000000;\"><b><i>C\/ de Roc Boronat, 70<\/i><\/b><\/span><\/p>\n<p><span style=\"font-weight: 400; color: #000000;\">\u00a0<\/span><\/p>\n<h3><span style=\"color: #000000;\"><b>Sopa | <\/b><b><i>Divendres: 08:00 a 00:00, Dissabte: 10:00 a 00:00, Diumenge: 10:00 a 18:00<\/i><\/b><\/span><\/h3>\n<p><span style=\"color: #000000;\"><a style=\"color: #000000;\" href=\"https:\/\/www.instagram.com\/sopabarcelona\/\"><b>Sopa<\/b><\/a><span style=\"font-weight: 400;\"> \u00e9s sens dubte un dels millors restaurants vegans i vegetarians de Barcelona. El pilar de la cuina \u00e9s elaborar plats saborosos i saludables amb aliments ecol\u00f2gics i de proximitat. Promouen el respecte per la naturalesa i els moviments ecologistes com el comer\u00e7 just i l&#8217;economia sostenible. En el marc de l&#8217;<strong>Off Llum Bcn<\/strong> obriran amb horari extens i tindran, a partir de les 6 de la tarda, hamburgueses, frankfurts i bratwursts vegans, sopes, pasta amb salsa pesto, curri thai de verdures, hummus, patates braves, truites i quiches , pastissos casolans, cerveses, kombucha i altres refrescos saludables.<\/span><\/span><\/p>\n<p><span style=\"color: #000000;\"><b><i>C\/ de Roc Boronat, 114<\/i><\/b><\/span><\/p>\n<p><span style=\"font-weight: 400; color: #000000;\">\u00a0<\/span><\/p>\n<h3><span style=\"color: #000000;\"><b>Catacroquet | <\/b><b><i>Divendres i Dissabte: 13:00 a 00:30, Diumenge: 13:00 a 18:00<\/i><\/b><\/span><\/h3>\n<p><span style=\"color: #000000;\"><span style=\"font-weight: 400;\">A qui no li agraden les croquetes? A <\/span><a style=\"color: #000000;\" href=\"https:\/\/www.instagram.com\/catacroquet_group\/\"><b>Catacroquet<\/b><\/a><span style=\"font-weight: 400;\">\u00a0 trobar\u00e0s les millors croquetes que hagis tastat mai. Men\u00fas, tapes, m\u00fasica, afterworks i sol. La carta est\u00e0 dividida entre el croquetable i el no croquetable aix\u00ed que podr\u00e0s triar entre una gran varietat de croquetes i altres platerets.<\/span><\/span><\/p>\n<p><span style=\"color: #000000;\"><b><i>C\/ dels Almog\u00e0vers, 211<\/i><\/b><\/span><\/p>\n<p><span style=\"font-weight: 400; color: #000000;\">\u00a0<\/span><\/p>\n<h3><span style=\"color: #000000;\"><b>Van Van Var |Divendres i Dissabte<\/b><b><i>: 13:00 a 00:00\u00a0<\/i><\/b><\/span><\/h3>\n<p><span style=\"color: #000000;\"><span style=\"font-weight: 400;\">Un bar que canvia cada setmana? Una carta que nom\u00e9s dura 7 dies? Amb aquestes credencials el <\/span><a style=\"color: #000000;\" href=\"https:\/\/www.instagram.com\/vanvanvar\/\"><b>Van Van Var<\/b><\/a><span style=\"font-weight: 400;\"> es presenta com un dels bars m\u00e9s irreverents, interessants i divertits. Cada dilluns anuncia quin foodtruck pren el control temporal de la seva cuina i aquesta setmana toca a la Birrieria Dos Coyotes, la primera birreria de Barcelona.\u00a0<\/span><\/span><\/p>\n<p><span style=\"color: #000000;\"><b><i>C\/ de Pujades, 27<\/i><\/b><\/span><\/p>\n<p><span style=\"font-weight: 400; color: #000000;\">\u00a0<\/span><\/p>\n<h3><span style=\"color: #000000;\"><b>KOH Barcelona | <\/b><b><i>Divendres i Dissabte: 20:30 a 23:00, Diumenge: 13:00 a 16:00<\/i><\/b><\/span><\/h3>\n<p><span style=\"color: #000000;\"><span style=\"font-weight: 400;\">Si et ve m\u00e9s de gust la gastronomia asi\u00e0tica, <\/span><a style=\"color: #000000;\" href=\"https:\/\/www.instagram.com\/kohbarcelona\/\"><b>KOH<\/b><\/a><span style=\"font-weight: 400;\"> et deixar\u00e0 sense paraules: des de les gyozas fins al ramen, els rotllets o el curri, tot est\u00e0 escandalosament bo. Tot just guardonat amb un <strong>sol de la Guia Repsol<\/strong>, no pot faltar aquesta parada al teu recorregut lum\u00ednic.<\/span><\/span><\/p>\n<p><span style=\"color: #000000;\"><b><i>C\/ de Pujades, 133<\/i><\/b><\/span><\/p>\n<p><span style=\"font-weight: 400; color: #000000;\">\u00a0<\/span><\/p>\n<h3><span style=\"color: #000000;\"><b>KIBUKA | <\/b><b><i>Divendres i Dissabte: 13:00 a 00:00, Diumenge: 13:00 a 23:30<\/i><\/b><\/span><\/h3>\n<p><span style=\"color: #000000;\"><a style=\"color: #000000;\" href=\"https:\/\/www.instagram.com\/kibukallull\/\"><b>KIBUKA<\/b><\/a><span style=\"font-weight: 400;\">, el restaurant que us portar\u00e0 directe a T\u00f2quio amb la seva cuina japonesa de qualitat, us ofereix durant tota la setmana un horari de cuina ininterromput. Sushis, ramen, okonomiyaki, robata, yakimeshis i altres del\u00edcies amb influ\u00e8ncia occidental. No dubtis a visitar-los abans, durant o despr\u00e9s del teu recorregut de l&#8217;Off Llum Bcn.<\/span><\/span><\/p>\n<p><span style=\"color: #000000;\"><b><i>C\/ de Llull, 155<\/i><\/b><\/span><\/p>\n<p><span style=\"font-weight: 400; color: #000000;\">\u00a0<\/span><\/p>\n<h3><span style=\"color: #000000;\"><b>La Taquer\u00eda de Poblenou | <\/b><b><i>Divendres i Dissabte: 13:00 a 00:00, Diumenge: 13:00 a 23:30<\/i><\/b><\/span><\/h3>\n<p><span style=\"color: #000000;\"><span style=\"font-weight: 400;\">Per als amants del menjar mexic\u00e0 heu d&#8217;anar sens dubte a <\/span><a style=\"color: #000000;\" href=\"https:\/\/www.instagram.com\/lataqueriabcn\/\"><b>La Taquer\u00eda<\/b><\/a><span style=\"font-weight: 400;\">. Un projecte que neix de la idea de donar a con\u00e8ixer i reivindicar, com ho diu el seu esl\u00f2gan, la \u201cgastronomia de carrer mexic\u00e0\u201d i aix\u00ed, per fi tenir un aut\u00e8ntic <em>cachito<\/em> de M\u00e8xic a Barcelona.<\/span><\/span><\/p>\n<p><span style=\"color: #000000;\"><b><i>C\/ de Pujades, 172<\/i><\/b><\/span><\/p>\n<p><span style=\"font-weight: 400; color: #000000;\">\u00a0<\/span><\/p>\n<h3><span style=\"color: #000000;\"><b>Petit Bangkok | <\/b><b><i>Divendres i Dissabte: 20:00 a 22:30<\/i><\/b><\/span><\/h3>\n<p><span style=\"color: #000000;\"><span style=\"font-weight: 400;\">Encara no hem citat cap restaurant de menjar tailand\u00e8s i aquest no pot ser altre que el <\/span><a style=\"color: #000000;\" href=\"https:\/\/www.petitbangkok.com\/\"><b>Petit Bangkok<\/b><\/a><span style=\"font-weight: 400;\">, un aut\u00e8ntic menjar tailand\u00e8s. Una molt bona elecci\u00f3 per delectar-vos amb la seva carta. \u00c9s un secret de domini p\u00fablic.<\/span><\/span><\/p>\n<p><span style=\"color: #000000;\"><b><i>C\/ d&#8217;\u00c0vila, 87<\/i><\/b><\/span><\/p>\n<p><span style=\"font-weight: 400; color: #000000;\">\u00a0<\/span><\/p>\n<h3><span style=\"color: #000000;\"><b>Warike Project | <\/b><b><i>Divendres i Dissabte: 20:00 a 22:30, Diumenge: 13:00 a 16:00<\/i><\/b><\/span><\/h3>\n<p><span style=\"color: #000000;\"><span style=\"font-weight: 400;\">No podem deixar de nomenar <\/span><a style=\"color: #000000;\" href=\"https:\/\/www.instagram.com\/warikeproject\/\"><b>Warike Project<\/b><\/a><span style=\"font-weight: 400;\">. Un projecte de cuina peruana i de carrer. La seva passi\u00f3 \u00e9s cuinar respectant els sabors aut\u00e8ntics del Per\u00fa i amb la missi\u00f3 de compartir sabors incre\u00efbles. Realment \u00e9s aix\u00ed de simple.<\/span><\/span><\/p>\n<p><span style=\"color: #000000;\"><b><i>C\/ de Bilbao, 24, 28<\/i><\/b><\/span><\/p>\n<p><span style=\"font-weight: 400; color: #000000;\">\u00a0<\/span><\/p>\n<h3><span style=\"color: #000000;\"><b>Zanah Pasteles |Divendres i Dissabte<\/b><b><i>: 09:00 a 16:00<\/i><\/b><\/span><\/h3>\n<p><span style=\"color: #000000;\"><span style=\"font-weight: 400;\">Si el que et mou s\u00f3n aquests dissabtes dol\u00e7os amb pastisseria artesanal has d&#8217;anar a <\/span><a style=\"color: #000000;\" href=\"https:\/\/www.instagram.com\/zanahpasteles\/\"><b>Zanah Pasteles<\/b><\/a><span style=\"font-weight: 400;\">. Una curiosa botiga de pastissos, amb perfil internacional. Les seves receptes porten inspiracions nord-americanes, italianes i brasileres. Tot est\u00e0 fet a m\u00e0, aix\u00ed que no dubtis a visitar-los abans que comenci el teu recorregut de l\u2019<\/span><b>Off Llum Bcn<\/b><span style=\"font-weight: 400;\">!<\/span><\/span><\/p>\n<p>&nbsp;<\/p>\n<p><span style=\"color: #000000;\"><b><i>C\/ de Pamplona, 47<\/i><\/b><\/span><\/p>","protected":false},"excerpt":{"rendered":"<p>Torna l\u2019Off Llum Bcn els propers 4, 5 i 6 de febrer de 18h a 00h al Districte Cultural de&#8230; <a href=\"https:\/\/poblenouurbandistrict.com\/ca\/els-restaurants-de-loff-llum-bcn-2022\/\">M\u00e9s  \u2192<\/a><\/p>\n","protected":false},"author":5,"featured_media":25858,"comment_status":"closed","ping_status":"closed","sticky":false,"template":"","format":"standard","meta":{"_acf_changed":false,"footnotes":""},"categories":[3548,1,3353],"tags":[],"class_list":["post-25857","post","type-post","status-publish","format-standard","has-post-thumbnail","hentry","category-off-llum-bcn","category-noticias","category-gastronomia"],"acf":[],"yoast_head":"<!-- This site is optimized with the Yoast SEO plugin v27.4 - https:\/\/yoast.com\/product\/yoast-seo-wordpress\/ -->\n<title>Els Restaurants de l&#039;Off llum Bcn 2022 &#8211; Poblenou Urban District<\/title>\n<meta name=\"description\" content=\"No duden en hacer una parada en los restaurantes del Distrito Creativo antes, durante o despu\u00e9s de tu recorrido del Off Llum Bcn 2022.\" \/>\n<meta name=\"robots\" content=\"index, follow, max-snippet:-1, max-image-preview:large, max-video-preview:-1\" \/>\n<link rel=\"canonical\" href=\"https:\/\/poblenouurbandistrict.com\/ca\/els-restaurants-de-loff-llum-bcn-2022\/\" \/>\n<meta property=\"og:locale\" content=\"ca_ES\" \/>\n<meta property=\"og:type\" content=\"article\" \/>\n<meta property=\"og:title\" content=\"Els Restaurants de l&#039;Off llum Bcn 2022 &#8211; Poblenou Urban District\" \/>\n<meta property=\"og:description\" content=\"No duden en hacer una parada en los restaurantes del Distrito Creativo antes, durante o despu\u00e9s de tu recorrido del Off Llum Bcn 2022.\" \/>\n<meta property=\"og:url\" content=\"https:\/\/poblenouurbandistrict.com\/ca\/els-restaurants-de-loff-llum-bcn-2022\/\" \/>\n<meta property=\"og:site_name\" content=\"Poblenou Urban District\" \/>\n<meta property=\"article:published_time\" content=\"2022-02-03T09:16:21+00:00\" \/>\n<meta property=\"article:modified_time\" content=\"2022-02-03T12:03:50+00:00\" \/>\n<meta property=\"og:image\" content=\"https:\/\/poblenouurbandistrict.com\/wp-content\/uploads\/2022\/02\/6-640x427.png\" \/>\n\t<meta property=\"og:image:width\" content=\"640\" \/>\n\t<meta property=\"og:image:height\" content=\"427\" \/>\n\t<meta property=\"og:image:type\" content=\"image\/png\" \/>\n<meta name=\"author\" content=\"pnud\" \/>\n<meta name=\"twitter:card\" content=\"summary_large_image\" \/>\n<meta name=\"twitter:label1\" content=\"Escrit per\" \/>\n\t<meta name=\"twitter:data1\" content=\"pnud\" \/>\n\t<meta name=\"twitter:label2\" content=\"Temps estimat de lectura\" \/>\n\t<meta name=\"twitter:data2\" content=\"4 minuts\" \/>\n<script type=\"application\/ld+json\" class=\"yoast-schema-graph\">{\"@context\":\"https:\\\/\\\/schema.org\",\"@graph\":[{\"@type\":\"Article\",\"@id\":\"https:\\\/\\\/poblenouurbandistrict.com\\\/els-restaurants-de-loff-llum-bcn-2022\\\/#article\",\"isPartOf\":{\"@id\":\"https:\\\/\\\/poblenouurbandistrict.com\\\/els-restaurants-de-loff-llum-bcn-2022\\\/\"},\"author\":{\"name\":\"pnud\",\"@id\":\"https:\\\/\\\/poblenouurbandistrict.com\\\/#\\\/schema\\\/person\\\/980a2cf34b399d5218205730acd54a7e\"},\"headline\":\"Els Restaurants de l&#8217;Off llum Bcn 2022\",\"datePublished\":\"2022-02-03T09:16:21+00:00\",\"dateModified\":\"2022-02-03T12:03:50+00:00\",\"mainEntityOfPage\":{\"@id\":\"https:\\\/\\\/poblenouurbandistrict.com\\\/els-restaurants-de-loff-llum-bcn-2022\\\/\"},\"wordCount\":1570,\"image\":{\"@id\":\"https:\\\/\\\/poblenouurbandistrict.com\\\/els-restaurants-de-loff-llum-bcn-2022\\\/#primaryimage\"},\"thumbnailUrl\":\"https:\\\/\\\/poblenouurbandistrict.com\\\/wp-content\\\/uploads\\\/2022\\\/02\\\/6.jpg\",\"articleSection\":[\"Off Llum Bcn\",\"Est\u00e0 passant\",\"Gastronomia\"],\"inLanguage\":\"ca\"},{\"@type\":\"WebPage\",\"@id\":\"https:\\\/\\\/poblenouurbandistrict.com\\\/ca\\\/els-restaurants-de-loff-llum-bcn-2022\\\/\",\"url\":\"https:\\\/\\\/poblenouurbandistrict.com\\\/ca\\\/els-restaurants-de-loff-llum-bcn-2022\\\/\",\"name\":\"Els Restaurants de l'Off llum Bcn 2022 &#8211; Poblenou Urban District\",\"isPartOf\":{\"@id\":\"https:\\\/\\\/poblenouurbandistrict.com\\\/ca\\\/#website\"},\"primaryImageOfPage\":{\"@id\":\"https:\\\/\\\/poblenouurbandistrict.com\\\/ca\\\/els-restaurants-de-loff-llum-bcn-2022\\\/#primaryimage\"},\"image\":{\"@id\":\"https:\\\/\\\/poblenouurbandistrict.com\\\/els-restaurants-de-loff-llum-bcn-2022\\\/#primaryimage\"},\"thumbnailUrl\":\"https:\\\/\\\/poblenouurbandistrict.com\\\/wp-content\\\/uploads\\\/2022\\\/02\\\/6.jpg\",\"datePublished\":\"2022-02-03T09:16:21+00:00\",\"dateModified\":\"2022-02-03T12:03:50+00:00\",\"author\":{\"@id\":\"https:\\\/\\\/poblenouurbandistrict.com\\\/#\\\/schema\\\/person\\\/980a2cf34b399d5218205730acd54a7e\"},\"description\":\"No duden en hacer una parada en los restaurantes del Distrito Creativo antes, durante o despu\u00e9s de tu recorrido del Off Llum Bcn 2022.\",\"breadcrumb\":{\"@id\":\"https:\\\/\\\/poblenouurbandistrict.com\\\/ca\\\/els-restaurants-de-loff-llum-bcn-2022\\\/#breadcrumb\"},\"inLanguage\":\"ca\",\"potentialAction\":[{\"@type\":\"ReadAction\",\"target\":[[\"https:\\\/\\\/poblenouurbandistrict.com\\\/ca\\\/els-restaurants-de-loff-llum-bcn-2022\\\/\"]]}]},{\"@type\":\"ImageObject\",\"inLanguage\":\"ca\",\"@id\":\"https:\\\/\\\/poblenouurbandistrict.com\\\/ca\\\/els-restaurants-de-loff-llum-bcn-2022\\\/#primaryimage\",\"url\":\"https:\\\/\\\/poblenouurbandistrict.com\\\/wp-content\\\/uploads\\\/2022\\\/02\\\/6.jpg\",\"contentUrl\":\"https:\\\/\\\/poblenouurbandistrict.com\\\/wp-content\\\/uploads\\\/2022\\\/02\\\/6.jpg\",\"width\":1500,\"height\":1000},{\"@type\":\"BreadcrumbList\",\"@id\":\"https:\\\/\\\/poblenouurbandistrict.com\\\/ca\\\/els-restaurants-de-loff-llum-bcn-2022\\\/#breadcrumb\",\"itemListElement\":[{\"@type\":\"ListItem\",\"position\":1,\"name\":\"Home\",\"item\":\"https:\\\/\\\/poblenouurbandistrict.com\\\/ca\\\/\"},{\"@type\":\"ListItem\",\"position\":2,\"name\":\"Els Restaurants de l&#8217;Off llum Bcn 2022\"}]},{\"@type\":\"WebSite\",\"@id\":\"https:\\\/\\\/poblenouurbandistrict.com\\\/ca\\\/#website\",\"url\":\"https:\\\/\\\/poblenouurbandistrict.com\\\/ca\\\/\",\"name\":\"Poblenou Urban District\",\"description\":\"Comunitat Creativa\",\"potentialAction\":[{\"@type\":\"SearchAction\",\"target\":{\"@type\":\"EntryPoint\",\"urlTemplate\":\"https:\\\/\\\/poblenouurbandistrict.com\\\/ca\\\/?s={search_term_string}\"},\"query-input\":{\"@type\":\"PropertyValueSpecification\",\"valueRequired\":true,\"valueName\":\"search_term_string\"}}],\"inLanguage\":\"ca\"},{\"@type\":\"Person\",\"@id\":\"https:\\\/\\\/poblenouurbandistrict.com\\\/#\\\/schema\\\/person\\\/980a2cf34b399d5218205730acd54a7e\",\"name\":\"pnud\",\"image\":{\"@type\":\"ImageObject\",\"inLanguage\":\"ca\",\"@id\":\"https:\\\/\\\/secure.gravatar.com\\\/avatar\\\/67146597b405ee077a24e519f75c3e2031736596d6ce35af3a34c122c93d0d7b?s=96&d=retro&r=g\",\"url\":\"https:\\\/\\\/secure.gravatar.com\\\/avatar\\\/67146597b405ee077a24e519f75c3e2031736596d6ce35af3a34c122c93d0d7b?s=96&d=retro&r=g\",\"contentUrl\":\"https:\\\/\\\/secure.gravatar.com\\\/avatar\\\/67146597b405ee077a24e519f75c3e2031736596d6ce35af3a34c122c93d0d7b?s=96&d=retro&r=g\",\"caption\":\"pnud\"}}]}<\/script>\n<!-- \/ Yoast SEO plugin. -->","yoast_head_json":{"title":"Els Restaurants de l'Off llum Bcn 2022 &#8211; Poblenou Urban District","description":"No duden en hacer una parada en los restaurantes del Distrito Creativo antes, durante o despu\u00e9s de tu recorrido del Off Llum Bcn 2022.","robots":{"index":"index","follow":"follow","max-snippet":"max-snippet:-1","max-image-preview":"max-image-preview:large","max-video-preview":"max-video-preview:-1"},"canonical":"https:\/\/poblenouurbandistrict.com\/ca\/els-restaurants-de-loff-llum-bcn-2022\/","og_locale":"ca_ES","og_type":"article","og_title":"Els Restaurants de l'Off llum Bcn 2022 &#8211; Poblenou Urban District","og_description":"No duden en hacer una parada en los restaurantes del Distrito Creativo antes, durante o despu\u00e9s de tu recorrido del Off Llum Bcn 2022.","og_url":"https:\/\/poblenouurbandistrict.com\/ca\/els-restaurants-de-loff-llum-bcn-2022\/","og_site_name":"Poblenou Urban District","article_published_time":"2022-02-03T09:16:21+00:00","article_modified_time":"2022-02-03T12:03:50+00:00","og_image":[{"width":640,"height":427,"url":"https:\/\/poblenouurbandistrict.com\/wp-content\/uploads\/2022\/02\/6-640x427.png","type":"image\/png"}],"author":"pnud","twitter_card":"summary_large_image","twitter_misc":{"Escrit per":"pnud","Temps estimat de lectura":"4 minuts"},"schema":{"@context":"https:\/\/schema.org","@graph":[{"@type":"Article","@id":"https:\/\/poblenouurbandistrict.com\/els-restaurants-de-loff-llum-bcn-2022\/#article","isPartOf":{"@id":"https:\/\/poblenouurbandistrict.com\/els-restaurants-de-loff-llum-bcn-2022\/"},"author":{"name":"pnud","@id":"https:\/\/poblenouurbandistrict.com\/#\/schema\/person\/980a2cf34b399d5218205730acd54a7e"},"headline":"Els Restaurants de l&#8217;Off llum Bcn 2022","datePublished":"2022-02-03T09:16:21+00:00","dateModified":"2022-02-03T12:03:50+00:00","mainEntityOfPage":{"@id":"https:\/\/poblenouurbandistrict.com\/els-restaurants-de-loff-llum-bcn-2022\/"},"wordCount":1570,"image":{"@id":"https:\/\/poblenouurbandistrict.com\/els-restaurants-de-loff-llum-bcn-2022\/#primaryimage"},"thumbnailUrl":"https:\/\/poblenouurbandistrict.com\/wp-content\/uploads\/2022\/02\/6.jpg","articleSection":["Off Llum Bcn","Est\u00e0 passant","Gastronomia"],"inLanguage":"ca"},{"@type":"WebPage","@id":"https:\/\/poblenouurbandistrict.com\/ca\/els-restaurants-de-loff-llum-bcn-2022\/","url":"https:\/\/poblenouurbandistrict.com\/ca\/els-restaurants-de-loff-llum-bcn-2022\/","name":"Els Restaurants de l'Off llum Bcn 2022 &#8211; Poblenou Urban District","isPartOf":{"@id":"https:\/\/poblenouurbandistrict.com\/ca\/#website"},"primaryImageOfPage":{"@id":"https:\/\/poblenouurbandistrict.com\/ca\/els-restaurants-de-loff-llum-bcn-2022\/#primaryimage"},"image":{"@id":"https:\/\/poblenouurbandistrict.com\/els-restaurants-de-loff-llum-bcn-2022\/#primaryimage"},"thumbnailUrl":"https:\/\/poblenouurbandistrict.com\/wp-content\/uploads\/2022\/02\/6.jpg","datePublished":"2022-02-03T09:16:21+00:00","dateModified":"2022-02-03T12:03:50+00:00","author":{"@id":"https:\/\/poblenouurbandistrict.com\/#\/schema\/person\/980a2cf34b399d5218205730acd54a7e"},"description":"No duden en hacer una parada en los restaurantes del Distrito Creativo antes, durante o despu\u00e9s de tu recorrido del Off Llum Bcn 2022.","breadcrumb":{"@id":"https:\/\/poblenouurbandistrict.com\/ca\/els-restaurants-de-loff-llum-bcn-2022\/#breadcrumb"},"inLanguage":"ca","potentialAction":[{"@type":"ReadAction","target":[["https:\/\/poblenouurbandistrict.com\/ca\/els-restaurants-de-loff-llum-bcn-2022\/"]]}]},{"@type":"ImageObject","inLanguage":"ca","@id":"https:\/\/poblenouurbandistrict.com\/ca\/els-restaurants-de-loff-llum-bcn-2022\/#primaryimage","url":"https:\/\/poblenouurbandistrict.com\/wp-content\/uploads\/2022\/02\/6.jpg","contentUrl":"https:\/\/poblenouurbandistrict.com\/wp-content\/uploads\/2022\/02\/6.jpg","width":1500,"height":1000},{"@type":"BreadcrumbList","@id":"https:\/\/poblenouurbandistrict.com\/ca\/els-restaurants-de-loff-llum-bcn-2022\/#breadcrumb","itemListElement":[{"@type":"ListItem","position":1,"name":"Home","item":"https:\/\/poblenouurbandistrict.com\/ca\/"},{"@type":"ListItem","position":2,"name":"Els Restaurants de l&#8217;Off llum Bcn 2022"}]},{"@type":"WebSite","@id":"https:\/\/poblenouurbandistrict.com\/ca\/#website","url":"https:\/\/poblenouurbandistrict.com\/ca\/","name":"Poblenou Urban District","description":"Comunitat Creativa","potentialAction":[{"@type":"SearchAction","target":{"@type":"EntryPoint","urlTemplate":"https:\/\/poblenouurbandistrict.com\/ca\/?s={search_term_string}"},"query-input":{"@type":"PropertyValueSpecification","valueRequired":true,"valueName":"search_term_string"}}],"inLanguage":"ca"},{"@type":"Person","@id":"https:\/\/poblenouurbandistrict.com\/#\/schema\/person\/980a2cf34b399d5218205730acd54a7e","name":"pnud","image":{"@type":"ImageObject","inLanguage":"ca","@id":"https:\/\/secure.gravatar.com\/avatar\/67146597b405ee077a24e519f75c3e2031736596d6ce35af3a34c122c93d0d7b?s=96&d=retro&r=g","url":"https:\/\/secure.gravatar.com\/avatar\/67146597b405ee077a24e519f75c3e2031736596d6ce35af3a34c122c93d0d7b?s=96&d=retro&r=g","contentUrl":"https:\/\/secure.gravatar.com\/avatar\/67146597b405ee077a24e519f75c3e2031736596d6ce35af3a34c122c93d0d7b?s=96&d=retro&r=g","caption":"pnud"}}]}},"_links":{"self":[{"href":"https:\/\/poblenouurbandistrict.com\/ca\/wp-json\/wp\/v2\/posts\/25857","targetHints":{"allow":["GET"]}}],"collection":[{"href":"https:\/\/poblenouurbandistrict.com\/ca\/wp-json\/wp\/v2\/posts"}],"about":[{"href":"https:\/\/poblenouurbandistrict.com\/ca\/wp-json\/wp\/v2\/types\/post"}],"author":[{"embeddable":true,"href":"https:\/\/poblenouurbandistrict.com\/ca\/wp-json\/wp\/v2\/users\/5"}],"replies":[{"embeddable":true,"href":"https:\/\/poblenouurbandistrict.com\/ca\/wp-json\/wp\/v2\/comments?post=25857"}],"version-history":[{"count":7,"href":"https:\/\/poblenouurbandistrict.com\/ca\/wp-json\/wp\/v2\/posts\/25857\/revisions"}],"predecessor-version":[{"id":25913,"href":"https:\/\/poblenouurbandistrict.com\/ca\/wp-json\/wp\/v2\/posts\/25857\/revisions\/25913"}],"wp:featuredmedia":[{"embeddable":true,"href":"https:\/\/poblenouurbandistrict.com\/ca\/wp-json\/wp\/v2\/media\/25858"}],"wp:attachment":[{"href":"https:\/\/poblenouurbandistrict.com\/ca\/wp-json\/wp\/v2\/media?parent=25857"}],"wp:term":[{"taxonomy":"category","embeddable":true,"href":"https:\/\/poblenouurbandistrict.com\/ca\/wp-json\/wp\/v2\/categories?post=25857"},{"taxonomy":"post_tag","embeddable":true,"href":"https:\/\/poblenouurbandistrict.com\/ca\/wp-json\/wp\/v2\/tags?post=25857"}],"curies":[{"name":"wp","href":"https:\/\/api.w.org\/{rel}","templated":true}]}}