{"id":25870,"date":"2022-02-03T10:41:27","date_gmt":"2022-02-03T09:41:27","guid":{"rendered":"https:\/\/poblenouurbandistrict.com\/?p=25870"},"modified":"2022-02-03T13:10:08","modified_gmt":"2022-02-03T12:10:08","slug":"els-espais-de-poblenou-urban-district-que-participen-al-festival-llum-bcn","status":"publish","type":"post","link":"https:\/\/poblenouurbandistrict.com\/ca\/els-espais-de-poblenou-urban-district-que-participen-al-festival-llum-bcn\/","title":{"rendered":"Els espais de Poblenou Urban District que participen al Festival Llum Bcn"},"content":{"rendered":"<p>Els pr\u00f2xims 4, 5 i 6 de febrer, el <span style=\"color: #000000;\"><a style=\"color: #000000;\" href=\"https:\/\/www.barcelona.cat\/llumbcn\/\"><strong>Festival d&#8217;Arts Lum\u00edniques Llum BCN<\/strong> <\/a><\/span>tornar\u00e0 a brillar amb m\u00e9s for\u00e7a que mai al <strong>Districte Creatiu de Barcelona<\/strong>. Han convocat, un any m\u00e9s, els creadors i creadores internacionals m\u00e9s brillants, que, units als millors artistes catalans, convertiran el barri del Poblenou en un laboratori urb\u00e0 que desafiar\u00e0 els sentits i marcar\u00e0 les futures tend\u00e8ncies al m\u00f3n de l&#8217;art, el disseny, la il\u00b7luminaci\u00f3 urbana i la participaci\u00f3 ciutadana.<\/p>\n<p>A m\u00e9s d&#8217;aquests reconeguts artistes, <strong>Llum BCN<\/strong> torna a brindar espai als artistes emergents. Al <strong>Parc del Centre del Poblenou<\/strong> es podran veure les 16 instal\u00b7lacions que formen part de projectes desenvolupats per diferents escoles d&#8217;art, disseny, il\u00b7luminaci\u00f3 i arquitectura de la ciutat.<\/p>\n<p><strong>Mirem-nos<\/strong> (Facultat de Belles Arts. Universitat de Barcelona. Grup de recerca Brac), <strong>Duality<\/strong> (BAU, Centre Universitari d&#8217;Arts i Disseny de Barcelona), <strong>Cuques de llum<\/strong> (Escola la Massana), <strong>Ren\u00e9ixer<\/strong> (UPC School-CCCB. M\u00e0ster en Disseny i Producci\u00f3 d&#8217;Espais), <strong>Spiral<\/strong> (ETSALS, Escola T\u00e8cnica Superior d&#8217;Arquitectura La Salle), <strong>Pixel(ats)<\/strong> (UPC School. M\u00e0ster de Lighting Design), <strong>Sinapsi<\/strong> (ESDAP Catalunya. Campus Dei\u00e0), <strong>Hogar<\/strong> (ETSAB-UPC, Escola T\u00e8cnica Superior d&#8217;Arquitectura de Barcelona),<strong> Lux(e)<\/strong> (ESDi. Escola Superior de Disseny), <strong>Nedant en pl\u00e0stic<\/strong> (UIC Barcelona School of Architecture), <strong>Reborn<\/strong> (LCI Barcelona), <strong>Aigua invisible<\/strong> (IAAC, Institut d&#8217;Arquitectura Avan\u00e7ada de Catalunya) ), <strong>A Nature<\/strong> (Elisava, Escola Universit\u00e0ria de Disseny i Enginyeria de Barcelona), <strong>Entel\u00e8quia<\/strong> (ESDAP Catalunya. Campus Llotja), <strong>Niar<\/strong> (Institut del Teatre. ESAD),<strong> Treequency<\/strong> (IED Barcelona Centre Superior de Disseny), <strong>Limbo<\/strong> (Antoni Arola).<\/p>\n<p>Des del<span style=\"color: #000000;\"><strong> <a style=\"color: #000000;\" href=\"https:\/\/poblenouurbandistrict.com\/off-llum-bcn-2022\/\" target=\"_blank\" rel=\"noopener\">Poblenou Urban District<\/a>,<\/strong><\/span> us recomanem visitar les instal\u00b7lacions de la comunitat del <strong>Districte Creatiu<\/strong>. Aquest any, el p\u00fablic tindr\u00e0 l&#8217;oportunitat de veure obres lum\u00edniques que no us deixaran indiferent dels espais seg\u00fcents: <strong>Disseny Hub Barcelona<\/strong>, \u200b\u200b<strong>ProtoPixel<\/strong>, <strong>BAU<\/strong> (Centre Universitari de Disseny) i <strong>IAAC<\/strong> (Institut d\u2019Arquitectura Avan\u00e7ada de Catalunya). A continuaci\u00f3 us expliquem m\u00e9s detalladament cada instal\u00b7laci\u00f3:<\/p>\n<p>&nbsp;<\/p>\n<p><strong>Disseny Hub Barcelona<\/strong><\/p>\n<ul>\n<li>\u201c<strong>Faces of ImageNet\u201d<\/strong> de Trevor Paglen<\/li>\n<\/ul>\n<p>Disseny Hub, Pl. de Josep Antoni Coderch<\/p>\n<p>&#8220;Faces of ImageNet&#8221; \u00e9s un toc d&#8217;atenci\u00f3 sobre els perills de la intel\u00b7lig\u00e8ncia artificial que fa refer\u00e8ncia a la base de dades ImageNet, una col\u00b7lecci\u00f3 de m\u00e9s de catorze milions d&#8217;imatges dividides i utilitzades en l&#8217;aprenentatge de la intel\u00b7lig\u00e8ncia artificial i els algorismes de visi\u00f3 per ordinador. La instal\u00b7laci\u00f3 interactiva captura la cara dels participants situats davant una c\u00e0mera i projecta sobre la fa\u00e7ana les etiquetes amb qu\u00e8 els algoritmes d&#8217;aprenentatge de ImageNet les classifiquen. Els resultats no sempre s\u00f3n afalagadors i poden revelar biaixos profunds, prejudicis, racisme i premisses pseudocient\u00edfiques que impregnen molts sistemes d&#8217;intel\u00b7lig\u00e8ncia artificial.<\/p>\n<p>&nbsp;<\/p>\n<ul>\n<li>\u201c<strong>OSC-B<\/strong>\u201d d&#8217;Ulf Langheinrich<\/li>\n<\/ul>\n<p>Disseny Hub, Jardins d&#8217;Elisava, C. \u00c0vila, 173<\/p>\n<p>Les imatges d&#8217;una gran pantalla LED que s&#8217;erigeix \u200b\u200bsobre l&#8217;estany del Museu del Disseny es reflecteixen sobre l&#8217;aigua que es mou per efecte del vent. Les imatges reflectides es reconfiguren per la interfer\u00e8ncia dels diversos patrons d&#8217;ones originats per l&#8217;ondulaci\u00f3 natural de l&#8217;aigua.<\/p>\n<p>El resultat visual ve determinat per patrons repetitius, principalment de l\u00ednies i sorolls lum\u00ednics, els quals es modulen al mirall format per la superf\u00edcie de l&#8217;aigua i creen patrons encara m\u00e9s complexos.<\/p>\n<p>&nbsp;<\/p>\n<ul>\n<li><strong>&#8220;Data Heartbrea&#8221;<\/strong>\u00a0de Domestic Data Streamers<\/li>\n<\/ul>\n<p>Disseny Hub, Sala A.1, C. \u00c0vila, 173<\/p>\n<p>Cada segon s&#8217;escriuen 6.000 tuits, s&#8217;envien m\u00e9s de 740.000 missatges de WhatsApp i es creen 694 publicacions a Instagram. Davant d&#8217;aquesta allau d&#8217;informaci\u00f3, els darrers estudis afirmen que la capacitat de concentraci\u00f3 humana est\u00e0 ara mateix en uns 8 segons, i aquesta xifra es redueix any rere any. Data Heartbreak, creada espec\u00edficament per a Llum BCN 2022, \u00e9s una exploraci\u00f3 lum\u00ednica sobre la intoxicaci\u00f3, l&#8217;apatia i la import\u00e0ncia de les dades.<\/p>\n<p>Aquesta instal\u00b7laci\u00f3 lum\u00ednica no \u00e9s recomanable per a persones amb problemes d&#8217;epil\u00e8psia o sensibilitat visual.<\/p>\n<p>&nbsp;<\/p>\n<ul>\n<li><strong>&#8220;Row&#8221;<\/strong> de Tundra<\/li>\n<\/ul>\n<p>Disseny Hub, Sala A Passad\u00eds, C. \u00c0vila, 173<\/p>\n<p>&#8220;Row&#8221; \u00e9s un vector modular i escalable de projectors hologr\u00e0fics que poden formar l\u00ednies de la forma i longitud que es vulgui. Els projectors tradueixen el so ambiental en imatges que es repeteixen una darrere l&#8217;altra amb un lleu retard, reproduint un ress\u00f2 visual que reflecteix les caracter\u00edstiques de l&#8217;espai on s&#8217;instal\u00b7len els projectors.<\/p>\n<p>&nbsp;<\/p>\n<p><strong>ProtoPixel<\/strong><\/p>\n<ul>\n<li>\u201c<strong>Mix &amp; Match<\/strong>\u201d de ProtoPixel<\/li>\n<\/ul>\n<p>Torre Gl\u00f2ries, Av. Diagonal, 211 &#8211; Pl. de Santiago Pey<\/p>\n<p>Es tracta d&#8217;una obra col\u00b7lectiva que el p\u00fablic del Festival Llum BCN crea sobre la il\u00b7luminaci\u00f3 de la torre Gl\u00f2ries, utilitzant quatre tauletes interactives amb les que podeu seleccionar diferents patrons de llum per confeccionar\u00a0una \u00fanica composici\u00f3 lum\u00ednica de la torre i, alhora, generar canvis sobre el resultat.<\/p>\n<p>&nbsp;<\/p>\n<p><strong>BAU Centre Universitari de Disseny<\/strong><\/p>\n<ul>\n<li>\u201c<strong>Espectre\u201d<\/strong> de Mariona Benedito (professora del Grau en Disseny a BAU) + Cube.bz<\/li>\n<\/ul>\n<p>Castella, 5<\/p>\n<p>&#8220;Espectre&#8221; d&#8217;una antiga central transformadora d&#8217;energia el\u00e8ctrica que alimentava f\u00e0briques i tallers del Poblenou industrial. Freq\u00fc\u00e8ncies que es converteixen en narrativa sonora i lum\u00ednica que interpel\u00b7la la mem\u00f2ria del que ja no hi \u00e9s.<\/p>\n<p>Foscor encegadora, retenci\u00f3 retinal, percepci\u00f3 subliminaR, controv\u00e8rsia conceptual, sinest\u00e8sia audiovisual, brutalisme lum\u00ednic, white darkness, mem\u00f2ria sensorial i est\u00edmuls complementaris, entre d&#8217;altres, s\u00f3n conceptes i eines utilitzades en la creaci\u00f3 d&#8217;aquest poema visual, met\u00e0fora d&#8217;un passat for\u00e7a recent.<\/p>\n<p><span style=\"text-decoration: underline;\"><span style=\"color: #000000; text-decoration: underline;\">Aquesta instal\u00b7laci\u00f3 lum\u00ednica no \u00e9s recomanable per a persones amb problemes d&#8217;epil\u00e8psia o sensibilitat visual.<\/span><\/span><\/p>\n<p>&nbsp;<\/p>\n<ul>\n<li><strong>&#8220;Duality&#8221;<\/strong> d&#8217;alumnes de BAU<\/li>\n<\/ul>\n<p>Parc del Centre del Poblenou, Av. Diagonal, 130<\/p>\n<p>Al llarg dels anys, amb l&#8217;excusa del \u201cprogr\u00e9s\u201d, hem explotat tants recursos naturals com hem pogut, sense consci\u00e8ncia ni responsabilitat. &#8220;Duality&#8221; \u00e9s un crit d&#8217;auxili de la mare terra. Un relat sobre l&#8217;espoli dels recursos que reflecteix el m\u00f3n que deixem enrere. Una narraci\u00f3 lum\u00ednica immersiva en qu\u00e8 el p\u00fablic se situa al centre d&#8217;una reflexi\u00f3 autocr\u00edtica: \u00e9s massa tard per tornar tot all\u00f2 que ens hem apropiat?<\/p>\n<p>&nbsp;<\/p>\n<p><strong>IAAC Institut d\u2019Arquitectura Avan\u00e7ada de Catalunya<\/strong><\/p>\n<ul>\n<li><strong>&#8220;Aigua Invisible&#8221;<\/strong> d&#8217;alumnes de l&#8217;IAAC<\/li>\n<\/ul>\n<p>Parc del Centre del Poblenou, Av. Diagonal, 116<\/p>\n<p>L&#8217;aigua \u00e9s el nucli de la vida. Forma part de la cadena de producci\u00f3 de la majoria dels objectes quotidians, des de b\u00e9ns de consum fins a l&#8217;energia que consumim, per\u00f2 sobretot s&#8217;amaga en el proc\u00e9s de producci\u00f3 dels nostres aliments. L&#8217;aigua deixa petjades al nostre voltant; algunes s\u00f3n dif\u00edcils de veure. Deixa que la llum et mostri qu\u00e8 s&#8217;amaga darrere el tel\u00f3. Et convidem a veure all\u00f2 invisible. Gaudeix de l&#8217;espectacle i apr\u00e8n m\u00e9s coses sobre la \u201cpetjada h\u00eddrica\u201d.<\/p>\n<p>&nbsp;<\/p>","protected":false},"excerpt":{"rendered":"<p>Els pr\u00f2xims 4, 5 i 6 de febrer, el Festival d&#8217;Arts Lum\u00edniques Llum BCN tornar\u00e0 a brillar amb m\u00e9s for\u00e7a&#8230; <a href=\"https:\/\/poblenouurbandistrict.com\/ca\/els-espais-de-poblenou-urban-district-que-participen-al-festival-llum-bcn\/\">M\u00e9s  \u2192<\/a><\/p>\n","protected":false},"author":5,"featured_media":25888,"comment_status":"closed","ping_status":"closed","sticky":false,"template":"","format":"standard","meta":{"_acf_changed":false,"footnotes":""},"categories":[3548,1],"tags":[],"class_list":["post-25870","post","type-post","status-publish","format-standard","has-post-thumbnail","hentry","category-off-llum-bcn","category-noticias"],"acf":[],"yoast_head":"<!-- This site is optimized with the Yoast SEO plugin v27.5 - https:\/\/yoast.com\/product\/yoast-seo-wordpress\/ -->\n<title>Est\u00e0 passant Poblenou Urban District Est\u00e0 passant &#8211; Est\u00e0 passant<\/title>\n<meta name=\"description\" content=\"Los pr\u00f3ximos 4, 5 y 6 de febrero, el Festival de Artes Lum\u00ednicas Llum BCN volver\u00e1 a brillar con m\u00e1s fuerza que nunca.\" \/>\n<meta name=\"robots\" content=\"index, follow, max-snippet:-1, max-image-preview:large, max-video-preview:-1\" \/>\n<link rel=\"canonical\" href=\"https:\/\/poblenouurbandistrict.com\/ca\/els-espais-de-poblenou-urban-district-que-participen-al-festival-llum-bcn\/\" \/>\n<meta property=\"og:locale\" content=\"ca_ES\" \/>\n<meta property=\"og:type\" content=\"article\" \/>\n<meta property=\"og:title\" content=\"Est\u00e0 passant Poblenou Urban District Est\u00e0 passant &#8211; Est\u00e0 passant\" \/>\n<meta property=\"og:description\" content=\"Los pr\u00f3ximos 4, 5 y 6 de febrero, el Festival de Artes Lum\u00ednicas Llum BCN volver\u00e1 a brillar con m\u00e1s fuerza que nunca.\" \/>\n<meta property=\"og:url\" content=\"https:\/\/poblenouurbandistrict.com\/ca\/els-espais-de-poblenou-urban-district-que-participen-al-festival-llum-bcn\/\" \/>\n<meta property=\"og:site_name\" content=\"Poblenou Urban District\" \/>\n<meta property=\"article:published_time\" content=\"2022-02-03T09:41:27+00:00\" \/>\n<meta property=\"article:modified_time\" content=\"2022-02-03T12:10:08+00:00\" \/>\n<meta property=\"og:image\" content=\"https:\/\/poblenouurbandistrict.com\/wp-content\/uploads\/2022\/02\/2-2.png\" \/>\n\t<meta property=\"og:image:width\" content=\"1500\" \/>\n\t<meta property=\"og:image:height\" content=\"1000\" \/>\n\t<meta property=\"og:image:type\" content=\"image\/png\" \/>\n<meta name=\"author\" content=\"pnud\" \/>\n<meta name=\"twitter:card\" content=\"summary_large_image\" \/>\n<meta name=\"twitter:label1\" content=\"Escrit per\" \/>\n\t<meta name=\"twitter:data1\" content=\"pnud\" \/>\n\t<meta name=\"twitter:label2\" content=\"Temps estimat de lectura\" \/>\n\t<meta name=\"twitter:data2\" content=\"6 minuts\" \/>\n<script type=\"application\/ld+json\" class=\"yoast-schema-graph\">{\"@context\":\"https:\\\/\\\/schema.org\",\"@graph\":[{\"@type\":\"Article\",\"@id\":\"https:\\\/\\\/poblenouurbandistrict.com\\\/els-espais-de-poblenou-urban-district-que-participen-al-festival-llum-bcn\\\/#article\",\"isPartOf\":{\"@id\":\"https:\\\/\\\/poblenouurbandistrict.com\\\/els-espais-de-poblenou-urban-district-que-participen-al-festival-llum-bcn\\\/\"},\"author\":{\"name\":\"pnud\",\"@id\":\"https:\\\/\\\/poblenouurbandistrict.com\\\/#\\\/schema\\\/person\\\/980a2cf34b399d5218205730acd54a7e\"},\"headline\":\"Els espais de Poblenou Urban District que participen al Festival Llum Bcn\",\"datePublished\":\"2022-02-03T09:41:27+00:00\",\"dateModified\":\"2022-02-03T12:10:08+00:00\",\"mainEntityOfPage\":{\"@id\":\"https:\\\/\\\/poblenouurbandistrict.com\\\/els-espais-de-poblenou-urban-district-que-participen-al-festival-llum-bcn\\\/\"},\"wordCount\":2369,\"image\":{\"@id\":\"https:\\\/\\\/poblenouurbandistrict.com\\\/els-espais-de-poblenou-urban-district-que-participen-al-festival-llum-bcn\\\/#primaryimage\"},\"thumbnailUrl\":\"https:\\\/\\\/poblenouurbandistrict.com\\\/wp-content\\\/uploads\\\/2022\\\/02\\\/2-2.jpg\",\"articleSection\":[\"Off Llum Bcn\",\"Est\u00e0 passant\"],\"inLanguage\":\"ca\"},{\"@type\":\"WebPage\",\"@id\":\"https:\\\/\\\/poblenouurbandistrict.com\\\/ca\\\/els-espais-de-poblenou-urban-district-que-participen-al-festival-llum-bcn\\\/\",\"url\":\"https:\\\/\\\/poblenouurbandistrict.com\\\/ca\\\/els-espais-de-poblenou-urban-district-que-participen-al-festival-llum-bcn\\\/\",\"name\":\"Est\u00e0 passant Poblenou Urban District Est\u00e0 passant &#8211; Est\u00e0 passant\",\"isPartOf\":{\"@id\":\"https:\\\/\\\/poblenouurbandistrict.com\\\/ca\\\/#website\"},\"primaryImageOfPage\":{\"@id\":\"https:\\\/\\\/poblenouurbandistrict.com\\\/ca\\\/els-espais-de-poblenou-urban-district-que-participen-al-festival-llum-bcn\\\/#primaryimage\"},\"image\":{\"@id\":\"https:\\\/\\\/poblenouurbandistrict.com\\\/els-espais-de-poblenou-urban-district-que-participen-al-festival-llum-bcn\\\/#primaryimage\"},\"thumbnailUrl\":\"https:\\\/\\\/poblenouurbandistrict.com\\\/wp-content\\\/uploads\\\/2022\\\/02\\\/2-2.jpg\",\"datePublished\":\"2022-02-03T09:41:27+00:00\",\"dateModified\":\"2022-02-03T12:10:08+00:00\",\"author\":{\"@id\":\"https:\\\/\\\/poblenouurbandistrict.com\\\/#\\\/schema\\\/person\\\/980a2cf34b399d5218205730acd54a7e\"},\"description\":\"Los pr\u00f3ximos 4, 5 y 6 de febrero, el Festival de Artes Lum\u00ednicas Llum BCN volver\u00e1 a brillar con m\u00e1s fuerza que nunca.\",\"breadcrumb\":{\"@id\":\"https:\\\/\\\/poblenouurbandistrict.com\\\/ca\\\/els-espais-de-poblenou-urban-district-que-participen-al-festival-llum-bcn\\\/#breadcrumb\"},\"inLanguage\":\"ca\",\"potentialAction\":[{\"@type\":\"ReadAction\",\"target\":[[\"https:\\\/\\\/poblenouurbandistrict.com\\\/ca\\\/els-espais-de-poblenou-urban-district-que-participen-al-festival-llum-bcn\\\/\"]]}]},{\"@type\":\"ImageObject\",\"inLanguage\":\"ca\",\"@id\":\"https:\\\/\\\/poblenouurbandistrict.com\\\/ca\\\/els-espais-de-poblenou-urban-district-que-participen-al-festival-llum-bcn\\\/#primaryimage\",\"url\":\"https:\\\/\\\/poblenouurbandistrict.com\\\/wp-content\\\/uploads\\\/2022\\\/02\\\/2-2.jpg\",\"contentUrl\":\"https:\\\/\\\/poblenouurbandistrict.com\\\/wp-content\\\/uploads\\\/2022\\\/02\\\/2-2.jpg\",\"width\":1500,\"height\":1000},{\"@type\":\"BreadcrumbList\",\"@id\":\"https:\\\/\\\/poblenouurbandistrict.com\\\/ca\\\/els-espais-de-poblenou-urban-district-que-participen-al-festival-llum-bcn\\\/#breadcrumb\",\"itemListElement\":[{\"@type\":\"ListItem\",\"position\":1,\"name\":\"Home\",\"item\":\"https:\\\/\\\/poblenouurbandistrict.com\\\/ca\\\/\"},{\"@type\":\"ListItem\",\"position\":2,\"name\":\"Els espais de Poblenou Urban District que participen al Festival Llum Bcn\"}]},{\"@type\":\"WebSite\",\"@id\":\"https:\\\/\\\/poblenouurbandistrict.com\\\/ca\\\/#website\",\"url\":\"https:\\\/\\\/poblenouurbandistrict.com\\\/ca\\\/\",\"name\":\"Poblenou Urban District\",\"description\":\"Comunitat Creativa\",\"potentialAction\":[{\"@type\":\"SearchAction\",\"target\":{\"@type\":\"EntryPoint\",\"urlTemplate\":\"https:\\\/\\\/poblenouurbandistrict.com\\\/ca\\\/?s={search_term_string}\"},\"query-input\":{\"@type\":\"PropertyValueSpecification\",\"valueRequired\":true,\"valueName\":\"search_term_string\"}}],\"inLanguage\":\"ca\"},{\"@type\":\"Person\",\"@id\":\"https:\\\/\\\/poblenouurbandistrict.com\\\/#\\\/schema\\\/person\\\/980a2cf34b399d5218205730acd54a7e\",\"name\":\"pnud\",\"image\":{\"@type\":\"ImageObject\",\"inLanguage\":\"ca\",\"@id\":\"https:\\\/\\\/secure.gravatar.com\\\/avatar\\\/67146597b405ee077a24e519f75c3e2031736596d6ce35af3a34c122c93d0d7b?s=96&d=retro&r=g\",\"url\":\"https:\\\/\\\/secure.gravatar.com\\\/avatar\\\/67146597b405ee077a24e519f75c3e2031736596d6ce35af3a34c122c93d0d7b?s=96&d=retro&r=g\",\"contentUrl\":\"https:\\\/\\\/secure.gravatar.com\\\/avatar\\\/67146597b405ee077a24e519f75c3e2031736596d6ce35af3a34c122c93d0d7b?s=96&d=retro&r=g\",\"caption\":\"pnud\"}}]}<\/script>\n<!-- \/ Yoast SEO plugin. -->","yoast_head_json":{"title":"Est\u00e0 passant Poblenou Urban District Est\u00e0 passant &#8211; Est\u00e0 passant","description":"Los pr\u00f3ximos 4, 5 y 6 de febrero, el Festival de Artes Lum\u00ednicas Llum BCN volver\u00e1 a brillar con m\u00e1s fuerza que nunca.","robots":{"index":"index","follow":"follow","max-snippet":"max-snippet:-1","max-image-preview":"max-image-preview:large","max-video-preview":"max-video-preview:-1"},"canonical":"https:\/\/poblenouurbandistrict.com\/ca\/els-espais-de-poblenou-urban-district-que-participen-al-festival-llum-bcn\/","og_locale":"ca_ES","og_type":"article","og_title":"Est\u00e0 passant Poblenou Urban District Est\u00e0 passant &#8211; Est\u00e0 passant","og_description":"Los pr\u00f3ximos 4, 5 y 6 de febrero, el Festival de Artes Lum\u00ednicas Llum BCN volver\u00e1 a brillar con m\u00e1s fuerza que nunca.","og_url":"https:\/\/poblenouurbandistrict.com\/ca\/els-espais-de-poblenou-urban-district-que-participen-al-festival-llum-bcn\/","og_site_name":"Poblenou Urban District","article_published_time":"2022-02-03T09:41:27+00:00","article_modified_time":"2022-02-03T12:10:08+00:00","og_image":[{"width":1500,"height":1000,"url":"https:\/\/poblenouurbandistrict.com\/wp-content\/uploads\/2022\/02\/2-2.png","type":"image\/png"}],"author":"pnud","twitter_card":"summary_large_image","twitter_misc":{"Escrit per":"pnud","Temps estimat de lectura":"6 minuts"},"schema":{"@context":"https:\/\/schema.org","@graph":[{"@type":"Article","@id":"https:\/\/poblenouurbandistrict.com\/els-espais-de-poblenou-urban-district-que-participen-al-festival-llum-bcn\/#article","isPartOf":{"@id":"https:\/\/poblenouurbandistrict.com\/els-espais-de-poblenou-urban-district-que-participen-al-festival-llum-bcn\/"},"author":{"name":"pnud","@id":"https:\/\/poblenouurbandistrict.com\/#\/schema\/person\/980a2cf34b399d5218205730acd54a7e"},"headline":"Els espais de Poblenou Urban District que participen al Festival Llum Bcn","datePublished":"2022-02-03T09:41:27+00:00","dateModified":"2022-02-03T12:10:08+00:00","mainEntityOfPage":{"@id":"https:\/\/poblenouurbandistrict.com\/els-espais-de-poblenou-urban-district-que-participen-al-festival-llum-bcn\/"},"wordCount":2369,"image":{"@id":"https:\/\/poblenouurbandistrict.com\/els-espais-de-poblenou-urban-district-que-participen-al-festival-llum-bcn\/#primaryimage"},"thumbnailUrl":"https:\/\/poblenouurbandistrict.com\/wp-content\/uploads\/2022\/02\/2-2.jpg","articleSection":["Off Llum Bcn","Est\u00e0 passant"],"inLanguage":"ca"},{"@type":"WebPage","@id":"https:\/\/poblenouurbandistrict.com\/ca\/els-espais-de-poblenou-urban-district-que-participen-al-festival-llum-bcn\/","url":"https:\/\/poblenouurbandistrict.com\/ca\/els-espais-de-poblenou-urban-district-que-participen-al-festival-llum-bcn\/","name":"Est\u00e0 passant Poblenou Urban District Est\u00e0 passant &#8211; Est\u00e0 passant","isPartOf":{"@id":"https:\/\/poblenouurbandistrict.com\/ca\/#website"},"primaryImageOfPage":{"@id":"https:\/\/poblenouurbandistrict.com\/ca\/els-espais-de-poblenou-urban-district-que-participen-al-festival-llum-bcn\/#primaryimage"},"image":{"@id":"https:\/\/poblenouurbandistrict.com\/els-espais-de-poblenou-urban-district-que-participen-al-festival-llum-bcn\/#primaryimage"},"thumbnailUrl":"https:\/\/poblenouurbandistrict.com\/wp-content\/uploads\/2022\/02\/2-2.jpg","datePublished":"2022-02-03T09:41:27+00:00","dateModified":"2022-02-03T12:10:08+00:00","author":{"@id":"https:\/\/poblenouurbandistrict.com\/#\/schema\/person\/980a2cf34b399d5218205730acd54a7e"},"description":"Los pr\u00f3ximos 4, 5 y 6 de febrero, el Festival de Artes Lum\u00ednicas Llum BCN volver\u00e1 a brillar con m\u00e1s fuerza que nunca.","breadcrumb":{"@id":"https:\/\/poblenouurbandistrict.com\/ca\/els-espais-de-poblenou-urban-district-que-participen-al-festival-llum-bcn\/#breadcrumb"},"inLanguage":"ca","potentialAction":[{"@type":"ReadAction","target":[["https:\/\/poblenouurbandistrict.com\/ca\/els-espais-de-poblenou-urban-district-que-participen-al-festival-llum-bcn\/"]]}]},{"@type":"ImageObject","inLanguage":"ca","@id":"https:\/\/poblenouurbandistrict.com\/ca\/els-espais-de-poblenou-urban-district-que-participen-al-festival-llum-bcn\/#primaryimage","url":"https:\/\/poblenouurbandistrict.com\/wp-content\/uploads\/2022\/02\/2-2.jpg","contentUrl":"https:\/\/poblenouurbandistrict.com\/wp-content\/uploads\/2022\/02\/2-2.jpg","width":1500,"height":1000},{"@type":"BreadcrumbList","@id":"https:\/\/poblenouurbandistrict.com\/ca\/els-espais-de-poblenou-urban-district-que-participen-al-festival-llum-bcn\/#breadcrumb","itemListElement":[{"@type":"ListItem","position":1,"name":"Home","item":"https:\/\/poblenouurbandistrict.com\/ca\/"},{"@type":"ListItem","position":2,"name":"Els espais de Poblenou Urban District que participen al Festival Llum Bcn"}]},{"@type":"WebSite","@id":"https:\/\/poblenouurbandistrict.com\/ca\/#website","url":"https:\/\/poblenouurbandistrict.com\/ca\/","name":"Poblenou Urban District","description":"Comunitat Creativa","potentialAction":[{"@type":"SearchAction","target":{"@type":"EntryPoint","urlTemplate":"https:\/\/poblenouurbandistrict.com\/ca\/?s={search_term_string}"},"query-input":{"@type":"PropertyValueSpecification","valueRequired":true,"valueName":"search_term_string"}}],"inLanguage":"ca"},{"@type":"Person","@id":"https:\/\/poblenouurbandistrict.com\/#\/schema\/person\/980a2cf34b399d5218205730acd54a7e","name":"pnud","image":{"@type":"ImageObject","inLanguage":"ca","@id":"https:\/\/secure.gravatar.com\/avatar\/67146597b405ee077a24e519f75c3e2031736596d6ce35af3a34c122c93d0d7b?s=96&d=retro&r=g","url":"https:\/\/secure.gravatar.com\/avatar\/67146597b405ee077a24e519f75c3e2031736596d6ce35af3a34c122c93d0d7b?s=96&d=retro&r=g","contentUrl":"https:\/\/secure.gravatar.com\/avatar\/67146597b405ee077a24e519f75c3e2031736596d6ce35af3a34c122c93d0d7b?s=96&d=retro&r=g","caption":"pnud"}}]}},"_links":{"self":[{"href":"https:\/\/poblenouurbandistrict.com\/ca\/wp-json\/wp\/v2\/posts\/25870","targetHints":{"allow":["GET"]}}],"collection":[{"href":"https:\/\/poblenouurbandistrict.com\/ca\/wp-json\/wp\/v2\/posts"}],"about":[{"href":"https:\/\/poblenouurbandistrict.com\/ca\/wp-json\/wp\/v2\/types\/post"}],"author":[{"embeddable":true,"href":"https:\/\/poblenouurbandistrict.com\/ca\/wp-json\/wp\/v2\/users\/5"}],"replies":[{"embeddable":true,"href":"https:\/\/poblenouurbandistrict.com\/ca\/wp-json\/wp\/v2\/comments?post=25870"}],"version-history":[{"count":8,"href":"https:\/\/poblenouurbandistrict.com\/ca\/wp-json\/wp\/v2\/posts\/25870\/revisions"}],"predecessor-version":[{"id":25914,"href":"https:\/\/poblenouurbandistrict.com\/ca\/wp-json\/wp\/v2\/posts\/25870\/revisions\/25914"}],"wp:featuredmedia":[{"embeddable":true,"href":"https:\/\/poblenouurbandistrict.com\/ca\/wp-json\/wp\/v2\/media\/25888"}],"wp:attachment":[{"href":"https:\/\/poblenouurbandistrict.com\/ca\/wp-json\/wp\/v2\/media?parent=25870"}],"wp:term":[{"taxonomy":"category","embeddable":true,"href":"https:\/\/poblenouurbandistrict.com\/ca\/wp-json\/wp\/v2\/categories?post=25870"},{"taxonomy":"post_tag","embeddable":true,"href":"https:\/\/poblenouurbandistrict.com\/ca\/wp-json\/wp\/v2\/tags?post=25870"}],"curies":[{"name":"wp","href":"https:\/\/api.w.org\/{rel}","templated":true}]}}