{"id":26000,"date":"2022-02-09T17:03:36","date_gmt":"2022-02-09T16:03:36","guid":{"rendered":"https:\/\/poblenouurbandistrict.com\/?p=26000"},"modified":"2022-02-09T17:03:36","modified_gmt":"2022-02-09T16:03:36","slug":"la-comunitat-creativa-tanca-loff-llum-bcn-amb-una-gran-afluencia","status":"publish","type":"post","link":"https:\/\/poblenouurbandistrict.com\/ca\/la-comunitat-creativa-tanca-loff-llum-bcn-amb-una-gran-afluencia\/","title":{"rendered":"La comunitat creativa tanca l&#8217;Off Llum Bcn amb una gran aflu\u00e8ncia"},"content":{"rendered":"<p>Aquest passat cap de setmana 7 instal\u00b7lacions lum\u00edniques ubicades en diferents espais de la comunitat creativa van ser, juntament amb el <strong>festival Llum Bcn<\/strong>, el focus de la ciutat de Barcelona. Una gran aflu\u00e8ncia de p\u00fablic es va acostar al Districte creatiu per descobrir les instal\u00b7lacions i propostes lum\u00edniques presentades en aquesta 3a edici\u00f3 de l&#8217;<strong>Off LLum Bcn<\/strong>.<\/p>\n<p>Una edici\u00f3 celebrada en el format habitual, on durant tres dies prop de 20 mil persones van visitar les 7 instal\u00b7lacions programades en el recorregut lum\u00ednic <strong>Off Llum Bcn<\/strong>.\u00a0 <span style=\"color: #000000;\"><strong><a style=\"color: #000000;\" href=\"https:\/\/www.salarazzmatazz.com\/ca\/\" target=\"_blank\" rel=\"noopener\">Razzmatazz<\/a><\/strong><\/span>, <span style=\"color: #000000;\"><strong><a style=\"color: #000000;\" href=\"https:\/\/www.protopixel.io\/\" target=\"_blank\" rel=\"noopener\">Protopixel<\/a><\/strong><\/span>, <span style=\"color: #000000;\"><strong><a style=\"color: #000000;\" href=\"https:\/\/www.instagram.com\/laplataformabcn\" target=\"_blank\" rel=\"noopener\">La plataforma<\/a><\/strong><\/span>, <span style=\"color: #000000;\"><strong><a style=\"color: #000000;\" href=\"https:\/\/valkiriahubspace.com\/\" target=\"_blank\" rel=\"noopener\">Valkiria<\/a><\/strong><\/span>, <span style=\"color: #000000;\"><strong><a style=\"color: #000000;\" href=\"https:\/\/www.baued.es\/\" target=\"_blank\" rel=\"noopener\">BAU Centro Universitario de Arte y Dise\u00f1o de Barcelona<\/a><\/strong><\/span>, \u200b\u200b<span style=\"color: #000000;\"><strong><a style=\"color: #000000;\" href=\"https:\/\/chezxefo.com\/\" target=\"_blank\" rel=\"noopener\">Galer\u00eda Chez Xefo<\/a><\/strong><\/span> i\u00a0<span style=\"color: #000000;\"><strong><a style=\"color: #000000;\" href=\"https:\/\/ca.goteo.org\/project\/connecthort\" target=\"_blank\" rel=\"noopener\">ConnectHort<\/a><\/strong><\/span> van obrir les seves portes a la creaci\u00f3 i a la innovaci\u00f3 acollint un conjunt d&#8217;instal\u00b7lacions heterog\u00e8nies i de qualitat que van fer possible atapeir els carrers del Districte Creatiu de la ciutat amb una gran aflu\u00e8ncia de p\u00fablic.<\/p>\n<p>OracLED era la primera instal\u00b7laci\u00f3 d&#8217;aquest recorregut, ubicada al passad\u00eds exterior de <strong>Razzmatazz<\/strong>, combinava v\u00eddeo mapping i pixel mapping per recrear un paisatge on\u00edric al centre del qual destacava un oracle lum\u00ednic. Una proposta captivadora i hipnotitzant.<\/p>\n<p>L&#8217;espai de <strong>Protopixel<\/strong> presentava la proposta d&#8217;Artec Studio, capitanejada per Maurici Gin\u00e9s. Una instal\u00b7laci\u00f3 pensada per transportar-te a ulls d&#8217;una tortuga marina, recreant la confusi\u00f3 que tenen aquests animals en veure una bossa de pl\u00e0stic a la superf\u00edcie del mar pensant-se ser una medusa. Una proposta sostenible per conscienciar sobre la import\u00e0ncia de tancar el cicle de producci\u00f3, tamb\u00e9 anomenada economia circular.<\/p>\n<p>La galeria <strong>La Plataforma<\/strong> acollia l&#8217;artista i dissenyadora Marina Salazar (No queda Tinte) que presentava l&#8217;obra El extasis de Santa Mar\u00eda, trasnformada amb una Maria oberta al m\u00f3n, desafiant les normes no escrites d&#8217;un patriarcat en hores baixes i reconvertida en una fantasia <em>Burlesque<\/em>.<\/p>\n<p>Molt a prop es trobaven les instal\u00b7lacions als espais de <strong>Valkiria<\/strong>, que presentava Lazer Pupil, una proposta interactiva de llum i \u00e0udio on cada espectador tenia la possibilitat de projectar la seva petjada lluminosa. Per altra banda, Alumnis de <strong>BAU<\/strong> exposaven la seva obra&#8221;Nucli&#8221; que et transportava a l&#8217;\u00e8poca escolar amb efectes sensorials amb llums i sonoritats immersives.<\/p>\n<p>La galeria <strong>Chez Xefo<\/strong> va exhibir la instal\u00b7laci\u00f3 creada per l&#8217;artista Maurici Gin\u00e9s, anomenada &#8220;Nuestro Mar Vibra&#8221; reprodu\u00efa records de llum de Barcelona. L&#8217;obra s\u2019inspira en l\u2019estela de reflexos que el sol produeix a l\u2019aigua quan apareix al mar Mediterrani de manera que l\u2019obra evoca una mirada fragmentada de la sortida del sol, els seus reflexos en un mar propi.<\/p>\n<p>El recorregut de l&#8217;<strong>Off Llum Bcn<\/strong> acabava a l&#8217;espai de <strong>ConnectHort<\/strong>, on hi convivien un conjunt d&#8217;instal\u00b7lacions lum\u00edniques de petit format amb una gran varietat d&#8217;hortalisses dins aquest espai agroforestal. Tot una experi\u00e8ncia on es teixien nous relats de coexist\u00e8ncia per reflexionar sobre futures tecnologies que intervindran entre humans i naturalesa.<\/p>","protected":false},"excerpt":{"rendered":"<p>Aquest passat cap de setmana 7 instal\u00b7lacions lum\u00edniques ubicades en diferents espais de la comunitat creativa van ser, juntament amb&#8230; <a href=\"https:\/\/poblenouurbandistrict.com\/ca\/la-comunitat-creativa-tanca-loff-llum-bcn-amb-una-gran-afluencia\/\">M\u00e9s  \u2192<\/a><\/p>\n","protected":false},"author":5,"featured_media":26168,"comment_status":"closed","ping_status":"closed","sticky":false,"template":"","format":"standard","meta":{"_acf_changed":false,"footnotes":""},"categories":[3548,3364],"tags":[],"class_list":["post-26000","post","type-post","status-publish","format-standard","has-post-thumbnail","hentry","category-off-llum-bcn","category-poblenou-urban-district"],"acf":[],"yoast_head":"<!-- This site is optimized with the Yoast SEO plugin v27.5 - https:\/\/yoast.com\/product\/yoast-seo-wordpress\/ -->\n<title>La comunitat creativa tanca l&#039;Off Llum Bcn amb una gran aflu\u00e8ncia &#8211;<\/title>\n<meta name=\"description\" content=\"quest passat cap de setmana 7 instal\u00b7lacions lum\u00edniques ubicades en diferents espais de la comunitat creativa van ser el focus de la ciutat.\" \/>\n<meta name=\"robots\" content=\"index, follow, max-snippet:-1, max-image-preview:large, max-video-preview:-1\" \/>\n<link rel=\"canonical\" href=\"https:\/\/poblenouurbandistrict.com\/ca\/la-comunitat-creativa-tanca-loff-llum-bcn-amb-una-gran-afluencia\/\" \/>\n<meta property=\"og:locale\" content=\"ca_ES\" \/>\n<meta property=\"og:type\" content=\"article\" \/>\n<meta property=\"og:title\" content=\"La comunitat creativa tanca l&#039;Off Llum Bcn amb una gran aflu\u00e8ncia &#8211;\" \/>\n<meta property=\"og:description\" content=\"quest passat cap de setmana 7 instal\u00b7lacions lum\u00edniques ubicades en diferents espais de la comunitat creativa van ser el focus de la ciutat.\" \/>\n<meta property=\"og:url\" content=\"https:\/\/poblenouurbandistrict.com\/ca\/la-comunitat-creativa-tanca-loff-llum-bcn-amb-una-gran-afluencia\/\" \/>\n<meta property=\"og:site_name\" content=\"Poblenou Urban District\" \/>\n<meta property=\"article:published_time\" content=\"2022-02-09T16:03:36+00:00\" \/>\n<meta property=\"og:image\" content=\"https:\/\/poblenouurbandistrict.com\/wp-content\/uploads\/2022\/02\/off-llum-portada-640x427.png\" \/>\n\t<meta property=\"og:image:width\" content=\"640\" \/>\n\t<meta property=\"og:image:height\" content=\"427\" \/>\n\t<meta property=\"og:image:type\" content=\"image\/png\" \/>\n<meta name=\"author\" content=\"pnud\" \/>\n<meta name=\"twitter:card\" content=\"summary_large_image\" \/>\n<meta name=\"twitter:label1\" content=\"Escrit per\" \/>\n\t<meta name=\"twitter:data1\" content=\"pnud\" \/>\n\t<meta name=\"twitter:label2\" content=\"Temps estimat de lectura\" \/>\n\t<meta name=\"twitter:data2\" content=\"3 minuts\" \/>\n<script type=\"application\/ld+json\" class=\"yoast-schema-graph\">{\"@context\":\"https:\\\/\\\/schema.org\",\"@graph\":[{\"@type\":\"Article\",\"@id\":\"https:\\\/\\\/poblenouurbandistrict.com\\\/la-comunitat-creativa-tanca-loff-llum-bcn-amb-una-gran-afluencia\\\/#article\",\"isPartOf\":{\"@id\":\"https:\\\/\\\/poblenouurbandistrict.com\\\/la-comunitat-creativa-tanca-loff-llum-bcn-amb-una-gran-afluencia\\\/\"},\"author\":{\"name\":\"pnud\",\"@id\":\"https:\\\/\\\/poblenouurbandistrict.com\\\/#\\\/schema\\\/person\\\/980a2cf34b399d5218205730acd54a7e\"},\"headline\":\"La comunitat creativa tanca l&#8217;Off Llum Bcn amb una gran aflu\u00e8ncia\",\"datePublished\":\"2022-02-09T16:03:36+00:00\",\"mainEntityOfPage\":{\"@id\":\"https:\\\/\\\/poblenouurbandistrict.com\\\/la-comunitat-creativa-tanca-loff-llum-bcn-amb-una-gran-afluencia\\\/\"},\"wordCount\":1059,\"image\":{\"@id\":\"https:\\\/\\\/poblenouurbandistrict.com\\\/la-comunitat-creativa-tanca-loff-llum-bcn-amb-una-gran-afluencia\\\/#primaryimage\"},\"thumbnailUrl\":\"https:\\\/\\\/media.poblenouurbandistrict.com\\\/2022\\\/02\\\/25044629\\\/off-llum-portada.jpg\",\"articleSection\":[\"Off Llum Bcn\",\"Poblenou Urban District\"],\"inLanguage\":\"ca\"},{\"@type\":\"WebPage\",\"@id\":\"https:\\\/\\\/poblenouurbandistrict.com\\\/ca\\\/la-comunitat-creativa-tanca-loff-llum-bcn-amb-una-gran-afluencia\\\/\",\"url\":\"https:\\\/\\\/poblenouurbandistrict.com\\\/ca\\\/la-comunitat-creativa-tanca-loff-llum-bcn-amb-una-gran-afluencia\\\/\",\"name\":\"La comunitat creativa tanca l'Off Llum Bcn amb una gran aflu\u00e8ncia &#8211;\",\"isPartOf\":{\"@id\":\"https:\\\/\\\/poblenouurbandistrict.com\\\/ca\\\/#website\"},\"primaryImageOfPage\":{\"@id\":\"https:\\\/\\\/poblenouurbandistrict.com\\\/ca\\\/la-comunitat-creativa-tanca-loff-llum-bcn-amb-una-gran-afluencia\\\/#primaryimage\"},\"image\":{\"@id\":\"https:\\\/\\\/poblenouurbandistrict.com\\\/la-comunitat-creativa-tanca-loff-llum-bcn-amb-una-gran-afluencia\\\/#primaryimage\"},\"thumbnailUrl\":\"https:\\\/\\\/media.poblenouurbandistrict.com\\\/2022\\\/02\\\/25044629\\\/off-llum-portada.jpg\",\"datePublished\":\"2022-02-09T16:03:36+00:00\",\"author\":{\"@id\":\"https:\\\/\\\/poblenouurbandistrict.com\\\/#\\\/schema\\\/person\\\/980a2cf34b399d5218205730acd54a7e\"},\"description\":\"quest passat cap de setmana 7 instal\u00b7lacions lum\u00edniques ubicades en diferents espais de la comunitat creativa van ser el focus de la ciutat.\",\"breadcrumb\":{\"@id\":\"https:\\\/\\\/poblenouurbandistrict.com\\\/ca\\\/la-comunitat-creativa-tanca-loff-llum-bcn-amb-una-gran-afluencia\\\/#breadcrumb\"},\"inLanguage\":\"ca\",\"potentialAction\":[{\"@type\":\"ReadAction\",\"target\":[[\"https:\\\/\\\/poblenouurbandistrict.com\\\/ca\\\/la-comunitat-creativa-tanca-loff-llum-bcn-amb-una-gran-afluencia\\\/\"]]}]},{\"@type\":\"ImageObject\",\"inLanguage\":\"ca\",\"@id\":\"https:\\\/\\\/poblenouurbandistrict.com\\\/ca\\\/la-comunitat-creativa-tanca-loff-llum-bcn-amb-una-gran-afluencia\\\/#primaryimage\",\"url\":\"https:\\\/\\\/media.poblenouurbandistrict.com\\\/2022\\\/02\\\/25044629\\\/off-llum-portada.jpg\",\"contentUrl\":\"https:\\\/\\\/media.poblenouurbandistrict.com\\\/2022\\\/02\\\/25044629\\\/off-llum-portada.jpg\",\"width\":1500,\"height\":1000},{\"@type\":\"BreadcrumbList\",\"@id\":\"https:\\\/\\\/poblenouurbandistrict.com\\\/ca\\\/la-comunitat-creativa-tanca-loff-llum-bcn-amb-una-gran-afluencia\\\/#breadcrumb\",\"itemListElement\":[{\"@type\":\"ListItem\",\"position\":1,\"name\":\"Home\",\"item\":\"https:\\\/\\\/poblenouurbandistrict.com\\\/ca\\\/\"},{\"@type\":\"ListItem\",\"position\":2,\"name\":\"La comunitat creativa tanca l&#8217;Off Llum Bcn amb una gran aflu\u00e8ncia\"}]},{\"@type\":\"WebSite\",\"@id\":\"https:\\\/\\\/poblenouurbandistrict.com\\\/ca\\\/#website\",\"url\":\"https:\\\/\\\/poblenouurbandistrict.com\\\/ca\\\/\",\"name\":\"Poblenou Urban District\",\"description\":\"Comunitat Creativa\",\"potentialAction\":[{\"@type\":\"SearchAction\",\"target\":{\"@type\":\"EntryPoint\",\"urlTemplate\":\"https:\\\/\\\/poblenouurbandistrict.com\\\/ca\\\/?s={search_term_string}\"},\"query-input\":{\"@type\":\"PropertyValueSpecification\",\"valueRequired\":true,\"valueName\":\"search_term_string\"}}],\"inLanguage\":\"ca\"},{\"@type\":\"Person\",\"@id\":\"https:\\\/\\\/poblenouurbandistrict.com\\\/#\\\/schema\\\/person\\\/980a2cf34b399d5218205730acd54a7e\",\"name\":\"pnud\",\"image\":{\"@type\":\"ImageObject\",\"inLanguage\":\"ca\",\"@id\":\"https:\\\/\\\/secure.gravatar.com\\\/avatar\\\/67146597b405ee077a24e519f75c3e2031736596d6ce35af3a34c122c93d0d7b?s=96&d=retro&r=g\",\"url\":\"https:\\\/\\\/secure.gravatar.com\\\/avatar\\\/67146597b405ee077a24e519f75c3e2031736596d6ce35af3a34c122c93d0d7b?s=96&d=retro&r=g\",\"contentUrl\":\"https:\\\/\\\/secure.gravatar.com\\\/avatar\\\/67146597b405ee077a24e519f75c3e2031736596d6ce35af3a34c122c93d0d7b?s=96&d=retro&r=g\",\"caption\":\"pnud\"}}]}<\/script>\n<!-- \/ Yoast SEO plugin. -->","yoast_head_json":{"title":"La comunitat creativa tanca l'Off Llum Bcn amb una gran aflu\u00e8ncia &#8211;","description":"quest passat cap de setmana 7 instal\u00b7lacions lum\u00edniques ubicades en diferents espais de la comunitat creativa van ser el focus de la ciutat.","robots":{"index":"index","follow":"follow","max-snippet":"max-snippet:-1","max-image-preview":"max-image-preview:large","max-video-preview":"max-video-preview:-1"},"canonical":"https:\/\/poblenouurbandistrict.com\/ca\/la-comunitat-creativa-tanca-loff-llum-bcn-amb-una-gran-afluencia\/","og_locale":"ca_ES","og_type":"article","og_title":"La comunitat creativa tanca l'Off Llum Bcn amb una gran aflu\u00e8ncia &#8211;","og_description":"quest passat cap de setmana 7 instal\u00b7lacions lum\u00edniques ubicades en diferents espais de la comunitat creativa van ser el focus de la ciutat.","og_url":"https:\/\/poblenouurbandistrict.com\/ca\/la-comunitat-creativa-tanca-loff-llum-bcn-amb-una-gran-afluencia\/","og_site_name":"Poblenou Urban District","article_published_time":"2022-02-09T16:03:36+00:00","og_image":[{"width":640,"height":427,"url":"https:\/\/poblenouurbandistrict.com\/wp-content\/uploads\/2022\/02\/off-llum-portada-640x427.png","type":"image\/png"}],"author":"pnud","twitter_card":"summary_large_image","twitter_misc":{"Escrit per":"pnud","Temps estimat de lectura":"3 minuts"},"schema":{"@context":"https:\/\/schema.org","@graph":[{"@type":"Article","@id":"https:\/\/poblenouurbandistrict.com\/la-comunitat-creativa-tanca-loff-llum-bcn-amb-una-gran-afluencia\/#article","isPartOf":{"@id":"https:\/\/poblenouurbandistrict.com\/la-comunitat-creativa-tanca-loff-llum-bcn-amb-una-gran-afluencia\/"},"author":{"name":"pnud","@id":"https:\/\/poblenouurbandistrict.com\/#\/schema\/person\/980a2cf34b399d5218205730acd54a7e"},"headline":"La comunitat creativa tanca l&#8217;Off Llum Bcn amb una gran aflu\u00e8ncia","datePublished":"2022-02-09T16:03:36+00:00","mainEntityOfPage":{"@id":"https:\/\/poblenouurbandistrict.com\/la-comunitat-creativa-tanca-loff-llum-bcn-amb-una-gran-afluencia\/"},"wordCount":1059,"image":{"@id":"https:\/\/poblenouurbandistrict.com\/la-comunitat-creativa-tanca-loff-llum-bcn-amb-una-gran-afluencia\/#primaryimage"},"thumbnailUrl":"https:\/\/media.poblenouurbandistrict.com\/2022\/02\/25044629\/off-llum-portada.jpg","articleSection":["Off Llum Bcn","Poblenou Urban District"],"inLanguage":"ca"},{"@type":"WebPage","@id":"https:\/\/poblenouurbandistrict.com\/ca\/la-comunitat-creativa-tanca-loff-llum-bcn-amb-una-gran-afluencia\/","url":"https:\/\/poblenouurbandistrict.com\/ca\/la-comunitat-creativa-tanca-loff-llum-bcn-amb-una-gran-afluencia\/","name":"La comunitat creativa tanca l'Off Llum Bcn amb una gran aflu\u00e8ncia &#8211;","isPartOf":{"@id":"https:\/\/poblenouurbandistrict.com\/ca\/#website"},"primaryImageOfPage":{"@id":"https:\/\/poblenouurbandistrict.com\/ca\/la-comunitat-creativa-tanca-loff-llum-bcn-amb-una-gran-afluencia\/#primaryimage"},"image":{"@id":"https:\/\/poblenouurbandistrict.com\/la-comunitat-creativa-tanca-loff-llum-bcn-amb-una-gran-afluencia\/#primaryimage"},"thumbnailUrl":"https:\/\/media.poblenouurbandistrict.com\/2022\/02\/25044629\/off-llum-portada.jpg","datePublished":"2022-02-09T16:03:36+00:00","author":{"@id":"https:\/\/poblenouurbandistrict.com\/#\/schema\/person\/980a2cf34b399d5218205730acd54a7e"},"description":"quest passat cap de setmana 7 instal\u00b7lacions lum\u00edniques ubicades en diferents espais de la comunitat creativa van ser el focus de la ciutat.","breadcrumb":{"@id":"https:\/\/poblenouurbandistrict.com\/ca\/la-comunitat-creativa-tanca-loff-llum-bcn-amb-una-gran-afluencia\/#breadcrumb"},"inLanguage":"ca","potentialAction":[{"@type":"ReadAction","target":[["https:\/\/poblenouurbandistrict.com\/ca\/la-comunitat-creativa-tanca-loff-llum-bcn-amb-una-gran-afluencia\/"]]}]},{"@type":"ImageObject","inLanguage":"ca","@id":"https:\/\/poblenouurbandistrict.com\/ca\/la-comunitat-creativa-tanca-loff-llum-bcn-amb-una-gran-afluencia\/#primaryimage","url":"https:\/\/media.poblenouurbandistrict.com\/2022\/02\/25044629\/off-llum-portada.jpg","contentUrl":"https:\/\/media.poblenouurbandistrict.com\/2022\/02\/25044629\/off-llum-portada.jpg","width":1500,"height":1000},{"@type":"BreadcrumbList","@id":"https:\/\/poblenouurbandistrict.com\/ca\/la-comunitat-creativa-tanca-loff-llum-bcn-amb-una-gran-afluencia\/#breadcrumb","itemListElement":[{"@type":"ListItem","position":1,"name":"Home","item":"https:\/\/poblenouurbandistrict.com\/ca\/"},{"@type":"ListItem","position":2,"name":"La comunitat creativa tanca l&#8217;Off Llum Bcn amb una gran aflu\u00e8ncia"}]},{"@type":"WebSite","@id":"https:\/\/poblenouurbandistrict.com\/ca\/#website","url":"https:\/\/poblenouurbandistrict.com\/ca\/","name":"Poblenou Urban District","description":"Comunitat Creativa","potentialAction":[{"@type":"SearchAction","target":{"@type":"EntryPoint","urlTemplate":"https:\/\/poblenouurbandistrict.com\/ca\/?s={search_term_string}"},"query-input":{"@type":"PropertyValueSpecification","valueRequired":true,"valueName":"search_term_string"}}],"inLanguage":"ca"},{"@type":"Person","@id":"https:\/\/poblenouurbandistrict.com\/#\/schema\/person\/980a2cf34b399d5218205730acd54a7e","name":"pnud","image":{"@type":"ImageObject","inLanguage":"ca","@id":"https:\/\/secure.gravatar.com\/avatar\/67146597b405ee077a24e519f75c3e2031736596d6ce35af3a34c122c93d0d7b?s=96&d=retro&r=g","url":"https:\/\/secure.gravatar.com\/avatar\/67146597b405ee077a24e519f75c3e2031736596d6ce35af3a34c122c93d0d7b?s=96&d=retro&r=g","contentUrl":"https:\/\/secure.gravatar.com\/avatar\/67146597b405ee077a24e519f75c3e2031736596d6ce35af3a34c122c93d0d7b?s=96&d=retro&r=g","caption":"pnud"}}]}},"_links":{"self":[{"href":"https:\/\/poblenouurbandistrict.com\/ca\/wp-json\/wp\/v2\/posts\/26000","targetHints":{"allow":["GET"]}}],"collection":[{"href":"https:\/\/poblenouurbandistrict.com\/ca\/wp-json\/wp\/v2\/posts"}],"about":[{"href":"https:\/\/poblenouurbandistrict.com\/ca\/wp-json\/wp\/v2\/types\/post"}],"author":[{"embeddable":true,"href":"https:\/\/poblenouurbandistrict.com\/ca\/wp-json\/wp\/v2\/users\/5"}],"replies":[{"embeddable":true,"href":"https:\/\/poblenouurbandistrict.com\/ca\/wp-json\/wp\/v2\/comments?post=26000"}],"version-history":[{"count":3,"href":"https:\/\/poblenouurbandistrict.com\/ca\/wp-json\/wp\/v2\/posts\/26000\/revisions"}],"predecessor-version":[{"id":26177,"href":"https:\/\/poblenouurbandistrict.com\/ca\/wp-json\/wp\/v2\/posts\/26000\/revisions\/26177"}],"wp:featuredmedia":[{"embeddable":true,"href":"https:\/\/poblenouurbandistrict.com\/ca\/wp-json\/wp\/v2\/media\/26168"}],"wp:attachment":[{"href":"https:\/\/poblenouurbandistrict.com\/ca\/wp-json\/wp\/v2\/media?parent=26000"}],"wp:term":[{"taxonomy":"category","embeddable":true,"href":"https:\/\/poblenouurbandistrict.com\/ca\/wp-json\/wp\/v2\/categories?post=26000"},{"taxonomy":"post_tag","embeddable":true,"href":"https:\/\/poblenouurbandistrict.com\/ca\/wp-json\/wp\/v2\/tags?post=26000"}],"curies":[{"name":"wp","href":"https:\/\/api.w.org\/{rel}","templated":true}]}}