{"id":26079,"date":"2022-02-09T17:01:27","date_gmt":"2022-02-09T16:01:27","guid":{"rendered":"https:\/\/poblenouurbandistrict.com\/?p=26079"},"modified":"2022-02-10T13:43:08","modified_gmt":"2022-02-10T12:43:08","slug":"lexit-de-loff-llum-bcn-es-tot-vostre","status":"publish","type":"post","link":"https:\/\/poblenouurbandistrict.com\/ca\/lexit-de-loff-llum-bcn-es-tot-vostre\/","title":{"rendered":"L&#8217;\u00e8xit de l&#8217;Off Llum Bcn \u00e9s tot vostre"},"content":{"rendered":"<p>La tercera edici\u00f3 de l&#8217;<span style=\"color: #000000;\"><strong><a style=\"color: #000000;\" href=\"https:\/\/poblenouurbandistrict.com\/off-llum-bcn-2022\/\" target=\"_blank\" rel=\"noopener\"><span class=\"hiddenSpellError\">Off<\/span>\u00a0Llum\u00a0<span class=\"hiddenSpellError\">Bcn<\/span><\/a><\/strong><\/span>\u00a0ha estat tot un\u00a0\u00e8xit\u00a0en molts sentits. La reobertura d&#8217;espais, la desaparici\u00f3 de restriccions d&#8217;aforament, la gran oferta\u00a0gastron\u00f2mica\u00a0i sobretot la programaci\u00f3 lum\u00ednica han\u00a0perm\u00e8s\u00a0que s&#8217;acost\u00e9s una\u00a0gran\u00a0massa de p\u00fablic al Districte Creatiu despr\u00e9s de gaireb\u00e9\u00a0dues\u00a0edicions sense poder-se celebrar.<\/p>\n<p>Durant el primer cap de setmana de febrer es van acostar a veure les 7 instal\u00b7lacions lum\u00edniques prop de 20 mil persones. Una edici\u00f3 celebrada ja en el format habitual.<\/p>\n<p>En primer lloc, volem agrair a tots els espais que han participat amb una instal\u00b7laci\u00f3 en aquesta\u00a0<span class=\"hiddenSpellError\">derrera<\/span>\u00a0edici\u00f3 de l&#8217;<span class=\"hiddenSpellError\">Off<\/span>\u00a0Llum\u00a0<span class=\"hiddenSpellError\">Bcn<\/span>. L&#8217;espai de\u00a0<span class=\"hiddenSpellError\">Go_PopUp<\/span> dins del passad\u00eds de <span style=\"color: #000000;\"><strong><a style=\"color: #000000;\" href=\"https:\/\/www.salarazzmatazz.com\/ca\/\" target=\"_blank\" rel=\"noopener\">Razzmatazz<\/a><\/strong><\/span>, <span style=\"color: #000000;\"><strong><a style=\"color: #000000;\" href=\"https:\/\/www.protopixel.io\/\" target=\"_blank\" rel=\"noopener\">Protopixel<\/a><\/strong><\/span>, <span style=\"color: #000000;\"><strong><a style=\"color: #000000;\" href=\"https:\/\/www.instagram.com\/laplataformabcn\" target=\"_blank\" rel=\"noopener\">La plataforma<\/a><\/strong><\/span>, <span style=\"color: #000000;\"><strong><a style=\"color: #000000;\" href=\"https:\/\/valkiriahubspace.com\/\" target=\"_blank\" rel=\"noopener\">Valkiria<\/a><\/strong><\/span>, <span style=\"color: #000000;\"><strong><a style=\"color: #000000;\" href=\"https:\/\/www.baued.es\/\" target=\"_blank\" rel=\"noopener\">BAU Centro Universitario de Arte y Dise\u00f1o de Barcelona<\/a><\/strong><\/span>, \u200b\u200b<span style=\"color: #000000;\"><strong><a style=\"color: #000000;\" href=\"https:\/\/chezxefo.com\/\" target=\"_blank\" rel=\"noopener\">Galer\u00eda Chez Xefo<\/a><\/strong><\/span> i\u00a0<span style=\"color: #000000;\"><strong><a style=\"color: #000000;\" href=\"https:\/\/ca.goteo.org\/project\/connecthort\" target=\"_blank\" rel=\"noopener\">ConnectHort<\/a><\/strong><\/span> van obrir\u00a0<span class=\"hiddenGreenError\">les seves portes<\/span>\u00a0a la creaci\u00f3 i a la innovaci\u00f3 acollint un conjunt d&#8217;instal\u00b7lacions heterog\u00e8nies i de qualitat que van fer possible atapeir els carrers del Districte Creatiu de la ciutat.<\/p>\n<p>Tamb\u00e9 volem agrair a la resta d&#8217;espais de\u00a0<strong><a href=\"https:\/\/poblenouurbandistrict.com\/\"><span style=\"color: #000000;\">Poblenou\u00a0Urban\u00a0District\u00a0<\/span><\/a><\/strong>que es van adherir al recorregut d&#8217;<strong>Off<\/strong><strong>\u00a0Llum\u00a0<\/strong><strong>Bcn<\/strong> amb les seves propostes gastron\u00f2miques: <span style=\"color: #000000;\"><a style=\"color: #000000;\" href=\"https:\/\/www.nekosushi.net\/\"><strong>Neko<\/strong><strong>\u00a0Sushi<\/strong><\/a><strong>,\u00a0<a style=\"color: #000000;\" href=\"https:\/\/www.instagram.com\/bodega_alaparra\/\">Bodega\u00a0Alaparra<\/a>,\u00a0<a style=\"color: #000000;\" href=\"https:\/\/www.timesburg.com\/\">Timesburg\u00a0Poblenou<\/a>,\u00a0<a style=\"color: #000000;\" href=\"https:\/\/www.instagram.com\/hoppinessbcn\/\">Hoppiness<\/a>, <a style=\"color: #000000;\" href=\"https:\/\/www.instagram.com\/local225bcn\/\">Local 225<\/a>,\u00a0<a style=\"color: #000000;\" href=\"https:\/\/www.instagram.com\/garagepoblenou\/\">Garage\u00a0Beer\u00a0Co\u00a0Poblenou<\/a>,\u00a0<a style=\"color: #000000;\" href=\"https:\/\/www.instagram.com\/wearecacho\/\">CACHO<\/a>, <a style=\"color: #000000;\" href=\"https:\/\/www.instagram.com\/salaovellanegra\/\">Ovella Negra<\/a>, <a style=\"color: #000000;\" href=\"https:\/\/www.instagram.com\/d9poblenou\/\">D9<\/a>,\u00a0<a style=\"color: #000000;\" href=\"https:\/\/www.instagram.com\/camping_bcn\/\">Camping<\/a>, <a style=\"color: #000000;\" href=\"https:\/\/www.instagram.com\/latavernicola\/\">La\u00a0Tavern\u00edcola<\/a>, <a style=\"color: #000000;\" href=\"https:\/\/www.instagram.com\/sopabarcelona\/\">Sopa<\/a>,\u00a0<a style=\"color: #000000;\" href=\"https:\/\/www.instagram.com\/catacroquet_group\/\">Catacroquet<\/a>,\u00a0<a style=\"color: #000000;\" href=\"https:\/\/www.instagram.com\/vanvanvar\/\">Van Van\u00a0Var<\/a>,\u00a0<a style=\"color: #000000;\" href=\"https:\/\/www.instagram.com\/kohbarcelona\/\">KOH<\/a>,\u00a0<\/strong><span style=\"color: #333333;\"><a style=\"color: #333333;\" href=\"http:\/\/www.kibuka.com\/llull\/\" target=\"_blank\" rel=\"noopener\"><strong>KIBUKA<\/strong><\/a><\/span><strong>, <a style=\"color: #000000;\" href=\"https:\/\/www.instagram.com\/lataqueriabcn\/\">La\u00a0Taquer\u00eda<\/a>, <a style=\"color: #000000;\" href=\"https:\/\/www.petitbangkok.com\/\">Petit Bangkok<\/a>,\u00a0<a style=\"color: #000000;\" href=\"https:\/\/www.instagram.com\/warikeproject\/\">Warike\u00a0Project<\/a>, <a style=\"color: #000000;\" href=\"https:\/\/www.carrotcafe.es\/\">Carrot\u00a0Caf\u00e9<\/a>\u00a0i\u00a0<a style=\"color: #000000;\" href=\"https:\/\/www.instagram.com\/zanahpasteles\/\">Zanah\u00a0Pasteles<\/a><\/strong>.<\/span><\/p>\n<p>L&#8217;<strong>Off<\/strong><strong> Llum Bcn<\/strong>\u00a0tampoc\u00a0hauria\u00a0estat possible sense el material t\u00e8cnic que han aportat les diferents marques col\u00b7laboradores. Moltes gr\u00e0cies a:\u00a0<span style=\"color: #000000;\"><strong><a style=\"color: #000000;\" href=\"https:\/\/www.fluge.es\/\">FLUGE<\/a><\/strong>,\u00a0<strong><a style=\"color: #000000;\" href=\"https:\/\/thefolioclub.com\/\">The\u00a0Folio Club<\/a><\/strong><strong>, <\/strong><strong><a style=\"color: #000000;\" href=\"https:\/\/www.protopixel.io\/\">Protopixel<\/a><\/strong><strong>, <\/strong><strong><a style=\"color: #000000;\" href=\"https:\/\/www.beatmelab.com\/\">BeatMElab<\/a><\/strong><strong>,\u00a0 <\/strong><strong><a style=\"color: #000000;\" href=\"https:\/\/leds-c4.com\/es\">Microfusa<\/a><\/strong><strong>,\u00a0 <\/strong><strong><a style=\"color: #000000;\" href=\"http:\/\/rentalsp.com\/\">RentalSp<\/a><\/strong><strong>,\u00a0 <\/strong><strong><a style=\"color: #000000;\" href=\"http:\/\/pirolaserfx.es\/\">PiroLaserFx<\/a><\/strong><strong>, <\/strong><strong><a style=\"color: #000000;\" href=\"https:\/\/framemov.com\/\">Framemov<\/a><\/strong><strong>,\u00a0 <\/strong><strong><a style=\"color: #000000;\" href=\"http:\/\/codigosound.com\/projects\/\">CodigoSound<\/a><\/strong><strong>,<\/strong><strong><a style=\"color: #000000;\" href=\"https:\/\/www.simonelectric.com\/\"> Simon<\/a><\/strong><strong>, Vermut, <\/strong><strong><a style=\"color: #000000;\" href=\"https:\/\/leds-c4.com\/es\">LEDSC4<\/a><\/strong><strong> i <\/strong><strong><a style=\"color: #000000;\" href=\"https:\/\/lluria.com\/\">LLURIA<\/a><\/strong><strong>.<\/strong><\/span><\/p>\n<p>Finalment, unes\u00a0<span class=\"hiddenSpellError\">palaules<\/span>\u00a0d&#8217;<span class=\"hiddenSpellError\">agraiment<\/span>\u00a0a <span style=\"color: #000000;\"><strong><a style=\"color: #000000;\" href=\"https:\/\/www.estrelladamm.com\/\" target=\"_blank\" rel=\"noopener\">Estrella Damm<\/a><\/strong><\/span> que\u00a0<span class=\"hiddenGrammarError\">ens<\/span>\u00a0acompanya\u00a0a tots els nostres projectes i esdeveniments i a l&#8217;<span style=\"color: #000000;\"><strong><a style=\"color: #000000;\" href=\"https:\/\/www.barcelona.cat\/ca\/\" target=\"_blank\" rel=\"noopener\">Ajuntament de Barcelona <\/a><\/strong>p<\/span>er donar-nos suport en el marc del festival Llum\u00a0<span class=\"hiddenSpellError\">Bcn<\/span>.<\/p>","protected":false},"excerpt":{"rendered":"<p>La tercera edici\u00f3 de l&#8217;Off\u00a0Llum\u00a0Bcn\u00a0ha estat tot un\u00a0\u00e8xit\u00a0en molts sentits. La reobertura d&#8217;espais, la desaparici\u00f3 de restriccions d&#8217;aforament, la gran&#8230; <a href=\"https:\/\/poblenouurbandistrict.com\/ca\/lexit-de-loff-llum-bcn-es-tot-vostre\/\">M\u00e9s  \u2192<\/a><\/p>\n","protected":false},"author":5,"featured_media":26116,"comment_status":"closed","ping_status":"closed","sticky":false,"template":"","format":"standard","meta":{"_acf_changed":false,"footnotes":""},"categories":[3548,3364],"tags":[],"class_list":["post-26079","post","type-post","status-publish","format-standard","has-post-thumbnail","hentry","category-off-llum-bcn","category-poblenou-urban-district"],"acf":[],"yoast_head":"<!-- This site is optimized with the Yoast SEO plugin v27.5 - https:\/\/yoast.com\/product\/yoast-seo-wordpress\/ -->\n<title>L&#039;\u00e8xit de l&#039;Off Llum Bcn \u00e9s tot vostre &#8211; Poblenou Urban District<\/title>\n<meta name=\"robots\" content=\"index, follow, max-snippet:-1, max-image-preview:large, max-video-preview:-1\" \/>\n<link rel=\"canonical\" href=\"https:\/\/poblenouurbandistrict.com\/ca\/lexit-de-loff-llum-bcn-es-tot-vostre\/\" \/>\n<meta property=\"og:locale\" content=\"ca_ES\" \/>\n<meta property=\"og:type\" content=\"article\" \/>\n<meta property=\"og:title\" content=\"L&#039;\u00e8xit de l&#039;Off Llum Bcn \u00e9s tot vostre &#8211; Poblenou Urban District\" \/>\n<meta property=\"og:description\" content=\"La tercera edici\u00f3 de l&#8217;Off\u00a0Llum\u00a0Bcn\u00a0ha estat tot un\u00a0\u00e8xit\u00a0en molts sentits. La reobertura d&#8217;espais, la desaparici\u00f3 de restriccions d&#8217;aforament, la gran... M\u00e9s \u2192\" \/>\n<meta property=\"og:url\" content=\"https:\/\/poblenouurbandistrict.com\/ca\/lexit-de-loff-llum-bcn-es-tot-vostre\/\" \/>\n<meta property=\"og:site_name\" content=\"Poblenou Urban District\" \/>\n<meta property=\"article:published_time\" content=\"2022-02-09T16:01:27+00:00\" \/>\n<meta property=\"article:modified_time\" content=\"2022-02-10T12:43:08+00:00\" \/>\n<meta property=\"og:image\" content=\"https:\/\/poblenouurbandistrict.com\/wp-content\/uploads\/2022\/02\/cua-off-llum-640x427.png\" \/>\n\t<meta property=\"og:image:width\" content=\"640\" \/>\n\t<meta property=\"og:image:height\" content=\"427\" \/>\n\t<meta property=\"og:image:type\" content=\"image\/png\" \/>\n<meta name=\"author\" content=\"pnud\" \/>\n<meta name=\"twitter:card\" content=\"summary_large_image\" \/>\n<meta name=\"twitter:label1\" content=\"Escrit per\" \/>\n\t<meta name=\"twitter:data1\" content=\"pnud\" \/>\n\t<meta name=\"twitter:label2\" content=\"Temps estimat de lectura\" \/>\n\t<meta name=\"twitter:data2\" content=\"2 minuts\" \/>\n<script type=\"application\/ld+json\" class=\"yoast-schema-graph\">{\"@context\":\"https:\\\/\\\/schema.org\",\"@graph\":[{\"@type\":\"Article\",\"@id\":\"https:\\\/\\\/poblenouurbandistrict.com\\\/lexit-de-loff-llum-bcn-es-tot-vostre\\\/#article\",\"isPartOf\":{\"@id\":\"https:\\\/\\\/poblenouurbandistrict.com\\\/lexit-de-loff-llum-bcn-es-tot-vostre\\\/\"},\"author\":{\"name\":\"pnud\",\"@id\":\"https:\\\/\\\/poblenouurbandistrict.com\\\/#\\\/schema\\\/person\\\/980a2cf34b399d5218205730acd54a7e\"},\"headline\":\"L&#8217;\u00e8xit de l&#8217;Off Llum Bcn \u00e9s tot vostre\",\"datePublished\":\"2022-02-09T16:01:27+00:00\",\"dateModified\":\"2022-02-10T12:43:08+00:00\",\"mainEntityOfPage\":{\"@id\":\"https:\\\/\\\/poblenouurbandistrict.com\\\/lexit-de-loff-llum-bcn-es-tot-vostre\\\/\"},\"wordCount\":668,\"image\":{\"@id\":\"https:\\\/\\\/poblenouurbandistrict.com\\\/lexit-de-loff-llum-bcn-es-tot-vostre\\\/#primaryimage\"},\"thumbnailUrl\":\"https:\\\/\\\/media.poblenouurbandistrict.com\\\/2022\\\/02\\\/25044608\\\/cua-off-llum.jpg\",\"articleSection\":[\"Off Llum Bcn\",\"Poblenou Urban District\"],\"inLanguage\":\"ca\"},{\"@type\":\"WebPage\",\"@id\":\"https:\\\/\\\/poblenouurbandistrict.com\\\/ca\\\/lexit-de-loff-llum-bcn-es-tot-vostre\\\/\",\"url\":\"https:\\\/\\\/poblenouurbandistrict.com\\\/ca\\\/lexit-de-loff-llum-bcn-es-tot-vostre\\\/\",\"name\":\"L'\u00e8xit de l'Off Llum Bcn \u00e9s tot vostre &#8211; Poblenou Urban District\",\"isPartOf\":{\"@id\":\"https:\\\/\\\/poblenouurbandistrict.com\\\/ca\\\/#website\"},\"primaryImageOfPage\":{\"@id\":\"https:\\\/\\\/poblenouurbandistrict.com\\\/ca\\\/lexit-de-loff-llum-bcn-es-tot-vostre\\\/#primaryimage\"},\"image\":{\"@id\":\"https:\\\/\\\/poblenouurbandistrict.com\\\/lexit-de-loff-llum-bcn-es-tot-vostre\\\/#primaryimage\"},\"thumbnailUrl\":\"https:\\\/\\\/media.poblenouurbandistrict.com\\\/2022\\\/02\\\/25044608\\\/cua-off-llum.jpg\",\"datePublished\":\"2022-02-09T16:01:27+00:00\",\"dateModified\":\"2022-02-10T12:43:08+00:00\",\"author\":{\"@id\":\"https:\\\/\\\/poblenouurbandistrict.com\\\/#\\\/schema\\\/person\\\/980a2cf34b399d5218205730acd54a7e\"},\"breadcrumb\":{\"@id\":\"https:\\\/\\\/poblenouurbandistrict.com\\\/ca\\\/lexit-de-loff-llum-bcn-es-tot-vostre\\\/#breadcrumb\"},\"inLanguage\":\"ca\",\"potentialAction\":[{\"@type\":\"ReadAction\",\"target\":[[\"https:\\\/\\\/poblenouurbandistrict.com\\\/ca\\\/lexit-de-loff-llum-bcn-es-tot-vostre\\\/\"]]}]},{\"@type\":\"ImageObject\",\"inLanguage\":\"ca\",\"@id\":\"https:\\\/\\\/poblenouurbandistrict.com\\\/ca\\\/lexit-de-loff-llum-bcn-es-tot-vostre\\\/#primaryimage\",\"url\":\"https:\\\/\\\/media.poblenouurbandistrict.com\\\/2022\\\/02\\\/25044608\\\/cua-off-llum.jpg\",\"contentUrl\":\"https:\\\/\\\/media.poblenouurbandistrict.com\\\/2022\\\/02\\\/25044608\\\/cua-off-llum.jpg\",\"width\":1500,\"height\":1000},{\"@type\":\"BreadcrumbList\",\"@id\":\"https:\\\/\\\/poblenouurbandistrict.com\\\/ca\\\/lexit-de-loff-llum-bcn-es-tot-vostre\\\/#breadcrumb\",\"itemListElement\":[{\"@type\":\"ListItem\",\"position\":1,\"name\":\"Home\",\"item\":\"https:\\\/\\\/poblenouurbandistrict.com\\\/ca\\\/\"},{\"@type\":\"ListItem\",\"position\":2,\"name\":\"L&#8217;\u00e8xit de l&#8217;Off Llum Bcn \u00e9s tot vostre\"}]},{\"@type\":\"WebSite\",\"@id\":\"https:\\\/\\\/poblenouurbandistrict.com\\\/ca\\\/#website\",\"url\":\"https:\\\/\\\/poblenouurbandistrict.com\\\/ca\\\/\",\"name\":\"Poblenou Urban District\",\"description\":\"Comunitat Creativa\",\"potentialAction\":[{\"@type\":\"SearchAction\",\"target\":{\"@type\":\"EntryPoint\",\"urlTemplate\":\"https:\\\/\\\/poblenouurbandistrict.com\\\/ca\\\/?s={search_term_string}\"},\"query-input\":{\"@type\":\"PropertyValueSpecification\",\"valueRequired\":true,\"valueName\":\"search_term_string\"}}],\"inLanguage\":\"ca\"},{\"@type\":\"Person\",\"@id\":\"https:\\\/\\\/poblenouurbandistrict.com\\\/#\\\/schema\\\/person\\\/980a2cf34b399d5218205730acd54a7e\",\"name\":\"pnud\",\"image\":{\"@type\":\"ImageObject\",\"inLanguage\":\"ca\",\"@id\":\"https:\\\/\\\/secure.gravatar.com\\\/avatar\\\/67146597b405ee077a24e519f75c3e2031736596d6ce35af3a34c122c93d0d7b?s=96&d=retro&r=g\",\"url\":\"https:\\\/\\\/secure.gravatar.com\\\/avatar\\\/67146597b405ee077a24e519f75c3e2031736596d6ce35af3a34c122c93d0d7b?s=96&d=retro&r=g\",\"contentUrl\":\"https:\\\/\\\/secure.gravatar.com\\\/avatar\\\/67146597b405ee077a24e519f75c3e2031736596d6ce35af3a34c122c93d0d7b?s=96&d=retro&r=g\",\"caption\":\"pnud\"}}]}<\/script>\n<!-- \/ Yoast SEO plugin. -->","yoast_head_json":{"title":"L'\u00e8xit de l'Off Llum Bcn \u00e9s tot vostre &#8211; Poblenou Urban District","robots":{"index":"index","follow":"follow","max-snippet":"max-snippet:-1","max-image-preview":"max-image-preview:large","max-video-preview":"max-video-preview:-1"},"canonical":"https:\/\/poblenouurbandistrict.com\/ca\/lexit-de-loff-llum-bcn-es-tot-vostre\/","og_locale":"ca_ES","og_type":"article","og_title":"L'\u00e8xit de l'Off Llum Bcn \u00e9s tot vostre &#8211; Poblenou Urban District","og_description":"La tercera edici\u00f3 de l&#8217;Off\u00a0Llum\u00a0Bcn\u00a0ha estat tot un\u00a0\u00e8xit\u00a0en molts sentits. La reobertura d&#8217;espais, la desaparici\u00f3 de restriccions d&#8217;aforament, la gran... M\u00e9s \u2192","og_url":"https:\/\/poblenouurbandistrict.com\/ca\/lexit-de-loff-llum-bcn-es-tot-vostre\/","og_site_name":"Poblenou Urban District","article_published_time":"2022-02-09T16:01:27+00:00","article_modified_time":"2022-02-10T12:43:08+00:00","og_image":[{"width":640,"height":427,"url":"https:\/\/poblenouurbandistrict.com\/wp-content\/uploads\/2022\/02\/cua-off-llum-640x427.png","type":"image\/png"}],"author":"pnud","twitter_card":"summary_large_image","twitter_misc":{"Escrit per":"pnud","Temps estimat de lectura":"2 minuts"},"schema":{"@context":"https:\/\/schema.org","@graph":[{"@type":"Article","@id":"https:\/\/poblenouurbandistrict.com\/lexit-de-loff-llum-bcn-es-tot-vostre\/#article","isPartOf":{"@id":"https:\/\/poblenouurbandistrict.com\/lexit-de-loff-llum-bcn-es-tot-vostre\/"},"author":{"name":"pnud","@id":"https:\/\/poblenouurbandistrict.com\/#\/schema\/person\/980a2cf34b399d5218205730acd54a7e"},"headline":"L&#8217;\u00e8xit de l&#8217;Off Llum Bcn \u00e9s tot vostre","datePublished":"2022-02-09T16:01:27+00:00","dateModified":"2022-02-10T12:43:08+00:00","mainEntityOfPage":{"@id":"https:\/\/poblenouurbandistrict.com\/lexit-de-loff-llum-bcn-es-tot-vostre\/"},"wordCount":668,"image":{"@id":"https:\/\/poblenouurbandistrict.com\/lexit-de-loff-llum-bcn-es-tot-vostre\/#primaryimage"},"thumbnailUrl":"https:\/\/media.poblenouurbandistrict.com\/2022\/02\/25044608\/cua-off-llum.jpg","articleSection":["Off Llum Bcn","Poblenou Urban District"],"inLanguage":"ca"},{"@type":"WebPage","@id":"https:\/\/poblenouurbandistrict.com\/ca\/lexit-de-loff-llum-bcn-es-tot-vostre\/","url":"https:\/\/poblenouurbandistrict.com\/ca\/lexit-de-loff-llum-bcn-es-tot-vostre\/","name":"L'\u00e8xit de l'Off Llum Bcn \u00e9s tot vostre &#8211; Poblenou Urban District","isPartOf":{"@id":"https:\/\/poblenouurbandistrict.com\/ca\/#website"},"primaryImageOfPage":{"@id":"https:\/\/poblenouurbandistrict.com\/ca\/lexit-de-loff-llum-bcn-es-tot-vostre\/#primaryimage"},"image":{"@id":"https:\/\/poblenouurbandistrict.com\/lexit-de-loff-llum-bcn-es-tot-vostre\/#primaryimage"},"thumbnailUrl":"https:\/\/media.poblenouurbandistrict.com\/2022\/02\/25044608\/cua-off-llum.jpg","datePublished":"2022-02-09T16:01:27+00:00","dateModified":"2022-02-10T12:43:08+00:00","author":{"@id":"https:\/\/poblenouurbandistrict.com\/#\/schema\/person\/980a2cf34b399d5218205730acd54a7e"},"breadcrumb":{"@id":"https:\/\/poblenouurbandistrict.com\/ca\/lexit-de-loff-llum-bcn-es-tot-vostre\/#breadcrumb"},"inLanguage":"ca","potentialAction":[{"@type":"ReadAction","target":[["https:\/\/poblenouurbandistrict.com\/ca\/lexit-de-loff-llum-bcn-es-tot-vostre\/"]]}]},{"@type":"ImageObject","inLanguage":"ca","@id":"https:\/\/poblenouurbandistrict.com\/ca\/lexit-de-loff-llum-bcn-es-tot-vostre\/#primaryimage","url":"https:\/\/media.poblenouurbandistrict.com\/2022\/02\/25044608\/cua-off-llum.jpg","contentUrl":"https:\/\/media.poblenouurbandistrict.com\/2022\/02\/25044608\/cua-off-llum.jpg","width":1500,"height":1000},{"@type":"BreadcrumbList","@id":"https:\/\/poblenouurbandistrict.com\/ca\/lexit-de-loff-llum-bcn-es-tot-vostre\/#breadcrumb","itemListElement":[{"@type":"ListItem","position":1,"name":"Home","item":"https:\/\/poblenouurbandistrict.com\/ca\/"},{"@type":"ListItem","position":2,"name":"L&#8217;\u00e8xit de l&#8217;Off Llum Bcn \u00e9s tot vostre"}]},{"@type":"WebSite","@id":"https:\/\/poblenouurbandistrict.com\/ca\/#website","url":"https:\/\/poblenouurbandistrict.com\/ca\/","name":"Poblenou Urban District","description":"Comunitat Creativa","potentialAction":[{"@type":"SearchAction","target":{"@type":"EntryPoint","urlTemplate":"https:\/\/poblenouurbandistrict.com\/ca\/?s={search_term_string}"},"query-input":{"@type":"PropertyValueSpecification","valueRequired":true,"valueName":"search_term_string"}}],"inLanguage":"ca"},{"@type":"Person","@id":"https:\/\/poblenouurbandistrict.com\/#\/schema\/person\/980a2cf34b399d5218205730acd54a7e","name":"pnud","image":{"@type":"ImageObject","inLanguage":"ca","@id":"https:\/\/secure.gravatar.com\/avatar\/67146597b405ee077a24e519f75c3e2031736596d6ce35af3a34c122c93d0d7b?s=96&d=retro&r=g","url":"https:\/\/secure.gravatar.com\/avatar\/67146597b405ee077a24e519f75c3e2031736596d6ce35af3a34c122c93d0d7b?s=96&d=retro&r=g","contentUrl":"https:\/\/secure.gravatar.com\/avatar\/67146597b405ee077a24e519f75c3e2031736596d6ce35af3a34c122c93d0d7b?s=96&d=retro&r=g","caption":"pnud"}}]}},"_links":{"self":[{"href":"https:\/\/poblenouurbandistrict.com\/ca\/wp-json\/wp\/v2\/posts\/26079","targetHints":{"allow":["GET"]}}],"collection":[{"href":"https:\/\/poblenouurbandistrict.com\/ca\/wp-json\/wp\/v2\/posts"}],"about":[{"href":"https:\/\/poblenouurbandistrict.com\/ca\/wp-json\/wp\/v2\/types\/post"}],"author":[{"embeddable":true,"href":"https:\/\/poblenouurbandistrict.com\/ca\/wp-json\/wp\/v2\/users\/5"}],"replies":[{"embeddable":true,"href":"https:\/\/poblenouurbandistrict.com\/ca\/wp-json\/wp\/v2\/comments?post=26079"}],"version-history":[{"count":8,"href":"https:\/\/poblenouurbandistrict.com\/ca\/wp-json\/wp\/v2\/posts\/26079\/revisions"}],"predecessor-version":[{"id":26254,"href":"https:\/\/poblenouurbandistrict.com\/ca\/wp-json\/wp\/v2\/posts\/26079\/revisions\/26254"}],"wp:featuredmedia":[{"embeddable":true,"href":"https:\/\/poblenouurbandistrict.com\/ca\/wp-json\/wp\/v2\/media\/26116"}],"wp:attachment":[{"href":"https:\/\/poblenouurbandistrict.com\/ca\/wp-json\/wp\/v2\/media?parent=26079"}],"wp:term":[{"taxonomy":"category","embeddable":true,"href":"https:\/\/poblenouurbandistrict.com\/ca\/wp-json\/wp\/v2\/categories?post=26079"},{"taxonomy":"post_tag","embeddable":true,"href":"https:\/\/poblenouurbandistrict.com\/ca\/wp-json\/wp\/v2\/tags?post=26079"}],"curies":[{"name":"wp","href":"https:\/\/api.w.org\/{rel}","templated":true}]}}