{"id":26648,"date":"2022-03-03T12:31:28","date_gmt":"2022-03-03T11:31:28","guid":{"rendered":"https:\/\/poblenouurbandistrict.com\/?p=26648"},"modified":"2022-03-03T16:27:47","modified_gmt":"2022-03-03T15:27:47","slug":"se-reactiva-la-2a-edicio-de-disseny-per-la-inclusio-una-iniciativa-del-museu-del-disseny-i-ojala-projects","status":"publish","type":"post","link":"https:\/\/poblenouurbandistrict.com\/ca\/se-reactiva-la-2a-edicio-de-disseny-per-la-inclusio-una-iniciativa-del-museu-del-disseny-i-ojala-projects\/","title":{"rendered":"Se reactiva la 2\u00aa edici\u00f3 de \u201cDisseny per la inclusi\u00f3\u201d, una iniciativa del Museu del Disseny i Ojal\u00e1 Projects"},"content":{"rendered":"<p><span style=\"font-weight: 400;\">Arranca la segona edici\u00f3 de &#8220;<\/span><span style=\"color: #333333;\"><a style=\"color: #333333;\" href=\"https:\/\/ajuntament.barcelona.cat\/museudeldisseny\/es\/actividad\/2a-edicion-diseno-para-la-inclusion-el-proceso-como-resultado-curso-21-22\" target=\"_blank\" rel=\"noopener\"><b><i>Disseny per la inclusi\u00f3<\/i><\/b><\/a><\/span><span style=\"font-weight: 400;\">&#8220;, una iniciativa del <\/span><span style=\"color: #333333;\"><a style=\"color: #333333;\" href=\"https:\/\/ajuntament.barcelona.cat\/museudeldisseny\/es\" target=\"_blank\" rel=\"noopener\"><b>Museu del Disseny<\/b><\/a><\/span><span style=\"font-weight: 400;\"> i de la asociaci\u00f3 <\/span><span style=\"color: #333333;\"><a style=\"color: #333333;\" href=\"https:\/\/ojalaprojects.org\/\" target=\"_blank\" rel=\"noopener\"><b>Ojal\u00e1 Projects<\/b><\/a><\/span><span style=\"font-weight: 400;\">. Aquesta segona edici\u00f3 compta amb la participaci\u00f3 dels alumnes de <span style=\"color: #000000;\"><a style=\"color: #000000;\" href=\"https:\/\/www.baued.es\/\" target=\"_blank\" rel=\"noopener\">BAU<\/a><\/span>, IED, LCI, la UOC i ESDAPC, que portaran a terme els seus projectes de disseny de producte i disseny d&#8217;interiors conjuntament amb persones amb discapacitat visual (l&#8217;<span style=\"color: #333333;\"><a style=\"color: #333333;\" href=\"https:\/\/www.once.es\/conocenos\" target=\"_blank\" rel=\"noopener\"><b>ONCE<\/b><\/a><\/span>) i amb persones a reinserci\u00f3 social penitenci\u00e0ria (<span style=\"color: #333333;\"><a style=\"color: #333333;\" href=\"https:\/\/caritas.barcelona\/\" target=\"_blank\" rel=\"noopener\"><b>C\u00e1ritas<\/b><\/a><\/span>).<\/span><\/p>\n<h3>Disseny per la inclusi\u00f3, el proc\u00e9s com a resultat<\/h3>\n<p>&#8220;<strong>Disseny per a la inclusi\u00f3<\/strong>, <strong>el proc\u00e9s com a resultat<\/strong>&#8221; \u00e9s un projecte d&#8217;aprenentatge i cocreaci\u00f3 entre estudiants de diverses universitats de disseny i col\u00b7lectius en situaci\u00f3 vulnerable que enguany celebra la segona edici\u00f3. La iniciativa est\u00e0 impulsada pel <strong>Museu del Disseny i l&#8217;Associaci\u00f3 Ojal\u00e1 Projects<\/strong> i t\u00e9 com a objectiu generar contextos d&#8217;interacci\u00f3, sensibilitzaci\u00f3, integraci\u00f3 i debat fent \u00fas de metodologies de disseny per a l&#8217;apoderament comunitari.<\/p>\n<p>Aquesta segona edici\u00f3 se centra en els \u00e0mbits del disseny del producte i del disseny interiors. Un dels aspectes distintius de &#8220;<strong>Disseny per a la inclusi\u00f3<\/strong>&#8221; \u00e9s la metodologia que s&#8217;aplica durant tot el projecte i que se centra en el proc\u00e9s d&#8217;<strong>aprenentatge mutu<\/strong> i en el <strong>reconeixement de les diverses capacitats<\/strong> dels participants en el treball de cocreaci\u00f3.<\/p>\n<p>&nbsp;<\/p>\n<h4>Sessi\u00f3 de cocreaci\u00f3: projecte de disseny de producte<\/h4>\n<p>D&#8217;una banda, diversos grups d&#8217;alumnes de les escoles <span style=\"color: #333333;\"><a style=\"color: #333333;\" href=\"https:\/\/www.baued.es\/\" target=\"_blank\" rel=\"noopener\"><b>BAU<\/b><\/a><\/span> (Centre Universitari de Disseny), <span style=\"color: #333333;\"><a style=\"color: #333333;\" href=\"https:\/\/iedbarcelona.es\/\" target=\"_blank\" rel=\"noopener\"><b>IED <\/b><\/a><\/span> (Centre Superior de Disseny), <span style=\"color: #333333;\"><a style=\"color: #333333;\" href=\"https:\/\/www.lcibarcelona.com\/Information\/estudiar-diseno?utm_source=google&amp;utm_medium=cpc&amp;utm_campaign=001.lcibarcelona_brand_all_all_barcelona_es_es&amp;utm_content=001.1.4&amp;utm_term=lci%20barcelona&amp;gclid=CjwKCAiAyPyQBhB6EiwAFUuaktRiuLefTaqAV6e6Z8nWrkla3vSFNGIbWsUx3upvRq1yxQXDTLcR1RoCuFsQAvD_BwE\" target=\"_blank\" rel=\"noopener\"><b>LCI <\/b><\/a><\/span> (Escola de Disseny i Arts Visuals) i la <span style=\"color: #333333;\"><a style=\"color: #333333;\" href=\"https:\/\/www.uoc.edu\/portal\/es\/index.html\" target=\"_blank\" rel=\"noopener\"><b>UOC<\/b><\/a><\/span> desenvoluparan el projecte de disseny de producte amb persones amb discapacitat visual de lorganitzaci\u00f3 l&#8217;<strong>ONCE<\/strong> (per la inclusi\u00f3 de persones cegues i amb discapacitat). Els alumnes i el col\u00b7lectiu exploraran conjuntament com donar resposta a les dificultats que tenen les persones invidents en relaci\u00f3 amb els objectes que els envolten al seu dia a dia. Les sessions de cocreaci\u00f3 tindran lloc tots els dimecres entre el 2 de mar\u00e7 i el 25 de maig. <strong>Josep Novell<\/strong>, dissenyador de producte, ser\u00e0 el tutor d&#8217;aquest projecte.<\/p>\n<p>&nbsp;<\/p>\n<h4>Sessi\u00f3 de cocreaci\u00f3: projecte de disseny d\u02bbinteriors<\/h4>\n<p>D\u00b4altra banda, un grup d\u00b4alumnes d\u00b4<span style=\"color: #333333;\"><a style=\"color: #333333;\" href=\"http:\/\/www.esdap.cat\/p\/1\/1\/0\/ESDAP\" target=\"_blank\" rel=\"noopener\"><b>ESDAP<\/b> <b>Catalunya<\/b><\/a><\/span> (Escola Superior de Disseny i d\u00b4Arts Pl\u00e0stiques de Catalunya) treballar\u00e0 en un projecte de disseny d\u00b4interiors amb persones en reinserci\u00f3 social penitenci\u00e0ria de l&#8217;associaci\u00f3 <strong>C\u00e0ritas<\/strong>. En aquest cas, es posar\u00e0 el focus en entendre lespai com un element m\u00e9s d&#8217;<strong>integraci\u00f3 social<\/strong>, potenciant el concepte de llar. Les sessions de cocreaci\u00f3 tindran lloc tots els dimarts a partir de l&#8217;1 de mar\u00e7 i fins al 31 de maig amb la Dra. en arquitectura i docent d&#8217;ESDAPC <strong>Amaya Mart\u00ednez<\/strong> com a tutora.<\/p>\n<p>A banda de les <strong>sessions de cocreaci\u00f3<\/strong>, el projecte tamb\u00e9 preveu una s\u00e8rie de sessions de formaci\u00f3 que s&#8217;impartiran al Museu del Disseny i al llarg del projecte els alumnes i participants de les entitats visitaran el Museu com a font d&#8217;inspiraci\u00f3 i recurs educatiu dels respectius projectes. Dimarts passat 22 de febrer, es va impartir una sessi\u00f3 de formaci\u00f3 amb tema \u201c<strong>Psicologia i Valors<\/strong>\u201d i el passat dijous 24 de febrer la sessi\u00f3 tractava de \u201c<strong>Metodologies, Innovaci\u00f3 i Disseny Social<\/strong>\u201d.<\/p>\n<p>El projecte culminar\u00e0 amb la presentaci\u00f3 final dels processos de cocreaci\u00f3 per a tots els grups durant la primera quinzena de juny al marc de la Barcelona Design Week (data per concretar).<\/p>\n<p>&#8220;Disseny per a la inclusi\u00f3&#8221; s&#8217;emmarca en la l\u00ednia del foment del talent jove i de la reflexi\u00f3 i promoci\u00f3 del disseny social que fomenten el <span style=\"color: #333333;\"><a style=\"color: #333333;\" href=\"https:\/\/poblenouurbandistrict.com\/es\/membres\/museu-del-disseny-de-barcelona\/\" target=\"_blank\" rel=\"noopener\"><b>Museu del Disseny<\/b><\/a><\/span><span style=\"font-weight: 400;\"> i el <\/span><span style=\"color: #333333;\"><a style=\"color: #333333;\" href=\"https:\/\/poblenouurbandistrict.com\/es\/membres\/disseny-hub-barcelona\/\" target=\"_blank\" rel=\"noopener\"><b>Disseny Hub Barcelona<\/b><\/a><\/span><span style=\"font-weight: 400;\">.<\/span><\/p>\n<p>&nbsp;<\/p>\n<p>Sobre <strong>Ojal\u00e1 Projects<\/strong>:<\/p>\n<p>Ojal\u00e1 Projects \u00e9s una associaci\u00f3 sense \u00e0nim de lucre que fomenta la creativitat com a eina de transformaci\u00f3 social. Sorgeix de la inquietud de docents universit\u00e0ries per innovar a l&#8217;educaci\u00f3 de les disciplines creatives fomentant valors socials i culturals. El seu senyal d&#8217;identitat es basa en el treball entre diferents disciplines art\u00edstiques, fomentant la multiculturalitat com a factor elemental per incrementar la consci\u00e8ncia social.<\/p>\n<p>Quant a l&#8217;<strong>ONCE<\/strong>:<\/p>\n<p>L&#8217;ONCE, que el 2018 va celebrar el 80\u00e8 aniversari, \u00e9s una organitzaci\u00f3 que es dedica a la inserci\u00f3 de les persones cegues o amb una altra discapacitat per millorar la seva autonomia personal i la seva qualitat de vida.<\/p>\n<p>Sobre <strong>C\u00e0ritas<\/strong>:<\/p>\n<p>C\u00e0ritas \u00e9s una entitat sense \u00e0nim de lucre amb la missi\u00f3 d&#8217;acollir i treballar amb les persones en situaci\u00f3 de pobresa i necessitat perqu\u00e8 siguin protagonistes del seu propi alliberament. Inclou l&#8217;acci\u00f3 social, la sensibilitzaci\u00f3 de la societat i la den\u00fancia de situacions d&#8217;injust\u00edcia social.<\/p>\n<p>&nbsp;<\/p>","protected":false},"excerpt":{"rendered":"<p>Arranca la segona edici\u00f3 de &#8220;Disseny per la inclusi\u00f3&#8220;, una iniciativa del Museu del Disseny i de la asociaci\u00f3 Ojal\u00e1&#8230; <a href=\"https:\/\/poblenouurbandistrict.com\/ca\/se-reactiva-la-2a-edicio-de-disseny-per-la-inclusio-una-iniciativa-del-museu-del-disseny-i-ojala-projects\/\">M\u00e9s  \u2192<\/a><\/p>\n","protected":false},"author":5,"featured_media":26673,"comment_status":"closed","ping_status":"closed","sticky":false,"template":"","format":"standard","meta":{"_acf_changed":false,"footnotes":""},"categories":[3532,3501],"tags":[],"class_list":["post-26648","post","type-post","status-publish","format-standard","has-post-thumbnail","hentry","category-disseny-hub-barcelona","category-disseny"],"acf":[],"yoast_head":"<!-- This site is optimized with the Yoast SEO plugin v27.5 - https:\/\/yoast.com\/product\/yoast-seo-wordpress\/ -->\n<title>Dise\u00f1o para la inclusi\u00f3n, una iniciativa del Museu del Disseny<\/title>\n<meta name=\"description\" content=\"Segunda edici\u00f3n de &quot;Dise\u00f1o para la inclusi\u00f3n&quot;, una iniciativa del Museu del Disseny y de la asociaci\u00f3n Ojal\u00e1 Project.\" \/>\n<meta name=\"robots\" content=\"index, follow, max-snippet:-1, max-image-preview:large, max-video-preview:-1\" \/>\n<link rel=\"canonical\" href=\"https:\/\/poblenouurbandistrict.com\/ca\/se-reactiva-la-2a-edicio-de-disseny-per-la-inclusio-una-iniciativa-del-museu-del-disseny-i-ojala-projects\/\" \/>\n<meta property=\"og:locale\" content=\"ca_ES\" \/>\n<meta property=\"og:type\" content=\"article\" \/>\n<meta property=\"og:title\" content=\"Dise\u00f1o para la inclusi\u00f3n, una iniciativa del Museu del Disseny\" \/>\n<meta property=\"og:description\" content=\"Segunda edici\u00f3n de &quot;Dise\u00f1o para la inclusi\u00f3n&quot;, una iniciativa del Museu del Disseny y de la asociaci\u00f3n Ojal\u00e1 Project.\" \/>\n<meta property=\"og:url\" content=\"https:\/\/poblenouurbandistrict.com\/ca\/se-reactiva-la-2a-edicio-de-disseny-per-la-inclusio-una-iniciativa-del-museu-del-disseny-i-ojala-projects\/\" \/>\n<meta property=\"og:site_name\" content=\"Poblenou Urban District\" \/>\n<meta property=\"article:published_time\" content=\"2022-03-03T11:31:28+00:00\" \/>\n<meta property=\"article:modified_time\" content=\"2022-03-03T15:27:47+00:00\" \/>\n<meta property=\"og:image\" content=\"https:\/\/poblenouurbandistrict.com\/wp-content\/uploads\/2022\/03\/museu-26-1024x683-1.jpg\" \/>\n\t<meta property=\"og:image:width\" content=\"1024\" \/>\n\t<meta property=\"og:image:height\" content=\"683\" \/>\n\t<meta property=\"og:image:type\" content=\"image\/jpeg\" \/>\n<meta name=\"author\" content=\"pnud\" \/>\n<meta name=\"twitter:card\" content=\"summary_large_image\" \/>\n<meta name=\"twitter:label1\" content=\"Escrit per\" \/>\n\t<meta name=\"twitter:data1\" content=\"pnud\" \/>\n\t<meta name=\"twitter:label2\" content=\"Temps estimat de lectura\" \/>\n\t<meta name=\"twitter:data2\" content=\"4 minuts\" \/>\n<script type=\"application\/ld+json\" class=\"yoast-schema-graph\">{\"@context\":\"https:\\\/\\\/schema.org\",\"@graph\":[{\"@type\":\"Article\",\"@id\":\"https:\\\/\\\/poblenouurbandistrict.com\\\/se-reactiva-la-2a-edicio-de-disseny-per-la-inclusio-una-iniciativa-del-museu-del-disseny-i-ojala-projects\\\/#article\",\"isPartOf\":{\"@id\":\"https:\\\/\\\/poblenouurbandistrict.com\\\/se-reactiva-la-2a-edicio-de-disseny-per-la-inclusio-una-iniciativa-del-museu-del-disseny-i-ojala-projects\\\/\"},\"author\":{\"name\":\"pnud\",\"@id\":\"https:\\\/\\\/poblenouurbandistrict.com\\\/#\\\/schema\\\/person\\\/980a2cf34b399d5218205730acd54a7e\"},\"headline\":\"Se reactiva la 2\u00aa edici\u00f3 de \u201cDisseny per la inclusi\u00f3\u201d, una iniciativa del Museu del Disseny i Ojal\u00e1 Projects\",\"datePublished\":\"2022-03-03T11:31:28+00:00\",\"dateModified\":\"2022-03-03T15:27:47+00:00\",\"mainEntityOfPage\":{\"@id\":\"https:\\\/\\\/poblenouurbandistrict.com\\\/se-reactiva-la-2a-edicio-de-disseny-per-la-inclusio-una-iniciativa-del-museu-del-disseny-i-ojala-projects\\\/\"},\"wordCount\":2336,\"image\":{\"@id\":\"https:\\\/\\\/poblenouurbandistrict.com\\\/se-reactiva-la-2a-edicio-de-disseny-per-la-inclusio-una-iniciativa-del-museu-del-disseny-i-ojala-projects\\\/#primaryimage\"},\"thumbnailUrl\":\"https:\\\/\\\/media.poblenouurbandistrict.com\\\/2022\\\/03\\\/25045000\\\/museu-26-1024x683-1.jpg\",\"articleSection\":[\"Disseny Hub Barcelona\",\"Disseny\"],\"inLanguage\":\"ca\"},{\"@type\":\"WebPage\",\"@id\":\"https:\\\/\\\/poblenouurbandistrict.com\\\/ca\\\/se-reactiva-la-2a-edicio-de-disseny-per-la-inclusio-una-iniciativa-del-museu-del-disseny-i-ojala-projects\\\/\",\"url\":\"https:\\\/\\\/poblenouurbandistrict.com\\\/ca\\\/se-reactiva-la-2a-edicio-de-disseny-per-la-inclusio-una-iniciativa-del-museu-del-disseny-i-ojala-projects\\\/\",\"name\":\"Dise\u00f1o para la inclusi\u00f3n, una iniciativa del Museu del Disseny\",\"isPartOf\":{\"@id\":\"https:\\\/\\\/poblenouurbandistrict.com\\\/ca\\\/#website\"},\"primaryImageOfPage\":{\"@id\":\"https:\\\/\\\/poblenouurbandistrict.com\\\/ca\\\/se-reactiva-la-2a-edicio-de-disseny-per-la-inclusio-una-iniciativa-del-museu-del-disseny-i-ojala-projects\\\/#primaryimage\"},\"image\":{\"@id\":\"https:\\\/\\\/poblenouurbandistrict.com\\\/se-reactiva-la-2a-edicio-de-disseny-per-la-inclusio-una-iniciativa-del-museu-del-disseny-i-ojala-projects\\\/#primaryimage\"},\"thumbnailUrl\":\"https:\\\/\\\/media.poblenouurbandistrict.com\\\/2022\\\/03\\\/25045000\\\/museu-26-1024x683-1.jpg\",\"datePublished\":\"2022-03-03T11:31:28+00:00\",\"dateModified\":\"2022-03-03T15:27:47+00:00\",\"author\":{\"@id\":\"https:\\\/\\\/poblenouurbandistrict.com\\\/#\\\/schema\\\/person\\\/980a2cf34b399d5218205730acd54a7e\"},\"description\":\"Segunda edici\u00f3n de \\\"Dise\u00f1o para la inclusi\u00f3n\\\", una iniciativa del Museu del Disseny y de la asociaci\u00f3n Ojal\u00e1 Project.\",\"breadcrumb\":{\"@id\":\"https:\\\/\\\/poblenouurbandistrict.com\\\/ca\\\/se-reactiva-la-2a-edicio-de-disseny-per-la-inclusio-una-iniciativa-del-museu-del-disseny-i-ojala-projects\\\/#breadcrumb\"},\"inLanguage\":\"ca\",\"potentialAction\":[{\"@type\":\"ReadAction\",\"target\":[[\"https:\\\/\\\/poblenouurbandistrict.com\\\/ca\\\/se-reactiva-la-2a-edicio-de-disseny-per-la-inclusio-una-iniciativa-del-museu-del-disseny-i-ojala-projects\\\/\"]]}]},{\"@type\":\"ImageObject\",\"inLanguage\":\"ca\",\"@id\":\"https:\\\/\\\/poblenouurbandistrict.com\\\/ca\\\/se-reactiva-la-2a-edicio-de-disseny-per-la-inclusio-una-iniciativa-del-museu-del-disseny-i-ojala-projects\\\/#primaryimage\",\"url\":\"https:\\\/\\\/media.poblenouurbandistrict.com\\\/2022\\\/03\\\/25045000\\\/museu-26-1024x683-1.jpg\",\"contentUrl\":\"https:\\\/\\\/media.poblenouurbandistrict.com\\\/2022\\\/03\\\/25045000\\\/museu-26-1024x683-1.jpg\",\"width\":1024,\"height\":683},{\"@type\":\"BreadcrumbList\",\"@id\":\"https:\\\/\\\/poblenouurbandistrict.com\\\/ca\\\/se-reactiva-la-2a-edicio-de-disseny-per-la-inclusio-una-iniciativa-del-museu-del-disseny-i-ojala-projects\\\/#breadcrumb\",\"itemListElement\":[{\"@type\":\"ListItem\",\"position\":1,\"name\":\"Home\",\"item\":\"https:\\\/\\\/poblenouurbandistrict.com\\\/ca\\\/\"},{\"@type\":\"ListItem\",\"position\":2,\"name\":\"Se reactiva la 2\u00aa edici\u00f3 de \u201cDisseny per la inclusi\u00f3\u201d, una iniciativa del Museu del Disseny i Ojal\u00e1 Projects\"}]},{\"@type\":\"WebSite\",\"@id\":\"https:\\\/\\\/poblenouurbandistrict.com\\\/ca\\\/#website\",\"url\":\"https:\\\/\\\/poblenouurbandistrict.com\\\/ca\\\/\",\"name\":\"Poblenou Urban District\",\"description\":\"Comunitat Creativa\",\"potentialAction\":[{\"@type\":\"SearchAction\",\"target\":{\"@type\":\"EntryPoint\",\"urlTemplate\":\"https:\\\/\\\/poblenouurbandistrict.com\\\/ca\\\/?s={search_term_string}\"},\"query-input\":{\"@type\":\"PropertyValueSpecification\",\"valueRequired\":true,\"valueName\":\"search_term_string\"}}],\"inLanguage\":\"ca\"},{\"@type\":\"Person\",\"@id\":\"https:\\\/\\\/poblenouurbandistrict.com\\\/#\\\/schema\\\/person\\\/980a2cf34b399d5218205730acd54a7e\",\"name\":\"pnud\",\"image\":{\"@type\":\"ImageObject\",\"inLanguage\":\"ca\",\"@id\":\"https:\\\/\\\/secure.gravatar.com\\\/avatar\\\/67146597b405ee077a24e519f75c3e2031736596d6ce35af3a34c122c93d0d7b?s=96&d=retro&r=g\",\"url\":\"https:\\\/\\\/secure.gravatar.com\\\/avatar\\\/67146597b405ee077a24e519f75c3e2031736596d6ce35af3a34c122c93d0d7b?s=96&d=retro&r=g\",\"contentUrl\":\"https:\\\/\\\/secure.gravatar.com\\\/avatar\\\/67146597b405ee077a24e519f75c3e2031736596d6ce35af3a34c122c93d0d7b?s=96&d=retro&r=g\",\"caption\":\"pnud\"}}]}<\/script>\n<!-- \/ Yoast SEO plugin. -->","yoast_head_json":{"title":"Dise\u00f1o para la inclusi\u00f3n, una iniciativa del Museu del Disseny","description":"Segunda edici\u00f3n de \"Dise\u00f1o para la inclusi\u00f3n\", una iniciativa del Museu del Disseny y de la asociaci\u00f3n Ojal\u00e1 Project.","robots":{"index":"index","follow":"follow","max-snippet":"max-snippet:-1","max-image-preview":"max-image-preview:large","max-video-preview":"max-video-preview:-1"},"canonical":"https:\/\/poblenouurbandistrict.com\/ca\/se-reactiva-la-2a-edicio-de-disseny-per-la-inclusio-una-iniciativa-del-museu-del-disseny-i-ojala-projects\/","og_locale":"ca_ES","og_type":"article","og_title":"Dise\u00f1o para la inclusi\u00f3n, una iniciativa del Museu del Disseny","og_description":"Segunda edici\u00f3n de \"Dise\u00f1o para la inclusi\u00f3n\", una iniciativa del Museu del Disseny y de la asociaci\u00f3n Ojal\u00e1 Project.","og_url":"https:\/\/poblenouurbandistrict.com\/ca\/se-reactiva-la-2a-edicio-de-disseny-per-la-inclusio-una-iniciativa-del-museu-del-disseny-i-ojala-projects\/","og_site_name":"Poblenou Urban District","article_published_time":"2022-03-03T11:31:28+00:00","article_modified_time":"2022-03-03T15:27:47+00:00","og_image":[{"width":1024,"height":683,"url":"https:\/\/poblenouurbandistrict.com\/wp-content\/uploads\/2022\/03\/museu-26-1024x683-1.jpg","type":"image\/jpeg"}],"author":"pnud","twitter_card":"summary_large_image","twitter_misc":{"Escrit per":"pnud","Temps estimat de lectura":"4 minuts"},"schema":{"@context":"https:\/\/schema.org","@graph":[{"@type":"Article","@id":"https:\/\/poblenouurbandistrict.com\/se-reactiva-la-2a-edicio-de-disseny-per-la-inclusio-una-iniciativa-del-museu-del-disseny-i-ojala-projects\/#article","isPartOf":{"@id":"https:\/\/poblenouurbandistrict.com\/se-reactiva-la-2a-edicio-de-disseny-per-la-inclusio-una-iniciativa-del-museu-del-disseny-i-ojala-projects\/"},"author":{"name":"pnud","@id":"https:\/\/poblenouurbandistrict.com\/#\/schema\/person\/980a2cf34b399d5218205730acd54a7e"},"headline":"Se reactiva la 2\u00aa edici\u00f3 de \u201cDisseny per la inclusi\u00f3\u201d, una iniciativa del Museu del Disseny i Ojal\u00e1 Projects","datePublished":"2022-03-03T11:31:28+00:00","dateModified":"2022-03-03T15:27:47+00:00","mainEntityOfPage":{"@id":"https:\/\/poblenouurbandistrict.com\/se-reactiva-la-2a-edicio-de-disseny-per-la-inclusio-una-iniciativa-del-museu-del-disseny-i-ojala-projects\/"},"wordCount":2336,"image":{"@id":"https:\/\/poblenouurbandistrict.com\/se-reactiva-la-2a-edicio-de-disseny-per-la-inclusio-una-iniciativa-del-museu-del-disseny-i-ojala-projects\/#primaryimage"},"thumbnailUrl":"https:\/\/media.poblenouurbandistrict.com\/2022\/03\/25045000\/museu-26-1024x683-1.jpg","articleSection":["Disseny Hub Barcelona","Disseny"],"inLanguage":"ca"},{"@type":"WebPage","@id":"https:\/\/poblenouurbandistrict.com\/ca\/se-reactiva-la-2a-edicio-de-disseny-per-la-inclusio-una-iniciativa-del-museu-del-disseny-i-ojala-projects\/","url":"https:\/\/poblenouurbandistrict.com\/ca\/se-reactiva-la-2a-edicio-de-disseny-per-la-inclusio-una-iniciativa-del-museu-del-disseny-i-ojala-projects\/","name":"Dise\u00f1o para la inclusi\u00f3n, una iniciativa del Museu del Disseny","isPartOf":{"@id":"https:\/\/poblenouurbandistrict.com\/ca\/#website"},"primaryImageOfPage":{"@id":"https:\/\/poblenouurbandistrict.com\/ca\/se-reactiva-la-2a-edicio-de-disseny-per-la-inclusio-una-iniciativa-del-museu-del-disseny-i-ojala-projects\/#primaryimage"},"image":{"@id":"https:\/\/poblenouurbandistrict.com\/se-reactiva-la-2a-edicio-de-disseny-per-la-inclusio-una-iniciativa-del-museu-del-disseny-i-ojala-projects\/#primaryimage"},"thumbnailUrl":"https:\/\/media.poblenouurbandistrict.com\/2022\/03\/25045000\/museu-26-1024x683-1.jpg","datePublished":"2022-03-03T11:31:28+00:00","dateModified":"2022-03-03T15:27:47+00:00","author":{"@id":"https:\/\/poblenouurbandistrict.com\/#\/schema\/person\/980a2cf34b399d5218205730acd54a7e"},"description":"Segunda edici\u00f3n de \"Dise\u00f1o para la inclusi\u00f3n\", una iniciativa del Museu del Disseny y de la asociaci\u00f3n Ojal\u00e1 Project.","breadcrumb":{"@id":"https:\/\/poblenouurbandistrict.com\/ca\/se-reactiva-la-2a-edicio-de-disseny-per-la-inclusio-una-iniciativa-del-museu-del-disseny-i-ojala-projects\/#breadcrumb"},"inLanguage":"ca","potentialAction":[{"@type":"ReadAction","target":[["https:\/\/poblenouurbandistrict.com\/ca\/se-reactiva-la-2a-edicio-de-disseny-per-la-inclusio-una-iniciativa-del-museu-del-disseny-i-ojala-projects\/"]]}]},{"@type":"ImageObject","inLanguage":"ca","@id":"https:\/\/poblenouurbandistrict.com\/ca\/se-reactiva-la-2a-edicio-de-disseny-per-la-inclusio-una-iniciativa-del-museu-del-disseny-i-ojala-projects\/#primaryimage","url":"https:\/\/media.poblenouurbandistrict.com\/2022\/03\/25045000\/museu-26-1024x683-1.jpg","contentUrl":"https:\/\/media.poblenouurbandistrict.com\/2022\/03\/25045000\/museu-26-1024x683-1.jpg","width":1024,"height":683},{"@type":"BreadcrumbList","@id":"https:\/\/poblenouurbandistrict.com\/ca\/se-reactiva-la-2a-edicio-de-disseny-per-la-inclusio-una-iniciativa-del-museu-del-disseny-i-ojala-projects\/#breadcrumb","itemListElement":[{"@type":"ListItem","position":1,"name":"Home","item":"https:\/\/poblenouurbandistrict.com\/ca\/"},{"@type":"ListItem","position":2,"name":"Se reactiva la 2\u00aa edici\u00f3 de \u201cDisseny per la inclusi\u00f3\u201d, una iniciativa del Museu del Disseny i Ojal\u00e1 Projects"}]},{"@type":"WebSite","@id":"https:\/\/poblenouurbandistrict.com\/ca\/#website","url":"https:\/\/poblenouurbandistrict.com\/ca\/","name":"Poblenou Urban District","description":"Comunitat Creativa","potentialAction":[{"@type":"SearchAction","target":{"@type":"EntryPoint","urlTemplate":"https:\/\/poblenouurbandistrict.com\/ca\/?s={search_term_string}"},"query-input":{"@type":"PropertyValueSpecification","valueRequired":true,"valueName":"search_term_string"}}],"inLanguage":"ca"},{"@type":"Person","@id":"https:\/\/poblenouurbandistrict.com\/#\/schema\/person\/980a2cf34b399d5218205730acd54a7e","name":"pnud","image":{"@type":"ImageObject","inLanguage":"ca","@id":"https:\/\/secure.gravatar.com\/avatar\/67146597b405ee077a24e519f75c3e2031736596d6ce35af3a34c122c93d0d7b?s=96&d=retro&r=g","url":"https:\/\/secure.gravatar.com\/avatar\/67146597b405ee077a24e519f75c3e2031736596d6ce35af3a34c122c93d0d7b?s=96&d=retro&r=g","contentUrl":"https:\/\/secure.gravatar.com\/avatar\/67146597b405ee077a24e519f75c3e2031736596d6ce35af3a34c122c93d0d7b?s=96&d=retro&r=g","caption":"pnud"}}]}},"_links":{"self":[{"href":"https:\/\/poblenouurbandistrict.com\/ca\/wp-json\/wp\/v2\/posts\/26648","targetHints":{"allow":["GET"]}}],"collection":[{"href":"https:\/\/poblenouurbandistrict.com\/ca\/wp-json\/wp\/v2\/posts"}],"about":[{"href":"https:\/\/poblenouurbandistrict.com\/ca\/wp-json\/wp\/v2\/types\/post"}],"author":[{"embeddable":true,"href":"https:\/\/poblenouurbandistrict.com\/ca\/wp-json\/wp\/v2\/users\/5"}],"replies":[{"embeddable":true,"href":"https:\/\/poblenouurbandistrict.com\/ca\/wp-json\/wp\/v2\/comments?post=26648"}],"version-history":[{"count":7,"href":"https:\/\/poblenouurbandistrict.com\/ca\/wp-json\/wp\/v2\/posts\/26648\/revisions"}],"predecessor-version":[{"id":26740,"href":"https:\/\/poblenouurbandistrict.com\/ca\/wp-json\/wp\/v2\/posts\/26648\/revisions\/26740"}],"wp:featuredmedia":[{"embeddable":true,"href":"https:\/\/poblenouurbandistrict.com\/ca\/wp-json\/wp\/v2\/media\/26673"}],"wp:attachment":[{"href":"https:\/\/poblenouurbandistrict.com\/ca\/wp-json\/wp\/v2\/media?parent=26648"}],"wp:term":[{"taxonomy":"category","embeddable":true,"href":"https:\/\/poblenouurbandistrict.com\/ca\/wp-json\/wp\/v2\/categories?post=26648"},{"taxonomy":"post_tag","embeddable":true,"href":"https:\/\/poblenouurbandistrict.com\/ca\/wp-json\/wp\/v2\/tags?post=26648"}],"curies":[{"name":"wp","href":"https:\/\/api.w.org\/{rel}","templated":true}]}}