{"id":26653,"date":"2022-03-03T11:04:31","date_gmt":"2022-03-03T10:04:31","guid":{"rendered":"https:\/\/poblenouurbandistrict.com\/?p=26653"},"modified":"2022-03-03T16:22:54","modified_gmt":"2022-03-03T15:22:54","slug":"lua-coderech-guanya-el-premi-arco-beep-dart-electronic","status":"publish","type":"post","link":"https:\/\/poblenouurbandistrict.com\/ca\/lua-coderech-guanya-el-premi-arco-beep-dart-electronic\/","title":{"rendered":"L\u00faa Coderech guanya el premi ARCO\/BEEP d&#8217;Art Electr\u00f3nic"},"content":{"rendered":"<p><span style=\"font-weight: 400;\">L&#8217;obra <strong>Echo<\/strong> de <span style=\"color: #000000;\"><a style=\"color: #000000;\" href=\"https:\/\/news.baued.es\/index.php\/tag\/lua-coderch-es\/\" target=\"_blank\" rel=\"noopener\"><b>L\u00faa Coderech<\/b><\/a><\/span>, cap d&#8217;estudis del Grau en Belles Arts i professora de <span style=\"color: #000000;\"><a style=\"color: #000000;\" href=\"https:\/\/www.baued.es\/\" target=\"_blank\" rel=\"noopener\"><b>Bau<\/b><\/a><\/span>, <strong>Julia M\u00fagica, Llu\u00eds Nacenta i Iv\u00e1n Paz<\/strong> guanya el prestigi\u00f3s premi <span style=\"color: #000000;\"><a style=\"color: #000000;\" href=\"https:\/\/www.ifema.es\/arco-madrid\" target=\"_blank\" rel=\"noopener\"><b>ARCO\/Beep<\/b><\/a><\/span> d&#8217;Art Electr\u00f2nic. Aquesta coneguda fira d&#8217;art contemporani internacional es va celebrar a Madrid del 23 al 27 de febrer.<\/span><\/p>\n<p><span style=\"font-weight: 400;\">El jurat ha destacat com a trav\u00e9s d&#8217;un objecte posthum\u00e0 (de fusta entapissada i p\u00e8l sint\u00e8tic) s&#8217;ha fet una reformulaci\u00f3 contempor\u00e0nia del mite grec de la <strong>nimfa Eco<\/strong>. Al seu costat, hi ha un petit tamboret que possibilita la interacci\u00f3 amb el p\u00fablic.<\/span><\/p>\n<p><span style=\"font-weight: 400;\">Els autors afirmen que la pe\u00e7a funciona com <strong>\u201cun cos entre els cossos\u201d<\/strong> i apunta a les dificultats de comunicaci\u00f3 i de la cerca de sentit. <strong>\u201cPlanteja una al\u00b7legoria de la nostra necessitat de trobar correspond\u00e8ncia\u201d<\/strong>, expliquen.<\/span><\/p>\n<p><span style=\"font-weight: 400;\"><strong>Echo<\/strong> va ser presentada a <span style=\"color: #000000;\"><b><a style=\"color: #000000;\" href=\"https:\/\/www.dilalica.com\/es\" target=\"_blank\" rel=\"noopener\">Dilalica<\/a><\/b><\/span>, galeria que desenvolupa una pr\u00e0ctica curatorial col\u00b7laborativa que es manifesta en formats expositius, llibres i web, durant el <span style=\"color: #000000;\"><b><a style=\"color: #000000;\" href=\"https:\/\/www.barcelonagalleryweekend.com\/\" target=\"_blank\" rel=\"noopener\">Barcelona Gallery Weekend<\/a><\/b><\/span>\u00a0d&#8217;aquesta temporada, i ha desembarcat a <strong>ARCO<\/strong> de la m\u00e0 d&#8217;<span style=\"color: #000000;\"><b><a style=\"color: #000000;\" href=\"http:\/\/angelsbarcelona.com\/\" target=\"_blank\" rel=\"noopener\">\u00e0ngels Barcelona<\/a><\/b><\/span>, \u200b\u200bgaleria que se centra en el debat de la cultura i les pr\u00e0ctiques art\u00edstiques contempor\u00e0nies. El certamen ha valorat positivament que darrere aquesta obra col\u00b7laborativa hi hagi la feina de quatre artistes i dues galeries.<\/span><\/p>\n<p><span style=\"font-weight: 400;\">El premi <strong>ARCO\/Beep<\/strong> promou la investigaci\u00f3, la producci\u00f3 i l&#8217;exhibici\u00f3 de l&#8217;art vinculat a les noves tecnologies i l&#8217;art electr\u00f2nic.<\/span><\/p>","protected":false},"excerpt":{"rendered":"<p>L&#8217;obra Echo de L\u00faa Coderech, cap d&#8217;estudis del Grau en Belles Arts i professora de Bau, Julia M\u00fagica, Llu\u00eds Nacenta&#8230; <a href=\"https:\/\/poblenouurbandistrict.com\/ca\/lua-coderech-guanya-el-premi-arco-beep-dart-electronic\/\">M\u00e9s  \u2192<\/a><\/p>\n","protected":false},"author":5,"featured_media":26656,"comment_status":"closed","ping_status":"closed","sticky":false,"template":"","format":"standard","meta":{"_acf_changed":false,"footnotes":""},"categories":[3481,1],"tags":[],"class_list":["post-26653","post","type-post","status-publish","format-standard","has-post-thumbnail","hentry","category-agenda","category-noticias"],"acf":[],"yoast_head":"<!-- This site is optimized with the Yoast SEO plugin v27.5 - https:\/\/yoast.com\/product\/yoast-seo-wordpress\/ -->\n<title>L\u00faa Coderech guanya el premi ARCO\/BEEP d&#039;Art Electr\u00f3nic<\/title>\n<meta name=\"description\" content=\"La obra Echo de L\u00faa Coderech ha ganado el premio ARCO\/Beep de Arte Electr\u00f3nico, prestigiosa feria de arte contempor\u00e1neo internacional.\" \/>\n<meta name=\"robots\" content=\"index, follow, max-snippet:-1, max-image-preview:large, max-video-preview:-1\" \/>\n<link rel=\"canonical\" href=\"https:\/\/poblenouurbandistrict.com\/ca\/lua-coderech-guanya-el-premi-arco-beep-dart-electronic\/\" \/>\n<meta property=\"og:locale\" content=\"ca_ES\" \/>\n<meta property=\"og:type\" content=\"article\" \/>\n<meta property=\"og:title\" content=\"L\u00faa Coderech guanya el premi ARCO\/BEEP d&#039;Art Electr\u00f3nic\" \/>\n<meta property=\"og:description\" content=\"La obra Echo de L\u00faa Coderech ha ganado el premio ARCO\/Beep de Arte Electr\u00f3nico, prestigiosa feria de arte contempor\u00e1neo internacional.\" \/>\n<meta property=\"og:url\" content=\"https:\/\/poblenouurbandistrict.com\/ca\/lua-coderech-guanya-el-premi-arco-beep-dart-electronic\/\" \/>\n<meta property=\"og:site_name\" content=\"Poblenou Urban District\" \/>\n<meta property=\"article:published_time\" content=\"2022-03-03T10:04:31+00:00\" \/>\n<meta property=\"article:modified_time\" content=\"2022-03-03T15:22:54+00:00\" \/>\n<meta property=\"og:image\" content=\"https:\/\/poblenouurbandistrict.com\/wp-content\/uploads\/2022\/03\/arco-echo-coderch-2-opt.jpg\" \/>\n\t<meta property=\"og:image:width\" content=\"800\" \/>\n\t<meta property=\"og:image:height\" content=\"550\" \/>\n\t<meta property=\"og:image:type\" content=\"image\/jpeg\" \/>\n<meta name=\"author\" content=\"pnud\" \/>\n<meta name=\"twitter:card\" content=\"summary_large_image\" \/>\n<meta name=\"twitter:label1\" content=\"Escrit per\" \/>\n\t<meta name=\"twitter:data1\" content=\"pnud\" \/>\n\t<meta name=\"twitter:label2\" content=\"Temps estimat de lectura\" \/>\n\t<meta name=\"twitter:data2\" content=\"2 minuts\" \/>\n<script type=\"application\/ld+json\" class=\"yoast-schema-graph\">{\"@context\":\"https:\\\/\\\/schema.org\",\"@graph\":[{\"@type\":\"Article\",\"@id\":\"https:\\\/\\\/poblenouurbandistrict.com\\\/lua-coderech-guanya-el-premi-arco-beep-dart-electronic\\\/#article\",\"isPartOf\":{\"@id\":\"https:\\\/\\\/poblenouurbandistrict.com\\\/lua-coderech-guanya-el-premi-arco-beep-dart-electronic\\\/\"},\"author\":{\"name\":\"pnud\",\"@id\":\"https:\\\/\\\/poblenouurbandistrict.com\\\/#\\\/schema\\\/person\\\/980a2cf34b399d5218205730acd54a7e\"},\"headline\":\"L\u00faa Coderech guanya el premi ARCO\\\/BEEP d&#8217;Art Electr\u00f3nic\",\"datePublished\":\"2022-03-03T10:04:31+00:00\",\"dateModified\":\"2022-03-03T15:22:54+00:00\",\"mainEntityOfPage\":{\"@id\":\"https:\\\/\\\/poblenouurbandistrict.com\\\/lua-coderech-guanya-el-premi-arco-beep-dart-electronic\\\/\"},\"wordCount\":774,\"image\":{\"@id\":\"https:\\\/\\\/poblenouurbandistrict.com\\\/lua-coderech-guanya-el-premi-arco-beep-dart-electronic\\\/#primaryimage\"},\"thumbnailUrl\":\"https:\\\/\\\/media.poblenouurbandistrict.com\\\/2022\\\/03\\\/25044956\\\/arco-echo-coderch-2-opt.jpg\",\"articleSection\":[\"Agenda\",\"Est\u00e0 passant\"],\"inLanguage\":\"ca\"},{\"@type\":\"WebPage\",\"@id\":\"https:\\\/\\\/poblenouurbandistrict.com\\\/ca\\\/lua-coderech-guanya-el-premi-arco-beep-dart-electronic\\\/\",\"url\":\"https:\\\/\\\/poblenouurbandistrict.com\\\/ca\\\/lua-coderech-guanya-el-premi-arco-beep-dart-electronic\\\/\",\"name\":\"L\u00faa Coderech guanya el premi ARCO\\\/BEEP d'Art Electr\u00f3nic\",\"isPartOf\":{\"@id\":\"https:\\\/\\\/poblenouurbandistrict.com\\\/ca\\\/#website\"},\"primaryImageOfPage\":{\"@id\":\"https:\\\/\\\/poblenouurbandistrict.com\\\/ca\\\/lua-coderech-guanya-el-premi-arco-beep-dart-electronic\\\/#primaryimage\"},\"image\":{\"@id\":\"https:\\\/\\\/poblenouurbandistrict.com\\\/lua-coderech-guanya-el-premi-arco-beep-dart-electronic\\\/#primaryimage\"},\"thumbnailUrl\":\"https:\\\/\\\/media.poblenouurbandistrict.com\\\/2022\\\/03\\\/25044956\\\/arco-echo-coderch-2-opt.jpg\",\"datePublished\":\"2022-03-03T10:04:31+00:00\",\"dateModified\":\"2022-03-03T15:22:54+00:00\",\"author\":{\"@id\":\"https:\\\/\\\/poblenouurbandistrict.com\\\/#\\\/schema\\\/person\\\/980a2cf34b399d5218205730acd54a7e\"},\"description\":\"La obra Echo de L\u00faa Coderech ha ganado el premio ARCO\\\/Beep de Arte Electr\u00f3nico, prestigiosa feria de arte contempor\u00e1neo internacional.\",\"breadcrumb\":{\"@id\":\"https:\\\/\\\/poblenouurbandistrict.com\\\/ca\\\/lua-coderech-guanya-el-premi-arco-beep-dart-electronic\\\/#breadcrumb\"},\"inLanguage\":\"ca\",\"potentialAction\":[{\"@type\":\"ReadAction\",\"target\":[[\"https:\\\/\\\/poblenouurbandistrict.com\\\/ca\\\/lua-coderech-guanya-el-premi-arco-beep-dart-electronic\\\/\"]]}]},{\"@type\":\"ImageObject\",\"inLanguage\":\"ca\",\"@id\":\"https:\\\/\\\/poblenouurbandistrict.com\\\/ca\\\/lua-coderech-guanya-el-premi-arco-beep-dart-electronic\\\/#primaryimage\",\"url\":\"https:\\\/\\\/media.poblenouurbandistrict.com\\\/2022\\\/03\\\/25044956\\\/arco-echo-coderch-2-opt.jpg\",\"contentUrl\":\"https:\\\/\\\/media.poblenouurbandistrict.com\\\/2022\\\/03\\\/25044956\\\/arco-echo-coderch-2-opt.jpg\",\"width\":800,\"height\":550},{\"@type\":\"BreadcrumbList\",\"@id\":\"https:\\\/\\\/poblenouurbandistrict.com\\\/ca\\\/lua-coderech-guanya-el-premi-arco-beep-dart-electronic\\\/#breadcrumb\",\"itemListElement\":[{\"@type\":\"ListItem\",\"position\":1,\"name\":\"Home\",\"item\":\"https:\\\/\\\/poblenouurbandistrict.com\\\/ca\\\/\"},{\"@type\":\"ListItem\",\"position\":2,\"name\":\"L\u00faa Coderech guanya el premi ARCO\\\/BEEP d&#8217;Art Electr\u00f3nic\"}]},{\"@type\":\"WebSite\",\"@id\":\"https:\\\/\\\/poblenouurbandistrict.com\\\/ca\\\/#website\",\"url\":\"https:\\\/\\\/poblenouurbandistrict.com\\\/ca\\\/\",\"name\":\"Poblenou Urban District\",\"description\":\"Comunitat Creativa\",\"potentialAction\":[{\"@type\":\"SearchAction\",\"target\":{\"@type\":\"EntryPoint\",\"urlTemplate\":\"https:\\\/\\\/poblenouurbandistrict.com\\\/ca\\\/?s={search_term_string}\"},\"query-input\":{\"@type\":\"PropertyValueSpecification\",\"valueRequired\":true,\"valueName\":\"search_term_string\"}}],\"inLanguage\":\"ca\"},{\"@type\":\"Person\",\"@id\":\"https:\\\/\\\/poblenouurbandistrict.com\\\/#\\\/schema\\\/person\\\/980a2cf34b399d5218205730acd54a7e\",\"name\":\"pnud\",\"image\":{\"@type\":\"ImageObject\",\"inLanguage\":\"ca\",\"@id\":\"https:\\\/\\\/secure.gravatar.com\\\/avatar\\\/67146597b405ee077a24e519f75c3e2031736596d6ce35af3a34c122c93d0d7b?s=96&d=retro&r=g\",\"url\":\"https:\\\/\\\/secure.gravatar.com\\\/avatar\\\/67146597b405ee077a24e519f75c3e2031736596d6ce35af3a34c122c93d0d7b?s=96&d=retro&r=g\",\"contentUrl\":\"https:\\\/\\\/secure.gravatar.com\\\/avatar\\\/67146597b405ee077a24e519f75c3e2031736596d6ce35af3a34c122c93d0d7b?s=96&d=retro&r=g\",\"caption\":\"pnud\"}}]}<\/script>\n<!-- \/ Yoast SEO plugin. -->","yoast_head_json":{"title":"L\u00faa Coderech guanya el premi ARCO\/BEEP d'Art Electr\u00f3nic","description":"La obra Echo de L\u00faa Coderech ha ganado el premio ARCO\/Beep de Arte Electr\u00f3nico, prestigiosa feria de arte contempor\u00e1neo internacional.","robots":{"index":"index","follow":"follow","max-snippet":"max-snippet:-1","max-image-preview":"max-image-preview:large","max-video-preview":"max-video-preview:-1"},"canonical":"https:\/\/poblenouurbandistrict.com\/ca\/lua-coderech-guanya-el-premi-arco-beep-dart-electronic\/","og_locale":"ca_ES","og_type":"article","og_title":"L\u00faa Coderech guanya el premi ARCO\/BEEP d'Art Electr\u00f3nic","og_description":"La obra Echo de L\u00faa Coderech ha ganado el premio ARCO\/Beep de Arte Electr\u00f3nico, prestigiosa feria de arte contempor\u00e1neo internacional.","og_url":"https:\/\/poblenouurbandistrict.com\/ca\/lua-coderech-guanya-el-premi-arco-beep-dart-electronic\/","og_site_name":"Poblenou Urban District","article_published_time":"2022-03-03T10:04:31+00:00","article_modified_time":"2022-03-03T15:22:54+00:00","og_image":[{"width":800,"height":550,"url":"https:\/\/poblenouurbandistrict.com\/wp-content\/uploads\/2022\/03\/arco-echo-coderch-2-opt.jpg","type":"image\/jpeg"}],"author":"pnud","twitter_card":"summary_large_image","twitter_misc":{"Escrit per":"pnud","Temps estimat de lectura":"2 minuts"},"schema":{"@context":"https:\/\/schema.org","@graph":[{"@type":"Article","@id":"https:\/\/poblenouurbandistrict.com\/lua-coderech-guanya-el-premi-arco-beep-dart-electronic\/#article","isPartOf":{"@id":"https:\/\/poblenouurbandistrict.com\/lua-coderech-guanya-el-premi-arco-beep-dart-electronic\/"},"author":{"name":"pnud","@id":"https:\/\/poblenouurbandistrict.com\/#\/schema\/person\/980a2cf34b399d5218205730acd54a7e"},"headline":"L\u00faa Coderech guanya el premi ARCO\/BEEP d&#8217;Art Electr\u00f3nic","datePublished":"2022-03-03T10:04:31+00:00","dateModified":"2022-03-03T15:22:54+00:00","mainEntityOfPage":{"@id":"https:\/\/poblenouurbandistrict.com\/lua-coderech-guanya-el-premi-arco-beep-dart-electronic\/"},"wordCount":774,"image":{"@id":"https:\/\/poblenouurbandistrict.com\/lua-coderech-guanya-el-premi-arco-beep-dart-electronic\/#primaryimage"},"thumbnailUrl":"https:\/\/media.poblenouurbandistrict.com\/2022\/03\/25044956\/arco-echo-coderch-2-opt.jpg","articleSection":["Agenda","Est\u00e0 passant"],"inLanguage":"ca"},{"@type":"WebPage","@id":"https:\/\/poblenouurbandistrict.com\/ca\/lua-coderech-guanya-el-premi-arco-beep-dart-electronic\/","url":"https:\/\/poblenouurbandistrict.com\/ca\/lua-coderech-guanya-el-premi-arco-beep-dart-electronic\/","name":"L\u00faa Coderech guanya el premi ARCO\/BEEP d'Art Electr\u00f3nic","isPartOf":{"@id":"https:\/\/poblenouurbandistrict.com\/ca\/#website"},"primaryImageOfPage":{"@id":"https:\/\/poblenouurbandistrict.com\/ca\/lua-coderech-guanya-el-premi-arco-beep-dart-electronic\/#primaryimage"},"image":{"@id":"https:\/\/poblenouurbandistrict.com\/lua-coderech-guanya-el-premi-arco-beep-dart-electronic\/#primaryimage"},"thumbnailUrl":"https:\/\/media.poblenouurbandistrict.com\/2022\/03\/25044956\/arco-echo-coderch-2-opt.jpg","datePublished":"2022-03-03T10:04:31+00:00","dateModified":"2022-03-03T15:22:54+00:00","author":{"@id":"https:\/\/poblenouurbandistrict.com\/#\/schema\/person\/980a2cf34b399d5218205730acd54a7e"},"description":"La obra Echo de L\u00faa Coderech ha ganado el premio ARCO\/Beep de Arte Electr\u00f3nico, prestigiosa feria de arte contempor\u00e1neo internacional.","breadcrumb":{"@id":"https:\/\/poblenouurbandistrict.com\/ca\/lua-coderech-guanya-el-premi-arco-beep-dart-electronic\/#breadcrumb"},"inLanguage":"ca","potentialAction":[{"@type":"ReadAction","target":[["https:\/\/poblenouurbandistrict.com\/ca\/lua-coderech-guanya-el-premi-arco-beep-dart-electronic\/"]]}]},{"@type":"ImageObject","inLanguage":"ca","@id":"https:\/\/poblenouurbandistrict.com\/ca\/lua-coderech-guanya-el-premi-arco-beep-dart-electronic\/#primaryimage","url":"https:\/\/media.poblenouurbandistrict.com\/2022\/03\/25044956\/arco-echo-coderch-2-opt.jpg","contentUrl":"https:\/\/media.poblenouurbandistrict.com\/2022\/03\/25044956\/arco-echo-coderch-2-opt.jpg","width":800,"height":550},{"@type":"BreadcrumbList","@id":"https:\/\/poblenouurbandistrict.com\/ca\/lua-coderech-guanya-el-premi-arco-beep-dart-electronic\/#breadcrumb","itemListElement":[{"@type":"ListItem","position":1,"name":"Home","item":"https:\/\/poblenouurbandistrict.com\/ca\/"},{"@type":"ListItem","position":2,"name":"L\u00faa Coderech guanya el premi ARCO\/BEEP d&#8217;Art Electr\u00f3nic"}]},{"@type":"WebSite","@id":"https:\/\/poblenouurbandistrict.com\/ca\/#website","url":"https:\/\/poblenouurbandistrict.com\/ca\/","name":"Poblenou Urban District","description":"Comunitat Creativa","potentialAction":[{"@type":"SearchAction","target":{"@type":"EntryPoint","urlTemplate":"https:\/\/poblenouurbandistrict.com\/ca\/?s={search_term_string}"},"query-input":{"@type":"PropertyValueSpecification","valueRequired":true,"valueName":"search_term_string"}}],"inLanguage":"ca"},{"@type":"Person","@id":"https:\/\/poblenouurbandistrict.com\/#\/schema\/person\/980a2cf34b399d5218205730acd54a7e","name":"pnud","image":{"@type":"ImageObject","inLanguage":"ca","@id":"https:\/\/secure.gravatar.com\/avatar\/67146597b405ee077a24e519f75c3e2031736596d6ce35af3a34c122c93d0d7b?s=96&d=retro&r=g","url":"https:\/\/secure.gravatar.com\/avatar\/67146597b405ee077a24e519f75c3e2031736596d6ce35af3a34c122c93d0d7b?s=96&d=retro&r=g","contentUrl":"https:\/\/secure.gravatar.com\/avatar\/67146597b405ee077a24e519f75c3e2031736596d6ce35af3a34c122c93d0d7b?s=96&d=retro&r=g","caption":"pnud"}}]}},"_links":{"self":[{"href":"https:\/\/poblenouurbandistrict.com\/ca\/wp-json\/wp\/v2\/posts\/26653","targetHints":{"allow":["GET"]}}],"collection":[{"href":"https:\/\/poblenouurbandistrict.com\/ca\/wp-json\/wp\/v2\/posts"}],"about":[{"href":"https:\/\/poblenouurbandistrict.com\/ca\/wp-json\/wp\/v2\/types\/post"}],"author":[{"embeddable":true,"href":"https:\/\/poblenouurbandistrict.com\/ca\/wp-json\/wp\/v2\/users\/5"}],"replies":[{"embeddable":true,"href":"https:\/\/poblenouurbandistrict.com\/ca\/wp-json\/wp\/v2\/comments?post=26653"}],"version-history":[{"count":4,"href":"https:\/\/poblenouurbandistrict.com\/ca\/wp-json\/wp\/v2\/posts\/26653\/revisions"}],"predecessor-version":[{"id":26738,"href":"https:\/\/poblenouurbandistrict.com\/ca\/wp-json\/wp\/v2\/posts\/26653\/revisions\/26738"}],"wp:featuredmedia":[{"embeddable":true,"href":"https:\/\/poblenouurbandistrict.com\/ca\/wp-json\/wp\/v2\/media\/26656"}],"wp:attachment":[{"href":"https:\/\/poblenouurbandistrict.com\/ca\/wp-json\/wp\/v2\/media?parent=26653"}],"wp:term":[{"taxonomy":"category","embeddable":true,"href":"https:\/\/poblenouurbandistrict.com\/ca\/wp-json\/wp\/v2\/categories?post=26653"},{"taxonomy":"post_tag","embeddable":true,"href":"https:\/\/poblenouurbandistrict.com\/ca\/wp-json\/wp\/v2\/tags?post=26653"}],"curies":[{"name":"wp","href":"https:\/\/api.w.org\/{rel}","templated":true}]}}