{"id":27777,"date":"2022-03-30T18:00:36","date_gmt":"2022-03-30T16:00:36","guid":{"rendered":"https:\/\/poblenouurbandistrict.com\/?p=27777"},"modified":"2022-03-30T18:01:46","modified_gmt":"2022-03-30T16:01:46","slug":"sae-barcelona-lidem-bau-i-fx-animation-obren-les-portes-per-presentar-la-seva-oferta-formativa","status":"publish","type":"post","link":"https:\/\/poblenouurbandistrict.com\/ca\/sae-barcelona-lidem-bau-i-fx-animation-obren-les-portes-per-presentar-la-seva-oferta-formativa\/","title":{"rendered":"SAE Barcelona, L\u2019Idem, BAU i FX Animation obren les portes per presentar la seva oferta formativa"},"content":{"rendered":"<p><span style=\"font-weight: 400; color: #000000;\">A partir d\u2019aquest cap de setmana, <a style=\"color: #000000;\" href=\"https:\/\/www.sae.edu\/esp\/\" target=\"_blank\" rel=\"noopener\"><strong>SAE Barcelona<\/strong><\/a>, <a style=\"color: #000000;\" href=\"https:\/\/www.lidembarcelona.com\/\" target=\"_blank\" rel=\"noopener\"><strong>L\u2019Idem Barcelona<\/strong><\/a>, i <a style=\"color: #000000;\" href=\"https:\/\/www.baued.es\/ca\" target=\"_blank\" rel=\"noopener\"><strong>BAU<\/strong><\/a> organitzen les seves jornades de Portes Obertes per presentar els programes que ofereixen pel curs acad\u00e8mic 2022-2023.<\/span><\/p>\n<p><span style=\"font-weight: 400; color: #000000;\">Unes jornades dirigides especialment a aquells que estiguin interessats a comen\u00e7ar una carrera en Videojocs, Producci\u00f3 d\u2019\u00c0udio, Ind\u00fastria Musical, Cinema Digital, Producci\u00f3 de M\u00fasica Electr\u00f2nica i Urbana, Disseny, Animaci\u00f3 i Belles Arts, s\u00f3n l\u2019oportunitat perfecta per a con\u00e8ixer l\u2019oferta de cada escola i resoldre dubtes sobre el proc\u00e9s d\u2019inscripci\u00f3.<\/span><\/p>\n<p>&nbsp;<\/p>\n<p><span style=\"font-weight: 400; color: #000000;\">A <strong>L\u2019Idem Barcelona<\/strong>, les jornades de portes obertes de l&#8217;any es duran a terme els <strong>dissabtes 2 d\u2019abril i 7 de maig<\/strong>, i constaran de:<\/span><\/p>\n<ol>\n<li style=\"font-weight: 400;\" aria-level=\"1\"><span style=\"font-weight: 400; color: #000000;\">Xerrades informatives sobre els estudis superiors i International Masters en Animaci\u00f3, Disseny, Game Art i VFX.<\/span><\/li>\n<li style=\"font-weight: 400;\" aria-level=\"1\"><span style=\"font-weight: 400; color: #000000;\">Visites guiades pel campus, un espai de 3.500 m\u00b2 equipat amb tecnologies d\u2019avantguarda.<\/span><\/li>\n<li style=\"font-weight: 400;\" aria-level=\"1\"><span style=\"font-weight: 400; color: #000000;\">Resoluci\u00f3 de dubtes sobre el pla d\u2019estudis, la metodologia de treball i el proc\u00e9s d\u2019admissi\u00f3.<\/span><\/li>\n<\/ol>\n<p><span style=\"font-weight: 400; color: #000000;\">Aix\u00ed \u00e9s la programaci\u00f3:<\/span><\/p>\n<p><span style=\"font-weight: 400; color: #000000;\">10.30 h: Presentaci\u00f3 L\u2019Idem + Xerrada informativa estudis Animaci\u00f3<\/span><\/p>\n<p><span style=\"font-weight: 400; color: #000000;\">11.30 h: Xerrada informativa estudis Disseny Digital + Presentaci\u00f3 L\u2019Idem<\/span><\/p>\n<p><span style=\"font-weight: 400; color: #000000;\">12.30 h: Presentaci\u00f3 L\u2019Idem + Xerrada informativa estudis Animaci\u00f3<\/span><\/p>\n<p><span style=\"font-weight: 400; color: #000000;\">16.30 h: Presentaci\u00f3 L\u2019Idem + Xerrada informativa estudis Animaci\u00f3<\/span><\/p>\n<p><span style=\"font-weight: 400; color: #000000;\">17.30 h: Xerrada informativa estudis Disseny Digital + Presentaci\u00f3 L\u2019Idem<\/span><\/p>\n<p><span style=\"color: #000000;\"><span style=\"font-weight: 400;\">Per poder assistir \u00e9s necessari inscriure&#8217;s al seg\u00fcent enlla\u00e7: <\/span><a style=\"color: #000000;\" href=\"https:\/\/forms.office.com\/pages\/responsepage.aspx?id=aPMIrME4Kk-46BlvMezPID0MCh5zsPVIpeZM2wbpPUJUNU9XTDFYRkhSTEdHM0pNTkU4OUgzUlBLSSQlQCN0PWcu&amp;wdLOR=c3CA1228E-D5CC-BF40-B922-D49E6B8EE8C1\" target=\"_blank\" rel=\"noopener\"><span style=\"font-weight: 400;\">Inscripci\u00f3 Portes Obertes L&#8217;Idem<\/span><\/a><span style=\"font-weight: 400;\">.<\/span><\/span><\/p>\n<p>&nbsp;<\/p>\n<p><span style=\"color: #000000;\"><span style=\"font-weight: 400;\">En <\/span><b>SAE Barcelona<\/b><span style=\"font-weight: 400;\">, la jornada de portes obertes ser\u00e0 del <strong>4 al 7 d\u2019abril<\/strong> i constar\u00e0 de:<\/span><\/span><\/p>\n<ol>\n<li style=\"font-weight: 400;\" aria-level=\"1\"><span style=\"font-weight: 400; color: #000000;\">Visites guiades per les instal\u00b7lacions, un espai de 2.700 m\u00b2 equipat amb tecnologies d\u2019\u00faltima generaci\u00f3.<\/span><\/li>\n<li style=\"font-weight: 400;\" aria-level=\"1\"><span style=\"font-weight: 400; color: #000000;\">Xerrades acad\u00e8miques, per a con\u00e8ixer el m\u00e8tode educatiu que ha portat a l\u2019escola a ser l\u00edder mundial en educaci\u00f3 en Mitjans Creatius.<\/span><\/li>\n<li style=\"font-weight: 400;\" aria-level=\"1\"><span style=\"font-weight: 400; color: #000000;\">Informaci\u00f3 sobre inscripcions i resoluci\u00f3 de preguntes.<\/span><\/li>\n<\/ol>\n<p><span style=\"font-weight: 400; color: #000000;\">A m\u00e9s a m\u00e9s, si fas la inscripci\u00f3 abans de finals d\u2019abril, podr\u00e0s beneficiar-te de descomptes en la matr\u00edcula.<\/span><\/p>\n<p><span style=\"font-weight: 400; color: #000000;\">Aix\u00ed \u00e9s la programaci\u00f3:<\/span><\/p>\n<p><span style=\"font-weight: 400; color: #000000;\">Open Day Videojocs: 4 d\u2019abril, de 16.00 a 19.00 h<\/span><\/p>\n<p><span style=\"font-weight: 400; color: #000000;\">Open Day Producci\u00f3 d\u2019\u00c0udio: 5 d\u2019abril, de 16.00 a 19.00 h<\/span><\/p>\n<p><span style=\"font-weight: 400; color: #000000;\">Open Day Ind\u00fastria Musical: 6 d&#8217;abril, de 16.00 a 19.00 h<\/span><\/p>\n<p><span style=\"font-weight: 400; color: #000000;\">Open Day Cinema Digital: 6 d&#8217;abril, de 16.00 a 19.00 h<\/span><\/p>\n<p><span style=\"font-weight: 400; color: #000000;\">Open Day Producci\u00f3 de M\u00fasica Electr\u00f2nica i Urbana: 7 d&#8217;abril de 16.00 a 19.00 h<\/span><\/p>\n<p><span style=\"color: #000000;\"><span style=\"font-weight: 400;\">Per assistir \u00e9s necessari reservar pla\u00e7a, inscrivint-se mitjan\u00e7ant del seg\u00fcent enlla\u00e7: <\/span><a style=\"color: #000000;\" href=\"https:\/\/www.sae.edu\/esp\/sae-barcelona-open-days\/\" target=\"_blank\" rel=\"noopener\"><span style=\"font-weight: 400;\">Inscripci\u00f3 SAE Open Days<\/span><\/a><span style=\"font-weight: 400;\">.<\/span><\/span><\/p>\n<p>&nbsp;<\/p>\n<p><span style=\"color: #000000;\"><span style=\"font-weight: 400;\">En <\/span><b>BAU<\/b><span style=\"font-weight: 400;\">, les jornades de portes obertes tindran lloc els <strong>dissabtes 30 d\u2019abril i 28 de maig<\/strong> i constaran de:\u00a0<\/span><\/span><\/p>\n<ol>\n<li style=\"font-weight: 400;\" aria-level=\"1\"><span style=\"font-weight: 400; color: #000000;\">Xerrades informatives del Grau en Disseny i del Grau en Belles Arts.<\/span><\/li>\n<li style=\"font-weight: 400;\" aria-level=\"1\"><span style=\"font-weight: 400; color: #000000;\">Visites guiades per les infraestructures, aules i tallers del campus, tres edificis en Poblenou amb una superf\u00edcie total de m\u00e9s de 10.000 m\u00b2.<\/span><\/li>\n<li style=\"font-weight: 400;\" aria-level=\"1\"><span style=\"font-weight: 400; color: #000000;\">Atenci\u00f3 personalitzada sobre la Formaci\u00f3 Continua de BAU: del M\u00e0ster Universitari en Disseny, M\u00e0sters i Postgraus, Cursos d\u2019Especialitzaci\u00f3 Online, i la Universitat d\u2019Estiu.<\/span><\/li>\n<li style=\"font-weight: 400;\" aria-level=\"1\"><span style=\"font-weight: 400; color: #000000;\">Exposici\u00f3 de projectes.<\/span><\/li>\n<\/ol>\n<p><span style=\"font-weight: 400; color: #000000;\">Aix\u00ed \u00e9s la programaci\u00f3:<\/span><\/p>\n<p><span style=\"color: #000000;\"><b>Dissabte 30 d\u2019abril<\/b><\/span><\/p>\n<p><span style=\"font-weight: 400; color: #000000;\">Grau en Disseny (10:30 i 16:30): places esgotades<\/span><\/p>\n<p><span style=\"color: #000000;\"><span style=\"font-weight: 400;\">Grau en Belles Arts (12:00): <\/span><a style=\"color: #000000;\" href=\"https:\/\/www.eventbrite.es\/e\/registro-jornada-de-portes-obertes-del-grau-en-belles-arts-30-dabril-2022-247159509747?aff=odcleoeventsincollection\" target=\"_blank\" rel=\"noopener\"><span style=\"font-weight: 400;\">inscripcions obertes<\/span><\/a><\/span><\/p>\n<p><span style=\"color: #000000;\"><span style=\"font-weight: 400;\">Formaci\u00f3 Continua: <\/span><a style=\"color: #000000;\" href=\"https:\/\/www.eventbrite.es\/e\/registro-jornada-de-puertas-abiertas-masters-y-posgrados-de-bau-30-abril-2022-288424584697?aff=erelexpmlt\" target=\"_blank\" rel=\"noopener\"><span style=\"font-weight: 400;\">inscripcions obertes<\/span><\/a><\/span><\/p>\n<p><span style=\"color: #000000;\"><b>Dissabte 28 de maig<\/b><\/span><\/p>\n<p><span style=\"color: #000000;\"><span style=\"font-weight: 400;\">Grau en Disseny (10:30 i 16:30): <\/span><a style=\"color: #000000;\" href=\"https:\/\/www.eventbrite.es\/e\/registro-jornada-de-portes-obertes-del-grau-en-disseny-28-de-maig-2022-247147724497?aff=odcleoeventsincollection\" target=\"_blank\" rel=\"noopener\"><span style=\"font-weight: 400;\">inscripcions obertes<\/span><\/a><\/span><\/p>\n<p><span style=\"color: #000000;\"><span style=\"font-weight: 400;\">Grau en Belles Arts (12:00): <\/span><a style=\"color: #000000;\" href=\"https:\/\/www.eventbrite.es\/e\/registro-jornada-de-portes-obertes-del-grau-en-belles-arts-28-de-maig-2022-247165718317?aff=odcleoeventsincollection\" target=\"_blank\" rel=\"noopener\"><span style=\"font-weight: 400;\">inscripcions obertes<\/span><\/a><\/span><\/p>\n<p><span style=\"color: #000000;\"><span style=\"font-weight: 400;\">Formaci\u00f3 Continua: <\/span><a style=\"color: #000000;\" href=\"https:\/\/www.eventbrite.es\/e\/registro-jornada-de-puertas-abiertas-masters-y-posgrados-de-bau-28-mayo-2022-288473942327?aff=odcleoeventsincollection\" target=\"_blank\" rel=\"noopener\"><span style=\"font-weight: 400;\">inscripcions obertes<\/span><\/a><\/span><\/p>\n<p><span style=\"font-weight: 400; color: #000000;\">Per assistir, \u00e9s necessari inscriure\u2019s mitjan\u00e7ant els enlla\u00e7os anteriors, indicant la data, l\u2019horari i si anir\u00e0s amb acompanyant.<\/span><\/p>\n<p>&nbsp;<\/p>\n<p>Des de <strong>FX Animation<\/strong> tenen programades l&#8217;\u00faltima jornada de portes obertes:<\/p>\n<p><b><i>Dimarts 5 d&#8217;abril a les 19.00h<\/i><\/b><\/p>\n<p>PORTES OBERTES d&#8217;<b>Orientaci\u00f3 General<\/b><\/p>\n<p>Per poder assistir es requereix confirrmar asist\u00e8ncia, emplenant el Formulari seg\u00fcent.\u00a0 <span style=\"color: #000000;\"><a style=\"color: #000000;\" href=\"https:\/\/fxanimation.es\/jornada-de-puertas-abiertas\/\" target=\"_blank\" rel=\"noopener\">Formulari Portes Obertes.\u00a0<\/a><\/span><\/p>","protected":false},"excerpt":{"rendered":"<p>A partir d\u2019aquest cap de setmana, SAE Barcelona, L\u2019Idem Barcelona, i BAU organitzen les seves jornades de Portes Obertes per&#8230; <a href=\"https:\/\/poblenouurbandistrict.com\/ca\/sae-barcelona-lidem-bau-i-fx-animation-obren-les-portes-per-presentar-la-seva-oferta-formativa\/\">M\u00e9s  \u2192<\/a><\/p>\n","protected":false},"author":5,"featured_media":27778,"comment_status":"closed","ping_status":"closed","sticky":false,"template":"","format":"standard","meta":{"_acf_changed":false,"footnotes":""},"categories":[3501,3345,1,3342],"tags":[],"class_list":["post-27777","post","type-post","status-publish","format-standard","has-post-thumbnail","hentry","category-disseny","category-formacion","category-noticias","category-art"],"acf":[],"yoast_head":"<!-- This site is optimized with the Yoast SEO plugin v27.4 - https:\/\/yoast.com\/product\/yoast-seo-wordpress\/ -->\n<title>Puertas abiertas de SAE, L&#039;Idem y BAU &#8211; Poblenou Urban District<\/title>\n<meta name=\"description\" content=\"SAE, L\u2019Idem, y BAU organizan sus jornadas de Puertas Abiertas para presentar la oferta formativa para el curso acad\u00e9mico 2022-23.\" \/>\n<meta name=\"robots\" content=\"index, follow, max-snippet:-1, max-image-preview:large, max-video-preview:-1\" \/>\n<link rel=\"canonical\" href=\"https:\/\/poblenouurbandistrict.com\/ca\/sae-barcelona-lidem-bau-i-fx-animation-obren-les-portes-per-presentar-la-seva-oferta-formativa\/\" \/>\n<meta property=\"og:locale\" content=\"ca_ES\" \/>\n<meta property=\"og:type\" content=\"article\" \/>\n<meta property=\"og:title\" content=\"Puertas abiertas de SAE, L&#039;Idem y BAU &#8211; Poblenou Urban District\" \/>\n<meta property=\"og:description\" content=\"SAE, L\u2019Idem, y BAU organizan sus jornadas de Puertas Abiertas para presentar la oferta formativa para el curso acad\u00e9mico 2022-23.\" \/>\n<meta property=\"og:url\" content=\"https:\/\/poblenouurbandistrict.com\/ca\/sae-barcelona-lidem-bau-i-fx-animation-obren-les-portes-per-presentar-la-seva-oferta-formativa\/\" \/>\n<meta property=\"og:site_name\" content=\"Poblenou Urban District\" \/>\n<meta property=\"article:published_time\" content=\"2022-03-30T16:00:36+00:00\" \/>\n<meta property=\"article:modified_time\" content=\"2022-03-30T16:01:46+00:00\" \/>\n<meta property=\"og:image\" content=\"https:\/\/poblenouurbandistrict.com\/wp-content\/uploads\/2022\/03\/noticias-pud-3-640x427.png\" \/>\n\t<meta property=\"og:image:width\" content=\"640\" \/>\n\t<meta property=\"og:image:height\" content=\"427\" \/>\n\t<meta property=\"og:image:type\" content=\"image\/png\" \/>\n<meta name=\"author\" content=\"pnud\" \/>\n<meta name=\"twitter:card\" content=\"summary_large_image\" \/>\n<meta name=\"twitter:label1\" content=\"Escrit per\" \/>\n\t<meta name=\"twitter:data1\" content=\"pnud\" \/>\n\t<meta name=\"twitter:label2\" content=\"Temps estimat de lectura\" \/>\n\t<meta name=\"twitter:data2\" content=\"3 minuts\" \/>\n<script type=\"application\/ld+json\" class=\"yoast-schema-graph\">{\"@context\":\"https:\\\/\\\/schema.org\",\"@graph\":[{\"@type\":\"Article\",\"@id\":\"https:\\\/\\\/poblenouurbandistrict.com\\\/sae-barcelona-lidem-bau-i-fx-animation-obren-les-portes-per-presentar-la-seva-oferta-formativa\\\/#article\",\"isPartOf\":{\"@id\":\"https:\\\/\\\/poblenouurbandistrict.com\\\/sae-barcelona-lidem-bau-i-fx-animation-obren-les-portes-per-presentar-la-seva-oferta-formativa\\\/\"},\"author\":{\"name\":\"pnud\",\"@id\":\"https:\\\/\\\/poblenouurbandistrict.com\\\/#\\\/schema\\\/person\\\/980a2cf34b399d5218205730acd54a7e\"},\"headline\":\"SAE Barcelona, L\u2019Idem, BAU i FX Animation obren les portes per presentar la seva oferta formativa\",\"datePublished\":\"2022-03-30T16:00:36+00:00\",\"dateModified\":\"2022-03-30T16:01:46+00:00\",\"mainEntityOfPage\":{\"@id\":\"https:\\\/\\\/poblenouurbandistrict.com\\\/sae-barcelona-lidem-bau-i-fx-animation-obren-les-portes-per-presentar-la-seva-oferta-formativa\\\/\"},\"wordCount\":1242,\"image\":{\"@id\":\"https:\\\/\\\/poblenouurbandistrict.com\\\/sae-barcelona-lidem-bau-i-fx-animation-obren-les-portes-per-presentar-la-seva-oferta-formativa\\\/#primaryimage\"},\"thumbnailUrl\":\"https:\\\/\\\/poblenouurbandistrict.com\\\/wp-content\\\/uploads\\\/2022\\\/03\\\/noticias-pud-3.jpg\",\"articleSection\":[\"Disseny\",\"Formaci\u00f3\",\"Est\u00e0 passant\",\"Art\"],\"inLanguage\":\"ca\"},{\"@type\":\"WebPage\",\"@id\":\"https:\\\/\\\/poblenouurbandistrict.com\\\/ca\\\/sae-barcelona-lidem-bau-i-fx-animation-obren-les-portes-per-presentar-la-seva-oferta-formativa\\\/\",\"url\":\"https:\\\/\\\/poblenouurbandistrict.com\\\/ca\\\/sae-barcelona-lidem-bau-i-fx-animation-obren-les-portes-per-presentar-la-seva-oferta-formativa\\\/\",\"name\":\"Puertas abiertas de SAE, L'Idem y BAU &#8211; Poblenou Urban District\",\"isPartOf\":{\"@id\":\"https:\\\/\\\/poblenouurbandistrict.com\\\/ca\\\/#website\"},\"primaryImageOfPage\":{\"@id\":\"https:\\\/\\\/poblenouurbandistrict.com\\\/ca\\\/sae-barcelona-lidem-bau-i-fx-animation-obren-les-portes-per-presentar-la-seva-oferta-formativa\\\/#primaryimage\"},\"image\":{\"@id\":\"https:\\\/\\\/poblenouurbandistrict.com\\\/sae-barcelona-lidem-bau-i-fx-animation-obren-les-portes-per-presentar-la-seva-oferta-formativa\\\/#primaryimage\"},\"thumbnailUrl\":\"https:\\\/\\\/poblenouurbandistrict.com\\\/wp-content\\\/uploads\\\/2022\\\/03\\\/noticias-pud-3.jpg\",\"datePublished\":\"2022-03-30T16:00:36+00:00\",\"dateModified\":\"2022-03-30T16:01:46+00:00\",\"author\":{\"@id\":\"https:\\\/\\\/poblenouurbandistrict.com\\\/#\\\/schema\\\/person\\\/980a2cf34b399d5218205730acd54a7e\"},\"description\":\"SAE, L\u2019Idem, y BAU organizan sus jornadas de Puertas Abiertas para presentar la oferta formativa para el curso acad\u00e9mico 2022-23.\",\"breadcrumb\":{\"@id\":\"https:\\\/\\\/poblenouurbandistrict.com\\\/ca\\\/sae-barcelona-lidem-bau-i-fx-animation-obren-les-portes-per-presentar-la-seva-oferta-formativa\\\/#breadcrumb\"},\"inLanguage\":\"ca\",\"potentialAction\":[{\"@type\":\"ReadAction\",\"target\":[[\"https:\\\/\\\/poblenouurbandistrict.com\\\/ca\\\/sae-barcelona-lidem-bau-i-fx-animation-obren-les-portes-per-presentar-la-seva-oferta-formativa\\\/\"]]}]},{\"@type\":\"ImageObject\",\"inLanguage\":\"ca\",\"@id\":\"https:\\\/\\\/poblenouurbandistrict.com\\\/ca\\\/sae-barcelona-lidem-bau-i-fx-animation-obren-les-portes-per-presentar-la-seva-oferta-formativa\\\/#primaryimage\",\"url\":\"https:\\\/\\\/poblenouurbandistrict.com\\\/wp-content\\\/uploads\\\/2022\\\/03\\\/noticias-pud-3.jpg\",\"contentUrl\":\"https:\\\/\\\/poblenouurbandistrict.com\\\/wp-content\\\/uploads\\\/2022\\\/03\\\/noticias-pud-3.jpg\",\"width\":1500,\"height\":1000},{\"@type\":\"BreadcrumbList\",\"@id\":\"https:\\\/\\\/poblenouurbandistrict.com\\\/ca\\\/sae-barcelona-lidem-bau-i-fx-animation-obren-les-portes-per-presentar-la-seva-oferta-formativa\\\/#breadcrumb\",\"itemListElement\":[{\"@type\":\"ListItem\",\"position\":1,\"name\":\"Home\",\"item\":\"https:\\\/\\\/poblenouurbandistrict.com\\\/ca\\\/\"},{\"@type\":\"ListItem\",\"position\":2,\"name\":\"SAE Barcelona, L\u2019Idem, BAU i FX Animation obren les portes per presentar la seva oferta formativa\"}]},{\"@type\":\"WebSite\",\"@id\":\"https:\\\/\\\/poblenouurbandistrict.com\\\/ca\\\/#website\",\"url\":\"https:\\\/\\\/poblenouurbandistrict.com\\\/ca\\\/\",\"name\":\"Poblenou Urban District\",\"description\":\"Comunitat Creativa\",\"potentialAction\":[{\"@type\":\"SearchAction\",\"target\":{\"@type\":\"EntryPoint\",\"urlTemplate\":\"https:\\\/\\\/poblenouurbandistrict.com\\\/ca\\\/?s={search_term_string}\"},\"query-input\":{\"@type\":\"PropertyValueSpecification\",\"valueRequired\":true,\"valueName\":\"search_term_string\"}}],\"inLanguage\":\"ca\"},{\"@type\":\"Person\",\"@id\":\"https:\\\/\\\/poblenouurbandistrict.com\\\/#\\\/schema\\\/person\\\/980a2cf34b399d5218205730acd54a7e\",\"name\":\"pnud\",\"image\":{\"@type\":\"ImageObject\",\"inLanguage\":\"ca\",\"@id\":\"https:\\\/\\\/secure.gravatar.com\\\/avatar\\\/67146597b405ee077a24e519f75c3e2031736596d6ce35af3a34c122c93d0d7b?s=96&d=retro&r=g\",\"url\":\"https:\\\/\\\/secure.gravatar.com\\\/avatar\\\/67146597b405ee077a24e519f75c3e2031736596d6ce35af3a34c122c93d0d7b?s=96&d=retro&r=g\",\"contentUrl\":\"https:\\\/\\\/secure.gravatar.com\\\/avatar\\\/67146597b405ee077a24e519f75c3e2031736596d6ce35af3a34c122c93d0d7b?s=96&d=retro&r=g\",\"caption\":\"pnud\"}}]}<\/script>\n<!-- \/ Yoast SEO plugin. -->","yoast_head_json":{"title":"Puertas abiertas de SAE, L'Idem y BAU &#8211; Poblenou Urban District","description":"SAE, L\u2019Idem, y BAU organizan sus jornadas de Puertas Abiertas para presentar la oferta formativa para el curso acad\u00e9mico 2022-23.","robots":{"index":"index","follow":"follow","max-snippet":"max-snippet:-1","max-image-preview":"max-image-preview:large","max-video-preview":"max-video-preview:-1"},"canonical":"https:\/\/poblenouurbandistrict.com\/ca\/sae-barcelona-lidem-bau-i-fx-animation-obren-les-portes-per-presentar-la-seva-oferta-formativa\/","og_locale":"ca_ES","og_type":"article","og_title":"Puertas abiertas de SAE, L'Idem y BAU &#8211; Poblenou Urban District","og_description":"SAE, L\u2019Idem, y BAU organizan sus jornadas de Puertas Abiertas para presentar la oferta formativa para el curso acad\u00e9mico 2022-23.","og_url":"https:\/\/poblenouurbandistrict.com\/ca\/sae-barcelona-lidem-bau-i-fx-animation-obren-les-portes-per-presentar-la-seva-oferta-formativa\/","og_site_name":"Poblenou Urban District","article_published_time":"2022-03-30T16:00:36+00:00","article_modified_time":"2022-03-30T16:01:46+00:00","og_image":[{"width":640,"height":427,"url":"https:\/\/poblenouurbandistrict.com\/wp-content\/uploads\/2022\/03\/noticias-pud-3-640x427.png","type":"image\/png"}],"author":"pnud","twitter_card":"summary_large_image","twitter_misc":{"Escrit per":"pnud","Temps estimat de lectura":"3 minuts"},"schema":{"@context":"https:\/\/schema.org","@graph":[{"@type":"Article","@id":"https:\/\/poblenouurbandistrict.com\/sae-barcelona-lidem-bau-i-fx-animation-obren-les-portes-per-presentar-la-seva-oferta-formativa\/#article","isPartOf":{"@id":"https:\/\/poblenouurbandistrict.com\/sae-barcelona-lidem-bau-i-fx-animation-obren-les-portes-per-presentar-la-seva-oferta-formativa\/"},"author":{"name":"pnud","@id":"https:\/\/poblenouurbandistrict.com\/#\/schema\/person\/980a2cf34b399d5218205730acd54a7e"},"headline":"SAE Barcelona, L\u2019Idem, BAU i FX Animation obren les portes per presentar la seva oferta formativa","datePublished":"2022-03-30T16:00:36+00:00","dateModified":"2022-03-30T16:01:46+00:00","mainEntityOfPage":{"@id":"https:\/\/poblenouurbandistrict.com\/sae-barcelona-lidem-bau-i-fx-animation-obren-les-portes-per-presentar-la-seva-oferta-formativa\/"},"wordCount":1242,"image":{"@id":"https:\/\/poblenouurbandistrict.com\/sae-barcelona-lidem-bau-i-fx-animation-obren-les-portes-per-presentar-la-seva-oferta-formativa\/#primaryimage"},"thumbnailUrl":"https:\/\/poblenouurbandistrict.com\/wp-content\/uploads\/2022\/03\/noticias-pud-3.jpg","articleSection":["Disseny","Formaci\u00f3","Est\u00e0 passant","Art"],"inLanguage":"ca"},{"@type":"WebPage","@id":"https:\/\/poblenouurbandistrict.com\/ca\/sae-barcelona-lidem-bau-i-fx-animation-obren-les-portes-per-presentar-la-seva-oferta-formativa\/","url":"https:\/\/poblenouurbandistrict.com\/ca\/sae-barcelona-lidem-bau-i-fx-animation-obren-les-portes-per-presentar-la-seva-oferta-formativa\/","name":"Puertas abiertas de SAE, L'Idem y BAU &#8211; Poblenou Urban District","isPartOf":{"@id":"https:\/\/poblenouurbandistrict.com\/ca\/#website"},"primaryImageOfPage":{"@id":"https:\/\/poblenouurbandistrict.com\/ca\/sae-barcelona-lidem-bau-i-fx-animation-obren-les-portes-per-presentar-la-seva-oferta-formativa\/#primaryimage"},"image":{"@id":"https:\/\/poblenouurbandistrict.com\/sae-barcelona-lidem-bau-i-fx-animation-obren-les-portes-per-presentar-la-seva-oferta-formativa\/#primaryimage"},"thumbnailUrl":"https:\/\/poblenouurbandistrict.com\/wp-content\/uploads\/2022\/03\/noticias-pud-3.jpg","datePublished":"2022-03-30T16:00:36+00:00","dateModified":"2022-03-30T16:01:46+00:00","author":{"@id":"https:\/\/poblenouurbandistrict.com\/#\/schema\/person\/980a2cf34b399d5218205730acd54a7e"},"description":"SAE, L\u2019Idem, y BAU organizan sus jornadas de Puertas Abiertas para presentar la oferta formativa para el curso acad\u00e9mico 2022-23.","breadcrumb":{"@id":"https:\/\/poblenouurbandistrict.com\/ca\/sae-barcelona-lidem-bau-i-fx-animation-obren-les-portes-per-presentar-la-seva-oferta-formativa\/#breadcrumb"},"inLanguage":"ca","potentialAction":[{"@type":"ReadAction","target":[["https:\/\/poblenouurbandistrict.com\/ca\/sae-barcelona-lidem-bau-i-fx-animation-obren-les-portes-per-presentar-la-seva-oferta-formativa\/"]]}]},{"@type":"ImageObject","inLanguage":"ca","@id":"https:\/\/poblenouurbandistrict.com\/ca\/sae-barcelona-lidem-bau-i-fx-animation-obren-les-portes-per-presentar-la-seva-oferta-formativa\/#primaryimage","url":"https:\/\/poblenouurbandistrict.com\/wp-content\/uploads\/2022\/03\/noticias-pud-3.jpg","contentUrl":"https:\/\/poblenouurbandistrict.com\/wp-content\/uploads\/2022\/03\/noticias-pud-3.jpg","width":1500,"height":1000},{"@type":"BreadcrumbList","@id":"https:\/\/poblenouurbandistrict.com\/ca\/sae-barcelona-lidem-bau-i-fx-animation-obren-les-portes-per-presentar-la-seva-oferta-formativa\/#breadcrumb","itemListElement":[{"@type":"ListItem","position":1,"name":"Home","item":"https:\/\/poblenouurbandistrict.com\/ca\/"},{"@type":"ListItem","position":2,"name":"SAE Barcelona, L\u2019Idem, BAU i FX Animation obren les portes per presentar la seva oferta formativa"}]},{"@type":"WebSite","@id":"https:\/\/poblenouurbandistrict.com\/ca\/#website","url":"https:\/\/poblenouurbandistrict.com\/ca\/","name":"Poblenou Urban District","description":"Comunitat Creativa","potentialAction":[{"@type":"SearchAction","target":{"@type":"EntryPoint","urlTemplate":"https:\/\/poblenouurbandistrict.com\/ca\/?s={search_term_string}"},"query-input":{"@type":"PropertyValueSpecification","valueRequired":true,"valueName":"search_term_string"}}],"inLanguage":"ca"},{"@type":"Person","@id":"https:\/\/poblenouurbandistrict.com\/#\/schema\/person\/980a2cf34b399d5218205730acd54a7e","name":"pnud","image":{"@type":"ImageObject","inLanguage":"ca","@id":"https:\/\/secure.gravatar.com\/avatar\/67146597b405ee077a24e519f75c3e2031736596d6ce35af3a34c122c93d0d7b?s=96&d=retro&r=g","url":"https:\/\/secure.gravatar.com\/avatar\/67146597b405ee077a24e519f75c3e2031736596d6ce35af3a34c122c93d0d7b?s=96&d=retro&r=g","contentUrl":"https:\/\/secure.gravatar.com\/avatar\/67146597b405ee077a24e519f75c3e2031736596d6ce35af3a34c122c93d0d7b?s=96&d=retro&r=g","caption":"pnud"}}]}},"_links":{"self":[{"href":"https:\/\/poblenouurbandistrict.com\/ca\/wp-json\/wp\/v2\/posts\/27777","targetHints":{"allow":["GET"]}}],"collection":[{"href":"https:\/\/poblenouurbandistrict.com\/ca\/wp-json\/wp\/v2\/posts"}],"about":[{"href":"https:\/\/poblenouurbandistrict.com\/ca\/wp-json\/wp\/v2\/types\/post"}],"author":[{"embeddable":true,"href":"https:\/\/poblenouurbandistrict.com\/ca\/wp-json\/wp\/v2\/users\/5"}],"replies":[{"embeddable":true,"href":"https:\/\/poblenouurbandistrict.com\/ca\/wp-json\/wp\/v2\/comments?post=27777"}],"version-history":[{"count":7,"href":"https:\/\/poblenouurbandistrict.com\/ca\/wp-json\/wp\/v2\/posts\/27777\/revisions"}],"predecessor-version":[{"id":27830,"href":"https:\/\/poblenouurbandistrict.com\/ca\/wp-json\/wp\/v2\/posts\/27777\/revisions\/27830"}],"wp:featuredmedia":[{"embeddable":true,"href":"https:\/\/poblenouurbandistrict.com\/ca\/wp-json\/wp\/v2\/media\/27778"}],"wp:attachment":[{"href":"https:\/\/poblenouurbandistrict.com\/ca\/wp-json\/wp\/v2\/media?parent=27777"}],"wp:term":[{"taxonomy":"category","embeddable":true,"href":"https:\/\/poblenouurbandistrict.com\/ca\/wp-json\/wp\/v2\/categories?post=27777"},{"taxonomy":"post_tag","embeddable":true,"href":"https:\/\/poblenouurbandistrict.com\/ca\/wp-json\/wp\/v2\/tags?post=27777"}],"curies":[{"name":"wp","href":"https:\/\/api.w.org\/{rel}","templated":true}]}}