{"id":29312,"date":"2022-05-02T10:34:13","date_gmt":"2022-05-02T08:34:13","guid":{"rendered":"https:\/\/poblenouurbandistrict.com\/?p=29312"},"modified":"2022-05-04T10:31:50","modified_gmt":"2022-05-04T08:31:50","slug":"tots-els-tallers-xerrades-i-activitats-de-lleure-del-poblenou-open-day","status":"publish","type":"post","link":"https:\/\/poblenouurbandistrict.com\/ca\/tots-els-tallers-xerrades-i-activitats-de-lleure-del-poblenou-open-day\/","title":{"rendered":"Tots els tallers, xerrades i activitats de lleure del Poblenou Open Day"},"content":{"rendered":"<p>To<span style=\"color: #333333;\">rna el <strong><a style=\"color: #333333;\" href=\"https:\/\/poblenouurbandistrict.com\/es\/open-day\/\" target=\"_blank\" rel=\"noopener\">Poblenou Open Day<\/a><\/strong> per a una desena edici\u00f3 el proper 7 de maig i, com cada any, el p\u00fablic podr\u00e0 gaudir de tallers, xerrades i activitats de lleure per nodrir la seva ment i aprendre de manera l\u00fadica. A continuaci\u00f3 us ho expliquem tot.<\/span><\/p>\n<p>&nbsp;<\/p>\n<h1>El Solar<\/h1>\n<p>A \u201c<strong>El Solar<\/strong>\u201d hi haur\u00e0 intervencions murals de diferents artistes seleccionats a la convocat\u00f2ria del <span style=\"color: #333333;\"><span style=\"font-weight: 400;\"><strong><a style=\"color: #333333;\" href=\"https:\/\/poblenouurbandistrict.com\/es\/windows-art-circuit\/\" target=\"_blank\" rel=\"noopener\">Windows Art Circuit \/ WAC<\/a><\/strong><\/span><\/span>, experimentant i provant noves t\u00e8cniques i materials. Tota aquesta proposta mural conviur\u00e0 amb sessions de Dj&#8217;s, teatre, tallers stencil, realitat augmentada, gastronomia, venda d&#8217;art emergent, creant un esdeveniment interdisciplinari en un dels solars m\u00e9s emblem\u00e0tics del Poblenou.<\/p>\n<p>Horari: 12h &#8211; 20h<\/p>\n<p>Adre\u00e7a: Pujades, 64-66<\/p>\n<p>&nbsp;<\/p>\n<h1><span style=\"color: #333333;\">BAU x David Ruiz i Giles Poley<\/span><\/h1>\n<p><span style=\"color: #333333;\">A <span style=\"font-weight: 400;\"><strong><a style=\"color: #333333;\" href=\"https:\/\/www.baued.es\/\" target=\"_blank\" rel=\"noopener\">BAU<\/a><\/strong><\/span> s&#8217;organitzaran diverses activitats a m\u00e9s de l&#8217;exposici\u00f3 col\u00b7lectiva dels artistes que participen a l&#8217;edici\u00f3 d&#8217;enguany del <span style=\"font-weight: 400;\"><strong><a style=\"color: #333333;\" href=\"https:\/\/poblenouurbandistrict.com\/es\/windows-art-circuit\/\" target=\"_blank\" rel=\"noopener\">Windows Art Circuit \/ WAC<\/a><\/strong><\/span> i tamb\u00e9 d&#8217;edicions anteriors.<\/span><\/p>\n<ul>\n<li>\n<h2><span style=\"color: #333333;\">Taller de serigrafia<\/span><\/h2>\n<\/li>\n<\/ul>\n<p>Podreu gaudir en fam\u00edlia dels tallers de serigrafia dirigits per Ramon Par\u00eds, tot un especialista en aquesta t\u00e8cnica d\u00b4impressi\u00f3 amb diferents materials.<\/p>\n<ul>\n<li>\n<h2><span style=\"color: #333333;\">Xerrada de David Ruiz<\/span><\/h2>\n<\/li>\n<\/ul>\n<p><span style=\"color: #333333;\">El dissenyador i membre de la comunicaci\u00f3 del Districte Creatiu <span style=\"font-weight: 400;\"><strong><a style=\"color: #333333;\" href=\"https:\/\/www.ruizcompany.com\/\" target=\"_blank\" rel=\"noopener\">David Ruiz<\/a><\/strong><\/span> far\u00e0 una xerrada sobre la creativitat i ens presentar\u00e0 el seu llibre \u201canar-se\u201d.<\/span><\/p>\n<p><span style=\"color: #333333;\">Aforament limitat<\/span><\/p>\n<p><span style=\"color: #333333;\">Horari: 12h &#8211; 14h<\/span><\/p>\n<ul>\n<li>\n<h2><span style=\"color: #333333;\">Xerrada: Introducci\u00f3 al Digital Canvas per Luzidlab<\/span><\/h2>\n<\/li>\n<\/ul>\n<p><span style=\"color: #333333;\">Els cofundadors de Luzidlab, Mike van der Noordt i Giles Pooley, presentaran el DIGITAL CANVAS , una plataforma de realitat augmentada que permet als artistes crear art digital de tot tipus\/escala i col\u00b7locar-lo a qualsevol part de la ciutat de Barcelona.<\/span><\/p>\n<p>Horari: 17h &#8211; 18h<\/p>\n<p>&nbsp;<\/p>\n<p><span style=\"color: #333333;\">Horari: 12h &#8211; 20h<\/span><\/p>\n<p><span style=\"color: #333333;\">Adre\u00e7a: Ciutat de Granada 34<\/span><\/p>\n<p>&nbsp;<\/p>\n<h1><span style=\"color: #333333;\">Medio Design<\/span><\/h1>\n<p><span style=\"color: #333333;\">A m\u00e9s d&#8217;obrir les portes al p\u00fablic per exhibir tres exposicions de projectes en desenvolupament, <span style=\"font-weight: 400;\"><strong><a style=\"color: #333333;\" href=\"https:\/\/www.mediodesign.com\/\" target=\"_blank\" rel=\"noopener\">Medio Design<\/a><\/strong><\/span> convida arquitectes, interioristes, dissenyadors, artistes i creatius a una trobada personalitzada de 15 minuts de durada per buscar sin\u00e8rgies i explicar qui s\u00f3n, qu\u00e8 fan i com poden ajudar a crear projectes extraordinaris.<\/span><\/p>\n<p><span style=\"color: #333333;\">L&#8217;entrada \u00e9s gratu\u00efta i cal agendar una visita amb antelaci\u00f3.<\/span><\/p>\n<p><span style=\"color: #333333;\">Horari: 12h &#8211; 19h<\/span><\/p>\n<p><span style=\"color: #333333;\">Adre\u00e7a: Pallars 85-91, 5-2<\/span><\/p>\n<p><span style=\"color: #333333;\"><strong><a style=\"color: #333333;\" href=\"https:\/\/calendly.com\/mediodesign\/15minopenday\" target=\"_blank\" rel=\"noopener\">Agendar visita<\/a><\/strong> (activitat nom\u00e9s per a p\u00fablic professional)<\/span><\/p>\n<p>&nbsp;<\/p>\n<h1><span style=\"color: #333333;\">Barcelona School of Creativity<\/span><\/h1>\n<p><span style=\"color: #333333;\">La <span style=\"font-weight: 400;\"><strong><a style=\"color: #333333;\" href=\"https:\/\/barcelonaschoolofcreativity.com\/\" target=\"_blank\" rel=\"noopener\">Barcelona School of Creativity<\/a><\/strong><\/span> us convida a \u201cUnlocking Creativity\u201d, un workshop de Creativitat Inside Out sorprenent que convida a la predisposici\u00f3 i actituds creatives per activar el vostre potencial. Tres hores de moviment, espontane\u00eftat i escriptura autom\u00e0tica que no us deixaran indiferent. Una manera original d&#8217;aprendre a connectar amb si mateix com a font d&#8217;inspiraci\u00f3 ia estimular i desbloquejar la creativitat.<\/span><\/p>\n<p><span style=\"color: #333333;\">Horari: 12h \u2013 14h \/ 16h \u2013 18h<\/span><\/p>\n<p><span style=\"color: #333333;\">Adre\u00e7a: Pallars 65<\/span><\/p>\n<p><span style=\"color: #333333;\"><strong><a style=\"color: #333333;\" href=\"https:\/\/www.eventbrite.es\/e\/entradas-unlocking-creativity-317483771507\" target=\"_blank\" rel=\"noopener\">Torn mat\u00ed<\/a><\/strong><\/span><\/p>\n<p><span style=\"color: #333333;\"><strong><a style=\"color: #333333;\" href=\"https:\/\/www.eventbrite.es\/e\/entradas-unlocking-creativity-turno-de-tarde-317525165317\" target=\"_blank\" rel=\"noopener\">Torn tard<\/a><\/strong><\/span><\/p>\n<p>&nbsp;<\/p>\n<h1><span style=\"color: #333333;\">TSH Campus Marina<\/span><\/h1>\n<p><span style=\"color: #333333;\">A <span style=\"font-weight: 400;\"> <strong><a style=\"color: #333333;\" href=\"https:\/\/www.thestudenthotel.com\/es\/barcelona-marina\/\" target=\"_blank\" rel=\"noopener\">TSH Campus Marina<\/a><\/strong><\/span> us convida a relaxar-vos en un ambient segur i ple de pau amb una sessi\u00f3 de Ioga Vinyasa &amp; Gong al seu rooftop. Prepareu-vos per connectar cos i ment envoltat d&#8217;impressionants vistes de la ciutat de Barcelona. Per poder participar en aquest esdeveniment cal completar la inscripci\u00f3.<\/span><\/p>\n<p><span style=\"color: #333333;\">Horari: a partir de les 11h<\/span><\/p>\n<p><span style=\"color: #333333;\">Adre\u00e7a: S\u00e1ncho de \u00c1vila 22<\/span><\/p>\n<p><span style=\"font-weight: 400; color: #333333;\"><strong><a style=\"color: #333333;\" href=\"https:\/\/www.eventbrite.nl\/e\/entradas-rooftop-yoga-vinyasa-gong-322009768887\" target=\"_blank\" rel=\"noopener\">Inscripci\u00f3<\/a><\/strong><\/span><\/p>\n<p>&nbsp;<\/p>\n<h1><span style=\"color: #333333;\">FX ANIMATION<\/span><\/h1>\n<p><span style=\"color: #333333;\">A <span style=\"font-weight: 400;\"><strong><a style=\"color: #333333;\" href=\"https:\/\/fxanimation.es\/\" target=\"_blank\" rel=\"noopener\">FX ANIMATION<\/a><\/strong><\/span> us ofereixen aquest any un gran ventall d&#8217;activitats per crear i inspirar-se.<\/span><\/p>\n<p><span style=\"color: #333333;\">Primer, de 12h30 a 13h conviden tots els apassionats del dibuix a participar al seu taller de Concept Art, taller a c\u00e0rrec d&#8217;Alex Ruz, professor de l&#8217;\u00e0rea de concept art de FX ANIMATION. En segon lloc, de 18h a 19h us ofereixen 3 Masterclasses simult\u00e0nies de les \u00e0rees d&#8217;efectes visuals, postproducci\u00f3 i temps real amb Unreal Engine:<\/span><\/p>\n<ul>\n<li>\n<h2><span style=\"color: #333333;\">De FX ANIMATION a Hollywood<\/span><\/h2>\n<\/li>\n<\/ul>\n<p><span style=\"color: #333333;\">Francecs Boll\u00f3 (Dune, El Rey Le\u00f3n, El llibre de la selva&#8230;) i Marc Dom\u00ednguez (La sireneta, Nope, Pinotxo&#8230;) tots dos AlumniX i professors de FX ANIMATION, us compartiran la seva experi\u00e8ncia laboral com a artistes de VFX ( efectes visuals) a blockbusters de Hollywood<\/span><\/p>\n<ul>\n<li>\n<h2><span style=\"color: #333333;\">La revoluci\u00f3 del temps real<\/span><\/h2>\n<\/li>\n<\/ul>\n<p><span style=\"color: #333333;\">Javier Fern\u00e1ndez, un dels pocs instructors certificats per Unreal Engine al pa\u00eds i professor de FX ANIMATION, us explicar\u00e0 com aquest motor de temps real, ha revolucionat el cinema i el cinema d&#8217;animaci\u00f3.<\/span><\/p>\n<ul>\n<li>\n<h2><span style=\"color: #333333;\">La m\u00e0gia de la postproducci\u00f3<\/span><\/h2>\n<\/li>\n<\/ul>\n<p><span style=\"color: #333333;\">Toni Mena, Director T\u00e8cnic de FX ANIMATION i professional de la postproducci\u00f3 amb \u00e0mplia traject\u00f2ria en produccions que han arribat als Oscars, entre altres nominacions i premis, us explicar\u00e0 la m\u00e0gia de la postproducci\u00f3 al cinema.<\/span><\/p>\n<p><span style=\"color: #333333;\">A m\u00e9s del taller i de les Masterclasses, FX ANIMATION tamb\u00e9 tindr\u00e0 un recital po\u00e8tic al mat\u00ed i m\u00fasica en viu a partir de les 19h30.<\/span><\/p>\n<p><span style=\"color: #333333;\">Aforament limitat.<\/span><\/p>\n<p><span style=\"color: #333333;\">Horari: 12h &#8211; 22h<\/span><\/p>\n<p><span style=\"color: #333333;\">Adre\u00e7a: Pujades, 112<\/span><\/p>\n<p><span style=\"color: #333333;\"><strong><a style=\"color: #333333;\" href=\"https:\/\/www.eventbrite.es\/e\/entradas-poblenou-open-day-2022-actividades-fx-animation-323240008567\" target=\"_blank\" rel=\"noopener\">Entrades<\/a><\/strong><\/span><\/p>\n<p>&nbsp;<\/p>\n<h1><span style=\"color: #333333;\">ALAS Artes en Movimiento<\/span><\/h1>\n<p><span style=\"color: #333333;\">Per aquest Poblenou Open Day, <span style=\"font-weight: 400;\"><strong><a style=\"color: #333333;\" href=\"https:\/\/www.alasbcn.com\/\" target=\"_blank\" rel=\"noopener\">ALAS Artes en Movimiento<\/a><\/strong><\/span> us convida a una cerim\u00f2nia guiada per M\u00f3nica Extremiana i Ona Mestre que us guiaran per una senzilla i deliciosa experi\u00e8ncia de dansa, apta per a tots els p\u00fablics.<\/span><\/p>\n<p><span style=\"color: #333333;\">Horari de les sessions: 17h15 \/ 18h \/ 18h45 \/ 19h30<\/span><\/p>\n<p><span style=\"color: #333333;\">Adre\u00e7a: Passatge de Masoliver, 25, 1a<\/span><\/p>\n<p>&nbsp;<\/p>\n<h1><span style=\"color: #333333;\">Fundaci\u00f3 Ared<\/span><\/h1>\n<p><span style=\"color: #333333;\">A la <span style=\"font-weight: 400;\"><strong><a style=\"color: #333333;\" href=\"https:\/\/www.fundacioared.org\/\" target=\"_blank\" rel=\"noopener\">Fundaci\u00f3 Ared<\/a><\/strong><\/span> tindr\u00e0s l&#8217;oportunitat d&#8217;aprendre a confeccionar un moneder de cuir personalitzat a trav\u00e9s d&#8217;un patr\u00f3 proporcionat per la professora. Aquest taller va dirigit a persones sense experi\u00e8ncia o molt poca al m\u00f3n de la costura, i amb inquietud i motivaci\u00f3 per aprendre a cosir i desenvolupar les seves habilitats i coneixements en la mat\u00e8ria.<\/span><\/p>\n<p><span style=\"color: #333333;\">Horaris: Triar entre 12h &#8211; 13h \/ 13h30 &#8211; 14h30 \/ 17h30 &#8211; 18h30<\/span><\/p>\n<p><span style=\"color: #333333;\">Adre\u00e7a: Zamora 103-105 baixos<\/span><\/p>\n<p>&nbsp;<\/p>\n<h1><span style=\"color: #333333;\">Museu Can Framis<\/span><\/h1>\n<p><span style=\"color: #333333;\">El <span style=\"font-weight: 400;\"><strong><a style=\"color: #333333;\" href=\"https:\/\/www.fundaciovilacasas.com\/ca\" target=\"_blank\" rel=\"noopener\">Museu Can Framis<\/a><\/strong><\/span> no nom\u00e9s us ofereix aquest 7 de maig entrades redu\u00efdes, sin\u00f3 tamb\u00e9 duu a terme una activitat familiar anomenada \u201cTransportant l&#8217;Art\u201d. Un objecte d\u00fas quotidi\u00e0 samaga en algunes obres del museu. Per descobrir-ho, les fam\u00edlies hauran de deixar-se endur pels colors, les formes i les textures de les obres i visitar llocs insospitats. Despr\u00e9s del recorregut guiat per l&#8217;exposici\u00f3 permanent, els adults i els nens posaran en pr\u00e0ctica els seus descobriments creant la seva pr\u00f2pia obra.<\/span><\/p>\n<p><span style=\"color: #333333;\">Horari: 11h30 (el museu es podr\u00e0 visitar de 11h a 18h)<\/span><\/p>\n<p><span style=\"color: #333333;\">Adre\u00e7a: Roc Boronat, 116<\/span><\/p>\n<p><span style=\"color: #333333;\"><strong><a style=\"color: #333333;\" href=\"https:\/\/www.fundaciovilacasas.com\/ca\/a\/taller-familiar-transportem-lart\" target=\"_blank\" rel=\"noopener\">Entrades<\/a><\/strong><\/span><\/p>\n<p>&nbsp;<\/p>\n<h1><span style=\"color: #333333;\">Stay Hungry Stay Foolish<\/span><\/h1>\n<p><span style=\"color: #333333;\"><span style=\"font-weight: 400;\"><strong><a style=\"color: #333333;\" href=\"http:\/\/stayhungrystayfoolish.es\/\" target=\"_blank\" rel=\"noopener\">Stay Hungry Stay Foolish<\/a><\/strong><\/span> us convida al taller de Naturalisme Urb\u00e0, on podreu estimular la vostra mirada personal a partir d\u00b4un passeig dissenyat amb instruccions precises i imprecises. A trav\u00e9s del dibuix, l&#8217;escriptura, la fotografia i altres t\u00e8cniques podr\u00e0s capturar escenes de la realitat i catalogar-les. Cal comprar entrada amb antelaci\u00f3.<\/span><\/p>\n<p><span style=\"color: #333333;\">Horari: 11h &#8211; 14h<\/span><\/p>\n<p><span style=\"color: #333333;\">Adre\u00e7a: Gran Via, 757<\/span><\/p>\n<p><span style=\"color: #333333;\"><strong><a style=\"color: #333333;\" href=\"https:\/\/www.eventbrite.es\/e\/entradas-taller-de-naturalismo-urbano-328099322907\" target=\"_blank\" rel=\"noopener\">Entrades<\/a><\/strong><\/span><\/p>\n<p>&nbsp;<\/p>\n<h1><span style=\"color: #333333;\">Open Design Studio<\/span><\/h1>\n<p><span style=\"color: #333333;\">Per a aquest Poblenou Open Day, <span style=\"font-weight: 400;\"><strong><a style=\"color: #333333;\" href=\"https:\/\/opendesignstudio.eu\/\" target=\"_blank\" rel=\"noopener\">Open Design Studio<\/a><\/strong><\/span> us convida a participar a \u201cOpenTalk! It&#8217;s a match\u201d, una xerrada imprescindible per comen\u00e7ar a expandir el projecte art\u00edstic o cultural. Mitjan\u00e7ant aquest taller participatiu aprendreu les claus per tra\u00e7ar una estrat\u00e8gia que serveixi d&#8217;orientaci\u00f3 per difondre el vostre projecte i la manera de crear una comunicaci\u00f3 en l\u00ednia que arribi a molta m\u00e9s gent. Places limitades.<\/span><\/p>\n<p><span style=\"color: #333333;\">Horari: de 12h &#8211; 14h<\/span><\/p>\n<p><span style=\"color: #333333;\">Adre\u00e7a: <span style=\"font-weight: 400; color: #000000;\">Palo Alto, Pellaires, 30 &#8211; 38<\/span><\/span><\/p>\n<p><span style=\"color: #333333;\"><strong><a style=\"color: #333333;\" href=\"https:\/\/opendesignstudio.eu\/producto\/open-talk-presencial\/\" target=\"_blank\" rel=\"noopener\">Entrades<\/a><\/strong><\/span><\/p>\n<p>&nbsp;<\/p>\n<h1><span style=\"color: #333333;\">El Taller de Joyer\u00eda<\/span><\/h1>\n<p><span style=\"color: #333333;\">El <span style=\"font-weight: 400;\"><strong><a style=\"color: #333333;\" href=\"https:\/\/eltallerdejoyeria.com\/\" target=\"_blank\" rel=\"noopener\">Taller de Joyer\u00eda<\/a><\/strong><\/span> us ofereix un taller presencial de dues hores on us guiaran per aprendre a fer un anell texturat de plata. Al final del taller, podeu emportar-vos els vostres resultats finals. \u00c9s un taller gratu\u00eft, per\u00f2 les places s\u00f3n limitades, aleshores cal fer reserva pr\u00e8via mitjan\u00e7ant correu electr\u00f2nic o per tel\u00e8fon.<\/span><\/p>\n<p><span style=\"color: #333333;\">Horari: 17h &#8211; 21h<\/span><\/p>\n<p><span style=\"color: #333333;\">Adre\u00e7a: Mari\u00e0 Aguil\u00f3, 123, local 2<\/span><\/p>\n<p><span style=\"color: #333333;\">Reserves: 933 005 060 \/ eltaller@eltallerdejoyeria.com<\/span><\/p>\n<p>&nbsp;<\/p>\n<h1><span style=\"color: #333333;\">Bloomint Design<\/span><\/h1>\n<p><span style=\"color: #333333;\"><span style=\"font-weight: 400;\"><strong><a style=\"color: #333333;\" href=\"https:\/\/bloomintdesign.com\/es\/\" target=\"_blank\" rel=\"noopener\">Bloomint Design<\/a><\/strong><\/span> obre les portes del seu estudi de disseny i arquitectura per oferir-vos dos tallers d&#8217;aproximadament 50 minuts: amb c\u00f2ctel de benvinguda, us presentaran el despatx, la zona de materials i teles, i explicaran com fer un moodboard per a un espai. finalment, poder posar-ho a la pr\u00e0ctica en grup.<\/span><\/p>\n<p><span style=\"color: #333333;\">Horari: 18h &#8211; 20h<\/span><\/p>\n<p><span style=\"color: #333333;\">Adre\u00e7a: Pere IV, 29-35<\/span><\/p>\n<p><span style=\"color: #333333;\"><strong><a style=\"color: #333333;\" href=\"https:\/\/www.eventbrite.co.uk\/e\/entradas-crea-tu-propio-moodboard-325081195607\" target=\"_blank\" rel=\"noopener\">Entrades<\/a><\/strong><\/span><\/p>\n<p>&nbsp;<\/p>\n<h1><span style=\"color: #333333;\">Valkiria<\/span><\/h1>\n<p><span style=\"color: #333333;\">Amb els partners de Bail Out que busquen sempre la diversi\u00f3 i l&#8217;entreteniment en espais singulars per a esdeveniments, <span style=\"font-weight: 400;\"><strong><a style=\"color: #333333;\" href=\"https:\/\/valkiriahubspace.com\/\" target=\"_blank\" rel=\"noopener\">Valkiria<\/a><\/strong><\/span> proposa una nova combinaci\u00f3 amb esports de pilota. La competici\u00f3 del futbol, \u200b\u200bbarrejada amb la precisi\u00f3 i la rapidesa d&#8217;un futbol\u00ed. No cal c\u00f3rrer, per\u00f2 s\u00ed que tenir una estrat\u00e8gia preparada per a la seg\u00fcent jugada. Una activitat per venir amb amics i fam\u00edlia.<\/span><\/p>\n<p><span style=\"color: #333333;\">Horari: 12h &#8211; 20h<\/span><\/p>\n<p><span style=\"color: #333333;\">Adre\u00e7a: Pujades, 126<\/span><\/p>\n<p>&nbsp;<\/p>\n<h1><span style=\"color: #333333;\">Golden &amp; Smith by Valkiria<\/span><\/h1>\n<p><span style=\"color: #333333;\"><span style=\"font-weight: 400;\"><strong><a style=\"color: #333333;\" href=\"http:\/\/goldensmith.es\/\" target=\"_blank\" rel=\"noopener\">Golden &amp; Smith by Valkiria<\/a><\/strong> <\/span> us proposa l&#8217;esdeveniment Del videojoc Resident Evil LADY DIMISTRESCU convida Helena Mankowska a la seva festa, on es podr\u00e0 aconseguir l&#8217;aut\u00f2graf de l&#8217;actriu. Entrades a comprar amb antelaci\u00f3.<\/span><\/p>\n<p><span style=\"color: #333333;\">Horari: 19h &#8211; 20h<\/span><\/p>\n<p><span style=\"color: #333333;\">Adre\u00e7a: Pujades, 126<\/span><\/p>\n<p><span style=\"color: #333333;\"><strong><a style=\"color: #333333;\" href=\"https:\/\/app.community.nectios.com\/goldensmith\/login\" target=\"_blank\" rel=\"noopener\">Entrades<\/a><\/strong><\/span><\/p>\n<p>&nbsp;<\/p>","protected":false},"excerpt":{"rendered":"<p>Torna el Poblenou Open Day per a una desena edici\u00f3 el proper 7 de maig i, com cada any, el&#8230; <a href=\"https:\/\/poblenouurbandistrict.com\/ca\/tots-els-tallers-xerrades-i-activitats-de-lleure-del-poblenou-open-day\/\">M\u00e9s  \u2192<\/a><\/p>\n","protected":false},"author":5,"featured_media":29316,"comment_status":"closed","ping_status":"closed","sticky":false,"template":"","format":"standard","meta":{"_acf_changed":false,"footnotes":""},"categories":[3567,3565,3364,3345],"tags":[],"class_list":["post-29312","post","type-post","status-publish","format-standard","has-post-thumbnail","hentry","category-poblenou-open-day-2","category-poblenou-open-day","category-poblenou-urban-district","category-formacion"],"acf":[],"yoast_head":"<!-- This site is optimized with the Yoast SEO plugin v27.5 - https:\/\/yoast.com\/product\/yoast-seo-wordpress\/ -->\n<title>Talleres, Charlas y Actividades de ocio del Poblenou Open Day<\/title>\n<meta name=\"description\" content=\"Vuelve el Poblenou Open Day el pr\u00f3ximo 7 de mayo y, como cada a\u00f1o, el p\u00fablico podr\u00e1 gozar de talleres, charlas y actividades de ocio.\" \/>\n<meta name=\"robots\" content=\"index, follow, max-snippet:-1, max-image-preview:large, max-video-preview:-1\" \/>\n<link rel=\"canonical\" href=\"https:\/\/poblenouurbandistrict.com\/ca\/tots-els-tallers-xerrades-i-activitats-de-lleure-del-poblenou-open-day\/\" \/>\n<meta property=\"og:locale\" content=\"ca_ES\" \/>\n<meta property=\"og:type\" content=\"article\" \/>\n<meta property=\"og:title\" content=\"Talleres, Charlas y Actividades de ocio del Poblenou Open Day\" \/>\n<meta property=\"og:description\" content=\"Vuelve el Poblenou Open Day el pr\u00f3ximo 7 de mayo y, como cada a\u00f1o, el p\u00fablico podr\u00e1 gozar de talleres, charlas y actividades de ocio.\" \/>\n<meta property=\"og:url\" content=\"https:\/\/poblenouurbandistrict.com\/ca\/tots-els-tallers-xerrades-i-activitats-de-lleure-del-poblenou-open-day\/\" \/>\n<meta property=\"og:site_name\" content=\"Poblenou Urban District\" \/>\n<meta property=\"article:published_time\" content=\"2022-05-02T08:34:13+00:00\" \/>\n<meta property=\"article:modified_time\" content=\"2022-05-04T08:31:50+00:00\" \/>\n<meta property=\"og:image\" content=\"https:\/\/poblenouurbandistrict.com\/wp-content\/uploads\/2022\/04\/copia-de-2019-open-day-00143.jpg\" \/>\n\t<meta property=\"og:image:width\" content=\"2017\" \/>\n\t<meta property=\"og:image:height\" content=\"1345\" \/>\n\t<meta property=\"og:image:type\" content=\"image\/jpeg\" \/>\n<meta name=\"author\" content=\"pnud\" \/>\n<meta name=\"twitter:card\" content=\"summary_large_image\" \/>\n<meta name=\"twitter:label1\" content=\"Escrit per\" \/>\n\t<meta name=\"twitter:data1\" content=\"pnud\" \/>\n\t<meta name=\"twitter:label2\" content=\"Temps estimat de lectura\" \/>\n\t<meta name=\"twitter:data2\" content=\"8 minuts\" \/>\n<script type=\"application\/ld+json\" class=\"yoast-schema-graph\">{\"@context\":\"https:\\\/\\\/schema.org\",\"@graph\":[{\"@type\":\"Article\",\"@id\":\"https:\\\/\\\/poblenouurbandistrict.com\\\/tots-els-tallers-xerrades-i-activitats-de-lleure-del-poblenou-open-day\\\/#article\",\"isPartOf\":{\"@id\":\"https:\\\/\\\/poblenouurbandistrict.com\\\/tots-els-tallers-xerrades-i-activitats-de-lleure-del-poblenou-open-day\\\/\"},\"author\":{\"name\":\"pnud\",\"@id\":\"https:\\\/\\\/poblenouurbandistrict.com\\\/#\\\/schema\\\/person\\\/980a2cf34b399d5218205730acd54a7e\"},\"headline\":\"Tots els tallers, xerrades i activitats de lleure del Poblenou Open Day\",\"datePublished\":\"2022-05-02T08:34:13+00:00\",\"dateModified\":\"2022-05-04T08:31:50+00:00\",\"mainEntityOfPage\":{\"@id\":\"https:\\\/\\\/poblenouurbandistrict.com\\\/tots-els-tallers-xerrades-i-activitats-de-lleure-del-poblenou-open-day\\\/\"},\"wordCount\":4404,\"image\":{\"@id\":\"https:\\\/\\\/poblenouurbandistrict.com\\\/tots-els-tallers-xerrades-i-activitats-de-lleure-del-poblenou-open-day\\\/#primaryimage\"},\"thumbnailUrl\":\"https:\\\/\\\/media.poblenouurbandistrict.com\\\/2022\\\/04\\\/25050620\\\/copia-de-2019-open-day-00143.jpg\",\"articleSection\":[\"Poblenou Open Day\",\"Poblenou Open Day\",\"Poblenou Urban District\",\"Formaci\u00f3\"],\"inLanguage\":\"ca\"},{\"@type\":\"WebPage\",\"@id\":\"https:\\\/\\\/poblenouurbandistrict.com\\\/ca\\\/tots-els-tallers-xerrades-i-activitats-de-lleure-del-poblenou-open-day\\\/\",\"url\":\"https:\\\/\\\/poblenouurbandistrict.com\\\/ca\\\/tots-els-tallers-xerrades-i-activitats-de-lleure-del-poblenou-open-day\\\/\",\"name\":\"Talleres, Charlas y Actividades de ocio del Poblenou Open Day\",\"isPartOf\":{\"@id\":\"https:\\\/\\\/poblenouurbandistrict.com\\\/ca\\\/#website\"},\"primaryImageOfPage\":{\"@id\":\"https:\\\/\\\/poblenouurbandistrict.com\\\/ca\\\/tots-els-tallers-xerrades-i-activitats-de-lleure-del-poblenou-open-day\\\/#primaryimage\"},\"image\":{\"@id\":\"https:\\\/\\\/poblenouurbandistrict.com\\\/tots-els-tallers-xerrades-i-activitats-de-lleure-del-poblenou-open-day\\\/#primaryimage\"},\"thumbnailUrl\":\"https:\\\/\\\/media.poblenouurbandistrict.com\\\/2022\\\/04\\\/25050620\\\/copia-de-2019-open-day-00143.jpg\",\"datePublished\":\"2022-05-02T08:34:13+00:00\",\"dateModified\":\"2022-05-04T08:31:50+00:00\",\"author\":{\"@id\":\"https:\\\/\\\/poblenouurbandistrict.com\\\/#\\\/schema\\\/person\\\/980a2cf34b399d5218205730acd54a7e\"},\"description\":\"Vuelve el Poblenou Open Day el pr\u00f3ximo 7 de mayo y, como cada a\u00f1o, el p\u00fablico podr\u00e1 gozar de talleres, charlas y actividades de ocio.\",\"breadcrumb\":{\"@id\":\"https:\\\/\\\/poblenouurbandistrict.com\\\/ca\\\/tots-els-tallers-xerrades-i-activitats-de-lleure-del-poblenou-open-day\\\/#breadcrumb\"},\"inLanguage\":\"ca\",\"potentialAction\":[{\"@type\":\"ReadAction\",\"target\":[[\"https:\\\/\\\/poblenouurbandistrict.com\\\/ca\\\/tots-els-tallers-xerrades-i-activitats-de-lleure-del-poblenou-open-day\\\/\"]]}]},{\"@type\":\"ImageObject\",\"inLanguage\":\"ca\",\"@id\":\"https:\\\/\\\/poblenouurbandistrict.com\\\/ca\\\/tots-els-tallers-xerrades-i-activitats-de-lleure-del-poblenou-open-day\\\/#primaryimage\",\"url\":\"https:\\\/\\\/media.poblenouurbandistrict.com\\\/2022\\\/04\\\/25050620\\\/copia-de-2019-open-day-00143.jpg\",\"contentUrl\":\"https:\\\/\\\/media.poblenouurbandistrict.com\\\/2022\\\/04\\\/25050620\\\/copia-de-2019-open-day-00143.jpg\",\"width\":2017,\"height\":1345},{\"@type\":\"BreadcrumbList\",\"@id\":\"https:\\\/\\\/poblenouurbandistrict.com\\\/ca\\\/tots-els-tallers-xerrades-i-activitats-de-lleure-del-poblenou-open-day\\\/#breadcrumb\",\"itemListElement\":[{\"@type\":\"ListItem\",\"position\":1,\"name\":\"Home\",\"item\":\"https:\\\/\\\/poblenouurbandistrict.com\\\/ca\\\/\"},{\"@type\":\"ListItem\",\"position\":2,\"name\":\"Tots els tallers, xerrades i activitats de lleure del Poblenou Open Day\"}]},{\"@type\":\"WebSite\",\"@id\":\"https:\\\/\\\/poblenouurbandistrict.com\\\/ca\\\/#website\",\"url\":\"https:\\\/\\\/poblenouurbandistrict.com\\\/ca\\\/\",\"name\":\"Poblenou Urban District\",\"description\":\"Comunitat Creativa\",\"potentialAction\":[{\"@type\":\"SearchAction\",\"target\":{\"@type\":\"EntryPoint\",\"urlTemplate\":\"https:\\\/\\\/poblenouurbandistrict.com\\\/ca\\\/?s={search_term_string}\"},\"query-input\":{\"@type\":\"PropertyValueSpecification\",\"valueRequired\":true,\"valueName\":\"search_term_string\"}}],\"inLanguage\":\"ca\"},{\"@type\":\"Person\",\"@id\":\"https:\\\/\\\/poblenouurbandistrict.com\\\/#\\\/schema\\\/person\\\/980a2cf34b399d5218205730acd54a7e\",\"name\":\"pnud\",\"image\":{\"@type\":\"ImageObject\",\"inLanguage\":\"ca\",\"@id\":\"https:\\\/\\\/secure.gravatar.com\\\/avatar\\\/67146597b405ee077a24e519f75c3e2031736596d6ce35af3a34c122c93d0d7b?s=96&d=retro&r=g\",\"url\":\"https:\\\/\\\/secure.gravatar.com\\\/avatar\\\/67146597b405ee077a24e519f75c3e2031736596d6ce35af3a34c122c93d0d7b?s=96&d=retro&r=g\",\"contentUrl\":\"https:\\\/\\\/secure.gravatar.com\\\/avatar\\\/67146597b405ee077a24e519f75c3e2031736596d6ce35af3a34c122c93d0d7b?s=96&d=retro&r=g\",\"caption\":\"pnud\"}}]}<\/script>\n<!-- \/ Yoast SEO plugin. -->","yoast_head_json":{"title":"Talleres, Charlas y Actividades de ocio del Poblenou Open Day","description":"Vuelve el Poblenou Open Day el pr\u00f3ximo 7 de mayo y, como cada a\u00f1o, el p\u00fablico podr\u00e1 gozar de talleres, charlas y actividades de ocio.","robots":{"index":"index","follow":"follow","max-snippet":"max-snippet:-1","max-image-preview":"max-image-preview:large","max-video-preview":"max-video-preview:-1"},"canonical":"https:\/\/poblenouurbandistrict.com\/ca\/tots-els-tallers-xerrades-i-activitats-de-lleure-del-poblenou-open-day\/","og_locale":"ca_ES","og_type":"article","og_title":"Talleres, Charlas y Actividades de ocio del Poblenou Open Day","og_description":"Vuelve el Poblenou Open Day el pr\u00f3ximo 7 de mayo y, como cada a\u00f1o, el p\u00fablico podr\u00e1 gozar de talleres, charlas y actividades de ocio.","og_url":"https:\/\/poblenouurbandistrict.com\/ca\/tots-els-tallers-xerrades-i-activitats-de-lleure-del-poblenou-open-day\/","og_site_name":"Poblenou Urban District","article_published_time":"2022-05-02T08:34:13+00:00","article_modified_time":"2022-05-04T08:31:50+00:00","og_image":[{"width":2017,"height":1345,"url":"https:\/\/poblenouurbandistrict.com\/wp-content\/uploads\/2022\/04\/copia-de-2019-open-day-00143.jpg","type":"image\/jpeg"}],"author":"pnud","twitter_card":"summary_large_image","twitter_misc":{"Escrit per":"pnud","Temps estimat de lectura":"8 minuts"},"schema":{"@context":"https:\/\/schema.org","@graph":[{"@type":"Article","@id":"https:\/\/poblenouurbandistrict.com\/tots-els-tallers-xerrades-i-activitats-de-lleure-del-poblenou-open-day\/#article","isPartOf":{"@id":"https:\/\/poblenouurbandistrict.com\/tots-els-tallers-xerrades-i-activitats-de-lleure-del-poblenou-open-day\/"},"author":{"name":"pnud","@id":"https:\/\/poblenouurbandistrict.com\/#\/schema\/person\/980a2cf34b399d5218205730acd54a7e"},"headline":"Tots els tallers, xerrades i activitats de lleure del Poblenou Open Day","datePublished":"2022-05-02T08:34:13+00:00","dateModified":"2022-05-04T08:31:50+00:00","mainEntityOfPage":{"@id":"https:\/\/poblenouurbandistrict.com\/tots-els-tallers-xerrades-i-activitats-de-lleure-del-poblenou-open-day\/"},"wordCount":4404,"image":{"@id":"https:\/\/poblenouurbandistrict.com\/tots-els-tallers-xerrades-i-activitats-de-lleure-del-poblenou-open-day\/#primaryimage"},"thumbnailUrl":"https:\/\/media.poblenouurbandistrict.com\/2022\/04\/25050620\/copia-de-2019-open-day-00143.jpg","articleSection":["Poblenou Open Day","Poblenou Open Day","Poblenou Urban District","Formaci\u00f3"],"inLanguage":"ca"},{"@type":"WebPage","@id":"https:\/\/poblenouurbandistrict.com\/ca\/tots-els-tallers-xerrades-i-activitats-de-lleure-del-poblenou-open-day\/","url":"https:\/\/poblenouurbandistrict.com\/ca\/tots-els-tallers-xerrades-i-activitats-de-lleure-del-poblenou-open-day\/","name":"Talleres, Charlas y Actividades de ocio del Poblenou Open Day","isPartOf":{"@id":"https:\/\/poblenouurbandistrict.com\/ca\/#website"},"primaryImageOfPage":{"@id":"https:\/\/poblenouurbandistrict.com\/ca\/tots-els-tallers-xerrades-i-activitats-de-lleure-del-poblenou-open-day\/#primaryimage"},"image":{"@id":"https:\/\/poblenouurbandistrict.com\/tots-els-tallers-xerrades-i-activitats-de-lleure-del-poblenou-open-day\/#primaryimage"},"thumbnailUrl":"https:\/\/media.poblenouurbandistrict.com\/2022\/04\/25050620\/copia-de-2019-open-day-00143.jpg","datePublished":"2022-05-02T08:34:13+00:00","dateModified":"2022-05-04T08:31:50+00:00","author":{"@id":"https:\/\/poblenouurbandistrict.com\/#\/schema\/person\/980a2cf34b399d5218205730acd54a7e"},"description":"Vuelve el Poblenou Open Day el pr\u00f3ximo 7 de mayo y, como cada a\u00f1o, el p\u00fablico podr\u00e1 gozar de talleres, charlas y actividades de ocio.","breadcrumb":{"@id":"https:\/\/poblenouurbandistrict.com\/ca\/tots-els-tallers-xerrades-i-activitats-de-lleure-del-poblenou-open-day\/#breadcrumb"},"inLanguage":"ca","potentialAction":[{"@type":"ReadAction","target":[["https:\/\/poblenouurbandistrict.com\/ca\/tots-els-tallers-xerrades-i-activitats-de-lleure-del-poblenou-open-day\/"]]}]},{"@type":"ImageObject","inLanguage":"ca","@id":"https:\/\/poblenouurbandistrict.com\/ca\/tots-els-tallers-xerrades-i-activitats-de-lleure-del-poblenou-open-day\/#primaryimage","url":"https:\/\/media.poblenouurbandistrict.com\/2022\/04\/25050620\/copia-de-2019-open-day-00143.jpg","contentUrl":"https:\/\/media.poblenouurbandistrict.com\/2022\/04\/25050620\/copia-de-2019-open-day-00143.jpg","width":2017,"height":1345},{"@type":"BreadcrumbList","@id":"https:\/\/poblenouurbandistrict.com\/ca\/tots-els-tallers-xerrades-i-activitats-de-lleure-del-poblenou-open-day\/#breadcrumb","itemListElement":[{"@type":"ListItem","position":1,"name":"Home","item":"https:\/\/poblenouurbandistrict.com\/ca\/"},{"@type":"ListItem","position":2,"name":"Tots els tallers, xerrades i activitats de lleure del Poblenou Open Day"}]},{"@type":"WebSite","@id":"https:\/\/poblenouurbandistrict.com\/ca\/#website","url":"https:\/\/poblenouurbandistrict.com\/ca\/","name":"Poblenou Urban District","description":"Comunitat Creativa","potentialAction":[{"@type":"SearchAction","target":{"@type":"EntryPoint","urlTemplate":"https:\/\/poblenouurbandistrict.com\/ca\/?s={search_term_string}"},"query-input":{"@type":"PropertyValueSpecification","valueRequired":true,"valueName":"search_term_string"}}],"inLanguage":"ca"},{"@type":"Person","@id":"https:\/\/poblenouurbandistrict.com\/#\/schema\/person\/980a2cf34b399d5218205730acd54a7e","name":"pnud","image":{"@type":"ImageObject","inLanguage":"ca","@id":"https:\/\/secure.gravatar.com\/avatar\/67146597b405ee077a24e519f75c3e2031736596d6ce35af3a34c122c93d0d7b?s=96&d=retro&r=g","url":"https:\/\/secure.gravatar.com\/avatar\/67146597b405ee077a24e519f75c3e2031736596d6ce35af3a34c122c93d0d7b?s=96&d=retro&r=g","contentUrl":"https:\/\/secure.gravatar.com\/avatar\/67146597b405ee077a24e519f75c3e2031736596d6ce35af3a34c122c93d0d7b?s=96&d=retro&r=g","caption":"pnud"}}]}},"_links":{"self":[{"href":"https:\/\/poblenouurbandistrict.com\/ca\/wp-json\/wp\/v2\/posts\/29312","targetHints":{"allow":["GET"]}}],"collection":[{"href":"https:\/\/poblenouurbandistrict.com\/ca\/wp-json\/wp\/v2\/posts"}],"about":[{"href":"https:\/\/poblenouurbandistrict.com\/ca\/wp-json\/wp\/v2\/types\/post"}],"author":[{"embeddable":true,"href":"https:\/\/poblenouurbandistrict.com\/ca\/wp-json\/wp\/v2\/users\/5"}],"replies":[{"embeddable":true,"href":"https:\/\/poblenouurbandistrict.com\/ca\/wp-json\/wp\/v2\/comments?post=29312"}],"version-history":[{"count":9,"href":"https:\/\/poblenouurbandistrict.com\/ca\/wp-json\/wp\/v2\/posts\/29312\/revisions"}],"predecessor-version":[{"id":29760,"href":"https:\/\/poblenouurbandistrict.com\/ca\/wp-json\/wp\/v2\/posts\/29312\/revisions\/29760"}],"wp:featuredmedia":[{"embeddable":true,"href":"https:\/\/poblenouurbandistrict.com\/ca\/wp-json\/wp\/v2\/media\/29316"}],"wp:attachment":[{"href":"https:\/\/poblenouurbandistrict.com\/ca\/wp-json\/wp\/v2\/media?parent=29312"}],"wp:term":[{"taxonomy":"category","embeddable":true,"href":"https:\/\/poblenouurbandistrict.com\/ca\/wp-json\/wp\/v2\/categories?post=29312"},{"taxonomy":"post_tag","embeddable":true,"href":"https:\/\/poblenouurbandistrict.com\/ca\/wp-json\/wp\/v2\/tags?post=29312"}],"curies":[{"name":"wp","href":"https:\/\/api.w.org\/{rel}","templated":true}]}}