{"id":29359,"date":"2022-04-27T13:32:04","date_gmt":"2022-04-27T11:32:04","guid":{"rendered":"https:\/\/poblenouurbandistrict.com\/?p=29359"},"modified":"2022-05-05T18:52:25","modified_gmt":"2022-05-05T16:52:25","slug":"recorrer-el-circuit-dart-que-tofereix-el-poblenou-open-day","status":"publish","type":"post","link":"https:\/\/poblenouurbandistrict.com\/ca\/recorrer-el-circuit-dart-que-tofereix-el-poblenou-open-day\/","title":{"rendered":"Recorre el circuit d&#8217;Art que t&#8217;ofereix el Poblenou Open Day"},"content":{"rendered":"<p>En el <strong>Poblenou Open Day<\/strong> no poden faltar les activitats on l\u2019Art n\u2019\u00e9s protagonista, i en el <strong>Districte Creatiu<\/strong> hi ha un munt d\u2019espais dedicats aquesta branca cultural tan caracter\u00edstica a la nostra comunitat.<\/p>\n<p>Si ets de les persones que busquen activitats dedicades a l\u2019Art, aquest \u00e9s el teu article a tenir en compte perqu\u00e8 puguis fer el millor recorregut al Poblenou Open Day.<\/p>\n<p>Coincidint amb el <a href=\"https:\/\/poblenouurbandistrict.com\/es\/windows-art-circuit\/\"><span style=\"color: #000000;\"><strong>Windows Art Circuit \/ WAC,<\/strong><\/span><\/a> <strong>Pobenou Urban District<\/strong> organitza una programaci\u00f3 dedicada a l\u2019Art amb intervencions d&#8217;art mural d&#8217;artistes emergents i una exposici\u00f3 col\u00b7lectiva de diverses disciplines com a eix central.<\/p>\n<p>&nbsp;<\/p>\n<h1>El Solar<\/h1>\n<p>En \u201c<strong>El Solar<\/strong>\u201d, situat al <strong>c\/<span style=\"color: #000000;\"><a style=\"color: #000000;\" href=\"https:\/\/goo.gl\/maps\/Y7SvT66fUQcCNPKa6\" target=\"_blank\" rel=\"noopener\">pujades 64-66<\/a><\/span><\/strong>, hi haur\u00e0 intervencions murals de diferents artistes seleccionats a la convocat\u00f2ria del WAC, en murs d&#8217;experimentaci\u00f3 on es provaran noves t\u00e8cniques i materials. experimentant i provant noves t\u00e8cniques i materials. Tota aquesta proposta mural conviur\u00e0 amb sessions de Dj&#8217;s, teatre, tallers\u00a0stencil, realitat augmentada, gastronomia, venda d&#8217;art emergent, creant un esdeveniment interdisciplinari en un dels solars m\u00e9s emblem\u00e0tics del Poblenou.<\/p>\n<p><strong>De 12h a 20h<\/strong><\/p>\n<p>&nbsp;<\/p>\n<p>Amb la mateixa l\u00ednia, a \u201c<strong>La Fachada<\/strong>\u201d a <span style=\"color: #000000;\"><a style=\"color: #000000;\" href=\"https:\/\/goo.gl\/maps\/nDRv9AdnCb2DXrFi9\" target=\"_blank\" rel=\"noopener\"><strong>\u00c0vila amb Pujades<\/strong><\/a><\/span>, ser\u00e0 un altre espai on es podr\u00e0 gaudir en directe d&#8217;intervencions d&#8217;art mural de gran format realitzada per un grup de diferents artistes durant tota la jornada, activitat emmarcada al <span style=\"color: #333333;\"><a style=\"color: #333333;\" href=\"https:\/\/poblenouurbandistrict.com\/es\/windows-art-circuit\/\"><strong>Windows Art Circuit \/ WAC<\/strong><\/a> i p<\/span>rodu\u00efda per <strong>Poblenou Urban District<\/strong>.<\/p>\n<p><strong>De 12h a 20h<\/strong><\/p>\n<p>&nbsp;<\/p>\n<h1><span style=\"color: #333333;\"><a style=\"color: #333333;\" href=\"https:\/\/www.baued.es\/\" target=\"_blank\" rel=\"noopener\"><strong>BAU<\/strong><\/a><\/span><\/h1>\n<p>El nou espai de <span style=\"color: #333333;\"><strong>BAU<\/strong><\/span>, situat a <span style=\"color: #000000;\"><strong><a style=\"color: #000000;\" href=\"https:\/\/goo.gl\/maps\/1zdRWrdRcjbZ3Qon6\" target=\"_blank\" rel=\"noopener\">Ciutat de Granada 34<\/a><\/strong><\/span>, es convertir\u00e0 en un Hub cultural on hi conviuran diverses activitats. Per una banda, una exposici\u00f3 col\u00b7lectiva dels artistes que participen a l\u2019edici\u00f3 d\u2019enguany del <a href=\"https:\/\/poblenouurbandistrict.com\/es\/windows-art-circuit\/\"><span style=\"color: #000000;\"><strong>Windows Art Circuit \/ WAC,<\/strong><\/span><\/a> i tamb\u00e9 d\u2019edicions anteriors amb un punt de venda d\u2019art amb els seus \u00faltims treballs. Tamb\u00e9 hi ha programada una xerrada del dissenyador David Ruiz que presentar\u00e0 el seu llibre *Irse, amb la creativitat com a rerefons i una confer\u00e8ncia de Giles Pooley i Mike van der Noordt, socis fundadors de LuzidLab, presentat el projecte CANVAS DIGITAL; una plataforma de realitat augmentada que permet als artistes crear art digital de tota mena i escala i projectar-lo a qualsevol espai urb\u00e0.<\/p>\n<p>Exposici\u00f3 col\u00b7lectiva 12h a 20h<\/p>\n<p>12 h a 14h Xerrada David Ruiz<\/p>\n<p>17h a 18h Xerrada Giles Pooley<\/p>\n<p>&nbsp;<\/p>\n<h1><span style=\"color: #333333;\"><strong><a style=\"color: #333333;\" href=\"https:\/\/www.fundaciovilacasas.com\/ca\" target=\"_blank\" rel=\"noopener\">Museu Can Framis<\/a><\/strong><\/span><\/h1>\n<p>No sols ens ofereix aquest 7 de maig entrades redu\u00efdes, sin\u00f3 tamb\u00e9 duu a terme una activitat familiar anomenada \u201c<strong>Transportant l&#8217;Art<\/strong>\u201d.<br \/>\nUn objecte d\u2019\u00fas quotidi\u00e0 s\u2019amaga en algunes obres del museu. Per descobrir-lo, les fam\u00edlies hauran de deixar-se emportar pels colors, les formes i les textures de les obres i visitar llocs insospitats. Despr\u00e9s del recorregut guiat per l\u2019exposici\u00f3 permanent, adults i infants posaran en pr\u00e0ctica els seus descobriments tot creant la seva pr\u00f2pia obra.<\/p>\n<p>Horari: 11.30 h<\/p>\n<p>Edat m\u00ednima recomanada: 5 anys<\/p>\n<p>Preu: 8\u20ac per persona<\/p>\n<p><strong><span style=\"color: #333333;\"><a style=\"color: #333333;\" href=\"https:\/\/www.fundaciovilacasas.com\/ca\/a\/taller-familiar-transportem-lart\">Inscripcions<\/a><\/span><\/strong><\/p>\n<p>&nbsp;<\/p>\n<h1><span style=\"color: #333333;\"><strong><a style=\"color: #333333;\" href=\"https:\/\/www.paloalto.barcelona\/\" target=\"_blank\" rel=\"noopener\">Palo Alto<\/a><\/strong><\/span><\/h1>\n<p>Col\u00b7labora amb el poble d\u2019Ucra\u00efna, vine a veure les exposicions <strong>ONZE<\/strong>: 10 artistes, 10 subhastes, 1 causa i la col\u00b7lectiva <em>Artist Against War<\/em>, on hi haur\u00e0 un punt de\u00a0 venda d\u2019art. Visita <span style=\"color: #333333;\"><strong>Palo Alto<\/strong><\/span>, gaudeix de les exposicions i pren-te un vermut al seu jard\u00ed. El 100% del recapte anir\u00e0 destinat a Health Warriors i a la compra de material sanitari per Ucra\u00efna. Apunta\u2019t a les visites guiades. Acc\u00e9s lliure al recinte.<\/p>\n<p>Horari de 10h a 14h<\/p>\n<p>Adre\u00e7a: Pellaries 30-38<\/p>\n<p>&nbsp;<\/p>\n<h1><span style=\"color: #333333;\"><a style=\"color: #333333;\" href=\"https:\/\/www.instagram.com\/laplataformabcn\/\" target=\"_blank\" rel=\"noopener\"><strong>La Plataforma<\/strong><\/a><\/span><\/h1>\n<p>Obre les seves portes per a inaugurar \u201cConstrucciones Anal\u00f3gicas\u201d, una col\u00b7laboraci\u00f3 entre els artistes Ekaitz i Hern\u00e1ndez Deu. L&#8217;exposici\u00f3 \u00e9s una conversa que s&#8217;enc\u00e9n amb una bombeta pampellugant, \u00e9s condu\u00efda amb soltura a trav\u00e9s de peces emblem\u00e0tiques de tots dos artistes. Podr\u00e0s assistir i gaudir dels millors c\u00f2ctels i sessions de DJ en directe per part de DJ Naro i Ele Rea.<\/p>\n<p>Horari: 12h \u2013 22h<\/p>\n<p>Adre\u00e7a: Pujades, 99<\/p>\n<p>&nbsp;<\/p>\n<h1><span style=\"color: #333333;\"><strong><a style=\"color: #333333;\" href=\"https:\/\/www.instagram.com\/matiaskrahn_\/\" target=\"_blank\" rel=\"noopener\">Mat\u00edas Krahn<\/a><\/strong><\/span><\/h1>\n<p>L&#8217;artista xil\u00e8 ens obre les portes del seu estudi on podrem descobrir les seves obres coloristes que interpel\u00b7len al m\u00f3n que l&#8217;envolta, obres d&#8217;una circumst\u00e0ncia concreta i un entorn, per\u00f2 tamb\u00e9 d&#8217;all\u00f2 m\u00e9s \u00edntim i subjectiu. Interessat per l&#8217;equilibri entre l&#8217;exterior i l&#8217;interior, ordena l&#8217;espai i les figures que cont\u00e9. La seva obra, influ\u00efda pel surrealisme, \u00e9s el mirall de la psique i de l&#8217;inconscient que s&#8217;expressa en infinitat de formes i tonalitats.<\/p>\n<p>Horari: de 12 a 15h<\/p>\n<p>Adre\u00e7a: Llull 63, 1r 3a<\/p>\n<p>&nbsp;<\/p>\n<h1><span style=\"color: #333333;\"><a style=\"color: #333333;\" href=\"https:\/\/www.instagram.com\/mermi_studio\/\" target=\"_blank\" rel=\"noopener\"><strong>Mermi Studio<\/strong><\/a><\/span><\/h1>\n<p>Mermi Studio obre les portes i ens convida pel Poblenou Open Day a veure les darreres obres de Philippe Mermi, on explora el moviment i la interacci\u00f3 entre l&#8217;espai i el s\u00edmbol, i desenvolupa un llenguatge visual pur on el moviment i l&#8217;espai interfereixen.<\/p>\n<p>Horai: 12h a 20h<\/p>\n<p>Adre\u00e7a: Pere IV, 51<\/p>\n<p>&nbsp;<\/p>\n<h1><strong><span style=\"color: #333333;\"><a style=\"color: #333333;\" href=\"https:\/\/www.instagram.com\/rosapalo_bcn\/\" target=\"_blank\" rel=\"noopener\">Rosapalo Bcn<\/a><\/span> by In\u00e9s Valls Fortuny<\/strong><strong>\u00a0<\/strong><\/h1>\n<p>A l&#8217;espai Rosapalo Bcn, In\u00e9s Valls Fortuny ens convida a visitar l&#8217;exposici\u00f3 col\u00b7lectiva \u201cArt en femen\u00ed\u201d, on diverses artistes espanyoles s&#8217;uneixen per pintar un homenatge a les dones a trav\u00e9s de les pinzellades en llen\u00e7os de 1\u00d71 i amb el color lila com a fil conductor.<\/p>\n<p>Horai: 12 a 20h<\/p>\n<p>Adre\u00e7a: Pellaires, 3<\/p>\n<p>&nbsp;<\/p>\n<h1><span style=\"color: #333333;\"><a style=\"color: #333333;\" href=\"https:\/\/www.instagram.com\/chezxefo\/\" target=\"_blank\" rel=\"noopener\"><strong>Chez Xefo<\/strong><\/a><\/span><\/h1>\n<p>La galeria obre les portes amb l&#8217;exposici\u00f3 \u201cDe la Defragmentaci\u00f3 a la Unificaci\u00f3\u201d, de Magda \u0106wik. Prepara&#8217;t per abra\u00e7ar una perspectiva diferent de la realitat i recon\u00e8ixer la import\u00e0ncia de la fragmentaci\u00f3 de l&#8217;\u00e9sser. Tamb\u00e9 es far\u00e0 un recital po\u00e8tic\/musical pel duet Piu Piu i la Mallarenga Sense Niu i un concert a les 20:30 per <span data-sheets-value=\"{&quot;1&quot;:2,&quot;2&quot;:&quot;Chez Xefo obre les seves portes amb l'exposici\u00f3 \u201cDe la Defragmentaci\u00f3n a la Unificaci\u00f3\u201d, una s\u00e8rie d'obres de Magda \u0106wik. Prepara't per a abra\u00e7ar una perspectiva diferent de la realitat i recon\u00e8ixer la import\u00e0ncia de la fragmentaci\u00f3 del ser. Tamb\u00e9 es far\u00e0 un recital po\u00e8tic\/musical pel duet Piu Piu i la Mallarenga Sense Niu.&quot;}\" data-sheets-userformat=\"{&quot;2&quot;:963,&quot;3&quot;:{&quot;1&quot;:0},&quot;4&quot;:{&quot;1&quot;:2,&quot;2&quot;:16777215},&quot;9&quot;:1,&quot;10&quot;:1,&quot;11&quot;:4,&quot;12&quot;:0}\">Didgeridoo: Evan Worldwind &amp; Violonchelo: Cao Liu.<\/span><\/p>\n<p>Horari: 12h a 21h<\/p>\n<p>Adre\u00e7a: Badajoz 46<\/p>\n<p>&nbsp;<\/p>\n<h1><span style=\"color: #333333;\"><a style=\"color: #333333;\" href=\"https:\/\/www.instagram.com\/piramidoncentre\/\" target=\"_blank\" rel=\"noopener\"><strong>Piramid\u00f3n. Centre d&#8217;Art Contemporani<\/strong><\/a><\/span><\/h1>\n<div>Visita a l\u2019exposici\u00f3 \u201cCol\u00b7lectiva 2022_n2\u201d, amb la participaci\u00f3 dels artistes residents Pol Pint\u00f3, Stella Rahola, Marco Noris, Ana Mons\u00f3, Eduard Resbier, Rosanna Casano, Tono Carbajo, Ded\u00e9 Lins, Iv\u00e1n Franco, Pepe Castellanos, Estefan\u00eda Urrutia, Jose Bonell, Pere de Ribot, Yamand\u00fa Canosa i Kati Riquelme.<\/div>\n<div><\/div>\n<div>Paral\u00b7lelament es podr\u00e0 gaudir d\u2019un vermut a la terrassa del centre tot contemplant les vistes de la ciutat.<\/div>\n<div><\/div>\n<div>Horari: de 11h a 14h<\/div>\n<div><span data-sheets-value=\"{&quot;1&quot;:2,&quot;2&quot;:&quot;Concili de Trento 313, 16\u00e8&quot;}\" data-sheets-userformat=\"{&quot;2&quot;:14786,&quot;4&quot;:{&quot;1&quot;:2,&quot;2&quot;:15987699},&quot;9&quot;:0,&quot;10&quot;:1,&quot;11&quot;:3,&quot;14&quot;:{&quot;1&quot;:2,&quot;2&quot;:0},&quot;15&quot;:&quot;Calibri&quot;,&quot;16&quot;:11}\">Adre\u00e7a: Concili de Trento 313, 16\u00e8 pis<\/span><\/div>\n<div><\/div>\n<p>&nbsp;<\/p>\n<h1><span style=\"color: #333333;\"><a style=\"color: #333333;\" href=\"https:\/\/www.instagram.com\/garagepoblenou\/\" target=\"_blank\" rel=\"noopener\"><strong>Garage Beer Co Poblenou<\/strong><\/a><\/span><\/h1>\n<p>Aquest any, el Garage Beer Co Poblenou et convida a veure les obres de l&#8217;artista Erika Rossi, il\u00b7lustradora i dissenyadora italiana. Especialitzada en il\u00b7lustraci\u00f3 digital, Rossi tamb\u00e9 explora murals, t\u00e8xtils i el disseny de joguines, entre d&#8217;altres. L&#8217;activitat ser\u00e0 gratu\u00efta i lliure fins a completar l&#8217;aforament.<\/p>\n<p>Horari: 17h a 21h<\/p>\n<p>Adre\u00e7a: Passeig de Calvell, 45<\/p>\n<p>&nbsp;<\/p>\n<h1><span style=\"color: #333333;\"><a style=\"color: #333333;\" href=\"https:\/\/www.instagram.com\/carmina.wiegerinck\/\" target=\"_blank\" rel=\"noopener\"><strong>Carmina Wiegerinck<\/strong><strong>\u00a0<\/strong><\/a><\/span><\/h1>\n<p>Una oportunitat \u00fanica de con\u00e8ixer l&#8217;estudi d&#8217;una artista en directe. Carmina Wiegerinck, escultora brasilera-holandesa-catalana establerta a Barcelona fa m\u00e9s de trenta anys, obre les portes del taller per al Poblenou Open Day on podrem gaudir de les seves obres en format \u00fanic.<\/p>\n<p>Horari:\u00a0 de 12 h a 14 h i de 17 h a 21 h<\/p>\n<p>Adre\u00e7a: Ciutat de Granada 9<\/p>\n<p>&nbsp;<\/p>\n<h1><span style=\"color: #333333;\"><a style=\"color: #333333;\" href=\"https:\/\/www.instagram.com\/carlesdecorral\/\" target=\"_blank\" rel=\"noopener\"><strong>Rosa de Foc<\/strong><\/a><\/span><\/h1>\n<p>Per al Poblenou Open Day, Carles de Corral ens convida a visitar el seu espai art\u00edstic i taller, per a con\u00e8ixer el seu \u201cinstagram f\u00edsic\u201d i xerrar amb ell mentre gaudim d&#8217;una copa. El que era l&#8217;antiga botiga \u00e9s l&#8217;aparador, i la rebotiga, el taller, tots dos oberts al p\u00fablic i visitables.<\/p>\n<p>Horari: 11h a 19h<\/p>\n<p>Adre\u00e7a: Llacuna 5, baixos<\/p>\n<p>&nbsp;<\/p>\n<h1><span style=\"color: #333333;\"><a style=\"color: #333333;\" href=\"https:\/\/www.instagram.com\/valkiriahubspace\/\" target=\"_blank\" rel=\"noopener\"><strong>Valkiria Hub Space<\/strong><\/a><\/span><\/h1>\n<p>Valkiria i el seu restaurant Golden&amp;Smith tamb\u00e9 obren el seu espai aquest 7 de maig perqu\u00e8 puguis aprofitar l&#8217;\u00faltim dia de l&#8217;exposici\u00f3 Callum ANDREW Robertson, una exposici\u00f3 de color i disseny, influenciades per la cultura Neozelandesa (Aotearoa).<\/p>\n<p>Horari: de 10h a 18h<\/p>\n<p>Adre\u00e7a: Pujades 126<\/p>\n<p>&nbsp;<\/p>\n<h1><span style=\"color: #333333;\"><a style=\"color: #333333;\" href=\"https:\/\/www.instagram.com\/lbgallery_barcelona\/\" target=\"_blank\" rel=\"noopener\">L&amp;B Gallery<\/a><\/span><\/h1>\n<p>L&amp;B Gallery obre amb horari especial i ens convida a l&#8217;Aperitiu amb l&#8217;artista en el context de l&#8217;actual exposici\u00f3 col\u00b7lectiva Blanc i negre amb obres de Vanessa Pey, Antoni Lazo, Xavi Mu\u00f1oz, Sito M\u00fajica, Meta Is\u00e6us-Berlin, Joan Ill i Pietro Capogrosso.<\/p>\n<p>Horari: 11h &#8211; 14h i 17h &#8211; 20h<\/p>\n<p>Adre\u00e7a: Carrer d&#8217;\u00c0laba, 58<\/p>\n<p>&nbsp;<\/p>","protected":false},"excerpt":{"rendered":"<p>En el Poblenou Open Day no poden faltar les activitats on l\u2019Art n\u2019\u00e9s protagonista, i en el Districte Creatiu hi&#8230; <a href=\"https:\/\/poblenouurbandistrict.com\/ca\/recorrer-el-circuit-dart-que-tofereix-el-poblenou-open-day\/\">M\u00e9s  \u2192<\/a><\/p>\n","protected":false},"author":5,"featured_media":29361,"comment_status":"closed","ping_status":"closed","sticky":false,"template":"","format":"standard","meta":{"_acf_changed":false,"footnotes":""},"categories":[3567,3364,1,3342],"tags":[],"class_list":["post-29359","post","type-post","status-publish","format-standard","has-post-thumbnail","hentry","category-poblenou-open-day-2","category-poblenou-urban-district","category-noticias","category-art"],"acf":[],"yoast_head":"<!-- This site is optimized with the Yoast SEO plugin v27.5 - https:\/\/yoast.com\/product\/yoast-seo-wordpress\/ -->\n<title>Recorre el circuit d&#039;Art que t&#039;ofereix el Poblenou Open Day &#8211; Poblenou Urban District<\/title>\n<meta name=\"description\" content=\"Descubre las propuestas de arte pl\u00e1stico del Poblenou Open Day que tendr\u00e1 lugar el pr\u00f3ximo 7 de mayo de 2022 en el Distrito Creativo.\" \/>\n<meta name=\"robots\" content=\"index, follow, max-snippet:-1, max-image-preview:large, max-video-preview:-1\" \/>\n<link rel=\"canonical\" href=\"https:\/\/poblenouurbandistrict.com\/ca\/recorrer-el-circuit-dart-que-tofereix-el-poblenou-open-day\/\" \/>\n<meta property=\"og:locale\" content=\"ca_ES\" \/>\n<meta property=\"og:type\" content=\"article\" \/>\n<meta property=\"og:title\" content=\"Recorre el circuit d&#039;Art que t&#039;ofereix el Poblenou Open Day &#8211; Poblenou Urban District\" \/>\n<meta property=\"og:description\" content=\"Descubre las propuestas de arte pl\u00e1stico del Poblenou Open Day que tendr\u00e1 lugar el pr\u00f3ximo 7 de mayo de 2022 en el Distrito Creativo.\" \/>\n<meta property=\"og:url\" content=\"https:\/\/poblenouurbandistrict.com\/ca\/recorrer-el-circuit-dart-que-tofereix-el-poblenou-open-day\/\" \/>\n<meta property=\"og:site_name\" content=\"Poblenou Urban District\" \/>\n<meta property=\"article:published_time\" content=\"2022-04-27T11:32:04+00:00\" \/>\n<meta property=\"article:modified_time\" content=\"2022-05-05T16:52:25+00:00\" \/>\n<meta property=\"og:image\" content=\"https:\/\/poblenouurbandistrict.com\/wp-content\/uploads\/2022\/04\/openday18-samuelmas-04-1-3.jpg\" \/>\n\t<meta property=\"og:image:width\" content=\"1000\" \/>\n\t<meta property=\"og:image:height\" content=\"668\" \/>\n\t<meta property=\"og:image:type\" content=\"image\/jpeg\" \/>\n<meta name=\"author\" content=\"pnud\" \/>\n<meta name=\"twitter:card\" content=\"summary_large_image\" \/>\n<meta name=\"twitter:label1\" content=\"Escrit per\" \/>\n\t<meta name=\"twitter:data1\" content=\"pnud\" \/>\n\t<meta name=\"twitter:label2\" content=\"Temps estimat de lectura\" \/>\n\t<meta name=\"twitter:data2\" content=\"6 minuts\" \/>\n<script type=\"application\/ld+json\" class=\"yoast-schema-graph\">{\"@context\":\"https:\\\/\\\/schema.org\",\"@graph\":[{\"@type\":\"Article\",\"@id\":\"https:\\\/\\\/poblenouurbandistrict.com\\\/recorrer-el-circuit-dart-que-tofereix-el-poblenou-open-day\\\/#article\",\"isPartOf\":{\"@id\":\"https:\\\/\\\/poblenouurbandistrict.com\\\/recorrer-el-circuit-dart-que-tofereix-el-poblenou-open-day\\\/\"},\"author\":{\"name\":\"pnud\",\"@id\":\"https:\\\/\\\/poblenouurbandistrict.com\\\/#\\\/schema\\\/person\\\/980a2cf34b399d5218205730acd54a7e\"},\"headline\":\"Recorre el circuit d&#8217;Art que t&#8217;ofereix el Poblenou Open Day\",\"datePublished\":\"2022-04-27T11:32:04+00:00\",\"dateModified\":\"2022-05-05T16:52:25+00:00\",\"mainEntityOfPage\":{\"@id\":\"https:\\\/\\\/poblenouurbandistrict.com\\\/recorrer-el-circuit-dart-que-tofereix-el-poblenou-open-day\\\/\"},\"wordCount\":4044,\"image\":{\"@id\":\"https:\\\/\\\/poblenouurbandistrict.com\\\/recorrer-el-circuit-dart-que-tofereix-el-poblenou-open-day\\\/#primaryimage\"},\"thumbnailUrl\":\"https:\\\/\\\/media.poblenouurbandistrict.com\\\/2022\\\/04\\\/25050709\\\/openday18-samuelmas-04-1-3.jpg\",\"articleSection\":[\"Poblenou Open Day\",\"Poblenou Urban District\",\"Est\u00e0 passant\",\"Art\"],\"inLanguage\":\"ca\"},{\"@type\":\"WebPage\",\"@id\":\"https:\\\/\\\/poblenouurbandistrict.com\\\/ca\\\/recorrer-el-circuit-dart-que-tofereix-el-poblenou-open-day\\\/\",\"url\":\"https:\\\/\\\/poblenouurbandistrict.com\\\/ca\\\/recorrer-el-circuit-dart-que-tofereix-el-poblenou-open-day\\\/\",\"name\":\"Recorre el circuit d'Art que t'ofereix el Poblenou Open Day &#8211; Poblenou Urban District\",\"isPartOf\":{\"@id\":\"https:\\\/\\\/poblenouurbandistrict.com\\\/ca\\\/#website\"},\"primaryImageOfPage\":{\"@id\":\"https:\\\/\\\/poblenouurbandistrict.com\\\/ca\\\/recorrer-el-circuit-dart-que-tofereix-el-poblenou-open-day\\\/#primaryimage\"},\"image\":{\"@id\":\"https:\\\/\\\/poblenouurbandistrict.com\\\/recorrer-el-circuit-dart-que-tofereix-el-poblenou-open-day\\\/#primaryimage\"},\"thumbnailUrl\":\"https:\\\/\\\/media.poblenouurbandistrict.com\\\/2022\\\/04\\\/25050709\\\/openday18-samuelmas-04-1-3.jpg\",\"datePublished\":\"2022-04-27T11:32:04+00:00\",\"dateModified\":\"2022-05-05T16:52:25+00:00\",\"author\":{\"@id\":\"https:\\\/\\\/poblenouurbandistrict.com\\\/#\\\/schema\\\/person\\\/980a2cf34b399d5218205730acd54a7e\"},\"description\":\"Descubre las propuestas de arte pl\u00e1stico del Poblenou Open Day que tendr\u00e1 lugar el pr\u00f3ximo 7 de mayo de 2022 en el Distrito Creativo.\",\"breadcrumb\":{\"@id\":\"https:\\\/\\\/poblenouurbandistrict.com\\\/ca\\\/recorrer-el-circuit-dart-que-tofereix-el-poblenou-open-day\\\/#breadcrumb\"},\"inLanguage\":\"ca\",\"potentialAction\":[{\"@type\":\"ReadAction\",\"target\":[[\"https:\\\/\\\/poblenouurbandistrict.com\\\/ca\\\/recorrer-el-circuit-dart-que-tofereix-el-poblenou-open-day\\\/\"]]}]},{\"@type\":\"ImageObject\",\"inLanguage\":\"ca\",\"@id\":\"https:\\\/\\\/poblenouurbandistrict.com\\\/ca\\\/recorrer-el-circuit-dart-que-tofereix-el-poblenou-open-day\\\/#primaryimage\",\"url\":\"https:\\\/\\\/media.poblenouurbandistrict.com\\\/2022\\\/04\\\/25050709\\\/openday18-samuelmas-04-1-3.jpg\",\"contentUrl\":\"https:\\\/\\\/media.poblenouurbandistrict.com\\\/2022\\\/04\\\/25050709\\\/openday18-samuelmas-04-1-3.jpg\",\"width\":1000,\"height\":668},{\"@type\":\"BreadcrumbList\",\"@id\":\"https:\\\/\\\/poblenouurbandistrict.com\\\/ca\\\/recorrer-el-circuit-dart-que-tofereix-el-poblenou-open-day\\\/#breadcrumb\",\"itemListElement\":[{\"@type\":\"ListItem\",\"position\":1,\"name\":\"Home\",\"item\":\"https:\\\/\\\/poblenouurbandistrict.com\\\/ca\\\/\"},{\"@type\":\"ListItem\",\"position\":2,\"name\":\"Recorre el circuit d&#8217;Art que t&#8217;ofereix el Poblenou Open Day\"}]},{\"@type\":\"WebSite\",\"@id\":\"https:\\\/\\\/poblenouurbandistrict.com\\\/ca\\\/#website\",\"url\":\"https:\\\/\\\/poblenouurbandistrict.com\\\/ca\\\/\",\"name\":\"Poblenou Urban District\",\"description\":\"Comunitat Creativa\",\"potentialAction\":[{\"@type\":\"SearchAction\",\"target\":{\"@type\":\"EntryPoint\",\"urlTemplate\":\"https:\\\/\\\/poblenouurbandistrict.com\\\/ca\\\/?s={search_term_string}\"},\"query-input\":{\"@type\":\"PropertyValueSpecification\",\"valueRequired\":true,\"valueName\":\"search_term_string\"}}],\"inLanguage\":\"ca\"},{\"@type\":\"Person\",\"@id\":\"https:\\\/\\\/poblenouurbandistrict.com\\\/#\\\/schema\\\/person\\\/980a2cf34b399d5218205730acd54a7e\",\"name\":\"pnud\",\"image\":{\"@type\":\"ImageObject\",\"inLanguage\":\"ca\",\"@id\":\"https:\\\/\\\/secure.gravatar.com\\\/avatar\\\/67146597b405ee077a24e519f75c3e2031736596d6ce35af3a34c122c93d0d7b?s=96&d=retro&r=g\",\"url\":\"https:\\\/\\\/secure.gravatar.com\\\/avatar\\\/67146597b405ee077a24e519f75c3e2031736596d6ce35af3a34c122c93d0d7b?s=96&d=retro&r=g\",\"contentUrl\":\"https:\\\/\\\/secure.gravatar.com\\\/avatar\\\/67146597b405ee077a24e519f75c3e2031736596d6ce35af3a34c122c93d0d7b?s=96&d=retro&r=g\",\"caption\":\"pnud\"}}]}<\/script>\n<!-- \/ Yoast SEO plugin. -->","yoast_head_json":{"title":"Recorre el circuit d'Art que t'ofereix el Poblenou Open Day &#8211; Poblenou Urban District","description":"Descubre las propuestas de arte pl\u00e1stico del Poblenou Open Day que tendr\u00e1 lugar el pr\u00f3ximo 7 de mayo de 2022 en el Distrito Creativo.","robots":{"index":"index","follow":"follow","max-snippet":"max-snippet:-1","max-image-preview":"max-image-preview:large","max-video-preview":"max-video-preview:-1"},"canonical":"https:\/\/poblenouurbandistrict.com\/ca\/recorrer-el-circuit-dart-que-tofereix-el-poblenou-open-day\/","og_locale":"ca_ES","og_type":"article","og_title":"Recorre el circuit d'Art que t'ofereix el Poblenou Open Day &#8211; Poblenou Urban District","og_description":"Descubre las propuestas de arte pl\u00e1stico del Poblenou Open Day que tendr\u00e1 lugar el pr\u00f3ximo 7 de mayo de 2022 en el Distrito Creativo.","og_url":"https:\/\/poblenouurbandistrict.com\/ca\/recorrer-el-circuit-dart-que-tofereix-el-poblenou-open-day\/","og_site_name":"Poblenou Urban District","article_published_time":"2022-04-27T11:32:04+00:00","article_modified_time":"2022-05-05T16:52:25+00:00","og_image":[{"width":1000,"height":668,"url":"https:\/\/poblenouurbandistrict.com\/wp-content\/uploads\/2022\/04\/openday18-samuelmas-04-1-3.jpg","type":"image\/jpeg"}],"author":"pnud","twitter_card":"summary_large_image","twitter_misc":{"Escrit per":"pnud","Temps estimat de lectura":"6 minuts"},"schema":{"@context":"https:\/\/schema.org","@graph":[{"@type":"Article","@id":"https:\/\/poblenouurbandistrict.com\/recorrer-el-circuit-dart-que-tofereix-el-poblenou-open-day\/#article","isPartOf":{"@id":"https:\/\/poblenouurbandistrict.com\/recorrer-el-circuit-dart-que-tofereix-el-poblenou-open-day\/"},"author":{"name":"pnud","@id":"https:\/\/poblenouurbandistrict.com\/#\/schema\/person\/980a2cf34b399d5218205730acd54a7e"},"headline":"Recorre el circuit d&#8217;Art que t&#8217;ofereix el Poblenou Open Day","datePublished":"2022-04-27T11:32:04+00:00","dateModified":"2022-05-05T16:52:25+00:00","mainEntityOfPage":{"@id":"https:\/\/poblenouurbandistrict.com\/recorrer-el-circuit-dart-que-tofereix-el-poblenou-open-day\/"},"wordCount":4044,"image":{"@id":"https:\/\/poblenouurbandistrict.com\/recorrer-el-circuit-dart-que-tofereix-el-poblenou-open-day\/#primaryimage"},"thumbnailUrl":"https:\/\/media.poblenouurbandistrict.com\/2022\/04\/25050709\/openday18-samuelmas-04-1-3.jpg","articleSection":["Poblenou Open Day","Poblenou Urban District","Est\u00e0 passant","Art"],"inLanguage":"ca"},{"@type":"WebPage","@id":"https:\/\/poblenouurbandistrict.com\/ca\/recorrer-el-circuit-dart-que-tofereix-el-poblenou-open-day\/","url":"https:\/\/poblenouurbandistrict.com\/ca\/recorrer-el-circuit-dart-que-tofereix-el-poblenou-open-day\/","name":"Recorre el circuit d'Art que t'ofereix el Poblenou Open Day &#8211; Poblenou Urban District","isPartOf":{"@id":"https:\/\/poblenouurbandistrict.com\/ca\/#website"},"primaryImageOfPage":{"@id":"https:\/\/poblenouurbandistrict.com\/ca\/recorrer-el-circuit-dart-que-tofereix-el-poblenou-open-day\/#primaryimage"},"image":{"@id":"https:\/\/poblenouurbandistrict.com\/recorrer-el-circuit-dart-que-tofereix-el-poblenou-open-day\/#primaryimage"},"thumbnailUrl":"https:\/\/media.poblenouurbandistrict.com\/2022\/04\/25050709\/openday18-samuelmas-04-1-3.jpg","datePublished":"2022-04-27T11:32:04+00:00","dateModified":"2022-05-05T16:52:25+00:00","author":{"@id":"https:\/\/poblenouurbandistrict.com\/#\/schema\/person\/980a2cf34b399d5218205730acd54a7e"},"description":"Descubre las propuestas de arte pl\u00e1stico del Poblenou Open Day que tendr\u00e1 lugar el pr\u00f3ximo 7 de mayo de 2022 en el Distrito Creativo.","breadcrumb":{"@id":"https:\/\/poblenouurbandistrict.com\/ca\/recorrer-el-circuit-dart-que-tofereix-el-poblenou-open-day\/#breadcrumb"},"inLanguage":"ca","potentialAction":[{"@type":"ReadAction","target":[["https:\/\/poblenouurbandistrict.com\/ca\/recorrer-el-circuit-dart-que-tofereix-el-poblenou-open-day\/"]]}]},{"@type":"ImageObject","inLanguage":"ca","@id":"https:\/\/poblenouurbandistrict.com\/ca\/recorrer-el-circuit-dart-que-tofereix-el-poblenou-open-day\/#primaryimage","url":"https:\/\/media.poblenouurbandistrict.com\/2022\/04\/25050709\/openday18-samuelmas-04-1-3.jpg","contentUrl":"https:\/\/media.poblenouurbandistrict.com\/2022\/04\/25050709\/openday18-samuelmas-04-1-3.jpg","width":1000,"height":668},{"@type":"BreadcrumbList","@id":"https:\/\/poblenouurbandistrict.com\/ca\/recorrer-el-circuit-dart-que-tofereix-el-poblenou-open-day\/#breadcrumb","itemListElement":[{"@type":"ListItem","position":1,"name":"Home","item":"https:\/\/poblenouurbandistrict.com\/ca\/"},{"@type":"ListItem","position":2,"name":"Recorre el circuit d&#8217;Art que t&#8217;ofereix el Poblenou Open Day"}]},{"@type":"WebSite","@id":"https:\/\/poblenouurbandistrict.com\/ca\/#website","url":"https:\/\/poblenouurbandistrict.com\/ca\/","name":"Poblenou Urban District","description":"Comunitat Creativa","potentialAction":[{"@type":"SearchAction","target":{"@type":"EntryPoint","urlTemplate":"https:\/\/poblenouurbandistrict.com\/ca\/?s={search_term_string}"},"query-input":{"@type":"PropertyValueSpecification","valueRequired":true,"valueName":"search_term_string"}}],"inLanguage":"ca"},{"@type":"Person","@id":"https:\/\/poblenouurbandistrict.com\/#\/schema\/person\/980a2cf34b399d5218205730acd54a7e","name":"pnud","image":{"@type":"ImageObject","inLanguage":"ca","@id":"https:\/\/secure.gravatar.com\/avatar\/67146597b405ee077a24e519f75c3e2031736596d6ce35af3a34c122c93d0d7b?s=96&d=retro&r=g","url":"https:\/\/secure.gravatar.com\/avatar\/67146597b405ee077a24e519f75c3e2031736596d6ce35af3a34c122c93d0d7b?s=96&d=retro&r=g","contentUrl":"https:\/\/secure.gravatar.com\/avatar\/67146597b405ee077a24e519f75c3e2031736596d6ce35af3a34c122c93d0d7b?s=96&d=retro&r=g","caption":"pnud"}}]}},"_links":{"self":[{"href":"https:\/\/poblenouurbandistrict.com\/ca\/wp-json\/wp\/v2\/posts\/29359","targetHints":{"allow":["GET"]}}],"collection":[{"href":"https:\/\/poblenouurbandistrict.com\/ca\/wp-json\/wp\/v2\/posts"}],"about":[{"href":"https:\/\/poblenouurbandistrict.com\/ca\/wp-json\/wp\/v2\/types\/post"}],"author":[{"embeddable":true,"href":"https:\/\/poblenouurbandistrict.com\/ca\/wp-json\/wp\/v2\/users\/5"}],"replies":[{"embeddable":true,"href":"https:\/\/poblenouurbandistrict.com\/ca\/wp-json\/wp\/v2\/comments?post=29359"}],"version-history":[{"count":17,"href":"https:\/\/poblenouurbandistrict.com\/ca\/wp-json\/wp\/v2\/posts\/29359\/revisions"}],"predecessor-version":[{"id":29908,"href":"https:\/\/poblenouurbandistrict.com\/ca\/wp-json\/wp\/v2\/posts\/29359\/revisions\/29908"}],"wp:featuredmedia":[{"embeddable":true,"href":"https:\/\/poblenouurbandistrict.com\/ca\/wp-json\/wp\/v2\/media\/29361"}],"wp:attachment":[{"href":"https:\/\/poblenouurbandistrict.com\/ca\/wp-json\/wp\/v2\/media?parent=29359"}],"wp:term":[{"taxonomy":"category","embeddable":true,"href":"https:\/\/poblenouurbandistrict.com\/ca\/wp-json\/wp\/v2\/categories?post=29359"},{"taxonomy":"post_tag","embeddable":true,"href":"https:\/\/poblenouurbandistrict.com\/ca\/wp-json\/wp\/v2\/tags?post=29359"}],"curies":[{"name":"wp","href":"https:\/\/api.w.org\/{rel}","templated":true}]}}