{"id":29599,"date":"2022-05-03T10:02:00","date_gmt":"2022-05-03T08:02:00","guid":{"rendered":"https:\/\/poblenouurbandistrict.com\/?p=29599"},"modified":"2022-05-03T10:44:51","modified_gmt":"2022-05-03T08:44:51","slug":"totes-les-propostes-de-disseny-i-arquitectura-del-poblenou-open-day","status":"publish","type":"post","link":"https:\/\/poblenouurbandistrict.com\/ca\/totes-les-propostes-de-disseny-i-arquitectura-del-poblenou-open-day\/","title":{"rendered":"Totes les propostes de disseny i arquitectura del Poblenou Open Day"},"content":{"rendered":"<p>Els espais dedicats i especialitzats en Disseny i Arquitectura aquest proper 7 de maig tenen sorpreses i activitats programades.\u00a0 Ens obriran les portes per presentar els seus darrers projectes, les actuals exposions\u00a0 i instal\u00b7lacions m\u00e9s innovadores durant la desena edici\u00f3 del <span style=\"font-weight: 400; color: #333333;\"><strong><a style=\"color: #333333;\" href=\"https:\/\/poblenouurbandistrict.com\/es\/open-day\/\" target=\"_blank\" rel=\"noopener\">Poblenou Open Day<\/a><\/strong><\/span>.\u00a0 A continuaci\u00f3 us presentem les seves propostes.<\/p>\n<p>&nbsp;<\/p>\n<h1>ProtoPixel<\/h1>\n<p><span style=\"color: #000000;\"><a style=\"color: #000000;\" href=\"https:\/\/www.protopixel.io\/\" target=\"_blank\" rel=\"noopener\"><strong>ProtoPixel<\/strong><\/a><\/span> participar\u00e0 amb la il\u00b7luminaci\u00f3 de l&#8217;espai del nou hotel <span style=\"color: #000000;\"><strong><a style=\"color: #000000;\" href=\"https:\/\/thehoxton.com\/es\/poblenou\/\" target=\"_blank\" rel=\"noopener\">The Hoxton Poblenou<\/a><\/strong><\/span> amb la pe\u00e7a lum\u00ednica <strong>MONOLIGHT.<\/strong><\/p>\n<p>El Monolight \u00e9s una estructura lum\u00ednica de 1m x 2,80m formada per 300 p\u00edxels i m\u00e9s de 5.000 leds capa\u00e7 de recrear imatges i continguts. Amb un gran dinamisme i una \u00e0mplia paleta de colors, el Monolight permet a l&#8217;usuari gaudir d&#8217;una experi\u00e8ncia lum\u00ednica \u00fanica.<\/p>\n<p>Horari: 12h &#8211; 20h<\/p>\n<p>Adre\u00e7a: The Hoxton Poblenou, Avinguda Diagonal, 205<\/p>\n<p>&nbsp;<\/p>\n<h1>IAAC<\/h1>\n<p>A l&#8217;<span style=\"font-weight: 400; color: #333333;\"><strong><a style=\"color: #333333;\" href=\"https:\/\/iaac.net\/educational-programmes\/masters-programmes\/mddi-master-in-distributed-design-innovation\/?gclid=Cj0KCQjwma6TBhDIARIsAOKuANzy_ps-gkL6l1cJVJZtLzx-3O5Vc-9OD9NZkDfshI8F8fsxCYUgq6waAqQXEALw_wcB\" target=\"_blank\" rel=\"noopener\">IAAC<\/a><\/strong><\/span> des de les 12h fins a les 20h es podr\u00e0 visitar la instal\u00b7laci\u00f3 &#8220;<em><strong>Aigua Invisible<\/strong><\/em>&#8221; creada pels estudiants del segon any del Master in Advanced Architecture per al <span style=\"font-weight: 400; color: #333333;\"><strong><a style=\"color: #333333;\" href=\"https:\/\/iaac.net\/llum-bcn-festival\/\" target=\"_blank\" rel=\"noopener\">Festival Llum<\/a><\/strong><\/span> d&#8217;aquest any.<\/p>\n<p>L\u00b4aigua \u00e9s l\u00b4ess\u00e8ncia de la vida. Forma part de la cadena de producci\u00f3 de la majoria dels objectes quotidians, des dels b\u00e9ns de consum fins a l&#8217;energia que consumim. Tot i aix\u00f2, el que \u00e9s m\u00e9s important, \u00e9s que juga un paper crucial en el proc\u00e9s de producci\u00f3 dels aliments que mengem. L&#8217;aigua deixa marques al voltant nostre, algunes de les quals s\u00f3n dif\u00edcils de veure. Deixa que la llum et mostri all\u00f2 que s&#8217;amaga darrere de la cortina. Vine i mira qu\u00e8 \u00e9s invisible. Gaudeix de l&#8217;espectacle i apr\u00e8n m\u00e9s sobre la \u201cpetjada h\u00eddrica\u201d.<\/p>\n<p>En interactuar amb la instal\u00b7laci\u00f3 Aigua Invisible (Aigua Invisible), els visitants obtindran coneixement sobre les empremtes h\u00eddriques dels productes alimentaris m\u00e9s comuns que es consumeixen cada dia a Europa. Per veure clarament la idea darrere de la noci\u00f3 de &#8220;petjada h\u00eddrica&#8221;, la pell de l&#8217;estructura est\u00e0 composta per una multitud d&#8217;ampolles de pl\u00e0stic. El nombre d&#8217;ampolles que s&#8217;il\u00b7luminen amb cada producte exposat correspon proporcionalment a la petjada h\u00eddrica real en &#8220;litres invisibles&#8221;.<\/p>\n<p>La visita \u00e9s lliure i la instal\u00b7laci\u00f3 ser\u00e0 ubicada a l&#8217;interior del vostre espai.<\/p>\n<p>Horari: 12h &#8211; 20h<\/p>\n<p>Adre\u00e7a: Pujades 102<\/p>\n<p>&nbsp;<\/p>\n<h1>Fab Lab Barcelona<\/h1>\n<p>A <span style=\"font-weight: 400; color: #333333;\"><strong><a style=\"color: #333333;\" href=\"https:\/\/fablabbcn.org\/\" target=\"_blank\" rel=\"noopener\">Fab Lab Barcelona<\/a><\/strong><\/span> el p\u00fablic podr\u00e0 descobrir l&#8217;exposici\u00f3 \u201cCap a un barri productiu al Poblenou\u201d, la qual inclour\u00e0 objectes, p\u00f2sters, materials f\u00edsics i audiovisuals desenvolupats per Fab Lab en projectes connectats amb el concepte de ciutat productiva i en el context de les Fab Cities.<\/p>\n<p>Una ciutat o un barri productiu desenvolupa els sistemes d&#8217;alimentaci\u00f3, energia i materials per construir un entorn urb\u00e0 inclusiu, divers, autosuficient i sostenible. A Fab Lab Barcelona treballen en programes educatius i projectes de recerca per dur a terme idees innovadores i prototips cap a una ciutat i un barri del Poblenou m\u00e9s productius.<\/p>\n<p>Horari: 12h &#8211; 21h<\/p>\n<p>Adre\u00e7a: Pujades 102<\/p>\n<p>&nbsp;<\/p>\n<h1>Medio Design<\/h1>\n<p><span style=\"font-weight: 400; color: #333333;\"><strong><a style=\"color: #333333;\" href=\"https:\/\/www.mediodesign.com\/\" target=\"_blank\" rel=\"noopener\">Medio Design<\/a><\/strong><\/span> obre les portes al p\u00fablic per celebrar una nova jornada de portes obertes amb dues activitats principals.<\/p>\n<p>D&#8217;una banda, hi haur\u00e0 una exposici\u00f3 de projectes en proc\u00e9s. Es tracta de tres exposicions de projectes en desenvolupament on es mostrar\u00e0 detalladament com \u00e9s el proc\u00e9s creatiu d&#8217;un estudi d&#8217;arquitectura i disseny que utilitza tecnologia avan\u00e7ada amb sensibilitat artesanal.<\/p>\n<p>Els projectes s\u00f3n: una instal\u00b7laci\u00f3 lluminosa per a un espai comercial; un expositor personalitzat i un projecte de escultures topogr\u00e0fiques.<\/p>\n<p>Horari: 12h &#8211; 19h<\/p>\n<p>Adre\u00e7a: Pallars, 85-91, 5-2<\/p>\n<p><span style=\"color: #333333;\"><strong><a style=\"color: #333333;\" href=\"https:\/\/www.eventbrite.com\/e\/entradas-puertas-abiertas-medio-design-poblenou-open-day-22-318710179727?aff=odeimcmailchimp&amp;mc_eid=aac89ad487&amp;mc_cid=34b771d643\" target=\"_blank\" rel=\"noopener\">Reserva<\/a><\/strong><\/span><\/p>\n<p>&nbsp;<\/p>\n<h1>L&#8217;Idem<\/h1>\n<p>Per al Poblenou Open Day, es far\u00e0 una jornada de Portes Obertes a <span style=\"font-weight: 400; color: #333333;\"><strong><a style=\"color: #333333;\" href=\"https:\/\/www.lidembarcelona.com\/?utm_source=google&amp;utm_medium=cpc&amp;utm_campaign=es_marca&amp;utm_term=es&amp;gclid=Cj0KCQjwma6TBhDIARIsAOKuANwUdyWKiETrncPzwlwYM2lVEtAfU9hpRXkYVJOlk2NnL3wkwQjO9MYaAiI2EALw_wcB\" target=\"_blank\" rel=\"noopener\">L\u2019Idem<\/a><\/strong><\/span> en la qual tothom podr\u00e0 visitar l\u00b4escola i gaudir d\u00b4un visionari de tots els curts d\u00b4animaci\u00f3 que els seus alumnes han realitzat durant aquests darrers 10 anys.<\/p>\n<p>Horari: 10h &#8211; 19h<\/p>\n<p>Adre\u00e7a: Carrer de la Ciutat de Granada, 53, 57<\/p>\n<p><span style=\"color: #333333;\"><strong><a style=\"color: #333333;\" href=\"https:\/\/www.eventbrite.es\/e\/entradas-lidem-barcelona-jornada-de-puertas-abiertas-7-de-mayo-323251482887\" target=\"_blank\" rel=\"noopener\">Entrades<\/a><\/strong><\/span><\/p>\n<p>&nbsp;<\/p>\n<h1>BD Barcelona Design<\/h1>\n<p>El <span style=\"font-weight: 400; color: #333333;\"><strong><a style=\"color: #333333;\" href=\"https:\/\/www.bdbarcelona.com\/\" target=\"_blank\" rel=\"noopener\">BD Barcelona Design<\/a><\/strong><\/span> celebra amb nosaltres en aquest Poblenou Open Day el seu 50\u00e8 aniversari, i presenta a la seva jornada de portes obertes les novetats de la col\u00b7lecci\u00f3 del 2022: cadires, sof\u00e0s, objectes, taules i molt m\u00e9s que reflecteix la intersecci\u00f3 entre l&#8217;art i el disseny.<\/p>\n<p>Horari: 10h \u2013 14h i 14h30 \u2013 19h<\/p>\n<p>Adre\u00e7a: Ramon Turr\u00f3, 126<\/p>\n<p>&nbsp;<\/p>\n<p>&nbsp;<\/p>","protected":false},"excerpt":{"rendered":"<p>Els espais dedicats i especialitzats en Disseny i Arquitectura aquest proper 7 de maig tenen sorpreses i activitats programades.\u00a0 Ens&#8230; <a href=\"https:\/\/poblenouurbandistrict.com\/ca\/totes-les-propostes-de-disseny-i-arquitectura-del-poblenou-open-day\/\">M\u00e9s  \u2192<\/a><\/p>\n","protected":false},"author":5,"featured_media":29659,"comment_status":"closed","ping_status":"closed","sticky":false,"template":"","format":"standard","meta":{"_acf_changed":false,"footnotes":""},"categories":[3567,1],"tags":[],"class_list":["post-29599","post","type-post","status-publish","format-standard","has-post-thumbnail","hentry","category-poblenou-open-day-2","category-noticias"],"acf":[],"yoast_head":"<!-- This site is optimized with the Yoast SEO plugin v27.5 - https:\/\/yoast.com\/product\/yoast-seo-wordpress\/ -->\n<title>Totes les propostes de disseny i arquitectura del Poblenou Open Day<\/title>\n<meta name=\"description\" content=\"Proyectos de dise\u00f1o y arquitectura tambi\u00e9n ser\u00e1n parte de la programaci\u00f3n del Poblenou Open Day el pr\u00f3ximo 7 de mayo.\" \/>\n<meta name=\"robots\" content=\"index, follow, max-snippet:-1, max-image-preview:large, max-video-preview:-1\" \/>\n<link rel=\"canonical\" href=\"https:\/\/poblenouurbandistrict.com\/ca\/totes-les-propostes-de-disseny-i-arquitectura-del-poblenou-open-day\/\" \/>\n<meta property=\"og:locale\" content=\"ca_ES\" \/>\n<meta property=\"og:type\" content=\"article\" \/>\n<meta property=\"og:title\" content=\"Totes les propostes de disseny i arquitectura del Poblenou Open Day\" \/>\n<meta property=\"og:description\" content=\"Proyectos de dise\u00f1o y arquitectura tambi\u00e9n ser\u00e1n parte de la programaci\u00f3n del Poblenou Open Day el pr\u00f3ximo 7 de mayo.\" \/>\n<meta property=\"og:url\" content=\"https:\/\/poblenouurbandistrict.com\/ca\/totes-les-propostes-de-disseny-i-arquitectura-del-poblenou-open-day\/\" \/>\n<meta property=\"og:site_name\" content=\"Poblenou Urban District\" \/>\n<meta property=\"article:published_time\" content=\"2022-05-03T08:02:00+00:00\" \/>\n<meta property=\"article:modified_time\" content=\"2022-05-03T08:44:51+00:00\" \/>\n<meta property=\"og:image\" content=\"https:\/\/poblenouurbandistrict.com\/wp-content\/uploads\/2022\/05\/279522412-813099189650888-8029153394779672269-n.jpg\" \/>\n\t<meta property=\"og:image:width\" content=\"1080\" \/>\n\t<meta property=\"og:image:height\" content=\"718\" \/>\n\t<meta property=\"og:image:type\" content=\"image\/jpeg\" \/>\n<meta name=\"author\" content=\"pnud\" \/>\n<meta name=\"twitter:card\" content=\"summary_large_image\" \/>\n<meta name=\"twitter:label1\" content=\"Escrit per\" \/>\n\t<meta name=\"twitter:data1\" content=\"pnud\" \/>\n\t<meta name=\"twitter:label2\" content=\"Temps estimat de lectura\" \/>\n\t<meta name=\"twitter:data2\" content=\"3 minuts\" \/>\n<script type=\"application\/ld+json\" class=\"yoast-schema-graph\">{\"@context\":\"https:\\\/\\\/schema.org\",\"@graph\":[{\"@type\":\"Article\",\"@id\":\"https:\\\/\\\/poblenouurbandistrict.com\\\/totes-les-propostes-de-disseny-i-arquitectura-del-poblenou-open-day\\\/#article\",\"isPartOf\":{\"@id\":\"https:\\\/\\\/poblenouurbandistrict.com\\\/totes-les-propostes-de-disseny-i-arquitectura-del-poblenou-open-day\\\/\"},\"author\":{\"name\":\"pnud\",\"@id\":\"https:\\\/\\\/poblenouurbandistrict.com\\\/#\\\/schema\\\/person\\\/980a2cf34b399d5218205730acd54a7e\"},\"headline\":\"Totes les propostes de disseny i arquitectura del Poblenou Open Day\",\"datePublished\":\"2022-05-03T08:02:00+00:00\",\"dateModified\":\"2022-05-03T08:44:51+00:00\",\"mainEntityOfPage\":{\"@id\":\"https:\\\/\\\/poblenouurbandistrict.com\\\/totes-les-propostes-de-disseny-i-arquitectura-del-poblenou-open-day\\\/\"},\"wordCount\":2175,\"image\":{\"@id\":\"https:\\\/\\\/poblenouurbandistrict.com\\\/totes-les-propostes-de-disseny-i-arquitectura-del-poblenou-open-day\\\/#primaryimage\"},\"thumbnailUrl\":\"https:\\\/\\\/media.poblenouurbandistrict.com\\\/2022\\\/05\\\/25050924\\\/279522412-813099189650888-8029153394779672269-n.jpg\",\"articleSection\":[\"Poblenou Open Day\",\"Est\u00e0 passant\"],\"inLanguage\":\"ca\"},{\"@type\":\"WebPage\",\"@id\":\"https:\\\/\\\/poblenouurbandistrict.com\\\/ca\\\/totes-les-propostes-de-disseny-i-arquitectura-del-poblenou-open-day\\\/\",\"url\":\"https:\\\/\\\/poblenouurbandistrict.com\\\/ca\\\/totes-les-propostes-de-disseny-i-arquitectura-del-poblenou-open-day\\\/\",\"name\":\"Totes les propostes de disseny i arquitectura del Poblenou Open Day\",\"isPartOf\":{\"@id\":\"https:\\\/\\\/poblenouurbandistrict.com\\\/ca\\\/#website\"},\"primaryImageOfPage\":{\"@id\":\"https:\\\/\\\/poblenouurbandistrict.com\\\/ca\\\/totes-les-propostes-de-disseny-i-arquitectura-del-poblenou-open-day\\\/#primaryimage\"},\"image\":{\"@id\":\"https:\\\/\\\/poblenouurbandistrict.com\\\/totes-les-propostes-de-disseny-i-arquitectura-del-poblenou-open-day\\\/#primaryimage\"},\"thumbnailUrl\":\"https:\\\/\\\/media.poblenouurbandistrict.com\\\/2022\\\/05\\\/25050924\\\/279522412-813099189650888-8029153394779672269-n.jpg\",\"datePublished\":\"2022-05-03T08:02:00+00:00\",\"dateModified\":\"2022-05-03T08:44:51+00:00\",\"author\":{\"@id\":\"https:\\\/\\\/poblenouurbandistrict.com\\\/#\\\/schema\\\/person\\\/980a2cf34b399d5218205730acd54a7e\"},\"description\":\"Proyectos de dise\u00f1o y arquitectura tambi\u00e9n ser\u00e1n parte de la programaci\u00f3n del Poblenou Open Day el pr\u00f3ximo 7 de mayo.\",\"breadcrumb\":{\"@id\":\"https:\\\/\\\/poblenouurbandistrict.com\\\/ca\\\/totes-les-propostes-de-disseny-i-arquitectura-del-poblenou-open-day\\\/#breadcrumb\"},\"inLanguage\":\"ca\",\"potentialAction\":[{\"@type\":\"ReadAction\",\"target\":[[\"https:\\\/\\\/poblenouurbandistrict.com\\\/ca\\\/totes-les-propostes-de-disseny-i-arquitectura-del-poblenou-open-day\\\/\"]]}]},{\"@type\":\"ImageObject\",\"inLanguage\":\"ca\",\"@id\":\"https:\\\/\\\/poblenouurbandistrict.com\\\/ca\\\/totes-les-propostes-de-disseny-i-arquitectura-del-poblenou-open-day\\\/#primaryimage\",\"url\":\"https:\\\/\\\/media.poblenouurbandistrict.com\\\/2022\\\/05\\\/25050924\\\/279522412-813099189650888-8029153394779672269-n.jpg\",\"contentUrl\":\"https:\\\/\\\/media.poblenouurbandistrict.com\\\/2022\\\/05\\\/25050924\\\/279522412-813099189650888-8029153394779672269-n.jpg\",\"width\":1080,\"height\":718},{\"@type\":\"BreadcrumbList\",\"@id\":\"https:\\\/\\\/poblenouurbandistrict.com\\\/ca\\\/totes-les-propostes-de-disseny-i-arquitectura-del-poblenou-open-day\\\/#breadcrumb\",\"itemListElement\":[{\"@type\":\"ListItem\",\"position\":1,\"name\":\"Home\",\"item\":\"https:\\\/\\\/poblenouurbandistrict.com\\\/ca\\\/\"},{\"@type\":\"ListItem\",\"position\":2,\"name\":\"Totes les propostes de disseny i arquitectura del Poblenou Open Day\"}]},{\"@type\":\"WebSite\",\"@id\":\"https:\\\/\\\/poblenouurbandistrict.com\\\/ca\\\/#website\",\"url\":\"https:\\\/\\\/poblenouurbandistrict.com\\\/ca\\\/\",\"name\":\"Poblenou Urban District\",\"description\":\"Comunitat Creativa\",\"potentialAction\":[{\"@type\":\"SearchAction\",\"target\":{\"@type\":\"EntryPoint\",\"urlTemplate\":\"https:\\\/\\\/poblenouurbandistrict.com\\\/ca\\\/?s={search_term_string}\"},\"query-input\":{\"@type\":\"PropertyValueSpecification\",\"valueRequired\":true,\"valueName\":\"search_term_string\"}}],\"inLanguage\":\"ca\"},{\"@type\":\"Person\",\"@id\":\"https:\\\/\\\/poblenouurbandistrict.com\\\/#\\\/schema\\\/person\\\/980a2cf34b399d5218205730acd54a7e\",\"name\":\"pnud\",\"image\":{\"@type\":\"ImageObject\",\"inLanguage\":\"ca\",\"@id\":\"https:\\\/\\\/secure.gravatar.com\\\/avatar\\\/67146597b405ee077a24e519f75c3e2031736596d6ce35af3a34c122c93d0d7b?s=96&d=retro&r=g\",\"url\":\"https:\\\/\\\/secure.gravatar.com\\\/avatar\\\/67146597b405ee077a24e519f75c3e2031736596d6ce35af3a34c122c93d0d7b?s=96&d=retro&r=g\",\"contentUrl\":\"https:\\\/\\\/secure.gravatar.com\\\/avatar\\\/67146597b405ee077a24e519f75c3e2031736596d6ce35af3a34c122c93d0d7b?s=96&d=retro&r=g\",\"caption\":\"pnud\"}}]}<\/script>\n<!-- \/ Yoast SEO plugin. -->","yoast_head_json":{"title":"Totes les propostes de disseny i arquitectura del Poblenou Open Day","description":"Proyectos de dise\u00f1o y arquitectura tambi\u00e9n ser\u00e1n parte de la programaci\u00f3n del Poblenou Open Day el pr\u00f3ximo 7 de mayo.","robots":{"index":"index","follow":"follow","max-snippet":"max-snippet:-1","max-image-preview":"max-image-preview:large","max-video-preview":"max-video-preview:-1"},"canonical":"https:\/\/poblenouurbandistrict.com\/ca\/totes-les-propostes-de-disseny-i-arquitectura-del-poblenou-open-day\/","og_locale":"ca_ES","og_type":"article","og_title":"Totes les propostes de disseny i arquitectura del Poblenou Open Day","og_description":"Proyectos de dise\u00f1o y arquitectura tambi\u00e9n ser\u00e1n parte de la programaci\u00f3n del Poblenou Open Day el pr\u00f3ximo 7 de mayo.","og_url":"https:\/\/poblenouurbandistrict.com\/ca\/totes-les-propostes-de-disseny-i-arquitectura-del-poblenou-open-day\/","og_site_name":"Poblenou Urban District","article_published_time":"2022-05-03T08:02:00+00:00","article_modified_time":"2022-05-03T08:44:51+00:00","og_image":[{"width":1080,"height":718,"url":"https:\/\/poblenouurbandistrict.com\/wp-content\/uploads\/2022\/05\/279522412-813099189650888-8029153394779672269-n.jpg","type":"image\/jpeg"}],"author":"pnud","twitter_card":"summary_large_image","twitter_misc":{"Escrit per":"pnud","Temps estimat de lectura":"3 minuts"},"schema":{"@context":"https:\/\/schema.org","@graph":[{"@type":"Article","@id":"https:\/\/poblenouurbandistrict.com\/totes-les-propostes-de-disseny-i-arquitectura-del-poblenou-open-day\/#article","isPartOf":{"@id":"https:\/\/poblenouurbandistrict.com\/totes-les-propostes-de-disseny-i-arquitectura-del-poblenou-open-day\/"},"author":{"name":"pnud","@id":"https:\/\/poblenouurbandistrict.com\/#\/schema\/person\/980a2cf34b399d5218205730acd54a7e"},"headline":"Totes les propostes de disseny i arquitectura del Poblenou Open Day","datePublished":"2022-05-03T08:02:00+00:00","dateModified":"2022-05-03T08:44:51+00:00","mainEntityOfPage":{"@id":"https:\/\/poblenouurbandistrict.com\/totes-les-propostes-de-disseny-i-arquitectura-del-poblenou-open-day\/"},"wordCount":2175,"image":{"@id":"https:\/\/poblenouurbandistrict.com\/totes-les-propostes-de-disseny-i-arquitectura-del-poblenou-open-day\/#primaryimage"},"thumbnailUrl":"https:\/\/media.poblenouurbandistrict.com\/2022\/05\/25050924\/279522412-813099189650888-8029153394779672269-n.jpg","articleSection":["Poblenou Open Day","Est\u00e0 passant"],"inLanguage":"ca"},{"@type":"WebPage","@id":"https:\/\/poblenouurbandistrict.com\/ca\/totes-les-propostes-de-disseny-i-arquitectura-del-poblenou-open-day\/","url":"https:\/\/poblenouurbandistrict.com\/ca\/totes-les-propostes-de-disseny-i-arquitectura-del-poblenou-open-day\/","name":"Totes les propostes de disseny i arquitectura del Poblenou Open Day","isPartOf":{"@id":"https:\/\/poblenouurbandistrict.com\/ca\/#website"},"primaryImageOfPage":{"@id":"https:\/\/poblenouurbandistrict.com\/ca\/totes-les-propostes-de-disseny-i-arquitectura-del-poblenou-open-day\/#primaryimage"},"image":{"@id":"https:\/\/poblenouurbandistrict.com\/totes-les-propostes-de-disseny-i-arquitectura-del-poblenou-open-day\/#primaryimage"},"thumbnailUrl":"https:\/\/media.poblenouurbandistrict.com\/2022\/05\/25050924\/279522412-813099189650888-8029153394779672269-n.jpg","datePublished":"2022-05-03T08:02:00+00:00","dateModified":"2022-05-03T08:44:51+00:00","author":{"@id":"https:\/\/poblenouurbandistrict.com\/#\/schema\/person\/980a2cf34b399d5218205730acd54a7e"},"description":"Proyectos de dise\u00f1o y arquitectura tambi\u00e9n ser\u00e1n parte de la programaci\u00f3n del Poblenou Open Day el pr\u00f3ximo 7 de mayo.","breadcrumb":{"@id":"https:\/\/poblenouurbandistrict.com\/ca\/totes-les-propostes-de-disseny-i-arquitectura-del-poblenou-open-day\/#breadcrumb"},"inLanguage":"ca","potentialAction":[{"@type":"ReadAction","target":[["https:\/\/poblenouurbandistrict.com\/ca\/totes-les-propostes-de-disseny-i-arquitectura-del-poblenou-open-day\/"]]}]},{"@type":"ImageObject","inLanguage":"ca","@id":"https:\/\/poblenouurbandistrict.com\/ca\/totes-les-propostes-de-disseny-i-arquitectura-del-poblenou-open-day\/#primaryimage","url":"https:\/\/media.poblenouurbandistrict.com\/2022\/05\/25050924\/279522412-813099189650888-8029153394779672269-n.jpg","contentUrl":"https:\/\/media.poblenouurbandistrict.com\/2022\/05\/25050924\/279522412-813099189650888-8029153394779672269-n.jpg","width":1080,"height":718},{"@type":"BreadcrumbList","@id":"https:\/\/poblenouurbandistrict.com\/ca\/totes-les-propostes-de-disseny-i-arquitectura-del-poblenou-open-day\/#breadcrumb","itemListElement":[{"@type":"ListItem","position":1,"name":"Home","item":"https:\/\/poblenouurbandistrict.com\/ca\/"},{"@type":"ListItem","position":2,"name":"Totes les propostes de disseny i arquitectura del Poblenou Open Day"}]},{"@type":"WebSite","@id":"https:\/\/poblenouurbandistrict.com\/ca\/#website","url":"https:\/\/poblenouurbandistrict.com\/ca\/","name":"Poblenou Urban District","description":"Comunitat Creativa","potentialAction":[{"@type":"SearchAction","target":{"@type":"EntryPoint","urlTemplate":"https:\/\/poblenouurbandistrict.com\/ca\/?s={search_term_string}"},"query-input":{"@type":"PropertyValueSpecification","valueRequired":true,"valueName":"search_term_string"}}],"inLanguage":"ca"},{"@type":"Person","@id":"https:\/\/poblenouurbandistrict.com\/#\/schema\/person\/980a2cf34b399d5218205730acd54a7e","name":"pnud","image":{"@type":"ImageObject","inLanguage":"ca","@id":"https:\/\/secure.gravatar.com\/avatar\/67146597b405ee077a24e519f75c3e2031736596d6ce35af3a34c122c93d0d7b?s=96&d=retro&r=g","url":"https:\/\/secure.gravatar.com\/avatar\/67146597b405ee077a24e519f75c3e2031736596d6ce35af3a34c122c93d0d7b?s=96&d=retro&r=g","contentUrl":"https:\/\/secure.gravatar.com\/avatar\/67146597b405ee077a24e519f75c3e2031736596d6ce35af3a34c122c93d0d7b?s=96&d=retro&r=g","caption":"pnud"}}]}},"_links":{"self":[{"href":"https:\/\/poblenouurbandistrict.com\/ca\/wp-json\/wp\/v2\/posts\/29599","targetHints":{"allow":["GET"]}}],"collection":[{"href":"https:\/\/poblenouurbandistrict.com\/ca\/wp-json\/wp\/v2\/posts"}],"about":[{"href":"https:\/\/poblenouurbandistrict.com\/ca\/wp-json\/wp\/v2\/types\/post"}],"author":[{"embeddable":true,"href":"https:\/\/poblenouurbandistrict.com\/ca\/wp-json\/wp\/v2\/users\/5"}],"replies":[{"embeddable":true,"href":"https:\/\/poblenouurbandistrict.com\/ca\/wp-json\/wp\/v2\/comments?post=29599"}],"version-history":[{"count":6,"href":"https:\/\/poblenouurbandistrict.com\/ca\/wp-json\/wp\/v2\/posts\/29599\/revisions"}],"predecessor-version":[{"id":29660,"href":"https:\/\/poblenouurbandistrict.com\/ca\/wp-json\/wp\/v2\/posts\/29599\/revisions\/29660"}],"wp:featuredmedia":[{"embeddable":true,"href":"https:\/\/poblenouurbandistrict.com\/ca\/wp-json\/wp\/v2\/media\/29659"}],"wp:attachment":[{"href":"https:\/\/poblenouurbandistrict.com\/ca\/wp-json\/wp\/v2\/media?parent=29599"}],"wp:term":[{"taxonomy":"category","embeddable":true,"href":"https:\/\/poblenouurbandistrict.com\/ca\/wp-json\/wp\/v2\/categories?post=29599"},{"taxonomy":"post_tag","embeddable":true,"href":"https:\/\/poblenouurbandistrict.com\/ca\/wp-json\/wp\/v2\/tags?post=29599"}],"curies":[{"name":"wp","href":"https:\/\/api.w.org\/{rel}","templated":true}]}}