{"id":30081,"date":"2022-05-12T11:35:38","date_gmt":"2022-05-12T09:35:38","guid":{"rendered":"https:\/\/poblenouurbandistrict.com\/?p=30081"},"modified":"2022-05-18T11:51:28","modified_gmt":"2022-05-18T09:51:28","slug":"torna-el-cicle-de-conferencies-urban-talks-2","status":"publish","type":"post","link":"https:\/\/poblenouurbandistrict.com\/ca\/torna-el-cicle-de-conferencies-urban-talks-2\/","title":{"rendered":"Torna el cicle de confer\u00e8ncies Urban Talks"},"content":{"rendered":"<p><\/p>\n<h3 style=\"text-align: center;\">Les primeres <span style=\"color: #000000;\"><a style=\"color: #000000;\" href=\"https:\/\/poblenouurbandistrict.com\/es\/urban-talks-4\/\" target=\"_blank\" rel=\"noopener\">Urban Talks<\/a> <\/span>del 2022 se celebraran el <strong>18 de maig<\/strong><\/h3>\n<p>Tornen les Urban Talks de <strong>Poblenou Urban District<\/strong>. Un cicle de confer\u00e8ncies amb l\u2019objectiu d\u2019obrir un debat amb la ciutadania sobre cultura i creativitat en relaci\u00f3 amb l\u2019entorn urb\u00e0.<\/p>\n<p>Les Urban Talks s\u00f3n una oportunitat \u00fanica per dialogar sobre l&#8217;art, el patrimoni, l&#8217;economia, la tecnologia o la sostenibilitat amb professionals que han destacat per la seva activitat en aquests camps i que ens permeten veure amb optimisme el futur de les ciutats.<\/p>\n<p>Enguany celebrem la<strong>\u00a0quarta edici\u00f3<\/strong> de les Urban Talks, un cicle organitzat per <span style=\"color: #000000;\"><a style=\"color: #000000;\" href=\"https:\/\/poblenouurbandistrict.com\/es\/\"><strong>Poblenou Urban District<\/strong><\/a><\/span>, <span style=\"color: #000000;\"><a style=\"color: #000000;\" href=\"https:\/\/fablabbcn.org\/\"><strong>Fab Lab Barcelona<\/strong><\/a><\/span> a <span style=\"color: #000000;\"><a style=\"color: #000000;\" href=\"https:\/\/iaac.net\/\"><strong>IAAC<\/strong><\/a><\/span>, <span style=\"color: #000000;\"><a style=\"color: #000000;\" href=\"https:\/\/www.instagram.com\/laplataformabcn\"><strong>La Plataforma<\/strong><\/a><\/span> i <span style=\"color: #000000;\"><a style=\"color: #000000;\" href=\"http:\/\/litwstudio.com\/projects\/\" target=\"_blank\" rel=\"noopener\"><strong>Life In The Woods<\/strong><\/a><\/span>. A m\u00e9s, torna a comptar amb el suport del projecte europeu <strong>H2020 CENTRINNO<\/strong> i amb l&#8217;Institut d&#8217;arquitectura avanzada de Catalunya, <span style=\"color: #000000;\"><a style=\"color: #000000;\" href=\"https:\/\/iaac.net\/\"><strong>IAAC<\/strong><\/a><\/span> com a <em>venue partner<\/em>.<\/p>\n<p>Amb el t\u00edtol\u00a0 les &#8220;<strong>Claus per a la transformaci\u00f3 urbana<\/strong>&#8221; es plantegen tres talks que busquen cartografiar els elements clau per a la transici\u00f3 necess\u00e0ria de les urbs, estenent l\u00ednies entre les escales, la interrelaci\u00f3 entre actors publicoprivats i la representaci\u00f3 visual de les ciutats, amb exemples provinents de m\u00faltiples pa\u00efsos europeus, i amb el testimoniatge dels protagonistes d&#8217;aquestes transformacions.<\/p>\n<p>Aquestes primeres <strong>Urban Talks del 2022<\/strong> se celebraran el <strong>18 de maig<\/strong> i s\u00f3n d&#8217;<strong>acc\u00e9s lliure<\/strong> i gratu\u00eft fins a completar aforament. Tamb\u00e9 s&#8217;ofereix la possibilitat d&#8217;assistir via Streaming.<\/p>\n<p>&nbsp;<\/p>\n<p><b>TALK #1 \/ Horari 16:10h<\/b><\/p>\n<p><b>From the Hub to the City: Una escala par a la transformaci\u00f3 urbana<\/b><\/p>\n<p>Aquesta primera xerrada explorar\u00e0 com i perqu\u00e8 el concepte de Fab City Hub a nivell local t\u00e9 el potencial de transformar i impactar de llarg a llarg del territori, de la m\u00e0 d&#8217;alguns dels protagonistes del programa, mitjan\u00e7ant tres exemples de projectes en tres entorns urbans diferents: Zagreb (Croacia), Copenhaguen (Dinamarca) i Mil\u00e0 (It\u00e0lia).<\/p>\n<p><b>Participants #TALK 1:<\/b><\/p>\n<p><span style=\"font-weight: 400;\">Carlotta Fontana (Moderadora)\u27f6 <\/span><span style=\"font-weight: 400;\">Cecile Bang &#8211; Urban Strategist &amp; Senior Project Manager at the Danish Design Center (Copenhague)<\/span><span style=\"font-weight: 400;\"> \u27f6 <\/span><span style=\"font-weight: 400;\">Zoe Romano &#8211; Craftivist &amp; Digital Strategist and Liat Rogel &#8211; Impact Housing Foundation Director (Mil\u00e1n)<\/span><span style=\"font-weight: 400;\"> \u27f6 Bojan Baletic (Zagreb)<\/span><\/p>\n<p>&nbsp;<\/p>\n<p>&nbsp;<\/p>\n<p><b>TALK #2 \/ Horari 17:15h<\/b><\/p>\n<p><b>All\u00f2 p\u00fablic i all\u00f2 privat: Els actors de la transformaci\u00f3 urbana<\/b><\/p>\n<p>Si a la primera xerrada de les Urban Talks es proposa la q\u00fcesti\u00f3 de l&#8217;escala, i de com les iniciatives situades i contextualitzades \u201cdes de baix\u201d estan contribuint a la transformaci\u00f3, a la segona taula s&#8217;explorar\u00e0 com els actors clau del sector p\u00fablic i el privat, contribueixen i es coordinen a aquest proc\u00e9s de transformaci\u00f3 urbana.<\/p>\n<p><b>Participantes #TALK 2:<\/b><\/p>\n<p><span style=\"font-weight: 400;\">Carlotta Fontana (Moderadora)\u27f6 Matthias Solenthaler (Ressources Urbanes) \u27f6 Francesco Cingolani (Volumes Paris) \u27f6 <\/span><span style=\"font-weight: 400;\">Alessandra Schmidt (Fab Lab Barcelona)<\/span><span style=\"font-weight: 400;\">\u00a0<\/span><\/p>\n<p>&nbsp;<\/p>\n<p>&nbsp;<\/p>\n<p><b>TALK #3 \/ Horari 18:20h<\/b><\/p>\n<p><b>505KM: El disseny de la transformaci\u00f3 urbana (Barcelona\u2013Madrid)<\/b><\/p>\n<p>Com ha de comunicar una ciutat del segle XXI? Quin \u00e9s el paper que han de desenvolupar les administracions p\u00fabliques a les expressions simb\u00f2liques de la identitat urbana? Com ha de ser el marc regulador per a una cura madura creativa oberta i transparent?<\/p>\n<p><b>Participante TALK #3:<\/b><\/p>\n<p><span style=\"font-weight: 400;\">\u27f6 Nacho Padilla (Director Creativo \u2013 Ajuntament de Barcelona)<\/span><\/p>\n<p>&nbsp;<\/p>\n<p><strong>INFORMACI\u00d3 ADDICIONAL<\/strong><\/p>\n<p><strong>Dia:<\/strong> 18 de maig de 2022<br \/>\n<strong>Horari<\/strong>: 16:00h-19:00h<br \/>\n<strong>Lloc<\/strong>: IAAC i a <a href=\"https:\/\/www.instagram.com\/poblenouud\/\"><span style=\"font-weight: 400;\">I<span style=\"color: #000000;\">nstagram<\/span><\/span><\/a><span style=\"color: #000000;\"><span style=\"font-weight: 400;\"> \/ <\/span><a style=\"color: #000000;\" href=\"https:\/\/www.youtube.com\/channel\/UCyVb54OCWKmehErJQbsO7Gw\"><span style=\"font-weight: 400;\">Youtube<\/span><\/a><span style=\"font-weight: 400;\"> \/ <\/span><a style=\"color: #000000;\" href=\"https:\/\/poblenouurbandistrict.com\/es\/urban-talks\/\"><span style=\"font-weight: 400;\">Web PUD<\/span><\/a><\/span><br \/>\n<strong>Transport<\/strong>: Metro: L\u00ednia 4 Llacuna \/ Autob\u00fas: 6, B20, B25<br \/>\n<strong>Adre\u00e7a<\/strong>: Carrer de Pujades, 102, 08005 Barcelona<br \/>\n<strong>Entrada<\/strong>: Gratu\u00efta<br \/>\n<strong>Idiomes:<\/strong> Angl\u00e8s (amb traducci\u00f3 simult\u00e0nia) i Castell\u00e0<\/p>\n<p>&nbsp;<\/p>","protected":false},"excerpt":{"rendered":"<p>Les primeres Urban Talks del 2022 se celebraran el 18 de maig Tornen les Urban Talks de Poblenou Urban District&#8230;. <a href=\"https:\/\/poblenouurbandistrict.com\/ca\/torna-el-cicle-de-conferencies-urban-talks-2\/\">M\u00e9s  \u2192<\/a><\/p>\n","protected":false},"author":5,"featured_media":30147,"comment_status":"closed","ping_status":"closed","sticky":false,"template":"","format":"standard","meta":{"_acf_changed":false,"footnotes":""},"categories":[3429,3364],"tags":[],"class_list":["post-30081","post","type-post","status-publish","format-standard","has-post-thumbnail","hentry","category-urban-talks","category-poblenou-urban-district"],"acf":[],"yoast_head":"<!-- This site is optimized with the Yoast SEO plugin v27.4 - https:\/\/yoast.com\/product\/yoast-seo-wordpress\/ -->\n<title>Torna el cicle de confer\u00e8ncies Urban Talks &#8211; Poblenou Urban District<\/title>\n<meta name=\"robots\" content=\"index, follow, max-snippet:-1, max-image-preview:large, max-video-preview:-1\" \/>\n<link rel=\"canonical\" href=\"https:\/\/poblenouurbandistrict.com\/ca\/torna-el-cicle-de-conferencies-urban-talks-2\/\" \/>\n<meta property=\"og:locale\" content=\"ca_ES\" \/>\n<meta property=\"og:type\" content=\"article\" \/>\n<meta property=\"og:title\" content=\"Torna el cicle de confer\u00e8ncies Urban Talks &#8211; Poblenou Urban District\" \/>\n<meta property=\"og:description\" content=\"Les primeres Urban Talks del 2022 se celebraran el 18 de maig Tornen les Urban Talks de Poblenou Urban District.... M\u00e9s \u2192\" \/>\n<meta property=\"og:url\" content=\"https:\/\/poblenouurbandistrict.com\/ca\/torna-el-cicle-de-conferencies-urban-talks-2\/\" \/>\n<meta property=\"og:site_name\" content=\"Poblenou Urban District\" \/>\n<meta property=\"article:published_time\" content=\"2022-05-12T09:35:38+00:00\" \/>\n<meta property=\"article:modified_time\" content=\"2022-05-18T09:51:28+00:00\" \/>\n<meta property=\"og:image\" content=\"https:\/\/poblenouurbandistrict.com\/wp-content\/uploads\/2022\/05\/urbantalks-web-cas.jpg\" \/>\n\t<meta property=\"og:image:width\" content=\"690\" \/>\n\t<meta property=\"og:image:height\" content=\"430\" \/>\n\t<meta property=\"og:image:type\" content=\"image\/jpeg\" \/>\n<meta name=\"author\" content=\"pnud\" \/>\n<meta name=\"twitter:card\" content=\"summary_large_image\" \/>\n<meta name=\"twitter:label1\" content=\"Escrit per\" \/>\n\t<meta name=\"twitter:data1\" content=\"pnud\" \/>\n\t<meta name=\"twitter:label2\" content=\"Temps estimat de lectura\" \/>\n\t<meta name=\"twitter:data2\" content=\"3 minuts\" \/>\n<script type=\"application\/ld+json\" class=\"yoast-schema-graph\">{\"@context\":\"https:\\\/\\\/schema.org\",\"@graph\":[{\"@type\":\"Article\",\"@id\":\"https:\\\/\\\/poblenouurbandistrict.com\\\/torna-el-cicle-de-conferencies-urban-talks-2\\\/#article\",\"isPartOf\":{\"@id\":\"https:\\\/\\\/poblenouurbandistrict.com\\\/torna-el-cicle-de-conferencies-urban-talks-2\\\/\"},\"author\":{\"name\":\"pnud\",\"@id\":\"https:\\\/\\\/poblenouurbandistrict.com\\\/#\\\/schema\\\/person\\\/980a2cf34b399d5218205730acd54a7e\"},\"headline\":\"Torna el cicle de confer\u00e8ncies Urban Talks\",\"datePublished\":\"2022-05-12T09:35:38+00:00\",\"dateModified\":\"2022-05-18T09:51:28+00:00\",\"mainEntityOfPage\":{\"@id\":\"https:\\\/\\\/poblenouurbandistrict.com\\\/torna-el-cicle-de-conferencies-urban-talks-2\\\/\"},\"wordCount\":1657,\"image\":{\"@id\":\"https:\\\/\\\/poblenouurbandistrict.com\\\/torna-el-cicle-de-conferencies-urban-talks-2\\\/#primaryimage\"},\"thumbnailUrl\":\"https:\\\/\\\/media.poblenouurbandistrict.com\\\/2022\\\/05\\\/25051523\\\/urbantalks-web-cas.jpg\",\"articleSection\":[\"Urban Talks\",\"Poblenou Urban District\"],\"inLanguage\":\"ca\"},{\"@type\":\"WebPage\",\"@id\":\"https:\\\/\\\/poblenouurbandistrict.com\\\/ca\\\/torna-el-cicle-de-conferencies-urban-talks-2\\\/\",\"url\":\"https:\\\/\\\/poblenouurbandistrict.com\\\/ca\\\/torna-el-cicle-de-conferencies-urban-talks-2\\\/\",\"name\":\"Torna el cicle de confer\u00e8ncies Urban Talks &#8211; Poblenou Urban District\",\"isPartOf\":{\"@id\":\"https:\\\/\\\/poblenouurbandistrict.com\\\/ca\\\/#website\"},\"primaryImageOfPage\":{\"@id\":\"https:\\\/\\\/poblenouurbandistrict.com\\\/ca\\\/torna-el-cicle-de-conferencies-urban-talks-2\\\/#primaryimage\"},\"image\":{\"@id\":\"https:\\\/\\\/poblenouurbandistrict.com\\\/torna-el-cicle-de-conferencies-urban-talks-2\\\/#primaryimage\"},\"thumbnailUrl\":\"https:\\\/\\\/media.poblenouurbandistrict.com\\\/2022\\\/05\\\/25051523\\\/urbantalks-web-cas.jpg\",\"datePublished\":\"2022-05-12T09:35:38+00:00\",\"dateModified\":\"2022-05-18T09:51:28+00:00\",\"author\":{\"@id\":\"https:\\\/\\\/poblenouurbandistrict.com\\\/#\\\/schema\\\/person\\\/980a2cf34b399d5218205730acd54a7e\"},\"breadcrumb\":{\"@id\":\"https:\\\/\\\/poblenouurbandistrict.com\\\/ca\\\/torna-el-cicle-de-conferencies-urban-talks-2\\\/#breadcrumb\"},\"inLanguage\":\"ca\",\"potentialAction\":[{\"@type\":\"ReadAction\",\"target\":[[\"https:\\\/\\\/poblenouurbandistrict.com\\\/ca\\\/torna-el-cicle-de-conferencies-urban-talks-2\\\/\"]]}]},{\"@type\":\"ImageObject\",\"inLanguage\":\"ca\",\"@id\":\"https:\\\/\\\/poblenouurbandistrict.com\\\/ca\\\/torna-el-cicle-de-conferencies-urban-talks-2\\\/#primaryimage\",\"url\":\"https:\\\/\\\/media.poblenouurbandistrict.com\\\/2022\\\/05\\\/25051523\\\/urbantalks-web-cas.jpg\",\"contentUrl\":\"https:\\\/\\\/media.poblenouurbandistrict.com\\\/2022\\\/05\\\/25051523\\\/urbantalks-web-cas.jpg\",\"width\":690,\"height\":430},{\"@type\":\"BreadcrumbList\",\"@id\":\"https:\\\/\\\/poblenouurbandistrict.com\\\/ca\\\/torna-el-cicle-de-conferencies-urban-talks-2\\\/#breadcrumb\",\"itemListElement\":[{\"@type\":\"ListItem\",\"position\":1,\"name\":\"Home\",\"item\":\"https:\\\/\\\/poblenouurbandistrict.com\\\/ca\\\/\"},{\"@type\":\"ListItem\",\"position\":2,\"name\":\"Torna el cicle de confer\u00e8ncies Urban Talks\"}]},{\"@type\":\"WebSite\",\"@id\":\"https:\\\/\\\/poblenouurbandistrict.com\\\/ca\\\/#website\",\"url\":\"https:\\\/\\\/poblenouurbandistrict.com\\\/ca\\\/\",\"name\":\"Poblenou Urban District\",\"description\":\"Comunitat Creativa\",\"potentialAction\":[{\"@type\":\"SearchAction\",\"target\":{\"@type\":\"EntryPoint\",\"urlTemplate\":\"https:\\\/\\\/poblenouurbandistrict.com\\\/ca\\\/?s={search_term_string}\"},\"query-input\":{\"@type\":\"PropertyValueSpecification\",\"valueRequired\":true,\"valueName\":\"search_term_string\"}}],\"inLanguage\":\"ca\"},{\"@type\":\"Person\",\"@id\":\"https:\\\/\\\/poblenouurbandistrict.com\\\/#\\\/schema\\\/person\\\/980a2cf34b399d5218205730acd54a7e\",\"name\":\"pnud\",\"image\":{\"@type\":\"ImageObject\",\"inLanguage\":\"ca\",\"@id\":\"https:\\\/\\\/secure.gravatar.com\\\/avatar\\\/67146597b405ee077a24e519f75c3e2031736596d6ce35af3a34c122c93d0d7b?s=96&d=retro&r=g\",\"url\":\"https:\\\/\\\/secure.gravatar.com\\\/avatar\\\/67146597b405ee077a24e519f75c3e2031736596d6ce35af3a34c122c93d0d7b?s=96&d=retro&r=g\",\"contentUrl\":\"https:\\\/\\\/secure.gravatar.com\\\/avatar\\\/67146597b405ee077a24e519f75c3e2031736596d6ce35af3a34c122c93d0d7b?s=96&d=retro&r=g\",\"caption\":\"pnud\"}}]}<\/script>\n<!-- \/ Yoast SEO plugin. -->","yoast_head_json":{"title":"Torna el cicle de confer\u00e8ncies Urban Talks &#8211; Poblenou Urban District","robots":{"index":"index","follow":"follow","max-snippet":"max-snippet:-1","max-image-preview":"max-image-preview:large","max-video-preview":"max-video-preview:-1"},"canonical":"https:\/\/poblenouurbandistrict.com\/ca\/torna-el-cicle-de-conferencies-urban-talks-2\/","og_locale":"ca_ES","og_type":"article","og_title":"Torna el cicle de confer\u00e8ncies Urban Talks &#8211; Poblenou Urban District","og_description":"Les primeres Urban Talks del 2022 se celebraran el 18 de maig Tornen les Urban Talks de Poblenou Urban District.... M\u00e9s \u2192","og_url":"https:\/\/poblenouurbandistrict.com\/ca\/torna-el-cicle-de-conferencies-urban-talks-2\/","og_site_name":"Poblenou Urban District","article_published_time":"2022-05-12T09:35:38+00:00","article_modified_time":"2022-05-18T09:51:28+00:00","og_image":[{"width":690,"height":430,"url":"https:\/\/poblenouurbandistrict.com\/wp-content\/uploads\/2022\/05\/urbantalks-web-cas.jpg","type":"image\/jpeg"}],"author":"pnud","twitter_card":"summary_large_image","twitter_misc":{"Escrit per":"pnud","Temps estimat de lectura":"3 minuts"},"schema":{"@context":"https:\/\/schema.org","@graph":[{"@type":"Article","@id":"https:\/\/poblenouurbandistrict.com\/torna-el-cicle-de-conferencies-urban-talks-2\/#article","isPartOf":{"@id":"https:\/\/poblenouurbandistrict.com\/torna-el-cicle-de-conferencies-urban-talks-2\/"},"author":{"name":"pnud","@id":"https:\/\/poblenouurbandistrict.com\/#\/schema\/person\/980a2cf34b399d5218205730acd54a7e"},"headline":"Torna el cicle de confer\u00e8ncies Urban Talks","datePublished":"2022-05-12T09:35:38+00:00","dateModified":"2022-05-18T09:51:28+00:00","mainEntityOfPage":{"@id":"https:\/\/poblenouurbandistrict.com\/torna-el-cicle-de-conferencies-urban-talks-2\/"},"wordCount":1657,"image":{"@id":"https:\/\/poblenouurbandistrict.com\/torna-el-cicle-de-conferencies-urban-talks-2\/#primaryimage"},"thumbnailUrl":"https:\/\/media.poblenouurbandistrict.com\/2022\/05\/25051523\/urbantalks-web-cas.jpg","articleSection":["Urban Talks","Poblenou Urban District"],"inLanguage":"ca"},{"@type":"WebPage","@id":"https:\/\/poblenouurbandistrict.com\/ca\/torna-el-cicle-de-conferencies-urban-talks-2\/","url":"https:\/\/poblenouurbandistrict.com\/ca\/torna-el-cicle-de-conferencies-urban-talks-2\/","name":"Torna el cicle de confer\u00e8ncies Urban Talks &#8211; Poblenou Urban District","isPartOf":{"@id":"https:\/\/poblenouurbandistrict.com\/ca\/#website"},"primaryImageOfPage":{"@id":"https:\/\/poblenouurbandistrict.com\/ca\/torna-el-cicle-de-conferencies-urban-talks-2\/#primaryimage"},"image":{"@id":"https:\/\/poblenouurbandistrict.com\/torna-el-cicle-de-conferencies-urban-talks-2\/#primaryimage"},"thumbnailUrl":"https:\/\/media.poblenouurbandistrict.com\/2022\/05\/25051523\/urbantalks-web-cas.jpg","datePublished":"2022-05-12T09:35:38+00:00","dateModified":"2022-05-18T09:51:28+00:00","author":{"@id":"https:\/\/poblenouurbandistrict.com\/#\/schema\/person\/980a2cf34b399d5218205730acd54a7e"},"breadcrumb":{"@id":"https:\/\/poblenouurbandistrict.com\/ca\/torna-el-cicle-de-conferencies-urban-talks-2\/#breadcrumb"},"inLanguage":"ca","potentialAction":[{"@type":"ReadAction","target":[["https:\/\/poblenouurbandistrict.com\/ca\/torna-el-cicle-de-conferencies-urban-talks-2\/"]]}]},{"@type":"ImageObject","inLanguage":"ca","@id":"https:\/\/poblenouurbandistrict.com\/ca\/torna-el-cicle-de-conferencies-urban-talks-2\/#primaryimage","url":"https:\/\/media.poblenouurbandistrict.com\/2022\/05\/25051523\/urbantalks-web-cas.jpg","contentUrl":"https:\/\/media.poblenouurbandistrict.com\/2022\/05\/25051523\/urbantalks-web-cas.jpg","width":690,"height":430},{"@type":"BreadcrumbList","@id":"https:\/\/poblenouurbandistrict.com\/ca\/torna-el-cicle-de-conferencies-urban-talks-2\/#breadcrumb","itemListElement":[{"@type":"ListItem","position":1,"name":"Home","item":"https:\/\/poblenouurbandistrict.com\/ca\/"},{"@type":"ListItem","position":2,"name":"Torna el cicle de confer\u00e8ncies Urban Talks"}]},{"@type":"WebSite","@id":"https:\/\/poblenouurbandistrict.com\/ca\/#website","url":"https:\/\/poblenouurbandistrict.com\/ca\/","name":"Poblenou Urban District","description":"Comunitat Creativa","potentialAction":[{"@type":"SearchAction","target":{"@type":"EntryPoint","urlTemplate":"https:\/\/poblenouurbandistrict.com\/ca\/?s={search_term_string}"},"query-input":{"@type":"PropertyValueSpecification","valueRequired":true,"valueName":"search_term_string"}}],"inLanguage":"ca"},{"@type":"Person","@id":"https:\/\/poblenouurbandistrict.com\/#\/schema\/person\/980a2cf34b399d5218205730acd54a7e","name":"pnud","image":{"@type":"ImageObject","inLanguage":"ca","@id":"https:\/\/secure.gravatar.com\/avatar\/67146597b405ee077a24e519f75c3e2031736596d6ce35af3a34c122c93d0d7b?s=96&d=retro&r=g","url":"https:\/\/secure.gravatar.com\/avatar\/67146597b405ee077a24e519f75c3e2031736596d6ce35af3a34c122c93d0d7b?s=96&d=retro&r=g","contentUrl":"https:\/\/secure.gravatar.com\/avatar\/67146597b405ee077a24e519f75c3e2031736596d6ce35af3a34c122c93d0d7b?s=96&d=retro&r=g","caption":"pnud"}}]}},"_links":{"self":[{"href":"https:\/\/poblenouurbandistrict.com\/ca\/wp-json\/wp\/v2\/posts\/30081","targetHints":{"allow":["GET"]}}],"collection":[{"href":"https:\/\/poblenouurbandistrict.com\/ca\/wp-json\/wp\/v2\/posts"}],"about":[{"href":"https:\/\/poblenouurbandistrict.com\/ca\/wp-json\/wp\/v2\/types\/post"}],"author":[{"embeddable":true,"href":"https:\/\/poblenouurbandistrict.com\/ca\/wp-json\/wp\/v2\/users\/5"}],"replies":[{"embeddable":true,"href":"https:\/\/poblenouurbandistrict.com\/ca\/wp-json\/wp\/v2\/comments?post=30081"}],"version-history":[{"count":9,"href":"https:\/\/poblenouurbandistrict.com\/ca\/wp-json\/wp\/v2\/posts\/30081\/revisions"}],"predecessor-version":[{"id":30473,"href":"https:\/\/poblenouurbandistrict.com\/ca\/wp-json\/wp\/v2\/posts\/30081\/revisions\/30473"}],"wp:featuredmedia":[{"embeddable":true,"href":"https:\/\/poblenouurbandistrict.com\/ca\/wp-json\/wp\/v2\/media\/30147"}],"wp:attachment":[{"href":"https:\/\/poblenouurbandistrict.com\/ca\/wp-json\/wp\/v2\/media?parent=30081"}],"wp:term":[{"taxonomy":"category","embeddable":true,"href":"https:\/\/poblenouurbandistrict.com\/ca\/wp-json\/wp\/v2\/categories?post=30081"},{"taxonomy":"post_tag","embeddable":true,"href":"https:\/\/poblenouurbandistrict.com\/ca\/wp-json\/wp\/v2\/tags?post=30081"}],"curies":[{"name":"wp","href":"https:\/\/api.w.org\/{rel}","templated":true}]}}