{"id":30931,"date":"2022-05-26T11:33:10","date_gmt":"2022-05-26T09:33:10","guid":{"rendered":"https:\/\/poblenouurbandistrict.com\/?p=30931"},"modified":"2022-06-02T10:46:27","modified_gmt":"2022-06-02T08:46:27","slug":"ar-de-el-circuit-on-lart-i-el-disseny-son-els-protagonistes","status":"publish","type":"post","link":"https:\/\/poblenouurbandistrict.com\/ca\/ar-de-el-circuit-on-lart-i-el-disseny-son-els-protagonistes\/","title":{"rendered":"AR-DE, el circuit on l&#8217;art i el disseny s\u00f3n els protagonistes"},"content":{"rendered":"<p>Del 3 al 5 de juny el districte creatiu de Barcelona us ofereix un excel\u00b7lent recorregut on l&#8217;art i el disseny s\u00f3n els protagonistes. Durant aquests tres dies part de la comunitat creativa, que dedica la seva activitat a aquestes 2 grans branques culturals, ha programat una s\u00e8rie d&#8217;exposicions i altres activitats perqu\u00e8 t&#8217;acostis a descobrir les darreres novetats amb participaci\u00f3 d&#8217;artistes nacionals i internacionals. Art, Disseny, mobiliari, editorial, fotografia s&#8217;ajunten per crear AR-DE, el circuit de galeries d&#8217;art, showrooms i museus creat per apropar al p\u00fablic la programaci\u00f3 d&#8217;aquests espais i incentivar la venda d&#8217;art i disseny.<\/p>\n<p>Descobreix tota la programaci\u00f3 i els espais que hi participen:<\/p>\n<p>&nbsp;<\/p>\n<p><b>Disseny Hub Bercelona:<\/b><\/p>\n<p><span style=\"font-weight: 400;\">El Disseny Hub s&#8217;erigeix com a espai de refer\u00e8ncia per a la posada en valor i la projecci\u00f3 de les ind\u00fastries creatives, la divulgaci\u00f3 del patrimoni i la cultura de la ciutat a escala global. Amb aquest horitz\u00f3, el Disseny Hub desplega pol\u00edtica de promoci\u00f3 en els \u00e0mbits del disseny, la moda, els audiovisuals, l&#8217;artesania o l&#8217;arquitectura, entre d&#8217;altres, acollint i recolzant el talent creatiu de la ciutat i treballant amb els centres de formaci\u00f3, els creadors i els entorns empresarials a escala local i internacional, fruit de l&#8217;acord entre l&#8217;\u00c0rea de Promoci\u00f3 Econ\u00f2mic i l&#8217;Institut de Cultura de Barceloan i sota la direcci\u00f3 de Mireia Escobar.<\/span><\/p>\n<p><span style=\"font-weight: 400;\">Programaci\u00f3:<\/span><\/p>\n<p><span style=\"font-weight: 400;\">A m\u00e9s de les exposicions permanents i temporals del Museu del Disseny, tamb\u00e9 hi trobareu l&#8217;exposici\u00f3 temporal &#8220;El Millor Disseny de l&#8217;Any&#8221;, organitzada i produ\u00efda pel FAD.\u00a0<\/span><\/p>\n<p><span style=\"font-weight: 400;\">L&#8217;exposici\u00f3 mostra dels 500 productes i projectes m\u00e9s destacats de l\u2019any, seleccionats als premis que les associacions del FAD organitzen en cadascuna de les seves disciplines: disseny industrial, disseny gr\u00e0fic i comunicaci\u00f3 visual, arquitectura i interiorisme.<\/span><\/p>\n<p><span style=\"font-weight: 400;\">Enguany l\u2019exposici\u00f3 compta amb tres recorreguts tem\u00e0tics alineats amb els principis de la Nova Bauhaus Europea: Bellesa, Sostenibilitat i Inclusivitat, a m\u00e9s d\u2019un centrat en la Innovaci\u00f3 tecnol\u00f2gica.<\/span><\/p>\n<p><span style=\"font-weight: 400;\">Horari:\u00a0<\/span><\/p>\n<p><span style=\"font-weight: 400;\">Divendres 3: 10:00 hs a 20:00 hs<\/span><\/p>\n<p><span style=\"font-weight: 400;\">Dissabte 4: 10:00 hs a 20:00 hs<\/span><\/p>\n<p><span style=\"font-weight: 400;\">Diumenge 5: 10:00 hs a 20:00 hs<\/span><\/p>\n<p>&nbsp;<\/p>\n<p><b>Galer\u00eda Chez Xefo:<\/b><\/p>\n<p><span style=\"font-weight: 400;\">La Galeria Chez Xefo \u00e9s un espai singular, de naturalesa ecl\u00e8ctica, dedicat a l&#8217;art i als artistes, al p\u00fablic amant de l&#8217;art i als col\u00b7leccionistes. <\/span><span style=\"font-weight: 400;\">Es programen exposicions de pintura, escultura, instal\u00b7lacions, fotografia, cinema, videoart i arts associades a les noves tecnologies, per\u00f2 tamb\u00e9 celebracions, esdeveniments, presentacions, xerrades, gastronomia, m\u00fasica, concerts i altres disciplines. Polival\u00e8ncia extrema.<\/span><\/p>\n<p><span style=\"text-decoration: underline;\"><span style=\"font-weight: 400;\">Programaci\u00f3<\/span><span style=\"font-weight: 400;\">:<\/span><\/span><\/p>\n<p><span style=\"font-weight: 400;\">En aquesta ocasi\u00f3 especial per a AR-DE la Galeria clausura l&#8217;exposici\u00f3 &#8220;Sil\u00e8ncis&#8221;, de l&#8217;Artista, escriptor i poeta Josep M. Morreres. <\/span><span style=\"font-weight: 400;\">Una oportunitat \u00fanica per a con\u00e8ixer l&#8217;artista i la seva obra m\u00e9s recent durant el final de la primera Jornada del Circuit AR-DE.<\/span><\/p>\n<p><span style=\"font-weight: 400;\">Horari:<\/span><\/p>\n<p><span style=\"font-weight: 400;\">Divendres 3: 17:00 hs a 21:00 hs<\/span><\/p>\n<p>&nbsp;<\/p>\n<p><b>L&amp;B Gallery:<\/b><\/p>\n<p><span style=\"font-weight: 400;\">Galeria d\u2019art contemporani, que dona visibilitat a artistes amb col\u00b7laboracions puntuals, projectes i fires, t\u00e9 l\u2019objectiu de promoure i introduir les pr\u00e0ctiques art\u00edstiques locals dins de l&#8217;escena contempor\u00e0nia nacional i internacional.<\/span><\/p>\n<p><span style=\"font-weight: 400;\">Programaci\u00f3:<\/span><\/p>\n<p><span style=\"font-weight: 400;\">Per al circuit AR-DE, t\u00e9 programada la exposici\u00f3 col\u00b7lectiva \u201cBlanc i negre\u201d amb obra de Vanessa Pey, Antonio Lazo, Xavi Mu\u00f1oz, Sito M\u00fajica, Meta Is\u00e6us-Berlin, Joan Ill i Pietro Capogrosso.<\/span><\/p>\n<p><span style=\"font-weight: 400;\">Horaris:<\/span><\/p>\n<p><span style=\"font-weight: 400;\">Divendres 3: 11:00 hs a 14:00 hs i de 17:00 hs a 20:00 hs<\/span><\/p>\n<p><span style=\"font-weight: 400;\">Dissabte 4: 11:00 hs a 14:00 hs i de 17:00 hs a 20:00 hs<\/span><\/p>\n<p><span style=\"font-weight: 400;\">Diumenge 5: 11:00 hs a 14:00 hs<\/span><\/p>\n<p>&nbsp;<\/p>\n<p><b>La Plataforma:<\/b><\/p>\n<p><span style=\"font-weight: 400;\">Galeria d\u2019Art Contemporani i Estudi de Producci\u00f3 que treballa amb artistes contemporanis tant nacionals com internacionals, emergents i consolidats amb l\u2019objectiu d\u2019apropar l\u2019art i el proc\u00e9s de creaci\u00f3 al p\u00fablic. Fotografia, pintura, v\u00eddeo, art i il\u00b7lustraci\u00f3 s\u00f3n part de la programaci\u00f3 de la galeria. Des de l\u2019estudi de producci\u00f3, desenvolupen diferents projectes culturals vinculats amb el territori i l&#8217;art.<\/span><\/p>\n<p><span style=\"font-weight: 400;\">Programaci\u00f3:<\/span><\/p>\n<p><span style=\"font-weight: 400;\">Per a la segona edici\u00f3 d\u2019AR-DE, La Plataforma convida al p\u00fablic activitats vinculades amb l\u2019exposici\u00f3 \u201cConstrucciones Anal\u00f3gicas\u201d, dels artistes Paul Ekaitz i Jos\u00e9 Antonio Hern\u00e1ndez-Diez. <\/span><span style=\"font-weight: 400;\">El divendres 3 de juny de 19:00 a 20:00 es presenta Meet the Artists: una xerrada on els artistes parlaran sobre la seva l\u00ednia de treball i la conceptualitzaci\u00f3 de l\u2019exposici\u00f3 \u201cConstruccions Anal\u00f3gicas\u201d. La xerrada ser\u00e0 guiada per l\u2019equip de La Plataforma, que tamb\u00e9 explicaran la traject\u00f2ria de la galeria.<\/span><\/p>\n<p><span style=\"font-weight: 400;\">Reserveu invitacions per\u00a0<strong><span style=\"color: #000000;\"><a style=\"color: #000000;\" href=\"https:\/\/laplataformabcn.us8.list-manage.com\/track\/click?u=970ee28eae3d5ec6535021644&amp;id=cd3238cac1&amp;e=8bdd632787\" target=\"_blank\" rel=\"noopener\">Eventbrite.<\/a><\/span><\/strong><\/span><\/p>\n<p><span style=\"font-weight: 400;\">El dissabte 4 de juny de 19:00 a 21:00, amb motiu de la clausura de l\u2019exposici\u00f3, la galeria obre les portes per celebrar \u201cGastro Mec\u00e0nica\u201d, un aperitiu on els dos artistes ens parlen de les seves arrels a trav\u00e9s del menjar.<\/span><\/p>\n<p><span style=\"font-weight: 400;\">L\u2019aperitiu ser\u00e0 acompanyat per una sessi\u00f3 de vinils seleccionada pels artistes.<\/span><\/p>\n<p><span style=\"font-weight: 400;\">Reserveu invitacions per\u00a0<span style=\"color: #000000;\"><strong><a style=\"color: #000000;\" href=\"https:\/\/laplataformabcn.us8.list-manage.com\/track\/click?u=970ee28eae3d5ec6535021644&amp;id=7759cc8cce&amp;e=8bdd632787\" target=\"_blank\" rel=\"noopener\">Eventbrite.<\/a><\/strong><\/span><\/span><\/p>\n<p>&nbsp;<\/p>\n<p><span style=\"font-weight: 400;\">Horari:<\/span><\/p>\n<p><span style=\"font-weight: 400;\">Divendres 3: 11:00 hs a 14:00 hs i de 16:00 hs a 20:00 hs<\/span><\/p>\n<p><span style=\"font-weight: 400;\">Dissabte 4: 11:00 hs a 15:00 hs i de 17:00 hs a 21:00 hs<\/span><\/p>\n<p><span style=\"font-weight: 400;\">Diumenge 5: 11:00 hs a 14:00 hs<\/span><\/p>\n<p>&nbsp;<\/p>\n<p><span style=\"font-weight: 400;\">Meet the artists: divendres 3 de 19:00 hs a 20:00 hs<\/span><\/p>\n<p><span style=\"font-weight: 400;\">Gastro mec\u00e0nica: dissabte 4 de 19:00 hs a 21:00 hs<\/span><\/p>\n<p>&nbsp;<\/p>\n<p><b>Piramid\u00f3n, Centre d\u2019Art Contemporani:\u00a0<\/b><\/p>\n<p><span style=\"font-weight: 400;\">Espai h\u00edbrid entre f\u00e0brica de creaci\u00f3 i galeria d\u2019art que fusiona l\u2019\u00e0mbit de producci\u00f3 art\u00edstica amb l\u2019\u00e0mbit de difusi\u00f3, exhibici\u00f3 i venda d\u2019obres d\u2019art. Creat per proporcionar la infraestructura necess\u00e0ria i fer costat als artistes en desenvolupar la seva carrera professional.<\/span><\/p>\n<p><span style=\"font-weight: 400;\">Programaci\u00f3:<\/span><\/p>\n<p><span style=\"font-weight: 400;\">Per al circuit AR-DE, l\u2019espai t\u00e9 programades dues exposicions: Per una banda,\u00a0 l\u2019exposici\u00f3 individual de l\u2019antic artista resident Khalid El Bekay (Casablanca, 1966). La mostra es compon de les obres m\u00e9s recents de l\u2019artista, on es pot observar un salt evolutiu en la seva carrera pict\u00f2rica. Mitjan\u00e7ant l\u2019\u00fas d\u2019elements i t\u00e8cniques recurrents en la seva producci\u00f3 art\u00edstica, l\u2019artista representa per primera vegada l\u2019\u00e9sser hum\u00e0 en el seu entorn.<\/span><\/p>\n<p><span style=\"font-weight: 400;\">Per altra banda, l\u2019exposici\u00f3 col\u00b7lectiva 2022_n2. La mostra est\u00e0 composta per obra dels artistes residents: Jose Bonell, Pepe Castellanos, Yamand\u00fa Canosa, Tono Carbajo, Rosanna Casano, Iv\u00e1n Franco, Ded\u00e9 Lins, Ana Mons\u00f3, Marco Noris, Pol Pint\u00f3, Stella Rahola, Eduard Resbier, Pere de Ribot, Kati Riquelme i Estefan\u00eda Urrutia.<\/span><\/p>\n<p><span style=\"font-weight: 400;\">Horari:<\/span><\/p>\n<p><span style=\"font-weight: 400;\">Divendres 3: 10:00 hs a 19:00 hs<\/span><\/p>\n<p>&nbsp;<\/p>\n<p><b>Moryarty &#8211; P\u00f2sters &amp; Marcs:<\/b><\/p>\n<p><span style=\"font-weight: 400;\">Botiga de l\u00e0mines vintage i marcs amb una selecci\u00f3 de m\u00e9s de 1500 p\u00f2sters: fotografia, bot\u00e0nica, publicitat antiga, art cl\u00e0ssic, pintures orientals, entre d\u2019altres.<\/span><\/p>\n<p><span style=\"font-weight: 400;\">Programaci\u00f3:<\/span><\/p>\n<p><span style=\"font-weight: 400;\">La botiga de l\u00e0mines vintage i marcs ha programat pel circuit AR-DE una exposici\u00f3 amb les \u00faltimes novetats d\u2019art abstracte, travel Poster i moltes sorpreses m\u00e9s per venir a descobrir.<\/span><\/p>\n<p><span style=\"font-weight: 400;\">Horari:<\/span><\/p>\n<p><span style=\"font-weight: 400;\">Divendres 3: 11:00 hs a 19:00 hs<\/span><\/p>\n<p><span style=\"font-weight: 400;\">Dissabte 4: 11:00 hs a 14:00 hs i 16:00 hs a 20:00 hs<\/span><\/p>\n<p><span style=\"font-weight: 400;\">Diumenge 5: 11:00 hs a 14:00 hs i 16:00 hs a 20:00 hs<\/span><\/p>\n<p>&nbsp;<\/p>\n<p><b>Museu del Disseny de Barcelona:<\/b><\/p>\n<p><span style=\"font-weight: 400;\">Museu de les arts de l\u2019objecte i del disseny a la ciutat, que integra en un \u00fanic espai les col\u00b7leccions de disseny de producte, de moda i gr\u00e0fic, i les col\u00b7leccions hist\u00f2riques d\u2019arts decoratives, arts t\u00e8xtils i arts gr\u00e0fiques. Compta amb exposicions permanents i acull exposicions temporals i activitats. Tamb\u00e9 amb un centre de documentaci\u00f3 amb l\u2019objectiu de reunir i preservar informaci\u00f3 i documentaci\u00f3 relacionada amb aquestes mat\u00e8ries.<\/span><\/p>\n<p><span style=\"font-weight: 400;\">Programaci\u00f3:<\/span><\/p>\n<p><span style=\"font-weight: 400;\">El Museu ofereix cinc exposicions permanents amb objectes que abracen del segle IV aC fins a l\u2019actualitat, i exposicions temporals i activitats que fan una reflexi\u00f3 cr\u00edtica sobre la contribuci\u00f3 del disseny a la societat del segle XXI:<\/span><\/p>\n<p><b>5 exposicions permanents:<\/b><\/p>\n<ul>\n<li style=\"font-weight: 400;\" aria-level=\"1\"><span style=\"font-weight: 400;\">EXPOSICI\u00d3<\/span><span style=\"font-weight: 400;\"><br \/>\n<\/span><span style=\"color: #000000;\"><a style=\"color: #000000;\" href=\"https:\/\/ajuntament.barcelona.cat\/museudeldisseny\/ca\/exposicio\/objectes-comuns-histories-locals-debats-globals\"><span style=\"font-weight: 400;\">Objectes comuns. Hist\u00f2ries locals, debats globals<\/span><\/a><\/span><\/li>\n<li style=\"font-weight: 400;\" aria-level=\"1\"><span style=\"color: #000000;\"><span style=\"font-weight: 400;\">EXPOSICI\u00d3<\/span><span style=\"font-weight: 400;\"><br \/>\n<\/span><a style=\"color: #000000;\" href=\"https:\/\/ajuntament.barcelona.cat\/museudeldisseny\/ca\/exposicio\/dissenyes-o-treballes-la-nova-comunicacio-visual-1980-2003\"><span style=\"font-weight: 400;\">Dissenyes o treballes? La nova comunicaci\u00f3 visual. 1980-2003<\/span><\/a><\/span><\/li>\n<li style=\"font-weight: 400;\" aria-level=\"1\"><span style=\"color: #000000;\"><span style=\"font-weight: 400;\">EXPOSICI\u00d3<\/span><span style=\"font-weight: 400;\"><br \/>\n<\/span><a style=\"color: #000000;\" href=\"https:\/\/ajuntament.barcelona.cat\/museudeldisseny\/ca\/exposicio\/modernisme-cap-la-cultura-del-disseny\"><span style=\"font-weight: 400;\">Modernisme, cap a la cultura del disseny<\/span><\/a><\/span><\/li>\n<li style=\"font-weight: 400;\" aria-level=\"1\"><span style=\"color: #000000;\"><span style=\"font-weight: 400;\">EXPOSICI\u00d3<\/span><span style=\"font-weight: 400;\"><br \/>\n<\/span><a style=\"color: #000000;\" href=\"https:\/\/ajuntament.barcelona.cat\/museudeldisseny\/ca\/exposicio\/extraordinaries-colleccions-darts-decoratives-segles-iii-xix\"><span style=\"font-weight: 400;\">Extraordin\u00e0ries! Col\u00b7leccions d\u2019arts decoratives (segles III-XIX)<\/span><\/a><\/span><\/li>\n<li style=\"font-weight: 400;\" aria-level=\"1\"><span style=\"color: #000000;\"><span style=\"font-weight: 400;\">EXPOSICI\u00d3<\/span><span style=\"font-weight: 400;\"><br \/>\n<\/span><a style=\"color: #000000;\" href=\"https:\/\/ajuntament.barcelona.cat\/museudeldisseny\/ca\/exposicio\/el-cos-vestit-siluetes-i-moda-1550-2015\"><span style=\"font-weight: 400;\">El cos vestit. Siluetes i moda (1550-2015)<\/span><\/a><\/span><\/li>\n<\/ul>\n<p><span style=\"color: #000000;\"><b>Exposici\u00f3 Fornas; La imatge de la Catalunya dels 60<\/b><\/span><\/p>\n<ul>\n<li style=\"font-weight: 400;\" aria-level=\"1\"><span style=\"color: #000000;\"><span style=\"font-weight: 400;\">EXPOSICI\u00d3<\/span><span style=\"font-weight: 400;\"><br \/>\n<\/span><a style=\"color: #000000;\" href=\"https:\/\/ajuntament.barcelona.cat\/museudeldisseny\/ca\/exposicio\/fornas-la-imatge-de-la-catalunya-dels-60\"><span style=\"font-weight: 400;\">Fornas. La imatge de la Catalunya dels 60<\/span><\/a><\/span><\/li>\n<\/ul>\n<p><b>Exposici\u00f3 El millor disseny de l\u2019any.<\/b><\/p>\n<p><span style=\"font-weight: 400;\">Horari:<\/span><\/p>\n<p><span style=\"font-weight: 400;\">Divendres 3: 10:00 hs a 20:00 hs<\/span><\/p>\n<p><span style=\"font-weight: 400;\">Dissabte 4: 10:00 hs a 20:00 hs<\/span><\/p>\n<p><span style=\"font-weight: 400;\">Diumenge 5: 10:00 hs a 20:00 hs<\/span><\/p>\n<p>&nbsp;<\/p>\n<p><strong>Museu Can Framis:<\/strong><\/p>\n<p><span style=\"font-weight: 400;\">Museu de pintura contempor\u00e0nia catalana. Forma part de la Fundaci\u00f3 Vila Casas i acull, a m\u00e9s de les seves exposicions permanents que inclouen al voltant de 300 obres, exposicions peri\u00f2diques temporals de diversos artistes nascuts o residents a Catalunya.<\/span><\/p>\n<p><span style=\"font-weight: 400;\">Programaci\u00f3<\/span><span style=\"font-weight: 400;\">:<\/span><\/p>\n<p><span style=\"font-weight: 400;\">L&#8217;exposici\u00f3 permanent, &#8220;Mon\u00f2leg, di\u00e0leg i concepte&#8221;, \u00e9s un recorregut de m\u00e9s de 300 obres d&#8217;artistes contemporanis catalans. A la sala d&#8217;exposicions temporals, tindrem dues recentment inaugurades: PATRIM&#8217;21, una selecci\u00f3 de projectes finals d&#8217;estudiants de Belles Arts de la Universitat de Barcelona, que com cada any s&#8217;exposen a la sala A del Museu, i la mostra de la guanyadora del Premi d&#8217;Escultura de la Fundaci\u00f3 Vila Casas del 2021, Stella Rahola, que presenta L&#8217;HABITACI\u00d3 DE LES DESATESES. <\/span><\/p>\n<p><span style=\"font-weight: 400;\">Amb motiu del circuit AR-DE, el Museu Can Framis ofereix entrada redu\u00efda a totes les exposicions del Museu el dissabte 4 de juny, d&#8217;11 a 18h. Aquest mateix dia, hi ha programada un taller-visita familiar, QUADERN DE VIATGE, a un preu de 8\u20ac per persona. Les inscripcions es fan a trav\u00e9s de la web o al correu canframis@fundaciovilacasas.com<\/span><\/p>\n<p><span style=\"font-weight: 400;\">Horari:<\/span><\/p>\n<p><span style=\"font-weight: 400;\">Divendres 3: 11:00 hs a 18:00 hs<\/span><\/p>\n<p><span style=\"font-weight: 400;\">Dissabte 4: 11:00 hs a 18:00 hs<\/span><\/p>\n<p><span style=\"font-weight: 400;\">Diumenge 5: 11:00 hs a 14:00 hs<\/span><\/p>\n<p>&nbsp;<\/p>\n<p><b>NOAK ROOM:<\/b><\/p>\n<p><span style=\"font-weight: 400;\">Showroom especialitzat en mobiliari i objectes de decoraci\u00f3 vintage de disseny i origen exclusivament escandinaus, principalment dels anys 40-70.<\/span><\/p>\n<p><span style=\"font-weight: 400;\">Programaci\u00f3:<\/span><\/p>\n<p><span style=\"font-weight: 400;\">Al showroom de Noak Room conviuen peces de dissenyadors tan reconeguts com Ilmari Tapiovaara, Hans Wegner, Bruno Mathsson, Arne Jacobsen\u2026 i d\u2019altres d\u2019origen m\u00e9s an\u00f2nim, per\u00f2 no menys interessants i atractives.<\/span><\/p>\n<p><span style=\"font-weight: 400;\">Horari:<\/span><\/p>\n<p><span style=\"font-weight: 400;\">Divendres 3: 10:30 hs a 14:00 hs i 17:00 hs a 20:00 hs<\/span><\/p>\n<p><span style=\"font-weight: 400;\">Dissabte 4: 10:30 hs a 14:00 hs i 17:00 hs a 20:00 hs<\/span><\/p>\n<p>&nbsp;<\/p>\n<p>&nbsp;<\/p>\n<p><b>UNUSUAL Concept Store:<\/b><\/p>\n<p><span style=\"font-weight: 400;\">Concept store amb productes originals pel p\u00fablic m\u00e9s Unusual. Local inclassificable i original en el qual es troben sabates, mobles, il\u00b7lustracions, revistes i altres peces de disseny \u00faniques.<\/span><\/p>\n<p><span style=\"font-weight: 400;\">Programaci\u00f3:<\/span><\/p>\n<p><span style=\"font-weight: 400;\">A m\u00e9s del seu espai habitual, Unusual obra una secci\u00f3 amb preus especials, i ens conviden a una copa amb bon ambient i m\u00fasica en la seva terrassa tropical.<\/span><\/p>\n<p><span style=\"font-weight: 400;\">Horari:<\/span><\/p>\n<p><span style=\"font-weight: 400;\">Divendres 3: 11:00 hs a 20:00 hs<\/span><\/p>\n<p><span style=\"font-weight: 400;\">Dissabte 4: 11:00 hs a 20:00 hs<\/span><\/p>\n<p><span style=\"font-weight: 400;\">Diumenge 5: 11:00 hs a 14:00 hs<\/span><\/p>\n<p>&nbsp;<\/p>\n<p><b>THE FOLIO CLUB:<\/b><\/p>\n<p><span style=\"font-weight: 400;\">Impremta per a tots els p\u00fablics, equipada amb la millor tecnologia. Ofereix serveis d&#8217;impressi\u00f3 digital i offset, manipulaci\u00f3 de la imatge, esc\u00e0ner, retoc, acabats i manipulats. Compta amb un espai expositiu, di\u00e0fan i vers\u00e0til on es difonen projectes gr\u00e0fics i editorials.<\/span><\/p>\n<p><span style=\"font-weight: 400;\">Programaci\u00f3:<\/span><\/p>\n<p><span style=\"font-weight: 400;\">The Folio Club ha programat una exposici\u00f3 d\u2019Ana Jarem amb el t\u00edtol \u201cLoneliness or Me-time?\u201d <\/span><span style=\"font-weight: 400;\">Diumenge a les 12:30h s\u2019entrevistar\u00e0 a l\u2019artista Ana Jerem amb l\u2019il\u00b7lustrador Asis Percales que dur\u00e0 a terme una intervenci\u00f3 en directe de la seva obra. Hi haur\u00e0 venda d\u2019art original i de reproduccions d\u2019Ana Jarem.<\/span><\/p>\n<p><span style=\"font-weight: 400;\">Horari:<\/span><\/p>\n<p><span style=\"font-weight: 400;\">Divendres 3: 11:00 hs a 14:00 hs i 17:00 hs a 20:00 hs<\/span><\/p>\n<p><span style=\"font-weight: 400;\">Dissabte 4: 11:00 hs a 14:00 hs i 17:00 hs a 20:00 hs<\/span><\/p>\n<p><span style=\"font-weight: 400;\">Diumenge 5: 11:00 hs a 17:00 hs<\/span><\/p>\n<p>&nbsp;<\/p>\n<p>&nbsp;<\/p>\n<p>&nbsp;<\/p>\n<p>&nbsp;<\/p>\n<p>&nbsp;<\/p>\n<p>&nbsp;<\/p>\n<p>&nbsp;<\/p>","protected":false},"excerpt":{"rendered":"<p>Del 3 al 5 de juny el districte creatiu de Barcelona us ofereix un excel\u00b7lent recorregut on l&#8217;art i el&#8230; <a href=\"https:\/\/poblenouurbandistrict.com\/ca\/ar-de-el-circuit-on-lart-i-el-disseny-son-els-protagonistes\/\">M\u00e9s  \u2192<\/a><\/p>\n","protected":false},"author":5,"featured_media":30854,"comment_status":"closed","ping_status":"closed","sticky":false,"template":"","format":"standard","meta":{"_acf_changed":false,"footnotes":""},"categories":[3567,3538,3501,3342],"tags":[],"class_list":["post-30931","post","type-post","status-publish","format-standard","has-post-thumbnail","hentry","category-poblenou-open-day-2","category-ar-de","category-disseny","category-art"],"acf":[],"yoast_head":"<!-- This site is optimized with the Yoast SEO plugin v27.5 - https:\/\/yoast.com\/product\/yoast-seo-wordpress\/ -->\n<title>AR-DE, el circuit on l&#039;art i el disseny s\u00f3n els protagonistes &#8211; Poblenou Urban District<\/title>\n<meta name=\"robots\" content=\"index, follow, max-snippet:-1, max-image-preview:large, max-video-preview:-1\" \/>\n<link rel=\"canonical\" href=\"https:\/\/poblenouurbandistrict.com\/ca\/ar-de-el-circuit-on-lart-i-el-disseny-son-els-protagonistes\/\" \/>\n<meta property=\"og:locale\" content=\"ca_ES\" \/>\n<meta property=\"og:type\" content=\"article\" \/>\n<meta property=\"og:title\" content=\"AR-DE, el circuit on l&#039;art i el disseny s\u00f3n els protagonistes &#8211; Poblenou Urban District\" \/>\n<meta property=\"og:description\" content=\"Del 3 al 5 de juny el districte creatiu de Barcelona us ofereix un excel\u00b7lent recorregut on l&#8217;art i el... M\u00e9s \u2192\" \/>\n<meta property=\"og:url\" content=\"https:\/\/poblenouurbandistrict.com\/ca\/ar-de-el-circuit-on-lart-i-el-disseny-son-els-protagonistes\/\" \/>\n<meta property=\"og:site_name\" content=\"Poblenou Urban District\" \/>\n<meta property=\"article:published_time\" content=\"2022-05-26T09:33:10+00:00\" \/>\n<meta property=\"article:modified_time\" content=\"2022-06-02T08:46:27+00:00\" \/>\n<meta property=\"og:image\" content=\"https:\/\/poblenouurbandistrict.com\/wp-content\/uploads\/2022\/05\/construcciones-analogicas-control-linea2-scaled.jpg\" \/>\n\t<meta property=\"og:image:width\" content=\"2560\" \/>\n\t<meta property=\"og:image:height\" content=\"2005\" \/>\n\t<meta property=\"og:image:type\" content=\"image\/jpeg\" \/>\n<meta name=\"author\" content=\"pnud\" \/>\n<meta name=\"twitter:card\" content=\"summary_large_image\" \/>\n<meta name=\"twitter:label1\" content=\"Escrit per\" \/>\n\t<meta name=\"twitter:data1\" content=\"pnud\" \/>\n\t<meta name=\"twitter:label2\" content=\"Temps estimat de lectura\" \/>\n\t<meta name=\"twitter:data2\" content=\"10 minuts\" \/>\n<script type=\"application\/ld+json\" class=\"yoast-schema-graph\">{\"@context\":\"https:\\\/\\\/schema.org\",\"@graph\":[{\"@type\":\"Article\",\"@id\":\"https:\\\/\\\/poblenouurbandistrict.com\\\/ar-de-el-circuit-on-lart-i-el-disseny-son-els-protagonistes\\\/#article\",\"isPartOf\":{\"@id\":\"https:\\\/\\\/poblenouurbandistrict.com\\\/ar-de-el-circuit-on-lart-i-el-disseny-son-els-protagonistes\\\/\"},\"author\":{\"name\":\"pnud\",\"@id\":\"https:\\\/\\\/poblenouurbandistrict.com\\\/#\\\/schema\\\/person\\\/980a2cf34b399d5218205730acd54a7e\"},\"headline\":\"AR-DE, el circuit on l&#8217;art i el disseny s\u00f3n els protagonistes\",\"datePublished\":\"2022-05-26T09:33:10+00:00\",\"dateModified\":\"2022-06-02T08:46:27+00:00\",\"mainEntityOfPage\":{\"@id\":\"https:\\\/\\\/poblenouurbandistrict.com\\\/ar-de-el-circuit-on-lart-i-el-disseny-son-els-protagonistes\\\/\"},\"wordCount\":3757,\"image\":{\"@id\":\"https:\\\/\\\/poblenouurbandistrict.com\\\/ar-de-el-circuit-on-lart-i-el-disseny-son-els-protagonistes\\\/#primaryimage\"},\"thumbnailUrl\":\"https:\\\/\\\/media.poblenouurbandistrict.com\\\/2022\\\/05\\\/25052047\\\/construcciones-analogicas-control-linea2-scaled.jpg\",\"articleSection\":[\"Poblenou Open Day\",\"AR-DE\",\"Disseny\",\"Art\"],\"inLanguage\":\"ca\"},{\"@type\":\"WebPage\",\"@id\":\"https:\\\/\\\/poblenouurbandistrict.com\\\/ca\\\/ar-de-el-circuit-on-lart-i-el-disseny-son-els-protagonistes\\\/\",\"url\":\"https:\\\/\\\/poblenouurbandistrict.com\\\/ca\\\/ar-de-el-circuit-on-lart-i-el-disseny-son-els-protagonistes\\\/\",\"name\":\"AR-DE, el circuit on l'art i el disseny s\u00f3n els protagonistes &#8211; Poblenou Urban District\",\"isPartOf\":{\"@id\":\"https:\\\/\\\/poblenouurbandistrict.com\\\/ca\\\/#website\"},\"primaryImageOfPage\":{\"@id\":\"https:\\\/\\\/poblenouurbandistrict.com\\\/ca\\\/ar-de-el-circuit-on-lart-i-el-disseny-son-els-protagonistes\\\/#primaryimage\"},\"image\":{\"@id\":\"https:\\\/\\\/poblenouurbandistrict.com\\\/ar-de-el-circuit-on-lart-i-el-disseny-son-els-protagonistes\\\/#primaryimage\"},\"thumbnailUrl\":\"https:\\\/\\\/media.poblenouurbandistrict.com\\\/2022\\\/05\\\/25052047\\\/construcciones-analogicas-control-linea2-scaled.jpg\",\"datePublished\":\"2022-05-26T09:33:10+00:00\",\"dateModified\":\"2022-06-02T08:46:27+00:00\",\"author\":{\"@id\":\"https:\\\/\\\/poblenouurbandistrict.com\\\/#\\\/schema\\\/person\\\/980a2cf34b399d5218205730acd54a7e\"},\"breadcrumb\":{\"@id\":\"https:\\\/\\\/poblenouurbandistrict.com\\\/ca\\\/ar-de-el-circuit-on-lart-i-el-disseny-son-els-protagonistes\\\/#breadcrumb\"},\"inLanguage\":\"ca\",\"potentialAction\":[{\"@type\":\"ReadAction\",\"target\":[[\"https:\\\/\\\/poblenouurbandistrict.com\\\/ca\\\/ar-de-el-circuit-on-lart-i-el-disseny-son-els-protagonistes\\\/\"]]}]},{\"@type\":\"ImageObject\",\"inLanguage\":\"ca\",\"@id\":\"https:\\\/\\\/poblenouurbandistrict.com\\\/ca\\\/ar-de-el-circuit-on-lart-i-el-disseny-son-els-protagonistes\\\/#primaryimage\",\"url\":\"https:\\\/\\\/media.poblenouurbandistrict.com\\\/2022\\\/05\\\/25052047\\\/construcciones-analogicas-control-linea2-scaled.jpg\",\"contentUrl\":\"https:\\\/\\\/media.poblenouurbandistrict.com\\\/2022\\\/05\\\/25052047\\\/construcciones-analogicas-control-linea2-scaled.jpg\",\"width\":2560,\"height\":2005},{\"@type\":\"BreadcrumbList\",\"@id\":\"https:\\\/\\\/poblenouurbandistrict.com\\\/ca\\\/ar-de-el-circuit-on-lart-i-el-disseny-son-els-protagonistes\\\/#breadcrumb\",\"itemListElement\":[{\"@type\":\"ListItem\",\"position\":1,\"name\":\"Home\",\"item\":\"https:\\\/\\\/poblenouurbandistrict.com\\\/ca\\\/\"},{\"@type\":\"ListItem\",\"position\":2,\"name\":\"AR-DE, el circuit on l&#8217;art i el disseny s\u00f3n els protagonistes\"}]},{\"@type\":\"WebSite\",\"@id\":\"https:\\\/\\\/poblenouurbandistrict.com\\\/ca\\\/#website\",\"url\":\"https:\\\/\\\/poblenouurbandistrict.com\\\/ca\\\/\",\"name\":\"Poblenou Urban District\",\"description\":\"Comunitat Creativa\",\"potentialAction\":[{\"@type\":\"SearchAction\",\"target\":{\"@type\":\"EntryPoint\",\"urlTemplate\":\"https:\\\/\\\/poblenouurbandistrict.com\\\/ca\\\/?s={search_term_string}\"},\"query-input\":{\"@type\":\"PropertyValueSpecification\",\"valueRequired\":true,\"valueName\":\"search_term_string\"}}],\"inLanguage\":\"ca\"},{\"@type\":\"Person\",\"@id\":\"https:\\\/\\\/poblenouurbandistrict.com\\\/#\\\/schema\\\/person\\\/980a2cf34b399d5218205730acd54a7e\",\"name\":\"pnud\",\"image\":{\"@type\":\"ImageObject\",\"inLanguage\":\"ca\",\"@id\":\"https:\\\/\\\/secure.gravatar.com\\\/avatar\\\/67146597b405ee077a24e519f75c3e2031736596d6ce35af3a34c122c93d0d7b?s=96&d=retro&r=g\",\"url\":\"https:\\\/\\\/secure.gravatar.com\\\/avatar\\\/67146597b405ee077a24e519f75c3e2031736596d6ce35af3a34c122c93d0d7b?s=96&d=retro&r=g\",\"contentUrl\":\"https:\\\/\\\/secure.gravatar.com\\\/avatar\\\/67146597b405ee077a24e519f75c3e2031736596d6ce35af3a34c122c93d0d7b?s=96&d=retro&r=g\",\"caption\":\"pnud\"}}]}<\/script>\n<!-- \/ Yoast SEO plugin. -->","yoast_head_json":{"title":"AR-DE, el circuit on l'art i el disseny s\u00f3n els protagonistes &#8211; Poblenou Urban District","robots":{"index":"index","follow":"follow","max-snippet":"max-snippet:-1","max-image-preview":"max-image-preview:large","max-video-preview":"max-video-preview:-1"},"canonical":"https:\/\/poblenouurbandistrict.com\/ca\/ar-de-el-circuit-on-lart-i-el-disseny-son-els-protagonistes\/","og_locale":"ca_ES","og_type":"article","og_title":"AR-DE, el circuit on l'art i el disseny s\u00f3n els protagonistes &#8211; Poblenou Urban District","og_description":"Del 3 al 5 de juny el districte creatiu de Barcelona us ofereix un excel\u00b7lent recorregut on l&#8217;art i el... M\u00e9s \u2192","og_url":"https:\/\/poblenouurbandistrict.com\/ca\/ar-de-el-circuit-on-lart-i-el-disseny-son-els-protagonistes\/","og_site_name":"Poblenou Urban District","article_published_time":"2022-05-26T09:33:10+00:00","article_modified_time":"2022-06-02T08:46:27+00:00","og_image":[{"width":2560,"height":2005,"url":"https:\/\/poblenouurbandistrict.com\/wp-content\/uploads\/2022\/05\/construcciones-analogicas-control-linea2-scaled.jpg","type":"image\/jpeg"}],"author":"pnud","twitter_card":"summary_large_image","twitter_misc":{"Escrit per":"pnud","Temps estimat de lectura":"10 minuts"},"schema":{"@context":"https:\/\/schema.org","@graph":[{"@type":"Article","@id":"https:\/\/poblenouurbandistrict.com\/ar-de-el-circuit-on-lart-i-el-disseny-son-els-protagonistes\/#article","isPartOf":{"@id":"https:\/\/poblenouurbandistrict.com\/ar-de-el-circuit-on-lart-i-el-disseny-son-els-protagonistes\/"},"author":{"name":"pnud","@id":"https:\/\/poblenouurbandistrict.com\/#\/schema\/person\/980a2cf34b399d5218205730acd54a7e"},"headline":"AR-DE, el circuit on l&#8217;art i el disseny s\u00f3n els protagonistes","datePublished":"2022-05-26T09:33:10+00:00","dateModified":"2022-06-02T08:46:27+00:00","mainEntityOfPage":{"@id":"https:\/\/poblenouurbandistrict.com\/ar-de-el-circuit-on-lart-i-el-disseny-son-els-protagonistes\/"},"wordCount":3757,"image":{"@id":"https:\/\/poblenouurbandistrict.com\/ar-de-el-circuit-on-lart-i-el-disseny-son-els-protagonistes\/#primaryimage"},"thumbnailUrl":"https:\/\/media.poblenouurbandistrict.com\/2022\/05\/25052047\/construcciones-analogicas-control-linea2-scaled.jpg","articleSection":["Poblenou Open Day","AR-DE","Disseny","Art"],"inLanguage":"ca"},{"@type":"WebPage","@id":"https:\/\/poblenouurbandistrict.com\/ca\/ar-de-el-circuit-on-lart-i-el-disseny-son-els-protagonistes\/","url":"https:\/\/poblenouurbandistrict.com\/ca\/ar-de-el-circuit-on-lart-i-el-disseny-son-els-protagonistes\/","name":"AR-DE, el circuit on l'art i el disseny s\u00f3n els protagonistes &#8211; Poblenou Urban District","isPartOf":{"@id":"https:\/\/poblenouurbandistrict.com\/ca\/#website"},"primaryImageOfPage":{"@id":"https:\/\/poblenouurbandistrict.com\/ca\/ar-de-el-circuit-on-lart-i-el-disseny-son-els-protagonistes\/#primaryimage"},"image":{"@id":"https:\/\/poblenouurbandistrict.com\/ar-de-el-circuit-on-lart-i-el-disseny-son-els-protagonistes\/#primaryimage"},"thumbnailUrl":"https:\/\/media.poblenouurbandistrict.com\/2022\/05\/25052047\/construcciones-analogicas-control-linea2-scaled.jpg","datePublished":"2022-05-26T09:33:10+00:00","dateModified":"2022-06-02T08:46:27+00:00","author":{"@id":"https:\/\/poblenouurbandistrict.com\/#\/schema\/person\/980a2cf34b399d5218205730acd54a7e"},"breadcrumb":{"@id":"https:\/\/poblenouurbandistrict.com\/ca\/ar-de-el-circuit-on-lart-i-el-disseny-son-els-protagonistes\/#breadcrumb"},"inLanguage":"ca","potentialAction":[{"@type":"ReadAction","target":[["https:\/\/poblenouurbandistrict.com\/ca\/ar-de-el-circuit-on-lart-i-el-disseny-son-els-protagonistes\/"]]}]},{"@type":"ImageObject","inLanguage":"ca","@id":"https:\/\/poblenouurbandistrict.com\/ca\/ar-de-el-circuit-on-lart-i-el-disseny-son-els-protagonistes\/#primaryimage","url":"https:\/\/media.poblenouurbandistrict.com\/2022\/05\/25052047\/construcciones-analogicas-control-linea2-scaled.jpg","contentUrl":"https:\/\/media.poblenouurbandistrict.com\/2022\/05\/25052047\/construcciones-analogicas-control-linea2-scaled.jpg","width":2560,"height":2005},{"@type":"BreadcrumbList","@id":"https:\/\/poblenouurbandistrict.com\/ca\/ar-de-el-circuit-on-lart-i-el-disseny-son-els-protagonistes\/#breadcrumb","itemListElement":[{"@type":"ListItem","position":1,"name":"Home","item":"https:\/\/poblenouurbandistrict.com\/ca\/"},{"@type":"ListItem","position":2,"name":"AR-DE, el circuit on l&#8217;art i el disseny s\u00f3n els protagonistes"}]},{"@type":"WebSite","@id":"https:\/\/poblenouurbandistrict.com\/ca\/#website","url":"https:\/\/poblenouurbandistrict.com\/ca\/","name":"Poblenou Urban District","description":"Comunitat Creativa","potentialAction":[{"@type":"SearchAction","target":{"@type":"EntryPoint","urlTemplate":"https:\/\/poblenouurbandistrict.com\/ca\/?s={search_term_string}"},"query-input":{"@type":"PropertyValueSpecification","valueRequired":true,"valueName":"search_term_string"}}],"inLanguage":"ca"},{"@type":"Person","@id":"https:\/\/poblenouurbandistrict.com\/#\/schema\/person\/980a2cf34b399d5218205730acd54a7e","name":"pnud","image":{"@type":"ImageObject","inLanguage":"ca","@id":"https:\/\/secure.gravatar.com\/avatar\/67146597b405ee077a24e519f75c3e2031736596d6ce35af3a34c122c93d0d7b?s=96&d=retro&r=g","url":"https:\/\/secure.gravatar.com\/avatar\/67146597b405ee077a24e519f75c3e2031736596d6ce35af3a34c122c93d0d7b?s=96&d=retro&r=g","contentUrl":"https:\/\/secure.gravatar.com\/avatar\/67146597b405ee077a24e519f75c3e2031736596d6ce35af3a34c122c93d0d7b?s=96&d=retro&r=g","caption":"pnud"}}]}},"_links":{"self":[{"href":"https:\/\/poblenouurbandistrict.com\/ca\/wp-json\/wp\/v2\/posts\/30931","targetHints":{"allow":["GET"]}}],"collection":[{"href":"https:\/\/poblenouurbandistrict.com\/ca\/wp-json\/wp\/v2\/posts"}],"about":[{"href":"https:\/\/poblenouurbandistrict.com\/ca\/wp-json\/wp\/v2\/types\/post"}],"author":[{"embeddable":true,"href":"https:\/\/poblenouurbandistrict.com\/ca\/wp-json\/wp\/v2\/users\/5"}],"replies":[{"embeddable":true,"href":"https:\/\/poblenouurbandistrict.com\/ca\/wp-json\/wp\/v2\/comments?post=30931"}],"version-history":[{"count":8,"href":"https:\/\/poblenouurbandistrict.com\/ca\/wp-json\/wp\/v2\/posts\/30931\/revisions"}],"predecessor-version":[{"id":31341,"href":"https:\/\/poblenouurbandistrict.com\/ca\/wp-json\/wp\/v2\/posts\/30931\/revisions\/31341"}],"wp:featuredmedia":[{"embeddable":true,"href":"https:\/\/poblenouurbandistrict.com\/ca\/wp-json\/wp\/v2\/media\/30854"}],"wp:attachment":[{"href":"https:\/\/poblenouurbandistrict.com\/ca\/wp-json\/wp\/v2\/media?parent=30931"}],"wp:term":[{"taxonomy":"category","embeddable":true,"href":"https:\/\/poblenouurbandistrict.com\/ca\/wp-json\/wp\/v2\/categories?post=30931"},{"taxonomy":"post_tag","embeddable":true,"href":"https:\/\/poblenouurbandistrict.com\/ca\/wp-json\/wp\/v2\/tags?post=30931"}],"curies":[{"name":"wp","href":"https:\/\/api.w.org\/{rel}","templated":true}]}}