{"id":31240,"date":"2022-06-02T11:03:41","date_gmt":"2022-06-02T09:03:41","guid":{"rendered":"https:\/\/poblenouurbandistrict.com\/?p=31240"},"modified":"2022-06-03T12:40:45","modified_gmt":"2022-06-03T10:40:45","slug":"ar-de-una-cita-imprescindible-per-als-nous-colleccionistes","status":"publish","type":"post","link":"https:\/\/poblenouurbandistrict.com\/ca\/ar-de-una-cita-imprescindible-per-als-nous-colleccionistes\/","title":{"rendered":"&#8221;AR-DE, una cita imprescindible per als nous col\u00b7leccionistes&#8221;"},"content":{"rendered":"<p>Del 3 al 5 de juny, celebrem la segona edici\u00f3 d&#8217;<strong>AR-DE<\/strong>, el circuit de galeries d&#8217;art, showrooms i museus creat amb l&#8217;objectiu d&#8217;apropar al p\u00fablic la programaci\u00f3 d&#8217;aquests espais i incentivar la venda d&#8217;art i disseny.<\/p>\n<p>Per a l&#8217;ocasi\u00f3, hem entrevistat <strong>Claudia Costa<\/strong>, una de les directores del <strong>Poblenou Urban District<\/strong> i de la galeria d&#8217;art <span style=\"font-weight: 400;\"><span style=\"color: #333333;\"><strong><a style=\"color: #333333;\" href=\"https:\/\/www.instagram.com\/laplataformabcn\/\" target=\"_blank\" rel=\"noopener\">La Plataforma<\/a><\/strong><\/span><\/span>, perqu\u00e8 ens parli m\u00e9s sobre el projecte d&#8217;AR-DE, de les seves ambicions i de les particularitats d&#8217;aquesta segona edici\u00f3.<\/p>\n<p>&nbsp;<\/p>\n<h2>Com va n\u00e9ixer la idea del projecte d&#8217;AR-DE?<\/h2>\n<p>Des del comen\u00e7ament del projecte del Poblenou Urban District, sempre vam tenir la intenci\u00f3 de fer un esdeveniment que agrupar\u00e0 els espais del Districte Creatiu vinculats amb l&#8217;art i el disseny. La idea inicial d&#8217;AR-DE va ser muntar una cosa diferent, amb un format nou i crear un esdeveniment enfocat a la venda d&#8217;art, aix\u00ed com apropar galeries, museus o showroom a un p\u00fablic realment interessat. Per impulsar el projecte, vam decidir enfocar-nos primer als espais que formen part de la comunitat creativa del Poblenou Urban District i a mesura que anem consolidant el circuit ens agradaria integrar altres propostes d&#8217;art i disseny tant locals com internacionals.<\/p>\n<p>&nbsp;<\/p>\n<h2>Quins s\u00f3n els objectius d&#8217;AR-DE?<\/h2>\n<p>D&#8217;una banda donar valor a tots els continguts dels espais que participen al circuit i apropar al p\u00fablic que estigui realment interessat a una programaci\u00f3 m\u00e9s espec\u00edfica d&#8217;art i disseny. En segon lloc, donar visibilitat als artistes que hi s\u00f3n representats. I per \u00faltim, activar la venda d&#8217;art i disseny a la ciutat.<\/p>\n<p>&nbsp;<\/p>\n<h2>Una particularitat d&#8217;aquesta segona edici\u00f3 d&#8217;AR-DE?<\/h2>\n<p>Per a aquesta edici\u00f3, l&#8217;equip de <span style=\"font-weight: 400;\"><span style=\"color: #333333;\"><strong><a style=\"color: #333333;\" href=\"https:\/\/www.instagram.com\/luzidlab\/\" target=\"_blank\" rel=\"noopener\">LuzidLab<\/a><\/strong><\/span><\/span> impartir\u00e0 un taller de digital canvas a un grup d&#8217;artistes perqu\u00e8 puguin implementar noves t\u00e8cniques de realitat augmentada a la feina. \u00c9s un projecte que busca implicar els artistes dins del circuit donant-los les eines necess\u00e0ries perqu\u00e8 comencin a treballar amb noves tecnologies. A la propera edici\u00f3 d&#8217;AR-DE a l&#8217;octubre, els artistes tindran l&#8217;oportunitat de presentar els seus projectes.<\/p>\n<p>Per aquesta edici\u00f3 comptarem amb l&#8217;artista franc-malts Tim Marsh que realitzar\u00e0 un mural a la Fa\u00e7ana del Carrer Pujades 110, com a part del Windows Art Circuit \/ WAC Lab 2022 que cerca donar visibilitat al muralisme.<\/p>\n<p>I sense oblidar tots els tallers, xerrades i exposicions que permetran al p\u00fablic con\u00e8ixer el proc\u00e9s de creaci\u00f3 dels artistes aix\u00ed com dels espais.<\/p>\n<p>&nbsp;<\/p>\n<h2>Quines s\u00f3n les ambicions d&#8217;AR-DE a llarg termini?<\/h2>\n<p>A llarg termini, tenim l&#8217;ambici\u00f3 de consolidar el circuit a nivell de programaci\u00f3, espais i territori, i que sigui una cita imprescindible per als nous col\u00b7leccionistes i el p\u00fablic interessat.<\/p>\n<p>&nbsp;<\/p>\n<h2>I per acabar, hi ha algun significat de la imatge de l&#8217;extintor d&#8217;AR-DE?<\/h2>\n<p>D&#8217;una banda, l&#8217;extintor representa un element habitual dels espais industrials, per\u00f2 tamb\u00e9 \u00e9s una icona lligada al foc.<\/p>\n<p>Quan sintetitzem en concepte d&#8217;Art i Disseny a AR-DE, des de Estudio Grande ens van proposar la idea de l&#8217;extintor i ens va agradar immediatament.<\/p>\n<p>La imatge de l&#8217;extintor tamb\u00e9 ens va permetre treballar amb LuzidLab sobre l&#8217;app d&#8217;AR-DE i crear un projecte de realitat augmentada fent servir l&#8217;extintor com a senyal\u00e8tica i icona que fos reconeixible pel p\u00fablic.<\/p>\n<p>&nbsp;<\/p>\n<h3 style=\"text-align: center;\"><span style=\"color: #333333;\"><a style=\"color: #333333;\" href=\"https:\/\/poblenouurbandistrict.com\/es\/ar-de-el-circuit-on-lart-i-el-disseny-son-els-protagonistes\/\" target=\"_blank\" rel=\"noopener\">Descobreix tota la programaci\u00f3 de la segona edici\u00f3 d&#8217;AR-DE<\/a><\/span><\/h3>\n<p>Fotograf\u00eda: Xabier Mendiola<\/p>","protected":false},"excerpt":{"rendered":"<p>Del 3 al 5 de juny, celebrem la segona edici\u00f3 d&#8217;AR-DE, el circuit de galeries d&#8217;art, showrooms i museus creat&#8230; <a href=\"https:\/\/poblenouurbandistrict.com\/ca\/ar-de-una-cita-imprescindible-per-als-nous-colleccionistes\/\">M\u00e9s  \u2192<\/a><\/p>\n","protected":false},"author":5,"featured_media":31241,"comment_status":"closed","ping_status":"closed","sticky":false,"template":"","format":"standard","meta":{"_acf_changed":false,"footnotes":""},"categories":[3538,3501,3364,3342],"tags":[],"class_list":["post-31240","post","type-post","status-publish","format-standard","has-post-thumbnail","hentry","category-ar-de","category-disseny","category-poblenou-urban-district","category-art"],"acf":[],"yoast_head":"<!-- This site is optimized with the Yoast SEO plugin v27.5 - https:\/\/yoast.com\/product\/yoast-seo-wordpress\/ -->\n<title>&quot;AR-DE, una cita imprescindible per als nous col\u00b7leccionistes&quot;<\/title>\n<meta name=\"description\" content=\"Del 3 al 5 de junio, vuelve AR-DE, el circuito de galer\u00edas de arte, showrooms y museos creado con el objetivo promover el arte y el dise\u00f1o.\" \/>\n<meta name=\"robots\" content=\"index, follow, max-snippet:-1, max-image-preview:large, max-video-preview:-1\" \/>\n<link rel=\"canonical\" href=\"https:\/\/poblenouurbandistrict.com\/ca\/ar-de-una-cita-imprescindible-per-als-nous-colleccionistes\/\" \/>\n<meta property=\"og:locale\" content=\"ca_ES\" \/>\n<meta property=\"og:type\" content=\"article\" \/>\n<meta property=\"og:title\" content=\"&quot;AR-DE, una cita imprescindible per als nous col\u00b7leccionistes&quot;\" \/>\n<meta property=\"og:description\" content=\"Del 3 al 5 de junio, vuelve AR-DE, el circuito de galer\u00edas de arte, showrooms y museos creado con el objetivo promover el arte y el dise\u00f1o.\" \/>\n<meta property=\"og:url\" content=\"https:\/\/poblenouurbandistrict.com\/ca\/ar-de-una-cita-imprescindible-per-als-nous-colleccionistes\/\" \/>\n<meta property=\"og:site_name\" content=\"Poblenou Urban District\" \/>\n<meta property=\"article:published_time\" content=\"2022-06-02T09:03:41+00:00\" \/>\n<meta property=\"article:modified_time\" content=\"2022-06-03T10:40:45+00:00\" \/>\n<meta property=\"og:image\" content=\"https:\/\/poblenouurbandistrict.com\/wp-content\/uploads\/2022\/05\/copie-de-feed-2.png\" \/>\n\t<meta property=\"og:image:width\" content=\"1500\" \/>\n\t<meta property=\"og:image:height\" content=\"1000\" \/>\n\t<meta property=\"og:image:type\" content=\"image\/jpeg\" \/>\n<meta name=\"author\" content=\"pnud\" \/>\n<meta name=\"twitter:card\" content=\"summary_large_image\" \/>\n<meta name=\"twitter:label1\" content=\"Escrit per\" \/>\n\t<meta name=\"twitter:data1\" content=\"pnud\" \/>\n\t<meta name=\"twitter:label2\" content=\"Temps estimat de lectura\" \/>\n\t<meta name=\"twitter:data2\" content=\"4 minuts\" \/>\n<script type=\"application\/ld+json\" class=\"yoast-schema-graph\">{\"@context\":\"https:\\\/\\\/schema.org\",\"@graph\":[{\"@type\":\"Article\",\"@id\":\"https:\\\/\\\/poblenouurbandistrict.com\\\/ar-de-una-cita-imprescindible-per-als-nous-colleccionistes\\\/#article\",\"isPartOf\":{\"@id\":\"https:\\\/\\\/poblenouurbandistrict.com\\\/ar-de-una-cita-imprescindible-per-als-nous-colleccionistes\\\/\"},\"author\":{\"name\":\"pnud\",\"@id\":\"https:\\\/\\\/poblenouurbandistrict.com\\\/#\\\/schema\\\/person\\\/980a2cf34b399d5218205730acd54a7e\"},\"headline\":\"&#8221;AR-DE, una cita imprescindible per als nous col\u00b7leccionistes&#8221;\",\"datePublished\":\"2022-06-02T09:03:41+00:00\",\"dateModified\":\"2022-06-03T10:40:45+00:00\",\"mainEntityOfPage\":{\"@id\":\"https:\\\/\\\/poblenouurbandistrict.com\\\/ar-de-una-cita-imprescindible-per-als-nous-colleccionistes\\\/\"},\"wordCount\":1800,\"image\":{\"@id\":\"https:\\\/\\\/poblenouurbandistrict.com\\\/ar-de-una-cita-imprescindible-per-als-nous-colleccionistes\\\/#primaryimage\"},\"thumbnailUrl\":\"https:\\\/\\\/media.poblenouurbandistrict.com\\\/2022\\\/05\\\/25052511\\\/copie-de-feed-2.jpg\",\"articleSection\":[\"AR-DE\",\"Disseny\",\"Poblenou Urban District\",\"Art\"],\"inLanguage\":\"ca\"},{\"@type\":\"WebPage\",\"@id\":\"https:\\\/\\\/poblenouurbandistrict.com\\\/ca\\\/ar-de-una-cita-imprescindible-per-als-nous-colleccionistes\\\/\",\"url\":\"https:\\\/\\\/poblenouurbandistrict.com\\\/ca\\\/ar-de-una-cita-imprescindible-per-als-nous-colleccionistes\\\/\",\"name\":\"\\\"AR-DE, una cita imprescindible per als nous col\u00b7leccionistes\\\"\",\"isPartOf\":{\"@id\":\"https:\\\/\\\/poblenouurbandistrict.com\\\/ca\\\/#website\"},\"primaryImageOfPage\":{\"@id\":\"https:\\\/\\\/poblenouurbandistrict.com\\\/ca\\\/ar-de-una-cita-imprescindible-per-als-nous-colleccionistes\\\/#primaryimage\"},\"image\":{\"@id\":\"https:\\\/\\\/poblenouurbandistrict.com\\\/ar-de-una-cita-imprescindible-per-als-nous-colleccionistes\\\/#primaryimage\"},\"thumbnailUrl\":\"https:\\\/\\\/media.poblenouurbandistrict.com\\\/2022\\\/05\\\/25052511\\\/copie-de-feed-2.jpg\",\"datePublished\":\"2022-06-02T09:03:41+00:00\",\"dateModified\":\"2022-06-03T10:40:45+00:00\",\"author\":{\"@id\":\"https:\\\/\\\/poblenouurbandistrict.com\\\/#\\\/schema\\\/person\\\/980a2cf34b399d5218205730acd54a7e\"},\"description\":\"Del 3 al 5 de junio, vuelve AR-DE, el circuito de galer\u00edas de arte, showrooms y museos creado con el objetivo promover el arte y el dise\u00f1o.\",\"breadcrumb\":{\"@id\":\"https:\\\/\\\/poblenouurbandistrict.com\\\/ca\\\/ar-de-una-cita-imprescindible-per-als-nous-colleccionistes\\\/#breadcrumb\"},\"inLanguage\":\"ca\",\"potentialAction\":[{\"@type\":\"ReadAction\",\"target\":[[\"https:\\\/\\\/poblenouurbandistrict.com\\\/ca\\\/ar-de-una-cita-imprescindible-per-als-nous-colleccionistes\\\/\"]]}]},{\"@type\":\"ImageObject\",\"inLanguage\":\"ca\",\"@id\":\"https:\\\/\\\/poblenouurbandistrict.com\\\/ca\\\/ar-de-una-cita-imprescindible-per-als-nous-colleccionistes\\\/#primaryimage\",\"url\":\"https:\\\/\\\/media.poblenouurbandistrict.com\\\/2022\\\/05\\\/25052511\\\/copie-de-feed-2.jpg\",\"contentUrl\":\"https:\\\/\\\/media.poblenouurbandistrict.com\\\/2022\\\/05\\\/25052511\\\/copie-de-feed-2.jpg\",\"width\":1500,\"height\":1000},{\"@type\":\"BreadcrumbList\",\"@id\":\"https:\\\/\\\/poblenouurbandistrict.com\\\/ca\\\/ar-de-una-cita-imprescindible-per-als-nous-colleccionistes\\\/#breadcrumb\",\"itemListElement\":[{\"@type\":\"ListItem\",\"position\":1,\"name\":\"Home\",\"item\":\"https:\\\/\\\/poblenouurbandistrict.com\\\/ca\\\/\"},{\"@type\":\"ListItem\",\"position\":2,\"name\":\"&#8220;AR-DE, una cita imprescindible per als nous col\u00b7leccionistes&#8221;\"}]},{\"@type\":\"WebSite\",\"@id\":\"https:\\\/\\\/poblenouurbandistrict.com\\\/ca\\\/#website\",\"url\":\"https:\\\/\\\/poblenouurbandistrict.com\\\/ca\\\/\",\"name\":\"Poblenou Urban District\",\"description\":\"Comunitat Creativa\",\"potentialAction\":[{\"@type\":\"SearchAction\",\"target\":{\"@type\":\"EntryPoint\",\"urlTemplate\":\"https:\\\/\\\/poblenouurbandistrict.com\\\/ca\\\/?s={search_term_string}\"},\"query-input\":{\"@type\":\"PropertyValueSpecification\",\"valueRequired\":true,\"valueName\":\"search_term_string\"}}],\"inLanguage\":\"ca\"},{\"@type\":\"Person\",\"@id\":\"https:\\\/\\\/poblenouurbandistrict.com\\\/#\\\/schema\\\/person\\\/980a2cf34b399d5218205730acd54a7e\",\"name\":\"pnud\",\"image\":{\"@type\":\"ImageObject\",\"inLanguage\":\"ca\",\"@id\":\"https:\\\/\\\/secure.gravatar.com\\\/avatar\\\/67146597b405ee077a24e519f75c3e2031736596d6ce35af3a34c122c93d0d7b?s=96&d=retro&r=g\",\"url\":\"https:\\\/\\\/secure.gravatar.com\\\/avatar\\\/67146597b405ee077a24e519f75c3e2031736596d6ce35af3a34c122c93d0d7b?s=96&d=retro&r=g\",\"contentUrl\":\"https:\\\/\\\/secure.gravatar.com\\\/avatar\\\/67146597b405ee077a24e519f75c3e2031736596d6ce35af3a34c122c93d0d7b?s=96&d=retro&r=g\",\"caption\":\"pnud\"}}]}<\/script>\n<!-- \/ Yoast SEO plugin. -->","yoast_head_json":{"title":"\"AR-DE, una cita imprescindible per als nous col\u00b7leccionistes\"","description":"Del 3 al 5 de junio, vuelve AR-DE, el circuito de galer\u00edas de arte, showrooms y museos creado con el objetivo promover el arte y el dise\u00f1o.","robots":{"index":"index","follow":"follow","max-snippet":"max-snippet:-1","max-image-preview":"max-image-preview:large","max-video-preview":"max-video-preview:-1"},"canonical":"https:\/\/poblenouurbandistrict.com\/ca\/ar-de-una-cita-imprescindible-per-als-nous-colleccionistes\/","og_locale":"ca_ES","og_type":"article","og_title":"\"AR-DE, una cita imprescindible per als nous col\u00b7leccionistes\"","og_description":"Del 3 al 5 de junio, vuelve AR-DE, el circuito de galer\u00edas de arte, showrooms y museos creado con el objetivo promover el arte y el dise\u00f1o.","og_url":"https:\/\/poblenouurbandistrict.com\/ca\/ar-de-una-cita-imprescindible-per-als-nous-colleccionistes\/","og_site_name":"Poblenou Urban District","article_published_time":"2022-06-02T09:03:41+00:00","article_modified_time":"2022-06-03T10:40:45+00:00","og_image":[{"width":1500,"height":1000,"url":"https:\/\/poblenouurbandistrict.com\/wp-content\/uploads\/2022\/05\/copie-de-feed-2.png","type":"image\/jpeg"}],"author":"pnud","twitter_card":"summary_large_image","twitter_misc":{"Escrit per":"pnud","Temps estimat de lectura":"4 minuts"},"schema":{"@context":"https:\/\/schema.org","@graph":[{"@type":"Article","@id":"https:\/\/poblenouurbandistrict.com\/ar-de-una-cita-imprescindible-per-als-nous-colleccionistes\/#article","isPartOf":{"@id":"https:\/\/poblenouurbandistrict.com\/ar-de-una-cita-imprescindible-per-als-nous-colleccionistes\/"},"author":{"name":"pnud","@id":"https:\/\/poblenouurbandistrict.com\/#\/schema\/person\/980a2cf34b399d5218205730acd54a7e"},"headline":"&#8221;AR-DE, una cita imprescindible per als nous col\u00b7leccionistes&#8221;","datePublished":"2022-06-02T09:03:41+00:00","dateModified":"2022-06-03T10:40:45+00:00","mainEntityOfPage":{"@id":"https:\/\/poblenouurbandistrict.com\/ar-de-una-cita-imprescindible-per-als-nous-colleccionistes\/"},"wordCount":1800,"image":{"@id":"https:\/\/poblenouurbandistrict.com\/ar-de-una-cita-imprescindible-per-als-nous-colleccionistes\/#primaryimage"},"thumbnailUrl":"https:\/\/media.poblenouurbandistrict.com\/2022\/05\/25052511\/copie-de-feed-2.jpg","articleSection":["AR-DE","Disseny","Poblenou Urban District","Art"],"inLanguage":"ca"},{"@type":"WebPage","@id":"https:\/\/poblenouurbandistrict.com\/ca\/ar-de-una-cita-imprescindible-per-als-nous-colleccionistes\/","url":"https:\/\/poblenouurbandistrict.com\/ca\/ar-de-una-cita-imprescindible-per-als-nous-colleccionistes\/","name":"\"AR-DE, una cita imprescindible per als nous col\u00b7leccionistes\"","isPartOf":{"@id":"https:\/\/poblenouurbandistrict.com\/ca\/#website"},"primaryImageOfPage":{"@id":"https:\/\/poblenouurbandistrict.com\/ca\/ar-de-una-cita-imprescindible-per-als-nous-colleccionistes\/#primaryimage"},"image":{"@id":"https:\/\/poblenouurbandistrict.com\/ar-de-una-cita-imprescindible-per-als-nous-colleccionistes\/#primaryimage"},"thumbnailUrl":"https:\/\/media.poblenouurbandistrict.com\/2022\/05\/25052511\/copie-de-feed-2.jpg","datePublished":"2022-06-02T09:03:41+00:00","dateModified":"2022-06-03T10:40:45+00:00","author":{"@id":"https:\/\/poblenouurbandistrict.com\/#\/schema\/person\/980a2cf34b399d5218205730acd54a7e"},"description":"Del 3 al 5 de junio, vuelve AR-DE, el circuito de galer\u00edas de arte, showrooms y museos creado con el objetivo promover el arte y el dise\u00f1o.","breadcrumb":{"@id":"https:\/\/poblenouurbandistrict.com\/ca\/ar-de-una-cita-imprescindible-per-als-nous-colleccionistes\/#breadcrumb"},"inLanguage":"ca","potentialAction":[{"@type":"ReadAction","target":[["https:\/\/poblenouurbandistrict.com\/ca\/ar-de-una-cita-imprescindible-per-als-nous-colleccionistes\/"]]}]},{"@type":"ImageObject","inLanguage":"ca","@id":"https:\/\/poblenouurbandistrict.com\/ca\/ar-de-una-cita-imprescindible-per-als-nous-colleccionistes\/#primaryimage","url":"https:\/\/media.poblenouurbandistrict.com\/2022\/05\/25052511\/copie-de-feed-2.jpg","contentUrl":"https:\/\/media.poblenouurbandistrict.com\/2022\/05\/25052511\/copie-de-feed-2.jpg","width":1500,"height":1000},{"@type":"BreadcrumbList","@id":"https:\/\/poblenouurbandistrict.com\/ca\/ar-de-una-cita-imprescindible-per-als-nous-colleccionistes\/#breadcrumb","itemListElement":[{"@type":"ListItem","position":1,"name":"Home","item":"https:\/\/poblenouurbandistrict.com\/ca\/"},{"@type":"ListItem","position":2,"name":"&#8220;AR-DE, una cita imprescindible per als nous col\u00b7leccionistes&#8221;"}]},{"@type":"WebSite","@id":"https:\/\/poblenouurbandistrict.com\/ca\/#website","url":"https:\/\/poblenouurbandistrict.com\/ca\/","name":"Poblenou Urban District","description":"Comunitat Creativa","potentialAction":[{"@type":"SearchAction","target":{"@type":"EntryPoint","urlTemplate":"https:\/\/poblenouurbandistrict.com\/ca\/?s={search_term_string}"},"query-input":{"@type":"PropertyValueSpecification","valueRequired":true,"valueName":"search_term_string"}}],"inLanguage":"ca"},{"@type":"Person","@id":"https:\/\/poblenouurbandistrict.com\/#\/schema\/person\/980a2cf34b399d5218205730acd54a7e","name":"pnud","image":{"@type":"ImageObject","inLanguage":"ca","@id":"https:\/\/secure.gravatar.com\/avatar\/67146597b405ee077a24e519f75c3e2031736596d6ce35af3a34c122c93d0d7b?s=96&d=retro&r=g","url":"https:\/\/secure.gravatar.com\/avatar\/67146597b405ee077a24e519f75c3e2031736596d6ce35af3a34c122c93d0d7b?s=96&d=retro&r=g","contentUrl":"https:\/\/secure.gravatar.com\/avatar\/67146597b405ee077a24e519f75c3e2031736596d6ce35af3a34c122c93d0d7b?s=96&d=retro&r=g","caption":"pnud"}}]}},"_links":{"self":[{"href":"https:\/\/poblenouurbandistrict.com\/ca\/wp-json\/wp\/v2\/posts\/31240","targetHints":{"allow":["GET"]}}],"collection":[{"href":"https:\/\/poblenouurbandistrict.com\/ca\/wp-json\/wp\/v2\/posts"}],"about":[{"href":"https:\/\/poblenouurbandistrict.com\/ca\/wp-json\/wp\/v2\/types\/post"}],"author":[{"embeddable":true,"href":"https:\/\/poblenouurbandistrict.com\/ca\/wp-json\/wp\/v2\/users\/5"}],"replies":[{"embeddable":true,"href":"https:\/\/poblenouurbandistrict.com\/ca\/wp-json\/wp\/v2\/comments?post=31240"}],"version-history":[{"count":6,"href":"https:\/\/poblenouurbandistrict.com\/ca\/wp-json\/wp\/v2\/posts\/31240\/revisions"}],"predecessor-version":[{"id":31614,"href":"https:\/\/poblenouurbandistrict.com\/ca\/wp-json\/wp\/v2\/posts\/31240\/revisions\/31614"}],"wp:featuredmedia":[{"embeddable":true,"href":"https:\/\/poblenouurbandistrict.com\/ca\/wp-json\/wp\/v2\/media\/31241"}],"wp:attachment":[{"href":"https:\/\/poblenouurbandistrict.com\/ca\/wp-json\/wp\/v2\/media?parent=31240"}],"wp:term":[{"taxonomy":"category","embeddable":true,"href":"https:\/\/poblenouurbandistrict.com\/ca\/wp-json\/wp\/v2\/categories?post=31240"},{"taxonomy":"post_tag","embeddable":true,"href":"https:\/\/poblenouurbandistrict.com\/ca\/wp-json\/wp\/v2\/tags?post=31240"}],"curies":[{"name":"wp","href":"https:\/\/api.w.org\/{rel}","templated":true}]}}