{"id":32406,"date":"2022-06-30T10:32:32","date_gmt":"2022-06-30T08:32:32","guid":{"rendered":"https:\/\/poblenouurbandistrict.com\/?p=32406"},"modified":"2022-06-30T10:32:49","modified_gmt":"2022-06-30T08:32:49","slug":"els-museus-de-barcelona-conviden-a-gaudir-dun-estiu-ple-de-cultura-amb-prop-de-250-activitats","status":"publish","type":"post","link":"https:\/\/poblenouurbandistrict.com\/ca\/els-museus-de-barcelona-conviden-a-gaudir-dun-estiu-ple-de-cultura-amb-prop-de-250-activitats\/","title":{"rendered":"Els Museus de Barcelona conviden a gaudir d\u2019un estiu ple de cultura amb prop de 250 activitats"},"content":{"rendered":"<p>Cinema a l\u2019aire lliure, concerts de nit i itineraris nocturns s\u00f3n algunes de les propostes dels espais muse\u00edstics de la ciutat per a la temporada estival.<\/p>\n<p>La programaci\u00f3 s\u2019adre\u00e7a a p\u00fablics de totes les edats, amb un gran ventall de tem\u00e0tiques que reflecteix la diversitat dels museus i centres culturals i patrimonials barcelonins. Durant l\u2019estiu s\u2019inauguren algunes de les exposicions m\u00e9s importants de l\u2019any.<\/p>\n<p>Els museus i els equipaments patrimonials de Barcelona presenten aquest estiu del 2022 una extensa programaci\u00f3 que va molt m\u00e9s enll\u00e0 de les habituals exposicions. Aquestes hi seran, i seran importants: alguns espais n\u2019inauguraran de molt destacades. Per\u00f2 qui vulgui acostar-se als museus en els mesos de m\u00e9s calor tamb\u00e9 hi trobar\u00e0 una \u00e0mplia oferta de tallers, sessions de cinema, itineraris i visites guiades, concerts d\u2019estils molt diversos, jocs\u2026 En molts casos, en horari de vespre-nit. En total, m\u00e9s de 200 propostes per a tots els gustos i edats.<\/p>\n<p>Fins al 28 d\u2019agost es podr\u00e0 visitar al\u00a0<a href=\"https:\/\/poblenouurbandistrict.com\/es\/membres\/museu-del-disseny-de-barcelona\/\"><strong><span style=\"color: #000000;\">Museu del Disseny de Barcelona\u00a0<\/span><\/strong><\/a><em>Transgressions. Cer\u00e0mica contempor\u00e0nia del Museu del Disseny<\/em>, mostra que exhibeix la nova col\u00b7lecci\u00f3 de cer\u00e0mica contempor\u00e0nia que complementa la ja existent, amb la incorporaci\u00f3 de peces d\u2019autors com ara Madola, Mar\u00eda Oriza, Xavier Toubes, \u00c1ngel Garraza, Sophie Aguilera, Maria Bofill, Yukiko Kitahara i Roger Coll; i l\u2019exposici\u00f3\u00a0<em>El millor disseny de l\u2019any<\/em>, amb m\u00e9s de 500 productes i projectes de disseny gr\u00e0fic, disseny industrial i arquitectura i interiorisme guardonats en els premis anuals organitzats per les associacions del FAD (Foment de les Arts i del Disseny).<\/p>\n<p style=\"text-align: center;\"><span style=\"color: #000000;\"><strong><a style=\"color: #000000;\" href=\"https:\/\/www.barcelona.cat\/ca\/que-pots-fer-a-bcn\/estiu\/llistat?&amp;c=16983626&amp;sort=proxdate%2Casc\" target=\"_blank\" rel=\"noopener\">Descobreix tota la programaci\u00f3 muse\u00edstica\u00a0<\/a><\/strong><\/span><\/p>\n<p><\/p>","protected":false},"excerpt":{"rendered":"<p>Cinema a l\u2019aire lliure, concerts de nit i itineraris nocturns s\u00f3n algunes de les propostes dels espais muse\u00edstics de la&#8230; <a href=\"https:\/\/poblenouurbandistrict.com\/ca\/els-museus-de-barcelona-conviden-a-gaudir-dun-estiu-ple-de-cultura-amb-prop-de-250-activitats\/\">M\u00e9s  \u2192<\/a><\/p>\n","protected":false},"author":5,"featured_media":30877,"comment_status":"closed","ping_status":"closed","sticky":false,"template":"","format":"standard","meta":{"_acf_changed":false,"footnotes":""},"categories":[3501,3481,1,3342],"tags":[],"class_list":["post-32406","post","type-post","status-publish","format-standard","has-post-thumbnail","hentry","category-disseny","category-agenda","category-noticias","category-art"],"acf":[],"yoast_head":"<!-- This site is optimized with the Yoast SEO plugin v27.5 - https:\/\/yoast.com\/product\/yoast-seo-wordpress\/ -->\n<title>Est\u00e0 passant Poblenou Urban District Est\u00e0 passant Est\u00e0 passant<\/title>\n<meta name=\"description\" content=\"Cine al aire libre, conciertos e itinerarios nocturnos son algunas de las propuestas de los museos de la ciudad para este verano.\" \/>\n<meta name=\"robots\" content=\"index, follow, max-snippet:-1, max-image-preview:large, max-video-preview:-1\" \/>\n<link rel=\"canonical\" href=\"https:\/\/poblenouurbandistrict.com\/ca\/els-museus-de-barcelona-conviden-a-gaudir-dun-estiu-ple-de-cultura-amb-prop-de-250-activitats\/\" \/>\n<meta property=\"og:locale\" content=\"ca_ES\" \/>\n<meta property=\"og:type\" content=\"article\" \/>\n<meta property=\"og:title\" content=\"Est\u00e0 passant Poblenou Urban District Est\u00e0 passant Est\u00e0 passant\" \/>\n<meta property=\"og:description\" content=\"Cine al aire libre, conciertos e itinerarios nocturnos son algunas de las propuestas de los museos de la ciudad para este verano.\" \/>\n<meta property=\"og:url\" content=\"https:\/\/poblenouurbandistrict.com\/ca\/els-museus-de-barcelona-conviden-a-gaudir-dun-estiu-ple-de-cultura-amb-prop-de-250-activitats\/\" \/>\n<meta property=\"og:site_name\" content=\"Poblenou Urban District\" \/>\n<meta property=\"article:published_time\" content=\"2022-06-30T08:32:32+00:00\" \/>\n<meta property=\"article:modified_time\" content=\"2022-06-30T08:32:49+00:00\" \/>\n<meta property=\"og:image\" content=\"https:\/\/poblenouurbandistrict.com\/wp-content\/uploads\/2022\/05\/museu-del-disseny-objectes-comuns-copia-scaled.jpg\" \/>\n\t<meta property=\"og:image:width\" content=\"2560\" \/>\n\t<meta property=\"og:image:height\" content=\"1707\" \/>\n\t<meta property=\"og:image:type\" content=\"image\/jpeg\" \/>\n<meta name=\"author\" content=\"pnud\" \/>\n<meta name=\"twitter:card\" content=\"summary_large_image\" \/>\n<meta name=\"twitter:label1\" content=\"Escrit per\" \/>\n\t<meta name=\"twitter:data1\" content=\"pnud\" \/>\n\t<meta name=\"twitter:label2\" content=\"Temps estimat de lectura\" \/>\n\t<meta name=\"twitter:data2\" content=\"2 minuts\" \/>\n<script type=\"application\/ld+json\" class=\"yoast-schema-graph\">{\"@context\":\"https:\\\/\\\/schema.org\",\"@graph\":[{\"@type\":\"Article\",\"@id\":\"https:\\\/\\\/poblenouurbandistrict.com\\\/els-museus-de-barcelona-conviden-a-gaudir-dun-estiu-ple-de-cultura-amb-prop-de-250-activitats\\\/#article\",\"isPartOf\":{\"@id\":\"https:\\\/\\\/poblenouurbandistrict.com\\\/els-museus-de-barcelona-conviden-a-gaudir-dun-estiu-ple-de-cultura-amb-prop-de-250-activitats\\\/\"},\"author\":{\"name\":\"pnud\",\"@id\":\"https:\\\/\\\/poblenouurbandistrict.com\\\/#\\\/schema\\\/person\\\/980a2cf34b399d5218205730acd54a7e\"},\"headline\":\"Els Museus de Barcelona conviden a gaudir d\u2019un estiu ple de cultura amb prop de 250 activitats\",\"datePublished\":\"2022-06-30T08:32:32+00:00\",\"dateModified\":\"2022-06-30T08:32:49+00:00\",\"mainEntityOfPage\":{\"@id\":\"https:\\\/\\\/poblenouurbandistrict.com\\\/els-museus-de-barcelona-conviden-a-gaudir-dun-estiu-ple-de-cultura-amb-prop-de-250-activitats\\\/\"},\"wordCount\":596,\"image\":{\"@id\":\"https:\\\/\\\/poblenouurbandistrict.com\\\/els-museus-de-barcelona-conviden-a-gaudir-dun-estiu-ple-de-cultura-amb-prop-de-250-activitats\\\/#primaryimage\"},\"thumbnailUrl\":\"https:\\\/\\\/media.poblenouurbandistrict.com\\\/2022\\\/05\\\/25052112\\\/museu-del-disseny-objectes-comuns-copia-scaled.jpg\",\"articleSection\":[\"Disseny\",\"Agenda\",\"Est\u00e0 passant\",\"Art\"],\"inLanguage\":\"ca\"},{\"@type\":\"WebPage\",\"@id\":\"https:\\\/\\\/poblenouurbandistrict.com\\\/ca\\\/els-museus-de-barcelona-conviden-a-gaudir-dun-estiu-ple-de-cultura-amb-prop-de-250-activitats\\\/\",\"url\":\"https:\\\/\\\/poblenouurbandistrict.com\\\/ca\\\/els-museus-de-barcelona-conviden-a-gaudir-dun-estiu-ple-de-cultura-amb-prop-de-250-activitats\\\/\",\"name\":\"Est\u00e0 passant Poblenou Urban District Est\u00e0 passant Est\u00e0 passant\",\"isPartOf\":{\"@id\":\"https:\\\/\\\/poblenouurbandistrict.com\\\/ca\\\/#website\"},\"primaryImageOfPage\":{\"@id\":\"https:\\\/\\\/poblenouurbandistrict.com\\\/ca\\\/els-museus-de-barcelona-conviden-a-gaudir-dun-estiu-ple-de-cultura-amb-prop-de-250-activitats\\\/#primaryimage\"},\"image\":{\"@id\":\"https:\\\/\\\/poblenouurbandistrict.com\\\/els-museus-de-barcelona-conviden-a-gaudir-dun-estiu-ple-de-cultura-amb-prop-de-250-activitats\\\/#primaryimage\"},\"thumbnailUrl\":\"https:\\\/\\\/media.poblenouurbandistrict.com\\\/2022\\\/05\\\/25052112\\\/museu-del-disseny-objectes-comuns-copia-scaled.jpg\",\"datePublished\":\"2022-06-30T08:32:32+00:00\",\"dateModified\":\"2022-06-30T08:32:49+00:00\",\"author\":{\"@id\":\"https:\\\/\\\/poblenouurbandistrict.com\\\/#\\\/schema\\\/person\\\/980a2cf34b399d5218205730acd54a7e\"},\"description\":\"Cine al aire libre, conciertos e itinerarios nocturnos son algunas de las propuestas de los museos de la ciudad para este verano.\",\"breadcrumb\":{\"@id\":\"https:\\\/\\\/poblenouurbandistrict.com\\\/ca\\\/els-museus-de-barcelona-conviden-a-gaudir-dun-estiu-ple-de-cultura-amb-prop-de-250-activitats\\\/#breadcrumb\"},\"inLanguage\":\"ca\",\"potentialAction\":[{\"@type\":\"ReadAction\",\"target\":[[\"https:\\\/\\\/poblenouurbandistrict.com\\\/ca\\\/els-museus-de-barcelona-conviden-a-gaudir-dun-estiu-ple-de-cultura-amb-prop-de-250-activitats\\\/\"]]}]},{\"@type\":\"ImageObject\",\"inLanguage\":\"ca\",\"@id\":\"https:\\\/\\\/poblenouurbandistrict.com\\\/ca\\\/els-museus-de-barcelona-conviden-a-gaudir-dun-estiu-ple-de-cultura-amb-prop-de-250-activitats\\\/#primaryimage\",\"url\":\"https:\\\/\\\/media.poblenouurbandistrict.com\\\/2022\\\/05\\\/25052112\\\/museu-del-disseny-objectes-comuns-copia-scaled.jpg\",\"contentUrl\":\"https:\\\/\\\/media.poblenouurbandistrict.com\\\/2022\\\/05\\\/25052112\\\/museu-del-disseny-objectes-comuns-copia-scaled.jpg\",\"width\":2560,\"height\":1707},{\"@type\":\"BreadcrumbList\",\"@id\":\"https:\\\/\\\/poblenouurbandistrict.com\\\/ca\\\/els-museus-de-barcelona-conviden-a-gaudir-dun-estiu-ple-de-cultura-amb-prop-de-250-activitats\\\/#breadcrumb\",\"itemListElement\":[{\"@type\":\"ListItem\",\"position\":1,\"name\":\"Home\",\"item\":\"https:\\\/\\\/poblenouurbandistrict.com\\\/ca\\\/\"},{\"@type\":\"ListItem\",\"position\":2,\"name\":\"Els Museus de Barcelona conviden a gaudir d\u2019un estiu ple de cultura amb prop de 250 activitats\"}]},{\"@type\":\"WebSite\",\"@id\":\"https:\\\/\\\/poblenouurbandistrict.com\\\/ca\\\/#website\",\"url\":\"https:\\\/\\\/poblenouurbandistrict.com\\\/ca\\\/\",\"name\":\"Poblenou Urban District\",\"description\":\"Comunitat Creativa\",\"potentialAction\":[{\"@type\":\"SearchAction\",\"target\":{\"@type\":\"EntryPoint\",\"urlTemplate\":\"https:\\\/\\\/poblenouurbandistrict.com\\\/ca\\\/?s={search_term_string}\"},\"query-input\":{\"@type\":\"PropertyValueSpecification\",\"valueRequired\":true,\"valueName\":\"search_term_string\"}}],\"inLanguage\":\"ca\"},{\"@type\":\"Person\",\"@id\":\"https:\\\/\\\/poblenouurbandistrict.com\\\/#\\\/schema\\\/person\\\/980a2cf34b399d5218205730acd54a7e\",\"name\":\"pnud\",\"image\":{\"@type\":\"ImageObject\",\"inLanguage\":\"ca\",\"@id\":\"https:\\\/\\\/secure.gravatar.com\\\/avatar\\\/67146597b405ee077a24e519f75c3e2031736596d6ce35af3a34c122c93d0d7b?s=96&d=retro&r=g\",\"url\":\"https:\\\/\\\/secure.gravatar.com\\\/avatar\\\/67146597b405ee077a24e519f75c3e2031736596d6ce35af3a34c122c93d0d7b?s=96&d=retro&r=g\",\"contentUrl\":\"https:\\\/\\\/secure.gravatar.com\\\/avatar\\\/67146597b405ee077a24e519f75c3e2031736596d6ce35af3a34c122c93d0d7b?s=96&d=retro&r=g\",\"caption\":\"pnud\"}}]}<\/script>\n<!-- \/ Yoast SEO plugin. -->","yoast_head_json":{"title":"Est\u00e0 passant Poblenou Urban District Est\u00e0 passant Est\u00e0 passant","description":"Cine al aire libre, conciertos e itinerarios nocturnos son algunas de las propuestas de los museos de la ciudad para este verano.","robots":{"index":"index","follow":"follow","max-snippet":"max-snippet:-1","max-image-preview":"max-image-preview:large","max-video-preview":"max-video-preview:-1"},"canonical":"https:\/\/poblenouurbandistrict.com\/ca\/els-museus-de-barcelona-conviden-a-gaudir-dun-estiu-ple-de-cultura-amb-prop-de-250-activitats\/","og_locale":"ca_ES","og_type":"article","og_title":"Est\u00e0 passant Poblenou Urban District Est\u00e0 passant Est\u00e0 passant","og_description":"Cine al aire libre, conciertos e itinerarios nocturnos son algunas de las propuestas de los museos de la ciudad para este verano.","og_url":"https:\/\/poblenouurbandistrict.com\/ca\/els-museus-de-barcelona-conviden-a-gaudir-dun-estiu-ple-de-cultura-amb-prop-de-250-activitats\/","og_site_name":"Poblenou Urban District","article_published_time":"2022-06-30T08:32:32+00:00","article_modified_time":"2022-06-30T08:32:49+00:00","og_image":[{"width":2560,"height":1707,"url":"https:\/\/poblenouurbandistrict.com\/wp-content\/uploads\/2022\/05\/museu-del-disseny-objectes-comuns-copia-scaled.jpg","type":"image\/jpeg"}],"author":"pnud","twitter_card":"summary_large_image","twitter_misc":{"Escrit per":"pnud","Temps estimat de lectura":"2 minuts"},"schema":{"@context":"https:\/\/schema.org","@graph":[{"@type":"Article","@id":"https:\/\/poblenouurbandistrict.com\/els-museus-de-barcelona-conviden-a-gaudir-dun-estiu-ple-de-cultura-amb-prop-de-250-activitats\/#article","isPartOf":{"@id":"https:\/\/poblenouurbandistrict.com\/els-museus-de-barcelona-conviden-a-gaudir-dun-estiu-ple-de-cultura-amb-prop-de-250-activitats\/"},"author":{"name":"pnud","@id":"https:\/\/poblenouurbandistrict.com\/#\/schema\/person\/980a2cf34b399d5218205730acd54a7e"},"headline":"Els Museus de Barcelona conviden a gaudir d\u2019un estiu ple de cultura amb prop de 250 activitats","datePublished":"2022-06-30T08:32:32+00:00","dateModified":"2022-06-30T08:32:49+00:00","mainEntityOfPage":{"@id":"https:\/\/poblenouurbandistrict.com\/els-museus-de-barcelona-conviden-a-gaudir-dun-estiu-ple-de-cultura-amb-prop-de-250-activitats\/"},"wordCount":596,"image":{"@id":"https:\/\/poblenouurbandistrict.com\/els-museus-de-barcelona-conviden-a-gaudir-dun-estiu-ple-de-cultura-amb-prop-de-250-activitats\/#primaryimage"},"thumbnailUrl":"https:\/\/media.poblenouurbandistrict.com\/2022\/05\/25052112\/museu-del-disseny-objectes-comuns-copia-scaled.jpg","articleSection":["Disseny","Agenda","Est\u00e0 passant","Art"],"inLanguage":"ca"},{"@type":"WebPage","@id":"https:\/\/poblenouurbandistrict.com\/ca\/els-museus-de-barcelona-conviden-a-gaudir-dun-estiu-ple-de-cultura-amb-prop-de-250-activitats\/","url":"https:\/\/poblenouurbandistrict.com\/ca\/els-museus-de-barcelona-conviden-a-gaudir-dun-estiu-ple-de-cultura-amb-prop-de-250-activitats\/","name":"Est\u00e0 passant Poblenou Urban District Est\u00e0 passant Est\u00e0 passant","isPartOf":{"@id":"https:\/\/poblenouurbandistrict.com\/ca\/#website"},"primaryImageOfPage":{"@id":"https:\/\/poblenouurbandistrict.com\/ca\/els-museus-de-barcelona-conviden-a-gaudir-dun-estiu-ple-de-cultura-amb-prop-de-250-activitats\/#primaryimage"},"image":{"@id":"https:\/\/poblenouurbandistrict.com\/els-museus-de-barcelona-conviden-a-gaudir-dun-estiu-ple-de-cultura-amb-prop-de-250-activitats\/#primaryimage"},"thumbnailUrl":"https:\/\/media.poblenouurbandistrict.com\/2022\/05\/25052112\/museu-del-disseny-objectes-comuns-copia-scaled.jpg","datePublished":"2022-06-30T08:32:32+00:00","dateModified":"2022-06-30T08:32:49+00:00","author":{"@id":"https:\/\/poblenouurbandistrict.com\/#\/schema\/person\/980a2cf34b399d5218205730acd54a7e"},"description":"Cine al aire libre, conciertos e itinerarios nocturnos son algunas de las propuestas de los museos de la ciudad para este verano.","breadcrumb":{"@id":"https:\/\/poblenouurbandistrict.com\/ca\/els-museus-de-barcelona-conviden-a-gaudir-dun-estiu-ple-de-cultura-amb-prop-de-250-activitats\/#breadcrumb"},"inLanguage":"ca","potentialAction":[{"@type":"ReadAction","target":[["https:\/\/poblenouurbandistrict.com\/ca\/els-museus-de-barcelona-conviden-a-gaudir-dun-estiu-ple-de-cultura-amb-prop-de-250-activitats\/"]]}]},{"@type":"ImageObject","inLanguage":"ca","@id":"https:\/\/poblenouurbandistrict.com\/ca\/els-museus-de-barcelona-conviden-a-gaudir-dun-estiu-ple-de-cultura-amb-prop-de-250-activitats\/#primaryimage","url":"https:\/\/media.poblenouurbandistrict.com\/2022\/05\/25052112\/museu-del-disseny-objectes-comuns-copia-scaled.jpg","contentUrl":"https:\/\/media.poblenouurbandistrict.com\/2022\/05\/25052112\/museu-del-disseny-objectes-comuns-copia-scaled.jpg","width":2560,"height":1707},{"@type":"BreadcrumbList","@id":"https:\/\/poblenouurbandistrict.com\/ca\/els-museus-de-barcelona-conviden-a-gaudir-dun-estiu-ple-de-cultura-amb-prop-de-250-activitats\/#breadcrumb","itemListElement":[{"@type":"ListItem","position":1,"name":"Home","item":"https:\/\/poblenouurbandistrict.com\/ca\/"},{"@type":"ListItem","position":2,"name":"Els Museus de Barcelona conviden a gaudir d\u2019un estiu ple de cultura amb prop de 250 activitats"}]},{"@type":"WebSite","@id":"https:\/\/poblenouurbandistrict.com\/ca\/#website","url":"https:\/\/poblenouurbandistrict.com\/ca\/","name":"Poblenou Urban District","description":"Comunitat Creativa","potentialAction":[{"@type":"SearchAction","target":{"@type":"EntryPoint","urlTemplate":"https:\/\/poblenouurbandistrict.com\/ca\/?s={search_term_string}"},"query-input":{"@type":"PropertyValueSpecification","valueRequired":true,"valueName":"search_term_string"}}],"inLanguage":"ca"},{"@type":"Person","@id":"https:\/\/poblenouurbandistrict.com\/#\/schema\/person\/980a2cf34b399d5218205730acd54a7e","name":"pnud","image":{"@type":"ImageObject","inLanguage":"ca","@id":"https:\/\/secure.gravatar.com\/avatar\/67146597b405ee077a24e519f75c3e2031736596d6ce35af3a34c122c93d0d7b?s=96&d=retro&r=g","url":"https:\/\/secure.gravatar.com\/avatar\/67146597b405ee077a24e519f75c3e2031736596d6ce35af3a34c122c93d0d7b?s=96&d=retro&r=g","contentUrl":"https:\/\/secure.gravatar.com\/avatar\/67146597b405ee077a24e519f75c3e2031736596d6ce35af3a34c122c93d0d7b?s=96&d=retro&r=g","caption":"pnud"}}]}},"_links":{"self":[{"href":"https:\/\/poblenouurbandistrict.com\/ca\/wp-json\/wp\/v2\/posts\/32406","targetHints":{"allow":["GET"]}}],"collection":[{"href":"https:\/\/poblenouurbandistrict.com\/ca\/wp-json\/wp\/v2\/posts"}],"about":[{"href":"https:\/\/poblenouurbandistrict.com\/ca\/wp-json\/wp\/v2\/types\/post"}],"author":[{"embeddable":true,"href":"https:\/\/poblenouurbandistrict.com\/ca\/wp-json\/wp\/v2\/users\/5"}],"replies":[{"embeddable":true,"href":"https:\/\/poblenouurbandistrict.com\/ca\/wp-json\/wp\/v2\/comments?post=32406"}],"version-history":[{"count":3,"href":"https:\/\/poblenouurbandistrict.com\/ca\/wp-json\/wp\/v2\/posts\/32406\/revisions"}],"predecessor-version":[{"id":32720,"href":"https:\/\/poblenouurbandistrict.com\/ca\/wp-json\/wp\/v2\/posts\/32406\/revisions\/32720"}],"wp:featuredmedia":[{"embeddable":true,"href":"https:\/\/poblenouurbandistrict.com\/ca\/wp-json\/wp\/v2\/media\/30877"}],"wp:attachment":[{"href":"https:\/\/poblenouurbandistrict.com\/ca\/wp-json\/wp\/v2\/media?parent=32406"}],"wp:term":[{"taxonomy":"category","embeddable":true,"href":"https:\/\/poblenouurbandistrict.com\/ca\/wp-json\/wp\/v2\/categories?post=32406"},{"taxonomy":"post_tag","embeddable":true,"href":"https:\/\/poblenouurbandistrict.com\/ca\/wp-json\/wp\/v2\/tags?post=32406"}],"curies":[{"name":"wp","href":"https:\/\/api.w.org\/{rel}","templated":true}]}}