{"id":33431,"date":"2022-09-05T15:49:22","date_gmt":"2022-09-05T13:49:22","guid":{"rendered":"https:\/\/poblenouurbandistrict.com\/?p=33431"},"modified":"2022-10-14T12:52:47","modified_gmt":"2022-10-14T10:52:47","slug":"tots-els-esdeveniments-que-tesperen-al-districte-creatiu-els-proxims-mesos","status":"publish","type":"post","link":"https:\/\/poblenouurbandistrict.com\/ca\/tots-els-esdeveniments-que-tesperen-al-districte-creatiu-els-proxims-mesos\/","title":{"rendered":"Tots els esdeveniments que t&#8217;esperen al Districte Creatiu els pr\u00f2xims mesos"},"content":{"rendered":"<p><span style=\"color: #333333;\">A <strong><a style=\"color: #333333;\" href=\"https:\/\/poblenouurbandistrict.com\/\" target=\"_blank\" rel=\"noopener\">Poblenou Urban District<\/a> <\/strong>hem tornat a encendre els motors per omplir els carrers del Districte Creatiu d&#8217;activitat cultural i creativitat. Aquest inici de temporada est\u00e0 carregada de sorpreses per celebrar el des\u00e8 aniversari de l&#8217;associaci\u00f3 amb una programaci\u00f3 ecl\u00e8ctica i molt especial. Si et mou la cultura i t&#8217;interessa tot el m\u00f3n de la creativitat aquest \u00e9s el teu article referent on trobar\u00e0s en exclusiva les dates que t&#8217;has de marcar al teu calendari.<\/span><\/p>\n<p><span style=\"color: #333333;\">Els dies 14,15 i 16 d&#8217;octubre prepara&#8217;t per rec\u00f3rrer els carrers del Districte Creatiu amb <strong><a style=\"color: #333333;\" href=\"https:\/\/poblenouurbandistrict.com\/ar-de\/\" target=\"_blank\" rel=\"noopener\">AR-DE<\/a><\/strong>, el circuit de l&#8217;art i el disseny on trobar\u00e0s un conjunt de les millors galeries d&#8217;art, showrooms i museus del Districte Creatiu que programen exposicions \u00faniques per a que t&#8217;apropis a gaudir de la seva excel\u00b7lent programaci\u00f3. Una bona oportunitat per con\u00e8ixer artistes emergents i consagrats i dissenyadors nacionals i internacionals.<\/span><\/p>\n<p><span style=\"color: #333333;\">Just a princips del mes seg\u00fcent, concretament el <strong>5 de novembre<\/strong> al Disseny Hub Barcelona, celebrem les <strong><a style=\"color: #333333;\" href=\"https:\/\/poblenouurbandistrict.com\/urban-talks-4\/\" target=\"_blank\" rel=\"noopener\">Urban Talks<\/a><\/strong>, un cicle de xerrades itinerants que tenen com a objectiu obrir un debat amb la ciutadania sobre la cultura i la creativitat en relaci\u00f3 amb l&#8217;entorn urb\u00e0. Les Urban Talks s\u00f3n una oportunitat \u00fanica per dialogar sobre l&#8217;art, el patrimoni, l&#8217;economia, la tecnologia o la sostenibilitat amb professionals que han destacat per la seva activitat en aquests camps i que ens permeten veure amb optimisme el futur de les ciutats.<\/span><\/p>\n<p><span style=\"color: #333333;\">El divendres 25 de novembre ens espera un dels esdeveniments m\u00e9s coneguts del Poblenou Urban District, el <strong><a style=\"color: #333333;\" href=\"https:\/\/poblenouurbandistrict.com\/poblenou-open-night\/open-night-2021\/\" target=\"_blank\" rel=\"noopener\">Poblenou Open Night<\/a><\/strong>. En el marc del des\u00e8 aniversari de l&#8217;associaci\u00f3 ens augura una programaci\u00f3 molt especial que far\u00e0 que aquesta data sigui recordada durant molt de temps. Poblenou Open Night \u00e9s una nit on els espais de la comunirtat de Poblenou Urban District obren les portes i ofereixen un ampli programa d&#8217;activitats culturals: exposicions, tallers, concerts, propostes gastron\u00f2miques i performances. A m\u00e9s del que es podr\u00e0 veure als diferents espais durant el Poblenou Open Night, Poblenou Urban District afegeix a la seva programaci\u00f3 la tercera edici\u00f3 del <strong><a style=\"color: #333333;\" href=\"https:\/\/poblenouurbandistrict.com\/descubre-el-line-up-del-muc\/\" target=\"_blank\" rel=\"noopener\">MUSIC URBAN CIRCUIT<\/a> \/ MUC<\/strong>, un circuit musical per escenaris, sales de concerts i espais singulars del Districte on artistes tindran l&#8217;oportunitat de presentar el seu repertori.<\/span><\/p>\n<p><span style=\"color: #333333;\">Si mai no has tingut oportunitat d&#8217;assistir al Poblenou Open Night, aquesta \u00e9s la teva ocasi\u00f3 perfecta.<\/span><\/p>\n<p><span style=\"color: #333333;\">Ben entrat l&#8217;any 2023, del 3 al 5 de febrer, celebrarem <a style=\"color: #333333;\" href=\"https:\/\/poblenouurbandistrict.com\/off-llum-bcn-2022\/\" target=\"_blank\" rel=\"noopener\">l&#8217;<strong>Off Llum Bcn<\/strong><\/a>, un circuit d&#8217;instal\u00b7lacions lum\u00edniques de petit i mig format ideat i produ\u00eft pel <strong>Poblenou Urban District<\/strong>. Un recorregut alternatiu al <strong><a style=\"color: #333333;\" href=\"https:\/\/www.barcelona.cat\/llumbcn\/es\/\" target=\"_blank\" rel=\"noopener\">Llum Bcn<\/a><\/strong> que cerca posar el focus a l&#8217;art lum\u00ednic experimental i en propostes locals dels espais de creaci\u00f3 i innovaci\u00f3 que formen la comunitat creativa de Poblenou.<\/span><\/p>\n<p><span style=\"color: #333333;\">Ben aviat donarem m\u00e9s detalls de tots els esdeveniments i programa d&#8217;activitats. Estigueu atents!<\/span><\/p>","protected":false},"excerpt":{"rendered":"<p>A Poblenou Urban District hem tornat a encendre els motors per omplir els carrers del Districte Creatiu d&#8217;activitat cultural i&#8230; <a href=\"https:\/\/poblenouurbandistrict.com\/ca\/tots-els-esdeveniments-que-tesperen-al-districte-creatiu-els-proxims-mesos\/\">M\u00e9s  \u2192<\/a><\/p>\n","protected":false},"author":5,"featured_media":33432,"comment_status":"closed","ping_status":"closed","sticky":false,"template":"","format":"standard","meta":{"_acf_changed":false,"footnotes":""},"categories":[3501,3481,3364,3342,3348],"tags":[],"class_list":["post-33431","post","type-post","status-publish","format-standard","has-post-thumbnail","hentry","category-disseny","category-agenda","category-poblenou-urban-district","category-art","category-musica"],"acf":[],"yoast_head":"<!-- This site is optimized with the Yoast SEO plugin v27.5 - https:\/\/yoast.com\/product\/yoast-seo-wordpress\/ -->\n<title>Todos los eventos del Distrito Creativo para 2022 - Poblenou Urban District<\/title>\n<meta name=\"description\" content=\"Descubre toda la programaci\u00f3n en cuanto a eventos culturales y creatividad en el Distrito Creativo para los pr\u00f3ximos meses.\" \/>\n<meta name=\"robots\" content=\"index, follow, max-snippet:-1, max-image-preview:large, max-video-preview:-1\" \/>\n<link rel=\"canonical\" href=\"https:\/\/poblenouurbandistrict.com\/ca\/tots-els-esdeveniments-que-tesperen-al-districte-creatiu-els-proxims-mesos\/\" \/>\n<meta property=\"og:locale\" content=\"ca_ES\" \/>\n<meta property=\"og:type\" content=\"article\" \/>\n<meta property=\"og:title\" content=\"Todos los eventos del Distrito Creativo para 2022 - Poblenou Urban District\" \/>\n<meta property=\"og:description\" content=\"Descubre toda la programaci\u00f3n en cuanto a eventos culturales y creatividad en el Distrito Creativo para los pr\u00f3ximos meses.\" \/>\n<meta property=\"og:url\" content=\"https:\/\/poblenouurbandistrict.com\/ca\/tots-els-esdeveniments-que-tesperen-al-districte-creatiu-els-proxims-mesos\/\" \/>\n<meta property=\"og:site_name\" content=\"Poblenou Urban District\" \/>\n<meta property=\"article:published_time\" content=\"2022-09-05T13:49:22+00:00\" \/>\n<meta property=\"article:modified_time\" content=\"2022-10-14T10:52:47+00:00\" \/>\n<meta property=\"og:image\" content=\"https:\/\/poblenouurbandistrict.com\/wp-content\/uploads\/2022\/09\/dsc3553-scaled.jpg\" \/>\n\t<meta property=\"og:image:width\" content=\"2560\" \/>\n\t<meta property=\"og:image:height\" content=\"1710\" \/>\n\t<meta property=\"og:image:type\" content=\"image\/jpeg\" \/>\n<meta name=\"author\" content=\"pnud\" \/>\n<meta name=\"twitter:card\" content=\"summary_large_image\" \/>\n<meta name=\"twitter:label1\" content=\"Escrit per\" \/>\n\t<meta name=\"twitter:data1\" content=\"pnud\" \/>\n\t<meta name=\"twitter:label2\" content=\"Temps estimat de lectura\" \/>\n\t<meta name=\"twitter:data2\" content=\"3 minuts\" \/>\n<script type=\"application\/ld+json\" class=\"yoast-schema-graph\">{\"@context\":\"https:\\\/\\\/schema.org\",\"@graph\":[{\"@type\":\"Article\",\"@id\":\"https:\\\/\\\/poblenouurbandistrict.com\\\/tots-els-esdeveniments-que-tesperen-al-districte-creatiu-els-proxims-mesos\\\/#article\",\"isPartOf\":{\"@id\":\"https:\\\/\\\/poblenouurbandistrict.com\\\/tots-els-esdeveniments-que-tesperen-al-districte-creatiu-els-proxims-mesos\\\/\"},\"author\":{\"name\":\"pnud\",\"@id\":\"https:\\\/\\\/poblenouurbandistrict.com\\\/#\\\/schema\\\/person\\\/980a2cf34b399d5218205730acd54a7e\"},\"headline\":\"Tots els esdeveniments que t&#8217;esperen al Districte Creatiu els pr\u00f2xims mesos\",\"datePublished\":\"2022-09-05T13:49:22+00:00\",\"dateModified\":\"2022-10-14T10:52:47+00:00\",\"mainEntityOfPage\":{\"@id\":\"https:\\\/\\\/poblenouurbandistrict.com\\\/tots-els-esdeveniments-que-tesperen-al-districte-creatiu-els-proxims-mesos\\\/\"},\"wordCount\":1463,\"image\":{\"@id\":\"https:\\\/\\\/poblenouurbandistrict.com\\\/tots-els-esdeveniments-que-tesperen-al-districte-creatiu-els-proxims-mesos\\\/#primaryimage\"},\"thumbnailUrl\":\"https:\\\/\\\/media.poblenouurbandistrict.com\\\/2022\\\/09\\\/25053947\\\/dsc3553-scaled.jpg\",\"articleSection\":[\"Disseny\",\"Agenda\",\"Poblenou Urban District\",\"Art\",\"M\u00fasica\"],\"inLanguage\":\"ca\"},{\"@type\":\"WebPage\",\"@id\":\"https:\\\/\\\/poblenouurbandistrict.com\\\/ca\\\/tots-els-esdeveniments-que-tesperen-al-districte-creatiu-els-proxims-mesos\\\/\",\"url\":\"https:\\\/\\\/poblenouurbandistrict.com\\\/ca\\\/tots-els-esdeveniments-que-tesperen-al-districte-creatiu-els-proxims-mesos\\\/\",\"name\":\"Todos los eventos del Distrito Creativo para 2022 - Poblenou Urban District\",\"isPartOf\":{\"@id\":\"https:\\\/\\\/poblenouurbandistrict.com\\\/ca\\\/#website\"},\"primaryImageOfPage\":{\"@id\":\"https:\\\/\\\/poblenouurbandistrict.com\\\/ca\\\/tots-els-esdeveniments-que-tesperen-al-districte-creatiu-els-proxims-mesos\\\/#primaryimage\"},\"image\":{\"@id\":\"https:\\\/\\\/poblenouurbandistrict.com\\\/tots-els-esdeveniments-que-tesperen-al-districte-creatiu-els-proxims-mesos\\\/#primaryimage\"},\"thumbnailUrl\":\"https:\\\/\\\/media.poblenouurbandistrict.com\\\/2022\\\/09\\\/25053947\\\/dsc3553-scaled.jpg\",\"datePublished\":\"2022-09-05T13:49:22+00:00\",\"dateModified\":\"2022-10-14T10:52:47+00:00\",\"author\":{\"@id\":\"https:\\\/\\\/poblenouurbandistrict.com\\\/#\\\/schema\\\/person\\\/980a2cf34b399d5218205730acd54a7e\"},\"description\":\"Descubre toda la programaci\u00f3n en cuanto a eventos culturales y creatividad en el Distrito Creativo para los pr\u00f3ximos meses.\",\"breadcrumb\":{\"@id\":\"https:\\\/\\\/poblenouurbandistrict.com\\\/ca\\\/tots-els-esdeveniments-que-tesperen-al-districte-creatiu-els-proxims-mesos\\\/#breadcrumb\"},\"inLanguage\":\"ca\",\"potentialAction\":[{\"@type\":\"ReadAction\",\"target\":[[\"https:\\\/\\\/poblenouurbandistrict.com\\\/ca\\\/tots-els-esdeveniments-que-tesperen-al-districte-creatiu-els-proxims-mesos\\\/\"]]}]},{\"@type\":\"ImageObject\",\"inLanguage\":\"ca\",\"@id\":\"https:\\\/\\\/poblenouurbandistrict.com\\\/ca\\\/tots-els-esdeveniments-que-tesperen-al-districte-creatiu-els-proxims-mesos\\\/#primaryimage\",\"url\":\"https:\\\/\\\/media.poblenouurbandistrict.com\\\/2022\\\/09\\\/25053947\\\/dsc3553-scaled.jpg\",\"contentUrl\":\"https:\\\/\\\/media.poblenouurbandistrict.com\\\/2022\\\/09\\\/25053947\\\/dsc3553-scaled.jpg\",\"width\":2560,\"height\":1710},{\"@type\":\"BreadcrumbList\",\"@id\":\"https:\\\/\\\/poblenouurbandistrict.com\\\/ca\\\/tots-els-esdeveniments-que-tesperen-al-districte-creatiu-els-proxims-mesos\\\/#breadcrumb\",\"itemListElement\":[{\"@type\":\"ListItem\",\"position\":1,\"name\":\"Home\",\"item\":\"https:\\\/\\\/poblenouurbandistrict.com\\\/ca\\\/\"},{\"@type\":\"ListItem\",\"position\":2,\"name\":\"Tots els esdeveniments que t&#8217;esperen al Districte Creatiu els pr\u00f2xims mesos\"}]},{\"@type\":\"WebSite\",\"@id\":\"https:\\\/\\\/poblenouurbandistrict.com\\\/ca\\\/#website\",\"url\":\"https:\\\/\\\/poblenouurbandistrict.com\\\/ca\\\/\",\"name\":\"Poblenou Urban District\",\"description\":\"Comunitat Creativa\",\"potentialAction\":[{\"@type\":\"SearchAction\",\"target\":{\"@type\":\"EntryPoint\",\"urlTemplate\":\"https:\\\/\\\/poblenouurbandistrict.com\\\/ca\\\/?s={search_term_string}\"},\"query-input\":{\"@type\":\"PropertyValueSpecification\",\"valueRequired\":true,\"valueName\":\"search_term_string\"}}],\"inLanguage\":\"ca\"},{\"@type\":\"Person\",\"@id\":\"https:\\\/\\\/poblenouurbandistrict.com\\\/#\\\/schema\\\/person\\\/980a2cf34b399d5218205730acd54a7e\",\"name\":\"pnud\",\"image\":{\"@type\":\"ImageObject\",\"inLanguage\":\"ca\",\"@id\":\"https:\\\/\\\/secure.gravatar.com\\\/avatar\\\/67146597b405ee077a24e519f75c3e2031736596d6ce35af3a34c122c93d0d7b?s=96&d=retro&r=g\",\"url\":\"https:\\\/\\\/secure.gravatar.com\\\/avatar\\\/67146597b405ee077a24e519f75c3e2031736596d6ce35af3a34c122c93d0d7b?s=96&d=retro&r=g\",\"contentUrl\":\"https:\\\/\\\/secure.gravatar.com\\\/avatar\\\/67146597b405ee077a24e519f75c3e2031736596d6ce35af3a34c122c93d0d7b?s=96&d=retro&r=g\",\"caption\":\"pnud\"}}]}<\/script>\n<!-- \/ Yoast SEO plugin. -->","yoast_head_json":{"title":"Todos los eventos del Distrito Creativo para 2022 - Poblenou Urban District","description":"Descubre toda la programaci\u00f3n en cuanto a eventos culturales y creatividad en el Distrito Creativo para los pr\u00f3ximos meses.","robots":{"index":"index","follow":"follow","max-snippet":"max-snippet:-1","max-image-preview":"max-image-preview:large","max-video-preview":"max-video-preview:-1"},"canonical":"https:\/\/poblenouurbandistrict.com\/ca\/tots-els-esdeveniments-que-tesperen-al-districte-creatiu-els-proxims-mesos\/","og_locale":"ca_ES","og_type":"article","og_title":"Todos los eventos del Distrito Creativo para 2022 - Poblenou Urban District","og_description":"Descubre toda la programaci\u00f3n en cuanto a eventos culturales y creatividad en el Distrito Creativo para los pr\u00f3ximos meses.","og_url":"https:\/\/poblenouurbandistrict.com\/ca\/tots-els-esdeveniments-que-tesperen-al-districte-creatiu-els-proxims-mesos\/","og_site_name":"Poblenou Urban District","article_published_time":"2022-09-05T13:49:22+00:00","article_modified_time":"2022-10-14T10:52:47+00:00","og_image":[{"width":2560,"height":1710,"url":"https:\/\/poblenouurbandistrict.com\/wp-content\/uploads\/2022\/09\/dsc3553-scaled.jpg","type":"image\/jpeg"}],"author":"pnud","twitter_card":"summary_large_image","twitter_misc":{"Escrit per":"pnud","Temps estimat de lectura":"3 minuts"},"schema":{"@context":"https:\/\/schema.org","@graph":[{"@type":"Article","@id":"https:\/\/poblenouurbandistrict.com\/tots-els-esdeveniments-que-tesperen-al-districte-creatiu-els-proxims-mesos\/#article","isPartOf":{"@id":"https:\/\/poblenouurbandistrict.com\/tots-els-esdeveniments-que-tesperen-al-districte-creatiu-els-proxims-mesos\/"},"author":{"name":"pnud","@id":"https:\/\/poblenouurbandistrict.com\/#\/schema\/person\/980a2cf34b399d5218205730acd54a7e"},"headline":"Tots els esdeveniments que t&#8217;esperen al Districte Creatiu els pr\u00f2xims mesos","datePublished":"2022-09-05T13:49:22+00:00","dateModified":"2022-10-14T10:52:47+00:00","mainEntityOfPage":{"@id":"https:\/\/poblenouurbandistrict.com\/tots-els-esdeveniments-que-tesperen-al-districte-creatiu-els-proxims-mesos\/"},"wordCount":1463,"image":{"@id":"https:\/\/poblenouurbandistrict.com\/tots-els-esdeveniments-que-tesperen-al-districte-creatiu-els-proxims-mesos\/#primaryimage"},"thumbnailUrl":"https:\/\/media.poblenouurbandistrict.com\/2022\/09\/25053947\/dsc3553-scaled.jpg","articleSection":["Disseny","Agenda","Poblenou Urban District","Art","M\u00fasica"],"inLanguage":"ca"},{"@type":"WebPage","@id":"https:\/\/poblenouurbandistrict.com\/ca\/tots-els-esdeveniments-que-tesperen-al-districte-creatiu-els-proxims-mesos\/","url":"https:\/\/poblenouurbandistrict.com\/ca\/tots-els-esdeveniments-que-tesperen-al-districte-creatiu-els-proxims-mesos\/","name":"Todos los eventos del Distrito Creativo para 2022 - Poblenou Urban District","isPartOf":{"@id":"https:\/\/poblenouurbandistrict.com\/ca\/#website"},"primaryImageOfPage":{"@id":"https:\/\/poblenouurbandistrict.com\/ca\/tots-els-esdeveniments-que-tesperen-al-districte-creatiu-els-proxims-mesos\/#primaryimage"},"image":{"@id":"https:\/\/poblenouurbandistrict.com\/tots-els-esdeveniments-que-tesperen-al-districte-creatiu-els-proxims-mesos\/#primaryimage"},"thumbnailUrl":"https:\/\/media.poblenouurbandistrict.com\/2022\/09\/25053947\/dsc3553-scaled.jpg","datePublished":"2022-09-05T13:49:22+00:00","dateModified":"2022-10-14T10:52:47+00:00","author":{"@id":"https:\/\/poblenouurbandistrict.com\/#\/schema\/person\/980a2cf34b399d5218205730acd54a7e"},"description":"Descubre toda la programaci\u00f3n en cuanto a eventos culturales y creatividad en el Distrito Creativo para los pr\u00f3ximos meses.","breadcrumb":{"@id":"https:\/\/poblenouurbandistrict.com\/ca\/tots-els-esdeveniments-que-tesperen-al-districte-creatiu-els-proxims-mesos\/#breadcrumb"},"inLanguage":"ca","potentialAction":[{"@type":"ReadAction","target":[["https:\/\/poblenouurbandistrict.com\/ca\/tots-els-esdeveniments-que-tesperen-al-districte-creatiu-els-proxims-mesos\/"]]}]},{"@type":"ImageObject","inLanguage":"ca","@id":"https:\/\/poblenouurbandistrict.com\/ca\/tots-els-esdeveniments-que-tesperen-al-districte-creatiu-els-proxims-mesos\/#primaryimage","url":"https:\/\/media.poblenouurbandistrict.com\/2022\/09\/25053947\/dsc3553-scaled.jpg","contentUrl":"https:\/\/media.poblenouurbandistrict.com\/2022\/09\/25053947\/dsc3553-scaled.jpg","width":2560,"height":1710},{"@type":"BreadcrumbList","@id":"https:\/\/poblenouurbandistrict.com\/ca\/tots-els-esdeveniments-que-tesperen-al-districte-creatiu-els-proxims-mesos\/#breadcrumb","itemListElement":[{"@type":"ListItem","position":1,"name":"Home","item":"https:\/\/poblenouurbandistrict.com\/ca\/"},{"@type":"ListItem","position":2,"name":"Tots els esdeveniments que t&#8217;esperen al Districte Creatiu els pr\u00f2xims mesos"}]},{"@type":"WebSite","@id":"https:\/\/poblenouurbandistrict.com\/ca\/#website","url":"https:\/\/poblenouurbandistrict.com\/ca\/","name":"Poblenou Urban District","description":"Comunitat Creativa","potentialAction":[{"@type":"SearchAction","target":{"@type":"EntryPoint","urlTemplate":"https:\/\/poblenouurbandistrict.com\/ca\/?s={search_term_string}"},"query-input":{"@type":"PropertyValueSpecification","valueRequired":true,"valueName":"search_term_string"}}],"inLanguage":"ca"},{"@type":"Person","@id":"https:\/\/poblenouurbandistrict.com\/#\/schema\/person\/980a2cf34b399d5218205730acd54a7e","name":"pnud","image":{"@type":"ImageObject","inLanguage":"ca","@id":"https:\/\/secure.gravatar.com\/avatar\/67146597b405ee077a24e519f75c3e2031736596d6ce35af3a34c122c93d0d7b?s=96&d=retro&r=g","url":"https:\/\/secure.gravatar.com\/avatar\/67146597b405ee077a24e519f75c3e2031736596d6ce35af3a34c122c93d0d7b?s=96&d=retro&r=g","contentUrl":"https:\/\/secure.gravatar.com\/avatar\/67146597b405ee077a24e519f75c3e2031736596d6ce35af3a34c122c93d0d7b?s=96&d=retro&r=g","caption":"pnud"}}]}},"_links":{"self":[{"href":"https:\/\/poblenouurbandistrict.com\/ca\/wp-json\/wp\/v2\/posts\/33431","targetHints":{"allow":["GET"]}}],"collection":[{"href":"https:\/\/poblenouurbandistrict.com\/ca\/wp-json\/wp\/v2\/posts"}],"about":[{"href":"https:\/\/poblenouurbandistrict.com\/ca\/wp-json\/wp\/v2\/types\/post"}],"author":[{"embeddable":true,"href":"https:\/\/poblenouurbandistrict.com\/ca\/wp-json\/wp\/v2\/users\/5"}],"replies":[{"embeddable":true,"href":"https:\/\/poblenouurbandistrict.com\/ca\/wp-json\/wp\/v2\/comments?post=33431"}],"version-history":[{"count":11,"href":"https:\/\/poblenouurbandistrict.com\/ca\/wp-json\/wp\/v2\/posts\/33431\/revisions"}],"predecessor-version":[{"id":34222,"href":"https:\/\/poblenouurbandistrict.com\/ca\/wp-json\/wp\/v2\/posts\/33431\/revisions\/34222"}],"wp:featuredmedia":[{"embeddable":true,"href":"https:\/\/poblenouurbandistrict.com\/ca\/wp-json\/wp\/v2\/media\/33432"}],"wp:attachment":[{"href":"https:\/\/poblenouurbandistrict.com\/ca\/wp-json\/wp\/v2\/media?parent=33431"}],"wp:term":[{"taxonomy":"category","embeddable":true,"href":"https:\/\/poblenouurbandistrict.com\/ca\/wp-json\/wp\/v2\/categories?post=33431"},{"taxonomy":"post_tag","embeddable":true,"href":"https:\/\/poblenouurbandistrict.com\/ca\/wp-json\/wp\/v2\/tags?post=33431"}],"curies":[{"name":"wp","href":"https:\/\/api.w.org\/{rel}","templated":true}]}}