{"id":33435,"date":"2022-09-08T10:21:55","date_gmt":"2022-09-08T08:21:55","guid":{"rendered":"https:\/\/poblenouurbandistrict.com\/?p=33435"},"modified":"2022-09-08T10:21:55","modified_gmt":"2022-09-08T08:21:55","slug":"celebra-la-festa-major-de-poblenou","status":"publish","type":"post","link":"https:\/\/poblenouurbandistrict.com\/ca\/celebra-la-festa-major-de-poblenou\/","title":{"rendered":"Celebra la Festa Major de Poblenou"},"content":{"rendered":"<p>La Festa Major del Poblenou, que en la seva edici\u00f3 del 2022 celebra el <strong>150\u00e8 aniversari<\/strong>, se celebrar\u00e0 els caps de setmana 9, 10, 11 i 16, 17, 18 de setembre, encara que, com sol ser habitual, s&#8217;allargar\u00e0 m\u00e9s o menys 10 dies.<\/p>\n<p>La <a href=\"https:\/\/www.entitatspoble9.org\/\">Coordinadora d&#8217;Entitats del Poblenou<\/a> i l&#8217;Associaci\u00f3 de Comissions de Festes del Poblenou en col\u00b7laboraci\u00f3 amb l&#8217;<a href=\"https:\/\/www.eixcomercialpoblenou.com\/\" target=\"_blank\" rel=\"noopener\">Eix Comercial del Poblenou<\/a> i l&#8217;Ajuntament de Barcelona, \u200b\u200bhan fet grans esfor\u00e7os per tirar endavant una de les edicions m\u00e9s esperades de la Festa Major del Poblenou .<\/p>\n<p>L&#8217;oferta \u00e9s \u00e0mplia i variada: <strong>m\u00fasica, art i dansa<\/strong>, i per descomptat <strong>cultura popular<\/strong>: gegants (amb l&#8217;emblem\u00e0tic lloro del 36), <strong>correfocs, castellers, menjars populars, tallers infantils i campionats esportius.<\/strong><\/p>\n<p>Entre les activitats ve\u00efnals m\u00e9s destacades trobem el concert de la banda municipal de Barcelona, \u200b\u200bel Toc de Matinades, la cercavila del Preg\u00f3, i algunes altres igual d&#8217;imprescindibles. Per\u00f2 no tot \u00e9s tradici\u00f3 popular, sin\u00f3 que tamb\u00e9 s&#8217;hi organitzen una altra s\u00e8rie d&#8217;esdeveniments, com la cursa atl\u00e8tica i altres activitats esportives, diferents actuacions musicals, balls i altres esdeveniments on l&#8217;art \u00e9s protagonista, com l&#8217;exposici\u00f3 pict\u00f2rica \u201cPoblenou: mem\u00f2ria fotogr\u00e0fica\u201d , tallers artesanals del barri i la clausura de la Festa Major amb el tradicional i espectacular Castell de focs artificials, i molts m\u00e9s que trobareu al <a href=\"https:\/\/www.festamajorpoblenou.org\/programa\/\">programa complet<\/a>.<\/p>\n<p>Membres del <a href=\"https:\/\/poblenouurbandistrict.com\/\" target=\"_blank\" rel=\"noopener\">Poblenou Urban District<\/a> s&#8217;han sumat a aquesta celebraci\u00f3 de la tradici\u00f3, la cultura, la creativitat i, sobretot, de la comunitat de ve\u00efns que conforma el barri del Poblenou, voleu saber qui?<\/p>\n<p>&nbsp;<\/p>\n<p><strong>Concert de la Banda Municipal de Barcelona<\/strong><\/p>\n<p>al <a href=\"https:\/\/www.casinoalianca.cat\/\" target=\"_blank\" rel=\"noopener\">Casino l&#8217;Alian\u00e7a del Poblenou<\/a> (rbla. del Poblenou 42)<\/p>\n<p>Un any m\u00e9s, el regal en forma de concert de la Banda Municipal de Barcelona<\/p>\n<p>organitza: Coordinadora d&#8217;Entitats del Poblenou<\/p>\n<p>col\u00b7labora: Fundaci\u00f3 Privada Casino L&#8217;Alian\u00e7a del Poblenou<\/p>\n<p>&nbsp;<\/p>\n<p>Al <a href=\"https:\/\/linktr.ee\/_VANVANVAR\" target=\"_blank\" rel=\"noopener\">Van Van Var<\/a> el primer cap de setmana de la Festa Major celebren un Pop up\u00a0 EL VENENO, especialitzat en cuina mexicana de divendres 9 a diumenge 11.<\/p>\n<p><strong>\u00a0<\/strong><\/p>","protected":false},"excerpt":{"rendered":"<p>La Festa Major del Poblenou, que en la seva edici\u00f3 del 2022 celebra el 150\u00e8 aniversari, se celebrar\u00e0 els caps&#8230; <a href=\"https:\/\/poblenouurbandistrict.com\/ca\/celebra-la-festa-major-de-poblenou\/\">M\u00e9s  \u2192<\/a><\/p>\n","protected":false},"author":5,"featured_media":33438,"comment_status":"closed","ping_status":"closed","sticky":false,"template":"","format":"standard","meta":{"_acf_changed":false,"footnotes":""},"categories":[3481,1],"tags":[],"class_list":["post-33435","post","type-post","status-publish","format-standard","has-post-thumbnail","hentry","category-agenda","category-noticias"],"acf":[],"yoast_head":"<!-- This site is optimized with the Yoast SEO plugin v27.5 - https:\/\/yoast.com\/product\/yoast-seo-wordpress\/ -->\n<title>Celebra la Festa Major de Poblenou &#8211;<\/title>\n<meta name=\"robots\" content=\"index, follow, max-snippet:-1, max-image-preview:large, max-video-preview:-1\" \/>\n<link rel=\"canonical\" href=\"https:\/\/poblenouurbandistrict.com\/ca\/celebra-la-festa-major-de-poblenou\/\" \/>\n<meta property=\"og:locale\" content=\"ca_ES\" \/>\n<meta property=\"og:type\" content=\"article\" \/>\n<meta property=\"og:title\" content=\"Celebra la Festa Major de Poblenou &#8211;\" \/>\n<meta property=\"og:description\" content=\"La Festa Major del Poblenou, que en la seva edici\u00f3 del 2022 celebra el 150\u00e8 aniversari, se celebrar\u00e0 els caps... M\u00e9s \u2192\" \/>\n<meta property=\"og:url\" content=\"https:\/\/poblenouurbandistrict.com\/ca\/celebra-la-festa-major-de-poblenou\/\" \/>\n<meta property=\"og:site_name\" content=\"Poblenou Urban District\" \/>\n<meta property=\"article:published_time\" content=\"2022-09-08T08:21:55+00:00\" \/>\n<meta property=\"og:image\" content=\"https:\/\/poblenouurbandistrict.com\/wp-content\/uploads\/2022\/09\/fm-poblenou-6-0.jpg\" \/>\n\t<meta property=\"og:image:width\" content=\"500\" \/>\n\t<meta property=\"og:image:height\" content=\"280\" \/>\n\t<meta property=\"og:image:type\" content=\"image\/jpeg\" \/>\n<meta name=\"author\" content=\"pnud\" \/>\n<meta name=\"twitter:card\" content=\"summary_large_image\" \/>\n<meta name=\"twitter:label1\" content=\"Escrit per\" \/>\n\t<meta name=\"twitter:data1\" content=\"pnud\" \/>\n\t<meta name=\"twitter:label2\" content=\"Temps estimat de lectura\" \/>\n\t<meta name=\"twitter:data2\" content=\"2 minuts\" \/>\n<script type=\"application\/ld+json\" class=\"yoast-schema-graph\">{\"@context\":\"https:\\\/\\\/schema.org\",\"@graph\":[{\"@type\":\"Article\",\"@id\":\"https:\\\/\\\/poblenouurbandistrict.com\\\/celebra-la-festa-major-de-poblenou\\\/#article\",\"isPartOf\":{\"@id\":\"https:\\\/\\\/poblenouurbandistrict.com\\\/celebra-la-festa-major-de-poblenou\\\/\"},\"author\":{\"name\":\"pnud\",\"@id\":\"https:\\\/\\\/poblenouurbandistrict.com\\\/#\\\/schema\\\/person\\\/980a2cf34b399d5218205730acd54a7e\"},\"headline\":\"Celebra la Festa Major de Poblenou\",\"datePublished\":\"2022-09-08T08:21:55+00:00\",\"mainEntityOfPage\":{\"@id\":\"https:\\\/\\\/poblenouurbandistrict.com\\\/celebra-la-festa-major-de-poblenou\\\/\"},\"wordCount\":703,\"image\":{\"@id\":\"https:\\\/\\\/poblenouurbandistrict.com\\\/celebra-la-festa-major-de-poblenou\\\/#primaryimage\"},\"thumbnailUrl\":\"https:\\\/\\\/media.poblenouurbandistrict.com\\\/2022\\\/09\\\/25053949\\\/fm-poblenou-6-0.jpg\",\"articleSection\":[\"Agenda\",\"Est\u00e0 passant\"],\"inLanguage\":\"ca\"},{\"@type\":\"WebPage\",\"@id\":\"https:\\\/\\\/poblenouurbandistrict.com\\\/ca\\\/celebra-la-festa-major-de-poblenou\\\/\",\"url\":\"https:\\\/\\\/poblenouurbandistrict.com\\\/ca\\\/celebra-la-festa-major-de-poblenou\\\/\",\"name\":\"Celebra la Festa Major de Poblenou &#8211;\",\"isPartOf\":{\"@id\":\"https:\\\/\\\/poblenouurbandistrict.com\\\/ca\\\/#website\"},\"primaryImageOfPage\":{\"@id\":\"https:\\\/\\\/poblenouurbandistrict.com\\\/ca\\\/celebra-la-festa-major-de-poblenou\\\/#primaryimage\"},\"image\":{\"@id\":\"https:\\\/\\\/poblenouurbandistrict.com\\\/celebra-la-festa-major-de-poblenou\\\/#primaryimage\"},\"thumbnailUrl\":\"https:\\\/\\\/media.poblenouurbandistrict.com\\\/2022\\\/09\\\/25053949\\\/fm-poblenou-6-0.jpg\",\"datePublished\":\"2022-09-08T08:21:55+00:00\",\"author\":{\"@id\":\"https:\\\/\\\/poblenouurbandistrict.com\\\/#\\\/schema\\\/person\\\/980a2cf34b399d5218205730acd54a7e\"},\"breadcrumb\":{\"@id\":\"https:\\\/\\\/poblenouurbandistrict.com\\\/ca\\\/celebra-la-festa-major-de-poblenou\\\/#breadcrumb\"},\"inLanguage\":\"ca\",\"potentialAction\":[{\"@type\":\"ReadAction\",\"target\":[[\"https:\\\/\\\/poblenouurbandistrict.com\\\/ca\\\/celebra-la-festa-major-de-poblenou\\\/\"]]}]},{\"@type\":\"ImageObject\",\"inLanguage\":\"ca\",\"@id\":\"https:\\\/\\\/poblenouurbandistrict.com\\\/ca\\\/celebra-la-festa-major-de-poblenou\\\/#primaryimage\",\"url\":\"https:\\\/\\\/media.poblenouurbandistrict.com\\\/2022\\\/09\\\/25053949\\\/fm-poblenou-6-0.jpg\",\"contentUrl\":\"https:\\\/\\\/media.poblenouurbandistrict.com\\\/2022\\\/09\\\/25053949\\\/fm-poblenou-6-0.jpg\",\"width\":500,\"height\":280},{\"@type\":\"BreadcrumbList\",\"@id\":\"https:\\\/\\\/poblenouurbandistrict.com\\\/ca\\\/celebra-la-festa-major-de-poblenou\\\/#breadcrumb\",\"itemListElement\":[{\"@type\":\"ListItem\",\"position\":1,\"name\":\"Home\",\"item\":\"https:\\\/\\\/poblenouurbandistrict.com\\\/ca\\\/\"},{\"@type\":\"ListItem\",\"position\":2,\"name\":\"Celebra la Festa Major de Poblenou\"}]},{\"@type\":\"WebSite\",\"@id\":\"https:\\\/\\\/poblenouurbandistrict.com\\\/ca\\\/#website\",\"url\":\"https:\\\/\\\/poblenouurbandistrict.com\\\/ca\\\/\",\"name\":\"Poblenou Urban District\",\"description\":\"Comunitat Creativa\",\"potentialAction\":[{\"@type\":\"SearchAction\",\"target\":{\"@type\":\"EntryPoint\",\"urlTemplate\":\"https:\\\/\\\/poblenouurbandistrict.com\\\/ca\\\/?s={search_term_string}\"},\"query-input\":{\"@type\":\"PropertyValueSpecification\",\"valueRequired\":true,\"valueName\":\"search_term_string\"}}],\"inLanguage\":\"ca\"},{\"@type\":\"Person\",\"@id\":\"https:\\\/\\\/poblenouurbandistrict.com\\\/#\\\/schema\\\/person\\\/980a2cf34b399d5218205730acd54a7e\",\"name\":\"pnud\",\"image\":{\"@type\":\"ImageObject\",\"inLanguage\":\"ca\",\"@id\":\"https:\\\/\\\/secure.gravatar.com\\\/avatar\\\/67146597b405ee077a24e519f75c3e2031736596d6ce35af3a34c122c93d0d7b?s=96&d=retro&r=g\",\"url\":\"https:\\\/\\\/secure.gravatar.com\\\/avatar\\\/67146597b405ee077a24e519f75c3e2031736596d6ce35af3a34c122c93d0d7b?s=96&d=retro&r=g\",\"contentUrl\":\"https:\\\/\\\/secure.gravatar.com\\\/avatar\\\/67146597b405ee077a24e519f75c3e2031736596d6ce35af3a34c122c93d0d7b?s=96&d=retro&r=g\",\"caption\":\"pnud\"}}]}<\/script>\n<!-- \/ Yoast SEO plugin. -->","yoast_head_json":{"title":"Celebra la Festa Major de Poblenou &#8211;","robots":{"index":"index","follow":"follow","max-snippet":"max-snippet:-1","max-image-preview":"max-image-preview:large","max-video-preview":"max-video-preview:-1"},"canonical":"https:\/\/poblenouurbandistrict.com\/ca\/celebra-la-festa-major-de-poblenou\/","og_locale":"ca_ES","og_type":"article","og_title":"Celebra la Festa Major de Poblenou &#8211;","og_description":"La Festa Major del Poblenou, que en la seva edici\u00f3 del 2022 celebra el 150\u00e8 aniversari, se celebrar\u00e0 els caps... M\u00e9s \u2192","og_url":"https:\/\/poblenouurbandistrict.com\/ca\/celebra-la-festa-major-de-poblenou\/","og_site_name":"Poblenou Urban District","article_published_time":"2022-09-08T08:21:55+00:00","og_image":[{"width":500,"height":280,"url":"https:\/\/poblenouurbandistrict.com\/wp-content\/uploads\/2022\/09\/fm-poblenou-6-0.jpg","type":"image\/jpeg"}],"author":"pnud","twitter_card":"summary_large_image","twitter_misc":{"Escrit per":"pnud","Temps estimat de lectura":"2 minuts"},"schema":{"@context":"https:\/\/schema.org","@graph":[{"@type":"Article","@id":"https:\/\/poblenouurbandistrict.com\/celebra-la-festa-major-de-poblenou\/#article","isPartOf":{"@id":"https:\/\/poblenouurbandistrict.com\/celebra-la-festa-major-de-poblenou\/"},"author":{"name":"pnud","@id":"https:\/\/poblenouurbandistrict.com\/#\/schema\/person\/980a2cf34b399d5218205730acd54a7e"},"headline":"Celebra la Festa Major de Poblenou","datePublished":"2022-09-08T08:21:55+00:00","mainEntityOfPage":{"@id":"https:\/\/poblenouurbandistrict.com\/celebra-la-festa-major-de-poblenou\/"},"wordCount":703,"image":{"@id":"https:\/\/poblenouurbandistrict.com\/celebra-la-festa-major-de-poblenou\/#primaryimage"},"thumbnailUrl":"https:\/\/media.poblenouurbandistrict.com\/2022\/09\/25053949\/fm-poblenou-6-0.jpg","articleSection":["Agenda","Est\u00e0 passant"],"inLanguage":"ca"},{"@type":"WebPage","@id":"https:\/\/poblenouurbandistrict.com\/ca\/celebra-la-festa-major-de-poblenou\/","url":"https:\/\/poblenouurbandistrict.com\/ca\/celebra-la-festa-major-de-poblenou\/","name":"Celebra la Festa Major de Poblenou &#8211;","isPartOf":{"@id":"https:\/\/poblenouurbandistrict.com\/ca\/#website"},"primaryImageOfPage":{"@id":"https:\/\/poblenouurbandistrict.com\/ca\/celebra-la-festa-major-de-poblenou\/#primaryimage"},"image":{"@id":"https:\/\/poblenouurbandistrict.com\/celebra-la-festa-major-de-poblenou\/#primaryimage"},"thumbnailUrl":"https:\/\/media.poblenouurbandistrict.com\/2022\/09\/25053949\/fm-poblenou-6-0.jpg","datePublished":"2022-09-08T08:21:55+00:00","author":{"@id":"https:\/\/poblenouurbandistrict.com\/#\/schema\/person\/980a2cf34b399d5218205730acd54a7e"},"breadcrumb":{"@id":"https:\/\/poblenouurbandistrict.com\/ca\/celebra-la-festa-major-de-poblenou\/#breadcrumb"},"inLanguage":"ca","potentialAction":[{"@type":"ReadAction","target":[["https:\/\/poblenouurbandistrict.com\/ca\/celebra-la-festa-major-de-poblenou\/"]]}]},{"@type":"ImageObject","inLanguage":"ca","@id":"https:\/\/poblenouurbandistrict.com\/ca\/celebra-la-festa-major-de-poblenou\/#primaryimage","url":"https:\/\/media.poblenouurbandistrict.com\/2022\/09\/25053949\/fm-poblenou-6-0.jpg","contentUrl":"https:\/\/media.poblenouurbandistrict.com\/2022\/09\/25053949\/fm-poblenou-6-0.jpg","width":500,"height":280},{"@type":"BreadcrumbList","@id":"https:\/\/poblenouurbandistrict.com\/ca\/celebra-la-festa-major-de-poblenou\/#breadcrumb","itemListElement":[{"@type":"ListItem","position":1,"name":"Home","item":"https:\/\/poblenouurbandistrict.com\/ca\/"},{"@type":"ListItem","position":2,"name":"Celebra la Festa Major de Poblenou"}]},{"@type":"WebSite","@id":"https:\/\/poblenouurbandistrict.com\/ca\/#website","url":"https:\/\/poblenouurbandistrict.com\/ca\/","name":"Poblenou Urban District","description":"Comunitat Creativa","potentialAction":[{"@type":"SearchAction","target":{"@type":"EntryPoint","urlTemplate":"https:\/\/poblenouurbandistrict.com\/ca\/?s={search_term_string}"},"query-input":{"@type":"PropertyValueSpecification","valueRequired":true,"valueName":"search_term_string"}}],"inLanguage":"ca"},{"@type":"Person","@id":"https:\/\/poblenouurbandistrict.com\/#\/schema\/person\/980a2cf34b399d5218205730acd54a7e","name":"pnud","image":{"@type":"ImageObject","inLanguage":"ca","@id":"https:\/\/secure.gravatar.com\/avatar\/67146597b405ee077a24e519f75c3e2031736596d6ce35af3a34c122c93d0d7b?s=96&d=retro&r=g","url":"https:\/\/secure.gravatar.com\/avatar\/67146597b405ee077a24e519f75c3e2031736596d6ce35af3a34c122c93d0d7b?s=96&d=retro&r=g","contentUrl":"https:\/\/secure.gravatar.com\/avatar\/67146597b405ee077a24e519f75c3e2031736596d6ce35af3a34c122c93d0d7b?s=96&d=retro&r=g","caption":"pnud"}}]}},"_links":{"self":[{"href":"https:\/\/poblenouurbandistrict.com\/ca\/wp-json\/wp\/v2\/posts\/33435","targetHints":{"allow":["GET"]}}],"collection":[{"href":"https:\/\/poblenouurbandistrict.com\/ca\/wp-json\/wp\/v2\/posts"}],"about":[{"href":"https:\/\/poblenouurbandistrict.com\/ca\/wp-json\/wp\/v2\/types\/post"}],"author":[{"embeddable":true,"href":"https:\/\/poblenouurbandistrict.com\/ca\/wp-json\/wp\/v2\/users\/5"}],"replies":[{"embeddable":true,"href":"https:\/\/poblenouurbandistrict.com\/ca\/wp-json\/wp\/v2\/comments?post=33435"}],"version-history":[{"count":4,"href":"https:\/\/poblenouurbandistrict.com\/ca\/wp-json\/wp\/v2\/posts\/33435\/revisions"}],"predecessor-version":[{"id":33491,"href":"https:\/\/poblenouurbandistrict.com\/ca\/wp-json\/wp\/v2\/posts\/33435\/revisions\/33491"}],"wp:featuredmedia":[{"embeddable":true,"href":"https:\/\/poblenouurbandistrict.com\/ca\/wp-json\/wp\/v2\/media\/33438"}],"wp:attachment":[{"href":"https:\/\/poblenouurbandistrict.com\/ca\/wp-json\/wp\/v2\/media?parent=33435"}],"wp:term":[{"taxonomy":"category","embeddable":true,"href":"https:\/\/poblenouurbandistrict.com\/ca\/wp-json\/wp\/v2\/categories?post=33435"},{"taxonomy":"post_tag","embeddable":true,"href":"https:\/\/poblenouurbandistrict.com\/ca\/wp-json\/wp\/v2\/tags?post=33435"}],"curies":[{"name":"wp","href":"https:\/\/api.w.org\/{rel}","templated":true}]}}