{"id":34140,"date":"2022-10-06T12:00:22","date_gmt":"2022-10-06T10:00:22","guid":{"rendered":"https:\/\/poblenouurbandistrict.com\/?p=34140"},"modified":"2022-10-10T16:30:23","modified_gmt":"2022-10-10T14:30:23","slug":"poblenou-urban-district-celebra-la-tercera-edicio-de-lar-de-els-dies-14-15-i-16-doctubre","status":"publish","type":"post","link":"https:\/\/poblenouurbandistrict.com\/ca\/poblenou-urban-district-celebra-la-tercera-edicio-de-lar-de-els-dies-14-15-i-16-doctubre\/","title":{"rendered":"Vine a celebrar la tercera edici\u00f3 d&#8217;AR-DE els dies 14, 15 i 16 d&#8217;octubre"},"content":{"rendered":"<p><strong>Deu espais de la comunitat creativa de Poblenou Urban District participen en la tercera edici\u00f3 d&#8217;AR-DE, el circuit d&#8217;art i disseny que busca refermar la trobada a les agendes del p\u00fablic amant de l&#8217;art, el disseny i el col\u00b7leccionisme.<\/strong><\/p>\n<p><strong>Una programaci\u00f3 \u00fanica que convida a rec\u00f3rrer el Districte Creatiu amb una desena d&#8217;exposicions, mostres d&#8217;art, il\u00b7lustraci\u00f3, mobiliari i objectes de decoraci\u00f3. A m\u00e9s, comptes amb una APP, desenvolupada per Luzidlab, perqu\u00e8 no et perdis res d&#8217;informaci\u00f3 necess\u00e0ria i per moure&#8217;s \u00e0gilment pel circuit.<\/strong><\/p>\n<p>&nbsp;<\/p>\n<p>Els dies 14, 15 i 16 d&#8217;octubre seran les dates que recorrer\u00e0s per les millors galeries, showrooms i museus m\u00e9s importants del Districte Creatiu, on l&#8217;art i el disseny es converteixen en els principals protagonistes.<\/p>\n<p>Des de la seva primera edici\u00f3 el 2021, AR-DE busca refermar i visibilitzar els artistes i dissenyadors, aix\u00ed com fomentar la venda i el col\u00b7leccionisme d&#8217;art, posant en valor el treball de galeries, entitats i espais que formen part de la comunitat Poblenou Urban District.<\/p>\n<p><a href=\"https:\/\/poblenouurbandistrict.com\/ar-de\/\" target=\"_blank\" rel=\"noopener\">AR-DE<\/a> \u00e9s un projecte independent que busca apropar a l&#8217;espectador l&#8217;obra d&#8217;artistes emergents i consagrats mitjan\u00e7ant propostes innovadores i convidant el p\u00fablic de tota la ciutat a Poblenou, el Districte Creatiu de Barcelona.<\/p>\n<p>&nbsp;<\/p>\n<p><strong>DESCOBREIX ELS ESPAIS QUE PARTICIPEN<\/strong><\/p>\n<p>&nbsp;<\/p>\n<p><u>BD Barcelona:<\/u> Presentaci\u00f3 de les novetats del 2022 amb les noves col\u00b7leccions de Jaime Hayon i Oscar Tusquets.<\/p>\n<p><u>Disseny Hub Barcelona:<\/u> A m\u00e9s de les exposicions permanents, setembre \u00e9s el mes per excel\u00b7l\u00e8ncia de la joieria al Disseny Hub. Entre les activitats que es duen a terme, destaca l&#8217;estrena d&#8217;Enric Majoral. La joia expandida&#8217;, la nova exposici\u00f3 temporal sobre joieria dedicada a Enric Majoral.<\/p>\n<p><u>Galer\u00eda Chez Xefo:<\/u> Aquest espai cultural de naturalesa ecl\u00e8ctica compta amb l&#8217;exposici\u00f3 &#8216;Naturaleza Brutal&#8217; de l&#8217;artista Manuel Pijoan.<\/p>\n<p><u>La Plataforma:<\/u> La Plataforma obre les portes dins del circuit AR-DE amb \u2018BLOCK\u2019 l&#8217;exposici\u00f3 individual de l&#8217;artista multidisciplinar Sasha Sime. El dissabte 15 i diumenge 16 celebren dues sessions de \u2018Meet the Artist\u2019 on el p\u00fablic podr\u00e0 con\u00e8ixer personalment l&#8217;artista i els processos de creaci\u00f3.<\/p>\n<p><u>L&amp;B Gallery:<\/u> Exposici\u00f3 &#8216;Somni atemporal&#8217; de Joan III, estrenada al Barcelona Gallery Weekend.<\/p>\n<p><u>Moryarty &#8211; P\u00f2sters &amp; Marcs:<\/u> Exposici\u00f3 amb les darreres novetats d&#8217;art abstracte i travel Poster.<\/p>\n<p><u>Museu Can Framis:<\/u> El museu proposa l&#8217;exposici\u00f3 permanent &#8216;Mon\u00f2leg, Di\u00e0leg i Concepte&#8217;, una mirada nova a les col\u00b7leccions de pintura a trav\u00e9s d&#8217;una selecci\u00f3 \u00e0mplia i heterog\u00e8nia. D&#8217;altra banda, presenta &#8216;Ella, una i altra vegada&#8217; d&#8217;Eug\u00e8nia Balcells.<\/p>\n<p><u>Noak Room:<\/u> Nova i cuidada selecci\u00f3 de peces de mobiliari i decoraci\u00f3 dels m\u00e9s reconeguts dissenyadors escandinaus i mostra de cartells escolars escandinaus dels anys 30\/40.<\/p>\n<p><u>Piramid\u00f3n Centre d\u2019Art Contemporani:<\/u> Mostra de dues exposicions &#8216;Repetici\u00f3 en Repetici\u00f3&#8217; de l&#8217;artista Pol Pint\u00f3 i exposici\u00f3 &#8216;Col\u00b7lectiva 2022_n3&#8217; amb obra dels artistes residents.<\/p>\n<p><u>UNUSUAL* Concept Store:<\/u> Local inclassificable i original on es troben sabates, mobles, il\u00b7lustracions, revistes i altres peces de disseny \u00faniques.<\/p>\n<p>&nbsp;<\/p>\n<p style=\"text-align: center;\"><a href=\"https:\/\/poblenouurbandistrict.com\/ar-de\/\" target=\"_blank\" rel=\"noopener\"><strong>Tota la programaci\u00f3 <\/strong><\/a><\/p>\n<p>&nbsp;<\/p>\n<p>&nbsp;<\/p>","protected":false},"excerpt":{"rendered":"<p>Deu espais de la comunitat creativa de Poblenou Urban District participen en la tercera edici\u00f3 d&#8217;AR-DE, el circuit d&#8217;art i&#8230; <a href=\"https:\/\/poblenouurbandistrict.com\/ca\/poblenou-urban-district-celebra-la-tercera-edicio-de-lar-de-els-dies-14-15-i-16-doctubre\/\">M\u00e9s  \u2192<\/a><\/p>\n","protected":false},"author":5,"featured_media":34160,"comment_status":"closed","ping_status":"closed","sticky":false,"template":"","format":"standard","meta":{"_acf_changed":false,"footnotes":""},"categories":[3538,3501,3364,3342],"tags":[],"class_list":["post-34140","post","type-post","status-publish","format-standard","has-post-thumbnail","hentry","category-ar-de","category-disseny","category-poblenou-urban-district","category-art"],"acf":[],"yoast_head":"<!-- This site is optimized with the Yoast SEO plugin v27.5 - https:\/\/yoast.com\/product\/yoast-seo-wordpress\/ -->\n<title>Vine a celebrar la tercera edici\u00f3 d&#039;AR-DE els dies 14, 15 i 16 d&#039;octubre<\/title>\n<meta name=\"robots\" content=\"index, follow, max-snippet:-1, max-image-preview:large, max-video-preview:-1\" \/>\n<link rel=\"canonical\" href=\"https:\/\/poblenouurbandistrict.com\/ca\/poblenou-urban-district-celebra-la-tercera-edicio-de-lar-de-els-dies-14-15-i-16-doctubre\/\" \/>\n<meta property=\"og:locale\" content=\"ca_ES\" \/>\n<meta property=\"og:type\" content=\"article\" \/>\n<meta property=\"og:title\" content=\"Vine a celebrar la tercera edici\u00f3 d&#039;AR-DE els dies 14, 15 i 16 d&#039;octubre\" \/>\n<meta property=\"og:description\" content=\"Deu espais de la comunitat creativa de Poblenou Urban District participen en la tercera edici\u00f3 d&#8217;AR-DE, el circuit d&#8217;art i... M\u00e9s \u2192\" \/>\n<meta property=\"og:url\" content=\"https:\/\/poblenouurbandistrict.com\/ca\/poblenou-urban-district-celebra-la-tercera-edicio-de-lar-de-els-dies-14-15-i-16-doctubre\/\" \/>\n<meta property=\"og:site_name\" content=\"Poblenou Urban District\" \/>\n<meta property=\"article:published_time\" content=\"2022-10-06T10:00:22+00:00\" \/>\n<meta property=\"article:modified_time\" content=\"2022-10-10T14:30:23+00:00\" \/>\n<meta property=\"og:image\" content=\"https:\/\/poblenouurbandistrict.com\/wp-content\/uploads\/2022\/10\/ar-de-1500x1000-1.jpg\" \/>\n\t<meta property=\"og:image:width\" content=\"1500\" \/>\n\t<meta property=\"og:image:height\" content=\"1000\" \/>\n\t<meta property=\"og:image:type\" content=\"image\/jpeg\" \/>\n<meta name=\"author\" content=\"pnud\" \/>\n<meta name=\"twitter:card\" content=\"summary_large_image\" \/>\n<meta name=\"twitter:label1\" content=\"Escrit per\" \/>\n\t<meta name=\"twitter:data1\" content=\"pnud\" \/>\n\t<meta name=\"twitter:label2\" content=\"Temps estimat de lectura\" \/>\n\t<meta name=\"twitter:data2\" content=\"3 minuts\" \/>\n<script type=\"application\/ld+json\" class=\"yoast-schema-graph\">{\"@context\":\"https:\\\/\\\/schema.org\",\"@graph\":[{\"@type\":\"Article\",\"@id\":\"https:\\\/\\\/poblenouurbandistrict.com\\\/poblenou-urban-district-celebra-la-tercera-edicio-de-lar-de-els-dies-14-15-i-16-doctubre\\\/#article\",\"isPartOf\":{\"@id\":\"https:\\\/\\\/poblenouurbandistrict.com\\\/poblenou-urban-district-celebra-la-tercera-edicio-de-lar-de-els-dies-14-15-i-16-doctubre\\\/\"},\"author\":{\"name\":\"pnud\",\"@id\":\"https:\\\/\\\/poblenouurbandistrict.com\\\/#\\\/schema\\\/person\\\/980a2cf34b399d5218205730acd54a7e\"},\"headline\":\"Vine a celebrar la tercera edici\u00f3 d&#8217;AR-DE els dies 14, 15 i 16 d&#8217;octubre\",\"datePublished\":\"2022-10-06T10:00:22+00:00\",\"dateModified\":\"2022-10-10T14:30:23+00:00\",\"mainEntityOfPage\":{\"@id\":\"https:\\\/\\\/poblenouurbandistrict.com\\\/poblenou-urban-district-celebra-la-tercera-edicio-de-lar-de-els-dies-14-15-i-16-doctubre\\\/\"},\"wordCount\":1600,\"image\":{\"@id\":\"https:\\\/\\\/poblenouurbandistrict.com\\\/poblenou-urban-district-celebra-la-tercera-edicio-de-lar-de-els-dies-14-15-i-16-doctubre\\\/#primaryimage\"},\"thumbnailUrl\":\"https:\\\/\\\/media.poblenouurbandistrict.com\\\/2022\\\/10\\\/25054457\\\/ar-de-1500x1000-1.jpg\",\"articleSection\":[\"AR-DE\",\"Disseny\",\"Poblenou Urban District\",\"Art\"],\"inLanguage\":\"ca\"},{\"@type\":\"WebPage\",\"@id\":\"https:\\\/\\\/poblenouurbandistrict.com\\\/ca\\\/poblenou-urban-district-celebra-la-tercera-edicio-de-lar-de-els-dies-14-15-i-16-doctubre\\\/\",\"url\":\"https:\\\/\\\/poblenouurbandistrict.com\\\/ca\\\/poblenou-urban-district-celebra-la-tercera-edicio-de-lar-de-els-dies-14-15-i-16-doctubre\\\/\",\"name\":\"Vine a celebrar la tercera edici\u00f3 d'AR-DE els dies 14, 15 i 16 d'octubre\",\"isPartOf\":{\"@id\":\"https:\\\/\\\/poblenouurbandistrict.com\\\/ca\\\/#website\"},\"primaryImageOfPage\":{\"@id\":\"https:\\\/\\\/poblenouurbandistrict.com\\\/ca\\\/poblenou-urban-district-celebra-la-tercera-edicio-de-lar-de-els-dies-14-15-i-16-doctubre\\\/#primaryimage\"},\"image\":{\"@id\":\"https:\\\/\\\/poblenouurbandistrict.com\\\/poblenou-urban-district-celebra-la-tercera-edicio-de-lar-de-els-dies-14-15-i-16-doctubre\\\/#primaryimage\"},\"thumbnailUrl\":\"https:\\\/\\\/media.poblenouurbandistrict.com\\\/2022\\\/10\\\/25054457\\\/ar-de-1500x1000-1.jpg\",\"datePublished\":\"2022-10-06T10:00:22+00:00\",\"dateModified\":\"2022-10-10T14:30:23+00:00\",\"author\":{\"@id\":\"https:\\\/\\\/poblenouurbandistrict.com\\\/#\\\/schema\\\/person\\\/980a2cf34b399d5218205730acd54a7e\"},\"breadcrumb\":{\"@id\":\"https:\\\/\\\/poblenouurbandistrict.com\\\/ca\\\/poblenou-urban-district-celebra-la-tercera-edicio-de-lar-de-els-dies-14-15-i-16-doctubre\\\/#breadcrumb\"},\"inLanguage\":\"ca\",\"potentialAction\":[{\"@type\":\"ReadAction\",\"target\":[[\"https:\\\/\\\/poblenouurbandistrict.com\\\/ca\\\/poblenou-urban-district-celebra-la-tercera-edicio-de-lar-de-els-dies-14-15-i-16-doctubre\\\/\"]]}]},{\"@type\":\"ImageObject\",\"inLanguage\":\"ca\",\"@id\":\"https:\\\/\\\/poblenouurbandistrict.com\\\/ca\\\/poblenou-urban-district-celebra-la-tercera-edicio-de-lar-de-els-dies-14-15-i-16-doctubre\\\/#primaryimage\",\"url\":\"https:\\\/\\\/media.poblenouurbandistrict.com\\\/2022\\\/10\\\/25054457\\\/ar-de-1500x1000-1.jpg\",\"contentUrl\":\"https:\\\/\\\/media.poblenouurbandistrict.com\\\/2022\\\/10\\\/25054457\\\/ar-de-1500x1000-1.jpg\",\"width\":1500,\"height\":1000},{\"@type\":\"BreadcrumbList\",\"@id\":\"https:\\\/\\\/poblenouurbandistrict.com\\\/ca\\\/poblenou-urban-district-celebra-la-tercera-edicio-de-lar-de-els-dies-14-15-i-16-doctubre\\\/#breadcrumb\",\"itemListElement\":[{\"@type\":\"ListItem\",\"position\":1,\"name\":\"Home\",\"item\":\"https:\\\/\\\/poblenouurbandistrict.com\\\/ca\\\/\"},{\"@type\":\"ListItem\",\"position\":2,\"name\":\"Vine a celebrar la tercera edici\u00f3 d&#8217;AR-DE els dies 14, 15 i 16 d&#8217;octubre\"}]},{\"@type\":\"WebSite\",\"@id\":\"https:\\\/\\\/poblenouurbandistrict.com\\\/ca\\\/#website\",\"url\":\"https:\\\/\\\/poblenouurbandistrict.com\\\/ca\\\/\",\"name\":\"Poblenou Urban District\",\"description\":\"Comunitat Creativa\",\"potentialAction\":[{\"@type\":\"SearchAction\",\"target\":{\"@type\":\"EntryPoint\",\"urlTemplate\":\"https:\\\/\\\/poblenouurbandistrict.com\\\/ca\\\/?s={search_term_string}\"},\"query-input\":{\"@type\":\"PropertyValueSpecification\",\"valueRequired\":true,\"valueName\":\"search_term_string\"}}],\"inLanguage\":\"ca\"},{\"@type\":\"Person\",\"@id\":\"https:\\\/\\\/poblenouurbandistrict.com\\\/#\\\/schema\\\/person\\\/980a2cf34b399d5218205730acd54a7e\",\"name\":\"pnud\",\"image\":{\"@type\":\"ImageObject\",\"inLanguage\":\"ca\",\"@id\":\"https:\\\/\\\/secure.gravatar.com\\\/avatar\\\/67146597b405ee077a24e519f75c3e2031736596d6ce35af3a34c122c93d0d7b?s=96&d=retro&r=g\",\"url\":\"https:\\\/\\\/secure.gravatar.com\\\/avatar\\\/67146597b405ee077a24e519f75c3e2031736596d6ce35af3a34c122c93d0d7b?s=96&d=retro&r=g\",\"contentUrl\":\"https:\\\/\\\/secure.gravatar.com\\\/avatar\\\/67146597b405ee077a24e519f75c3e2031736596d6ce35af3a34c122c93d0d7b?s=96&d=retro&r=g\",\"caption\":\"pnud\"}}]}<\/script>\n<!-- \/ Yoast SEO plugin. -->","yoast_head_json":{"title":"Vine a celebrar la tercera edici\u00f3 d'AR-DE els dies 14, 15 i 16 d'octubre","robots":{"index":"index","follow":"follow","max-snippet":"max-snippet:-1","max-image-preview":"max-image-preview:large","max-video-preview":"max-video-preview:-1"},"canonical":"https:\/\/poblenouurbandistrict.com\/ca\/poblenou-urban-district-celebra-la-tercera-edicio-de-lar-de-els-dies-14-15-i-16-doctubre\/","og_locale":"ca_ES","og_type":"article","og_title":"Vine a celebrar la tercera edici\u00f3 d'AR-DE els dies 14, 15 i 16 d'octubre","og_description":"Deu espais de la comunitat creativa de Poblenou Urban District participen en la tercera edici\u00f3 d&#8217;AR-DE, el circuit d&#8217;art i... M\u00e9s \u2192","og_url":"https:\/\/poblenouurbandistrict.com\/ca\/poblenou-urban-district-celebra-la-tercera-edicio-de-lar-de-els-dies-14-15-i-16-doctubre\/","og_site_name":"Poblenou Urban District","article_published_time":"2022-10-06T10:00:22+00:00","article_modified_time":"2022-10-10T14:30:23+00:00","og_image":[{"width":1500,"height":1000,"url":"https:\/\/poblenouurbandistrict.com\/wp-content\/uploads\/2022\/10\/ar-de-1500x1000-1.jpg","type":"image\/jpeg"}],"author":"pnud","twitter_card":"summary_large_image","twitter_misc":{"Escrit per":"pnud","Temps estimat de lectura":"3 minuts"},"schema":{"@context":"https:\/\/schema.org","@graph":[{"@type":"Article","@id":"https:\/\/poblenouurbandistrict.com\/poblenou-urban-district-celebra-la-tercera-edicio-de-lar-de-els-dies-14-15-i-16-doctubre\/#article","isPartOf":{"@id":"https:\/\/poblenouurbandistrict.com\/poblenou-urban-district-celebra-la-tercera-edicio-de-lar-de-els-dies-14-15-i-16-doctubre\/"},"author":{"name":"pnud","@id":"https:\/\/poblenouurbandistrict.com\/#\/schema\/person\/980a2cf34b399d5218205730acd54a7e"},"headline":"Vine a celebrar la tercera edici\u00f3 d&#8217;AR-DE els dies 14, 15 i 16 d&#8217;octubre","datePublished":"2022-10-06T10:00:22+00:00","dateModified":"2022-10-10T14:30:23+00:00","mainEntityOfPage":{"@id":"https:\/\/poblenouurbandistrict.com\/poblenou-urban-district-celebra-la-tercera-edicio-de-lar-de-els-dies-14-15-i-16-doctubre\/"},"wordCount":1600,"image":{"@id":"https:\/\/poblenouurbandistrict.com\/poblenou-urban-district-celebra-la-tercera-edicio-de-lar-de-els-dies-14-15-i-16-doctubre\/#primaryimage"},"thumbnailUrl":"https:\/\/media.poblenouurbandistrict.com\/2022\/10\/25054457\/ar-de-1500x1000-1.jpg","articleSection":["AR-DE","Disseny","Poblenou Urban District","Art"],"inLanguage":"ca"},{"@type":"WebPage","@id":"https:\/\/poblenouurbandistrict.com\/ca\/poblenou-urban-district-celebra-la-tercera-edicio-de-lar-de-els-dies-14-15-i-16-doctubre\/","url":"https:\/\/poblenouurbandistrict.com\/ca\/poblenou-urban-district-celebra-la-tercera-edicio-de-lar-de-els-dies-14-15-i-16-doctubre\/","name":"Vine a celebrar la tercera edici\u00f3 d'AR-DE els dies 14, 15 i 16 d'octubre","isPartOf":{"@id":"https:\/\/poblenouurbandistrict.com\/ca\/#website"},"primaryImageOfPage":{"@id":"https:\/\/poblenouurbandistrict.com\/ca\/poblenou-urban-district-celebra-la-tercera-edicio-de-lar-de-els-dies-14-15-i-16-doctubre\/#primaryimage"},"image":{"@id":"https:\/\/poblenouurbandistrict.com\/poblenou-urban-district-celebra-la-tercera-edicio-de-lar-de-els-dies-14-15-i-16-doctubre\/#primaryimage"},"thumbnailUrl":"https:\/\/media.poblenouurbandistrict.com\/2022\/10\/25054457\/ar-de-1500x1000-1.jpg","datePublished":"2022-10-06T10:00:22+00:00","dateModified":"2022-10-10T14:30:23+00:00","author":{"@id":"https:\/\/poblenouurbandistrict.com\/#\/schema\/person\/980a2cf34b399d5218205730acd54a7e"},"breadcrumb":{"@id":"https:\/\/poblenouurbandistrict.com\/ca\/poblenou-urban-district-celebra-la-tercera-edicio-de-lar-de-els-dies-14-15-i-16-doctubre\/#breadcrumb"},"inLanguage":"ca","potentialAction":[{"@type":"ReadAction","target":[["https:\/\/poblenouurbandistrict.com\/ca\/poblenou-urban-district-celebra-la-tercera-edicio-de-lar-de-els-dies-14-15-i-16-doctubre\/"]]}]},{"@type":"ImageObject","inLanguage":"ca","@id":"https:\/\/poblenouurbandistrict.com\/ca\/poblenou-urban-district-celebra-la-tercera-edicio-de-lar-de-els-dies-14-15-i-16-doctubre\/#primaryimage","url":"https:\/\/media.poblenouurbandistrict.com\/2022\/10\/25054457\/ar-de-1500x1000-1.jpg","contentUrl":"https:\/\/media.poblenouurbandistrict.com\/2022\/10\/25054457\/ar-de-1500x1000-1.jpg","width":1500,"height":1000},{"@type":"BreadcrumbList","@id":"https:\/\/poblenouurbandistrict.com\/ca\/poblenou-urban-district-celebra-la-tercera-edicio-de-lar-de-els-dies-14-15-i-16-doctubre\/#breadcrumb","itemListElement":[{"@type":"ListItem","position":1,"name":"Home","item":"https:\/\/poblenouurbandistrict.com\/ca\/"},{"@type":"ListItem","position":2,"name":"Vine a celebrar la tercera edici\u00f3 d&#8217;AR-DE els dies 14, 15 i 16 d&#8217;octubre"}]},{"@type":"WebSite","@id":"https:\/\/poblenouurbandistrict.com\/ca\/#website","url":"https:\/\/poblenouurbandistrict.com\/ca\/","name":"Poblenou Urban District","description":"Comunitat Creativa","potentialAction":[{"@type":"SearchAction","target":{"@type":"EntryPoint","urlTemplate":"https:\/\/poblenouurbandistrict.com\/ca\/?s={search_term_string}"},"query-input":{"@type":"PropertyValueSpecification","valueRequired":true,"valueName":"search_term_string"}}],"inLanguage":"ca"},{"@type":"Person","@id":"https:\/\/poblenouurbandistrict.com\/#\/schema\/person\/980a2cf34b399d5218205730acd54a7e","name":"pnud","image":{"@type":"ImageObject","inLanguage":"ca","@id":"https:\/\/secure.gravatar.com\/avatar\/67146597b405ee077a24e519f75c3e2031736596d6ce35af3a34c122c93d0d7b?s=96&d=retro&r=g","url":"https:\/\/secure.gravatar.com\/avatar\/67146597b405ee077a24e519f75c3e2031736596d6ce35af3a34c122c93d0d7b?s=96&d=retro&r=g","contentUrl":"https:\/\/secure.gravatar.com\/avatar\/67146597b405ee077a24e519f75c3e2031736596d6ce35af3a34c122c93d0d7b?s=96&d=retro&r=g","caption":"pnud"}}]}},"_links":{"self":[{"href":"https:\/\/poblenouurbandistrict.com\/ca\/wp-json\/wp\/v2\/posts\/34140","targetHints":{"allow":["GET"]}}],"collection":[{"href":"https:\/\/poblenouurbandistrict.com\/ca\/wp-json\/wp\/v2\/posts"}],"about":[{"href":"https:\/\/poblenouurbandistrict.com\/ca\/wp-json\/wp\/v2\/types\/post"}],"author":[{"embeddable":true,"href":"https:\/\/poblenouurbandistrict.com\/ca\/wp-json\/wp\/v2\/users\/5"}],"replies":[{"embeddable":true,"href":"https:\/\/poblenouurbandistrict.com\/ca\/wp-json\/wp\/v2\/comments?post=34140"}],"version-history":[{"count":6,"href":"https:\/\/poblenouurbandistrict.com\/ca\/wp-json\/wp\/v2\/posts\/34140\/revisions"}],"predecessor-version":[{"id":34173,"href":"https:\/\/poblenouurbandistrict.com\/ca\/wp-json\/wp\/v2\/posts\/34140\/revisions\/34173"}],"wp:featuredmedia":[{"embeddable":true,"href":"https:\/\/poblenouurbandistrict.com\/ca\/wp-json\/wp\/v2\/media\/34160"}],"wp:attachment":[{"href":"https:\/\/poblenouurbandistrict.com\/ca\/wp-json\/wp\/v2\/media?parent=34140"}],"wp:term":[{"taxonomy":"category","embeddable":true,"href":"https:\/\/poblenouurbandistrict.com\/ca\/wp-json\/wp\/v2\/categories?post=34140"},{"taxonomy":"post_tag","embeddable":true,"href":"https:\/\/poblenouurbandistrict.com\/ca\/wp-json\/wp\/v2\/tags?post=34140"}],"curies":[{"name":"wp","href":"https:\/\/api.w.org\/{rel}","templated":true}]}}