{"id":34261,"date":"2022-10-20T14:36:09","date_gmt":"2022-10-20T12:36:09","guid":{"rendered":"https:\/\/poblenouurbandistrict.com\/?p=34261"},"modified":"2022-10-21T14:15:29","modified_gmt":"2022-10-21T12:15:29","slug":"nova-edicio-de-les-urban-talks-aquest-5-de-novembre-al-disseny-hub-barcelona","status":"publish","type":"post","link":"https:\/\/poblenouurbandistrict.com\/ca\/nova-edicio-de-les-urban-talks-aquest-5-de-novembre-al-disseny-hub-barcelona\/","title":{"rendered":"Nova edici\u00f3 de les Urban Talks el 5 de novembre al Disseny Hub Barcelona"},"content":{"rendered":"<p>El pr\u00f2xim dissabte dia 5 de novembre celebrarem\u00a0la cinquena edici\u00f3 de les <strong>Urban Talks.<\/strong><\/p>\n<p>Si les paraules societat, patrimoni, creativitat, entorn urb\u00e0, art, s\u00f3n conceptes que us desperten inter\u00e8s heu de viure l&#8217;experi\u00e8ncia de les <strong>Urban Talks<\/strong>, un cicle de xerrades itinerants que tenen com a objectiu obrir un debat amb la ciutadania sobre la cultura i la creativitat amb relaci\u00f3 a l&#8217;entorn urb\u00e0. Les Urban Talks s\u00f3n una oportunitat \u00fanica per dialogar sobre l&#8217;art, el patrimoni, l&#8217;economia, la tecnologia o la sostenibilitat amb professionals que han destacat per la seva activitat en aquests camps i que ens permeten veure amb optimisme el futur de les ciutats.<\/p>\n<p>La cinquena edici\u00f3 de les Urban Talks est\u00e0 organitzada pel Poblenou Urban District, La Plataforma i Life In The Woods, i compten amb el Disseny Hub Barcelona com a venue partner.<\/p>\n<p>Amb el t\u00edtol post-espais es plantegen tres talks que parlaran sobre els l\u00edmits espacials de la cultura, del que queda fora dels murs i encara est\u00e0 per definir. Ho farem revisant la figura del curator, analitzant l&#8217;espai postmedi\u00e0tic i dialogant sobre la descentralitzaci\u00f3 de les noves criptocooperatives de l&#8217;art.<\/p>\n<p>Recorda:<\/p>\n<p><strong>Lloc<\/strong>:\u00a0 Auditori Disseny Hub Barcelona (acc\u00e9s lliure)<\/p>\n<p><strong>Dia:<\/strong> 5 de Novembre<\/p>\n<p><strong>Hora<\/strong>: 11h a 14h<\/p>\n<p>Recupera un espai per reflexionar, pensar i escoltar-nos per construir un futur millor.<\/p>\n<h4>&#8211; L&#8217;acc\u00e9s a les xerrades \u00e9s gratu\u00eft.<br \/>\n&#8211; Tamb\u00e9 pots seguir les Urban Talks en streaming a trav\u00e9s del n<span style=\"color: #333333;\">ostre <a style=\"color: #333333;\" href=\"https:\/\/www.youtube.com\/channel\/UCyVb54OCWKmehErJQbsO7Gw\">canal de Youtube<\/a> i <a style=\"color: #333333;\" href=\"https:\/\/www.instagram.com\/poblenouud\/\">perfil d&#8217;Instagram<\/a><\/span><\/h4>\n<p>&nbsp;<\/p>\n<p>Podeu veure les darreres edicions de les Urban Talks als enlla\u00e7os seg\u00fcents:<\/p>\n<p>&nbsp;<\/p>\n<p style=\"text-align: center;\"><strong><a href=\"https:\/\/poblenouurbandistrict.com\/urban-talks-2\/\">Urban Talks #1<\/a><\/strong><strong>\u00a0 \u00a0 \u00a0 \u00a0<\/strong><strong><a href=\"https:\/\/poblenouurbandistrict.com\/urban-talks-2-2\/\">Urban Talks #2<\/a><\/strong><strong>\u00a0 \u00a0 \u00a0<\/strong><strong><a href=\"https:\/\/poblenouurbandistrict.com\/urban-talks-3\/\">Urban talks #3<\/a><\/strong><strong>\u00a0 \u00a0<a href=\"https:\/\/poblenouurbandistrict.com\/urban-talks-4\/\" target=\"_blank\" rel=\"noopener\">Urban Talks #4<\/a><\/strong><\/p>\n<p><\/p>","protected":false},"excerpt":{"rendered":"<p>El pr\u00f2xim dissabte dia 5 de novembre celebrarem\u00a0la cinquena edici\u00f3 de les Urban Talks. Si les paraules societat, patrimoni, creativitat,&#8230; <a href=\"https:\/\/poblenouurbandistrict.com\/ca\/nova-edicio-de-les-urban-talks-aquest-5-de-novembre-al-disseny-hub-barcelona\/\">M\u00e9s  \u2192<\/a><\/p>\n","protected":false},"author":5,"featured_media":34283,"comment_status":"closed","ping_status":"closed","sticky":false,"template":"","format":"standard","meta":{"_acf_changed":false,"footnotes":""},"categories":[3566,3429,1],"tags":[],"class_list":["post-34261","post","type-post","status-publish","format-standard","has-post-thumbnail","hentry","category-innovacion","category-urban-talks","category-noticias"],"acf":[],"yoast_head":"<!-- This site is optimized with the Yoast SEO plugin v27.4 - https:\/\/yoast.com\/product\/yoast-seo-wordpress\/ -->\n<title>Nova edici\u00f3 de les Urban Talks el 5 de novembre al Disseny Hub Barcelona &#8211; Poblenou Urban District<\/title>\n<meta name=\"robots\" content=\"index, follow, max-snippet:-1, max-image-preview:large, max-video-preview:-1\" \/>\n<link rel=\"canonical\" href=\"https:\/\/poblenouurbandistrict.com\/ca\/nova-edicio-de-les-urban-talks-aquest-5-de-novembre-al-disseny-hub-barcelona\/\" \/>\n<meta property=\"og:locale\" content=\"ca_ES\" \/>\n<meta property=\"og:type\" content=\"article\" \/>\n<meta property=\"og:title\" content=\"Nova edici\u00f3 de les Urban Talks el 5 de novembre al Disseny Hub Barcelona &#8211; Poblenou Urban District\" \/>\n<meta property=\"og:description\" content=\"El pr\u00f2xim dissabte dia 5 de novembre celebrarem\u00a0la cinquena edici\u00f3 de les Urban Talks. Si les paraules societat, patrimoni, creativitat,... M\u00e9s \u2192\" \/>\n<meta property=\"og:url\" content=\"https:\/\/poblenouurbandistrict.com\/ca\/nova-edicio-de-les-urban-talks-aquest-5-de-novembre-al-disseny-hub-barcelona\/\" \/>\n<meta property=\"og:site_name\" content=\"Poblenou Urban District\" \/>\n<meta property=\"article:published_time\" content=\"2022-10-20T12:36:09+00:00\" \/>\n<meta property=\"article:modified_time\" content=\"2022-10-21T12:15:29+00:00\" \/>\n<meta property=\"og:image\" content=\"https:\/\/poblenouurbandistrict.com\/wp-content\/uploads\/2022\/10\/15500x1000-ut-2-scaled.jpg\" \/>\n\t<meta property=\"og:image:width\" content=\"2560\" \/>\n\t<meta property=\"og:image:height\" content=\"1706\" \/>\n\t<meta property=\"og:image:type\" content=\"image\/jpeg\" \/>\n<meta name=\"author\" content=\"pnud\" \/>\n<meta name=\"twitter:card\" content=\"summary_large_image\" \/>\n<meta name=\"twitter:label1\" content=\"Escrit per\" \/>\n\t<meta name=\"twitter:data1\" content=\"pnud\" \/>\n\t<meta name=\"twitter:label2\" content=\"Temps estimat de lectura\" \/>\n\t<meta name=\"twitter:data2\" content=\"2 minuts\" \/>\n<script type=\"application\/ld+json\" class=\"yoast-schema-graph\">{\"@context\":\"https:\\\/\\\/schema.org\",\"@graph\":[{\"@type\":\"Article\",\"@id\":\"https:\\\/\\\/poblenouurbandistrict.com\\\/nova-edicio-de-les-urban-talks-aquest-5-de-novembre-al-disseny-hub-barcelona\\\/#article\",\"isPartOf\":{\"@id\":\"https:\\\/\\\/poblenouurbandistrict.com\\\/nova-edicio-de-les-urban-talks-aquest-5-de-novembre-al-disseny-hub-barcelona\\\/\"},\"author\":{\"name\":\"pnud\",\"@id\":\"https:\\\/\\\/poblenouurbandistrict.com\\\/#\\\/schema\\\/person\\\/980a2cf34b399d5218205730acd54a7e\"},\"headline\":\"Nova edici\u00f3 de les Urban Talks el 5 de novembre al Disseny Hub Barcelona\",\"datePublished\":\"2022-10-20T12:36:09+00:00\",\"dateModified\":\"2022-10-21T12:15:29+00:00\",\"mainEntityOfPage\":{\"@id\":\"https:\\\/\\\/poblenouurbandistrict.com\\\/nova-edicio-de-les-urban-talks-aquest-5-de-novembre-al-disseny-hub-barcelona\\\/\"},\"wordCount\":883,\"image\":{\"@id\":\"https:\\\/\\\/poblenouurbandistrict.com\\\/nova-edicio-de-les-urban-talks-aquest-5-de-novembre-al-disseny-hub-barcelona\\\/#primaryimage\"},\"thumbnailUrl\":\"https:\\\/\\\/media.poblenouurbandistrict.com\\\/2022\\\/10\\\/25054620\\\/15500x1000-ut-2-scaled.jpg\",\"articleSection\":[\"Innovaci\u00f3\",\"Urban Talks\",\"Est\u00e0 passant\"],\"inLanguage\":\"ca\"},{\"@type\":\"WebPage\",\"@id\":\"https:\\\/\\\/poblenouurbandistrict.com\\\/ca\\\/nova-edicio-de-les-urban-talks-aquest-5-de-novembre-al-disseny-hub-barcelona\\\/\",\"url\":\"https:\\\/\\\/poblenouurbandistrict.com\\\/ca\\\/nova-edicio-de-les-urban-talks-aquest-5-de-novembre-al-disseny-hub-barcelona\\\/\",\"name\":\"Nova edici\u00f3 de les Urban Talks el 5 de novembre al Disseny Hub Barcelona &#8211; Poblenou Urban District\",\"isPartOf\":{\"@id\":\"https:\\\/\\\/poblenouurbandistrict.com\\\/ca\\\/#website\"},\"primaryImageOfPage\":{\"@id\":\"https:\\\/\\\/poblenouurbandistrict.com\\\/ca\\\/nova-edicio-de-les-urban-talks-aquest-5-de-novembre-al-disseny-hub-barcelona\\\/#primaryimage\"},\"image\":{\"@id\":\"https:\\\/\\\/poblenouurbandistrict.com\\\/nova-edicio-de-les-urban-talks-aquest-5-de-novembre-al-disseny-hub-barcelona\\\/#primaryimage\"},\"thumbnailUrl\":\"https:\\\/\\\/media.poblenouurbandistrict.com\\\/2022\\\/10\\\/25054620\\\/15500x1000-ut-2-scaled.jpg\",\"datePublished\":\"2022-10-20T12:36:09+00:00\",\"dateModified\":\"2022-10-21T12:15:29+00:00\",\"author\":{\"@id\":\"https:\\\/\\\/poblenouurbandistrict.com\\\/#\\\/schema\\\/person\\\/980a2cf34b399d5218205730acd54a7e\"},\"breadcrumb\":{\"@id\":\"https:\\\/\\\/poblenouurbandistrict.com\\\/ca\\\/nova-edicio-de-les-urban-talks-aquest-5-de-novembre-al-disseny-hub-barcelona\\\/#breadcrumb\"},\"inLanguage\":\"ca\",\"potentialAction\":[{\"@type\":\"ReadAction\",\"target\":[[\"https:\\\/\\\/poblenouurbandistrict.com\\\/ca\\\/nova-edicio-de-les-urban-talks-aquest-5-de-novembre-al-disseny-hub-barcelona\\\/\"]]}]},{\"@type\":\"ImageObject\",\"inLanguage\":\"ca\",\"@id\":\"https:\\\/\\\/poblenouurbandistrict.com\\\/ca\\\/nova-edicio-de-les-urban-talks-aquest-5-de-novembre-al-disseny-hub-barcelona\\\/#primaryimage\",\"url\":\"https:\\\/\\\/media.poblenouurbandistrict.com\\\/2022\\\/10\\\/25054620\\\/15500x1000-ut-2-scaled.jpg\",\"contentUrl\":\"https:\\\/\\\/media.poblenouurbandistrict.com\\\/2022\\\/10\\\/25054620\\\/15500x1000-ut-2-scaled.jpg\",\"width\":2560,\"height\":1706},{\"@type\":\"BreadcrumbList\",\"@id\":\"https:\\\/\\\/poblenouurbandistrict.com\\\/ca\\\/nova-edicio-de-les-urban-talks-aquest-5-de-novembre-al-disseny-hub-barcelona\\\/#breadcrumb\",\"itemListElement\":[{\"@type\":\"ListItem\",\"position\":1,\"name\":\"Home\",\"item\":\"https:\\\/\\\/poblenouurbandistrict.com\\\/ca\\\/\"},{\"@type\":\"ListItem\",\"position\":2,\"name\":\"Nova edici\u00f3 de les Urban Talks el 5 de novembre al Disseny Hub Barcelona\"}]},{\"@type\":\"WebSite\",\"@id\":\"https:\\\/\\\/poblenouurbandistrict.com\\\/ca\\\/#website\",\"url\":\"https:\\\/\\\/poblenouurbandistrict.com\\\/ca\\\/\",\"name\":\"Poblenou Urban District\",\"description\":\"Comunitat Creativa\",\"potentialAction\":[{\"@type\":\"SearchAction\",\"target\":{\"@type\":\"EntryPoint\",\"urlTemplate\":\"https:\\\/\\\/poblenouurbandistrict.com\\\/ca\\\/?s={search_term_string}\"},\"query-input\":{\"@type\":\"PropertyValueSpecification\",\"valueRequired\":true,\"valueName\":\"search_term_string\"}}],\"inLanguage\":\"ca\"},{\"@type\":\"Person\",\"@id\":\"https:\\\/\\\/poblenouurbandistrict.com\\\/#\\\/schema\\\/person\\\/980a2cf34b399d5218205730acd54a7e\",\"name\":\"pnud\",\"image\":{\"@type\":\"ImageObject\",\"inLanguage\":\"ca\",\"@id\":\"https:\\\/\\\/secure.gravatar.com\\\/avatar\\\/67146597b405ee077a24e519f75c3e2031736596d6ce35af3a34c122c93d0d7b?s=96&d=retro&r=g\",\"url\":\"https:\\\/\\\/secure.gravatar.com\\\/avatar\\\/67146597b405ee077a24e519f75c3e2031736596d6ce35af3a34c122c93d0d7b?s=96&d=retro&r=g\",\"contentUrl\":\"https:\\\/\\\/secure.gravatar.com\\\/avatar\\\/67146597b405ee077a24e519f75c3e2031736596d6ce35af3a34c122c93d0d7b?s=96&d=retro&r=g\",\"caption\":\"pnud\"}}]}<\/script>\n<!-- \/ Yoast SEO plugin. -->","yoast_head_json":{"title":"Nova edici\u00f3 de les Urban Talks el 5 de novembre al Disseny Hub Barcelona &#8211; Poblenou Urban District","robots":{"index":"index","follow":"follow","max-snippet":"max-snippet:-1","max-image-preview":"max-image-preview:large","max-video-preview":"max-video-preview:-1"},"canonical":"https:\/\/poblenouurbandistrict.com\/ca\/nova-edicio-de-les-urban-talks-aquest-5-de-novembre-al-disseny-hub-barcelona\/","og_locale":"ca_ES","og_type":"article","og_title":"Nova edici\u00f3 de les Urban Talks el 5 de novembre al Disseny Hub Barcelona &#8211; Poblenou Urban District","og_description":"El pr\u00f2xim dissabte dia 5 de novembre celebrarem\u00a0la cinquena edici\u00f3 de les Urban Talks. Si les paraules societat, patrimoni, creativitat,... M\u00e9s \u2192","og_url":"https:\/\/poblenouurbandistrict.com\/ca\/nova-edicio-de-les-urban-talks-aquest-5-de-novembre-al-disseny-hub-barcelona\/","og_site_name":"Poblenou Urban District","article_published_time":"2022-10-20T12:36:09+00:00","article_modified_time":"2022-10-21T12:15:29+00:00","og_image":[{"width":2560,"height":1706,"url":"https:\/\/poblenouurbandistrict.com\/wp-content\/uploads\/2022\/10\/15500x1000-ut-2-scaled.jpg","type":"image\/jpeg"}],"author":"pnud","twitter_card":"summary_large_image","twitter_misc":{"Escrit per":"pnud","Temps estimat de lectura":"2 minuts"},"schema":{"@context":"https:\/\/schema.org","@graph":[{"@type":"Article","@id":"https:\/\/poblenouurbandistrict.com\/nova-edicio-de-les-urban-talks-aquest-5-de-novembre-al-disseny-hub-barcelona\/#article","isPartOf":{"@id":"https:\/\/poblenouurbandistrict.com\/nova-edicio-de-les-urban-talks-aquest-5-de-novembre-al-disseny-hub-barcelona\/"},"author":{"name":"pnud","@id":"https:\/\/poblenouurbandistrict.com\/#\/schema\/person\/980a2cf34b399d5218205730acd54a7e"},"headline":"Nova edici\u00f3 de les Urban Talks el 5 de novembre al Disseny Hub Barcelona","datePublished":"2022-10-20T12:36:09+00:00","dateModified":"2022-10-21T12:15:29+00:00","mainEntityOfPage":{"@id":"https:\/\/poblenouurbandistrict.com\/nova-edicio-de-les-urban-talks-aquest-5-de-novembre-al-disseny-hub-barcelona\/"},"wordCount":883,"image":{"@id":"https:\/\/poblenouurbandistrict.com\/nova-edicio-de-les-urban-talks-aquest-5-de-novembre-al-disseny-hub-barcelona\/#primaryimage"},"thumbnailUrl":"https:\/\/media.poblenouurbandistrict.com\/2022\/10\/25054620\/15500x1000-ut-2-scaled.jpg","articleSection":["Innovaci\u00f3","Urban Talks","Est\u00e0 passant"],"inLanguage":"ca"},{"@type":"WebPage","@id":"https:\/\/poblenouurbandistrict.com\/ca\/nova-edicio-de-les-urban-talks-aquest-5-de-novembre-al-disseny-hub-barcelona\/","url":"https:\/\/poblenouurbandistrict.com\/ca\/nova-edicio-de-les-urban-talks-aquest-5-de-novembre-al-disseny-hub-barcelona\/","name":"Nova edici\u00f3 de les Urban Talks el 5 de novembre al Disseny Hub Barcelona &#8211; Poblenou Urban District","isPartOf":{"@id":"https:\/\/poblenouurbandistrict.com\/ca\/#website"},"primaryImageOfPage":{"@id":"https:\/\/poblenouurbandistrict.com\/ca\/nova-edicio-de-les-urban-talks-aquest-5-de-novembre-al-disseny-hub-barcelona\/#primaryimage"},"image":{"@id":"https:\/\/poblenouurbandistrict.com\/nova-edicio-de-les-urban-talks-aquest-5-de-novembre-al-disseny-hub-barcelona\/#primaryimage"},"thumbnailUrl":"https:\/\/media.poblenouurbandistrict.com\/2022\/10\/25054620\/15500x1000-ut-2-scaled.jpg","datePublished":"2022-10-20T12:36:09+00:00","dateModified":"2022-10-21T12:15:29+00:00","author":{"@id":"https:\/\/poblenouurbandistrict.com\/#\/schema\/person\/980a2cf34b399d5218205730acd54a7e"},"breadcrumb":{"@id":"https:\/\/poblenouurbandistrict.com\/ca\/nova-edicio-de-les-urban-talks-aquest-5-de-novembre-al-disseny-hub-barcelona\/#breadcrumb"},"inLanguage":"ca","potentialAction":[{"@type":"ReadAction","target":[["https:\/\/poblenouurbandistrict.com\/ca\/nova-edicio-de-les-urban-talks-aquest-5-de-novembre-al-disseny-hub-barcelona\/"]]}]},{"@type":"ImageObject","inLanguage":"ca","@id":"https:\/\/poblenouurbandistrict.com\/ca\/nova-edicio-de-les-urban-talks-aquest-5-de-novembre-al-disseny-hub-barcelona\/#primaryimage","url":"https:\/\/media.poblenouurbandistrict.com\/2022\/10\/25054620\/15500x1000-ut-2-scaled.jpg","contentUrl":"https:\/\/media.poblenouurbandistrict.com\/2022\/10\/25054620\/15500x1000-ut-2-scaled.jpg","width":2560,"height":1706},{"@type":"BreadcrumbList","@id":"https:\/\/poblenouurbandistrict.com\/ca\/nova-edicio-de-les-urban-talks-aquest-5-de-novembre-al-disseny-hub-barcelona\/#breadcrumb","itemListElement":[{"@type":"ListItem","position":1,"name":"Home","item":"https:\/\/poblenouurbandistrict.com\/ca\/"},{"@type":"ListItem","position":2,"name":"Nova edici\u00f3 de les Urban Talks el 5 de novembre al Disseny Hub Barcelona"}]},{"@type":"WebSite","@id":"https:\/\/poblenouurbandistrict.com\/ca\/#website","url":"https:\/\/poblenouurbandistrict.com\/ca\/","name":"Poblenou Urban District","description":"Comunitat Creativa","potentialAction":[{"@type":"SearchAction","target":{"@type":"EntryPoint","urlTemplate":"https:\/\/poblenouurbandistrict.com\/ca\/?s={search_term_string}"},"query-input":{"@type":"PropertyValueSpecification","valueRequired":true,"valueName":"search_term_string"}}],"inLanguage":"ca"},{"@type":"Person","@id":"https:\/\/poblenouurbandistrict.com\/#\/schema\/person\/980a2cf34b399d5218205730acd54a7e","name":"pnud","image":{"@type":"ImageObject","inLanguage":"ca","@id":"https:\/\/secure.gravatar.com\/avatar\/67146597b405ee077a24e519f75c3e2031736596d6ce35af3a34c122c93d0d7b?s=96&d=retro&r=g","url":"https:\/\/secure.gravatar.com\/avatar\/67146597b405ee077a24e519f75c3e2031736596d6ce35af3a34c122c93d0d7b?s=96&d=retro&r=g","contentUrl":"https:\/\/secure.gravatar.com\/avatar\/67146597b405ee077a24e519f75c3e2031736596d6ce35af3a34c122c93d0d7b?s=96&d=retro&r=g","caption":"pnud"}}]}},"_links":{"self":[{"href":"https:\/\/poblenouurbandistrict.com\/ca\/wp-json\/wp\/v2\/posts\/34261","targetHints":{"allow":["GET"]}}],"collection":[{"href":"https:\/\/poblenouurbandistrict.com\/ca\/wp-json\/wp\/v2\/posts"}],"about":[{"href":"https:\/\/poblenouurbandistrict.com\/ca\/wp-json\/wp\/v2\/types\/post"}],"author":[{"embeddable":true,"href":"https:\/\/poblenouurbandistrict.com\/ca\/wp-json\/wp\/v2\/users\/5"}],"replies":[{"embeddable":true,"href":"https:\/\/poblenouurbandistrict.com\/ca\/wp-json\/wp\/v2\/comments?post=34261"}],"version-history":[{"count":12,"href":"https:\/\/poblenouurbandistrict.com\/ca\/wp-json\/wp\/v2\/posts\/34261\/revisions"}],"predecessor-version":[{"id":34300,"href":"https:\/\/poblenouurbandistrict.com\/ca\/wp-json\/wp\/v2\/posts\/34261\/revisions\/34300"}],"wp:featuredmedia":[{"embeddable":true,"href":"https:\/\/poblenouurbandistrict.com\/ca\/wp-json\/wp\/v2\/media\/34283"}],"wp:attachment":[{"href":"https:\/\/poblenouurbandistrict.com\/ca\/wp-json\/wp\/v2\/media?parent=34261"}],"wp:term":[{"taxonomy":"category","embeddable":true,"href":"https:\/\/poblenouurbandistrict.com\/ca\/wp-json\/wp\/v2\/categories?post=34261"},{"taxonomy":"post_tag","embeddable":true,"href":"https:\/\/poblenouurbandistrict.com\/ca\/wp-json\/wp\/v2\/tags?post=34261"}],"curies":[{"name":"wp","href":"https:\/\/api.w.org\/{rel}","templated":true}]}}