{"id":34424,"date":"2022-09-23T16:36:05","date_gmt":"2022-09-23T14:36:05","guid":{"rendered":"https:\/\/poblenouurbandistrict.com\/?p=34424"},"modified":"2022-10-28T18:07:37","modified_gmt":"2022-10-28T16:07:37","slug":"talk-1-web3-autonomia-creativa","status":"publish","type":"post","link":"https:\/\/poblenouurbandistrict.com\/ca\/talk-1-web3-autonomia-creativa\/","title":{"rendered":"TALK #1 WEB3 Autonomia creativa?"},"content":{"rendered":"<p><span style=\"text-decoration: underline;\"><strong>TALK #1 \/ Horari 11:00h<\/strong><\/span><\/p>\n<p><strong>WEB3 Autonomia creativa?<\/strong><\/p>\n<p>L&#8217;art contemporani ha viscut des de l&#8217;aparici\u00f3 de Duchamp al m\u00f3n de &#8220;les intencions&#8221;. L&#8217;obra d&#8217;art ja no era un compendi de t\u00e8cniques i valoracions est\u00e8tiques can\u00f2niques; passem de l&#8217;era de l&#8217;objectivitat a la subjectivitat i aquella m\u00e0xima de &#8220;si alg\u00fa diu que \u00e9s una obra d&#8217;art, \u00e9s una obra d&#8217;art&#8221;. Desenganyem-nos: tots i cadascun de nosaltres haur\u00edem volgut enganxar aquell pl\u00e0tan amb cinta americana i tots haur\u00edem volgut vendre un .jpg per una gran quantitat de diners. El m\u00f3n del criptoart i els NFTs ja venen des de fa uns anys revolucionant el m\u00f3n de l&#8217;art contemporani sense, segons sembla, alterar la premissa de la subjectivitat implantada pel dadaisme. Per\u00f2 qu\u00e8 hi ha de veritat i qu\u00e8 hi ha de mentida? Hi ha alguna cosa m\u00e9s que especulaci\u00f3 i compradors amb wallets a vessar de criptomonedes? Aquesta conversa abordar\u00e0 les possibilitats i futurs de la WEB3 dins del m\u00f3n de l&#8217;art, lluny i al marge dels grans titulars i les vendes astron\u00f2miques, parlarem de les possibilitats reals de descentralitzaci\u00f3 i del que encara ha de venir.<\/p>\n<p><b>Participants #TALK 1:<\/b><\/p>\n<p><span style=\"font-weight: 400;\">Frankie Piz\u00e1 (Moderador) <\/span>\u00a0<span style=\"font-weight: 400;\">\u27f6 <\/span><a href=\"https:\/\/criptoescultura.com\/\"><span style=\"font-weight: 400;\">Sabrina Bonini (Fundadora de Cripto Es Cultura)<\/span><\/a> <span style=\"font-weight: 400;\">\u27f6<\/span> <a href=\"https:\/\/isabelitavirtual.com\/\"><span style=\"font-weight: 400;\">Isabelita Virtual (Directora Creativa)<\/span><\/a><\/p>\n<p>&nbsp;<\/p>\n<h1 style=\"text-align: center;\">Pots seguir les Urban Talks en streaming a trav\u00e9s del nostre\u00a0<a href=\"https:\/\/www.youtube.com\/channel\/UCyVb54OCWKmehErJQbsO7Gw\">canal de Youtube<\/a>\u00a0i\u00a0<a href=\"https:\/\/www.instagram.com\/poblenouud\/\">perfil d\u2019Instagram<\/a><\/h1>\n<p><\/p>","protected":false},"excerpt":{"rendered":"<p>TALK #1 \/ Horari 11:00h WEB3 Autonomia creativa? L&#8217;art contemporani ha viscut des de l&#8217;aparici\u00f3 de Duchamp al m\u00f3n de&#8230; <a href=\"https:\/\/poblenouurbandistrict.com\/ca\/talk-1-web3-autonomia-creativa\/\">M\u00e9s  \u2192<\/a><\/p>\n","protected":false},"author":5,"featured_media":34400,"comment_status":"closed","ping_status":"closed","sticky":false,"template":"","format":"standard","meta":{"_acf_changed":false,"footnotes":""},"categories":[1],"tags":[],"class_list":["post-34424","post","type-post","status-publish","format-standard","has-post-thumbnail","hentry","category-noticias"],"acf":[],"yoast_head":"<!-- This site is optimized with the Yoast SEO plugin v27.5 - https:\/\/yoast.com\/product\/yoast-seo-wordpress\/ -->\n<title>TALK #1 WEB3 Autonomia creativa? &#8211; Poblenou Urban District<\/title>\n<meta name=\"robots\" content=\"index, follow, max-snippet:-1, max-image-preview:large, max-video-preview:-1\" \/>\n<link rel=\"canonical\" href=\"https:\/\/poblenouurbandistrict.com\/ca\/talk-1-web3-autonomia-creativa\/\" \/>\n<meta property=\"og:locale\" content=\"ca_ES\" \/>\n<meta property=\"og:type\" content=\"article\" \/>\n<meta property=\"og:title\" content=\"TALK #1 WEB3 Autonomia creativa? &#8211; Poblenou Urban District\" \/>\n<meta property=\"og:description\" content=\"TALK #1 \/ Horari 11:00h WEB3 Autonomia creativa? L&#8217;art contemporani ha viscut des de l&#8217;aparici\u00f3 de Duchamp al m\u00f3n de... M\u00e9s \u2192\" \/>\n<meta property=\"og:url\" content=\"https:\/\/poblenouurbandistrict.com\/ca\/talk-1-web3-autonomia-creativa\/\" \/>\n<meta property=\"og:site_name\" content=\"Poblenou Urban District\" \/>\n<meta property=\"article:published_time\" content=\"2022-09-23T14:36:05+00:00\" \/>\n<meta property=\"article:modified_time\" content=\"2022-10-28T16:07:37+00:00\" \/>\n<meta property=\"og:image\" content=\"https:\/\/poblenouurbandistrict.com\/wp-content\/uploads\/2022\/10\/web-690x430-talks-ut.jpg\" \/>\n\t<meta property=\"og:image:width\" content=\"920\" \/>\n\t<meta property=\"og:image:height\" content=\"573\" \/>\n\t<meta property=\"og:image:type\" content=\"image\/jpeg\" \/>\n<meta name=\"author\" content=\"pnud\" \/>\n<meta name=\"twitter:card\" content=\"summary_large_image\" \/>\n<meta name=\"twitter:label1\" content=\"Escrit per\" \/>\n\t<meta name=\"twitter:data1\" content=\"pnud\" \/>\n\t<meta name=\"twitter:label2\" content=\"Temps estimat de lectura\" \/>\n\t<meta name=\"twitter:data2\" content=\"2 minuts\" \/>\n<script type=\"application\/ld+json\" class=\"yoast-schema-graph\">{\"@context\":\"https:\\\/\\\/schema.org\",\"@graph\":[{\"@type\":\"Article\",\"@id\":\"https:\\\/\\\/poblenouurbandistrict.com\\\/talk-1-web3-autonomia-creativa\\\/#article\",\"isPartOf\":{\"@id\":\"https:\\\/\\\/poblenouurbandistrict.com\\\/talk-1-web3-autonomia-creativa\\\/\"},\"author\":{\"name\":\"pnud\",\"@id\":\"https:\\\/\\\/poblenouurbandistrict.com\\\/#\\\/schema\\\/person\\\/980a2cf34b399d5218205730acd54a7e\"},\"headline\":\"TALK #1 WEB3 Autonomia creativa?\",\"datePublished\":\"2022-09-23T14:36:05+00:00\",\"dateModified\":\"2022-10-28T16:07:37+00:00\",\"mainEntityOfPage\":{\"@id\":\"https:\\\/\\\/poblenouurbandistrict.com\\\/talk-1-web3-autonomia-creativa\\\/\"},\"wordCount\":731,\"image\":{\"@id\":\"https:\\\/\\\/poblenouurbandistrict.com\\\/talk-1-web3-autonomia-creativa\\\/#primaryimage\"},\"thumbnailUrl\":\"https:\\\/\\\/media.poblenouurbandistrict.com\\\/2022\\\/10\\\/25054758\\\/web-690x430-talks-ut.jpg\",\"articleSection\":[\"Est\u00e0 passant\"],\"inLanguage\":\"ca\"},{\"@type\":\"WebPage\",\"@id\":\"https:\\\/\\\/poblenouurbandistrict.com\\\/ca\\\/talk-1-web3-autonomia-creativa\\\/\",\"url\":\"https:\\\/\\\/poblenouurbandistrict.com\\\/ca\\\/talk-1-web3-autonomia-creativa\\\/\",\"name\":\"TALK #1 WEB3 Autonomia creativa? &#8211; Poblenou Urban District\",\"isPartOf\":{\"@id\":\"https:\\\/\\\/poblenouurbandistrict.com\\\/ca\\\/#website\"},\"primaryImageOfPage\":{\"@id\":\"https:\\\/\\\/poblenouurbandistrict.com\\\/ca\\\/talk-1-web3-autonomia-creativa\\\/#primaryimage\"},\"image\":{\"@id\":\"https:\\\/\\\/poblenouurbandistrict.com\\\/talk-1-web3-autonomia-creativa\\\/#primaryimage\"},\"thumbnailUrl\":\"https:\\\/\\\/media.poblenouurbandistrict.com\\\/2022\\\/10\\\/25054758\\\/web-690x430-talks-ut.jpg\",\"datePublished\":\"2022-09-23T14:36:05+00:00\",\"dateModified\":\"2022-10-28T16:07:37+00:00\",\"author\":{\"@id\":\"https:\\\/\\\/poblenouurbandistrict.com\\\/#\\\/schema\\\/person\\\/980a2cf34b399d5218205730acd54a7e\"},\"breadcrumb\":{\"@id\":\"https:\\\/\\\/poblenouurbandistrict.com\\\/ca\\\/talk-1-web3-autonomia-creativa\\\/#breadcrumb\"},\"inLanguage\":\"ca\",\"potentialAction\":[{\"@type\":\"ReadAction\",\"target\":[[\"https:\\\/\\\/poblenouurbandistrict.com\\\/ca\\\/talk-1-web3-autonomia-creativa\\\/\"]]}]},{\"@type\":\"ImageObject\",\"inLanguage\":\"ca\",\"@id\":\"https:\\\/\\\/poblenouurbandistrict.com\\\/ca\\\/talk-1-web3-autonomia-creativa\\\/#primaryimage\",\"url\":\"https:\\\/\\\/media.poblenouurbandistrict.com\\\/2022\\\/10\\\/25054758\\\/web-690x430-talks-ut.jpg\",\"contentUrl\":\"https:\\\/\\\/media.poblenouurbandistrict.com\\\/2022\\\/10\\\/25054758\\\/web-690x430-talks-ut.jpg\",\"width\":920,\"height\":573},{\"@type\":\"BreadcrumbList\",\"@id\":\"https:\\\/\\\/poblenouurbandistrict.com\\\/ca\\\/talk-1-web3-autonomia-creativa\\\/#breadcrumb\",\"itemListElement\":[{\"@type\":\"ListItem\",\"position\":1,\"name\":\"Home\",\"item\":\"https:\\\/\\\/poblenouurbandistrict.com\\\/ca\\\/\"},{\"@type\":\"ListItem\",\"position\":2,\"name\":\"TALK #1 WEB3 Autonomia creativa?\"}]},{\"@type\":\"WebSite\",\"@id\":\"https:\\\/\\\/poblenouurbandistrict.com\\\/ca\\\/#website\",\"url\":\"https:\\\/\\\/poblenouurbandistrict.com\\\/ca\\\/\",\"name\":\"Poblenou Urban District\",\"description\":\"Comunitat Creativa\",\"potentialAction\":[{\"@type\":\"SearchAction\",\"target\":{\"@type\":\"EntryPoint\",\"urlTemplate\":\"https:\\\/\\\/poblenouurbandistrict.com\\\/ca\\\/?s={search_term_string}\"},\"query-input\":{\"@type\":\"PropertyValueSpecification\",\"valueRequired\":true,\"valueName\":\"search_term_string\"}}],\"inLanguage\":\"ca\"},{\"@type\":\"Person\",\"@id\":\"https:\\\/\\\/poblenouurbandistrict.com\\\/#\\\/schema\\\/person\\\/980a2cf34b399d5218205730acd54a7e\",\"name\":\"pnud\",\"image\":{\"@type\":\"ImageObject\",\"inLanguage\":\"ca\",\"@id\":\"https:\\\/\\\/secure.gravatar.com\\\/avatar\\\/67146597b405ee077a24e519f75c3e2031736596d6ce35af3a34c122c93d0d7b?s=96&d=retro&r=g\",\"url\":\"https:\\\/\\\/secure.gravatar.com\\\/avatar\\\/67146597b405ee077a24e519f75c3e2031736596d6ce35af3a34c122c93d0d7b?s=96&d=retro&r=g\",\"contentUrl\":\"https:\\\/\\\/secure.gravatar.com\\\/avatar\\\/67146597b405ee077a24e519f75c3e2031736596d6ce35af3a34c122c93d0d7b?s=96&d=retro&r=g\",\"caption\":\"pnud\"}}]}<\/script>\n<!-- \/ Yoast SEO plugin. -->","yoast_head_json":{"title":"TALK #1 WEB3 Autonomia creativa? &#8211; Poblenou Urban District","robots":{"index":"index","follow":"follow","max-snippet":"max-snippet:-1","max-image-preview":"max-image-preview:large","max-video-preview":"max-video-preview:-1"},"canonical":"https:\/\/poblenouurbandistrict.com\/ca\/talk-1-web3-autonomia-creativa\/","og_locale":"ca_ES","og_type":"article","og_title":"TALK #1 WEB3 Autonomia creativa? &#8211; Poblenou Urban District","og_description":"TALK #1 \/ Horari 11:00h WEB3 Autonomia creativa? L&#8217;art contemporani ha viscut des de l&#8217;aparici\u00f3 de Duchamp al m\u00f3n de... M\u00e9s \u2192","og_url":"https:\/\/poblenouurbandistrict.com\/ca\/talk-1-web3-autonomia-creativa\/","og_site_name":"Poblenou Urban District","article_published_time":"2022-09-23T14:36:05+00:00","article_modified_time":"2022-10-28T16:07:37+00:00","og_image":[{"width":920,"height":573,"url":"https:\/\/poblenouurbandistrict.com\/wp-content\/uploads\/2022\/10\/web-690x430-talks-ut.jpg","type":"image\/jpeg"}],"author":"pnud","twitter_card":"summary_large_image","twitter_misc":{"Escrit per":"pnud","Temps estimat de lectura":"2 minuts"},"schema":{"@context":"https:\/\/schema.org","@graph":[{"@type":"Article","@id":"https:\/\/poblenouurbandistrict.com\/talk-1-web3-autonomia-creativa\/#article","isPartOf":{"@id":"https:\/\/poblenouurbandistrict.com\/talk-1-web3-autonomia-creativa\/"},"author":{"name":"pnud","@id":"https:\/\/poblenouurbandistrict.com\/#\/schema\/person\/980a2cf34b399d5218205730acd54a7e"},"headline":"TALK #1 WEB3 Autonomia creativa?","datePublished":"2022-09-23T14:36:05+00:00","dateModified":"2022-10-28T16:07:37+00:00","mainEntityOfPage":{"@id":"https:\/\/poblenouurbandistrict.com\/talk-1-web3-autonomia-creativa\/"},"wordCount":731,"image":{"@id":"https:\/\/poblenouurbandistrict.com\/talk-1-web3-autonomia-creativa\/#primaryimage"},"thumbnailUrl":"https:\/\/media.poblenouurbandistrict.com\/2022\/10\/25054758\/web-690x430-talks-ut.jpg","articleSection":["Est\u00e0 passant"],"inLanguage":"ca"},{"@type":"WebPage","@id":"https:\/\/poblenouurbandistrict.com\/ca\/talk-1-web3-autonomia-creativa\/","url":"https:\/\/poblenouurbandistrict.com\/ca\/talk-1-web3-autonomia-creativa\/","name":"TALK #1 WEB3 Autonomia creativa? &#8211; Poblenou Urban District","isPartOf":{"@id":"https:\/\/poblenouurbandistrict.com\/ca\/#website"},"primaryImageOfPage":{"@id":"https:\/\/poblenouurbandistrict.com\/ca\/talk-1-web3-autonomia-creativa\/#primaryimage"},"image":{"@id":"https:\/\/poblenouurbandistrict.com\/talk-1-web3-autonomia-creativa\/#primaryimage"},"thumbnailUrl":"https:\/\/media.poblenouurbandistrict.com\/2022\/10\/25054758\/web-690x430-talks-ut.jpg","datePublished":"2022-09-23T14:36:05+00:00","dateModified":"2022-10-28T16:07:37+00:00","author":{"@id":"https:\/\/poblenouurbandistrict.com\/#\/schema\/person\/980a2cf34b399d5218205730acd54a7e"},"breadcrumb":{"@id":"https:\/\/poblenouurbandistrict.com\/ca\/talk-1-web3-autonomia-creativa\/#breadcrumb"},"inLanguage":"ca","potentialAction":[{"@type":"ReadAction","target":[["https:\/\/poblenouurbandistrict.com\/ca\/talk-1-web3-autonomia-creativa\/"]]}]},{"@type":"ImageObject","inLanguage":"ca","@id":"https:\/\/poblenouurbandistrict.com\/ca\/talk-1-web3-autonomia-creativa\/#primaryimage","url":"https:\/\/media.poblenouurbandistrict.com\/2022\/10\/25054758\/web-690x430-talks-ut.jpg","contentUrl":"https:\/\/media.poblenouurbandistrict.com\/2022\/10\/25054758\/web-690x430-talks-ut.jpg","width":920,"height":573},{"@type":"BreadcrumbList","@id":"https:\/\/poblenouurbandistrict.com\/ca\/talk-1-web3-autonomia-creativa\/#breadcrumb","itemListElement":[{"@type":"ListItem","position":1,"name":"Home","item":"https:\/\/poblenouurbandistrict.com\/ca\/"},{"@type":"ListItem","position":2,"name":"TALK #1 WEB3 Autonomia creativa?"}]},{"@type":"WebSite","@id":"https:\/\/poblenouurbandistrict.com\/ca\/#website","url":"https:\/\/poblenouurbandistrict.com\/ca\/","name":"Poblenou Urban District","description":"Comunitat Creativa","potentialAction":[{"@type":"SearchAction","target":{"@type":"EntryPoint","urlTemplate":"https:\/\/poblenouurbandistrict.com\/ca\/?s={search_term_string}"},"query-input":{"@type":"PropertyValueSpecification","valueRequired":true,"valueName":"search_term_string"}}],"inLanguage":"ca"},{"@type":"Person","@id":"https:\/\/poblenouurbandistrict.com\/#\/schema\/person\/980a2cf34b399d5218205730acd54a7e","name":"pnud","image":{"@type":"ImageObject","inLanguage":"ca","@id":"https:\/\/secure.gravatar.com\/avatar\/67146597b405ee077a24e519f75c3e2031736596d6ce35af3a34c122c93d0d7b?s=96&d=retro&r=g","url":"https:\/\/secure.gravatar.com\/avatar\/67146597b405ee077a24e519f75c3e2031736596d6ce35af3a34c122c93d0d7b?s=96&d=retro&r=g","contentUrl":"https:\/\/secure.gravatar.com\/avatar\/67146597b405ee077a24e519f75c3e2031736596d6ce35af3a34c122c93d0d7b?s=96&d=retro&r=g","caption":"pnud"}}]}},"_links":{"self":[{"href":"https:\/\/poblenouurbandistrict.com\/ca\/wp-json\/wp\/v2\/posts\/34424","targetHints":{"allow":["GET"]}}],"collection":[{"href":"https:\/\/poblenouurbandistrict.com\/ca\/wp-json\/wp\/v2\/posts"}],"about":[{"href":"https:\/\/poblenouurbandistrict.com\/ca\/wp-json\/wp\/v2\/types\/post"}],"author":[{"embeddable":true,"href":"https:\/\/poblenouurbandistrict.com\/ca\/wp-json\/wp\/v2\/users\/5"}],"replies":[{"embeddable":true,"href":"https:\/\/poblenouurbandistrict.com\/ca\/wp-json\/wp\/v2\/comments?post=34424"}],"version-history":[{"count":2,"href":"https:\/\/poblenouurbandistrict.com\/ca\/wp-json\/wp\/v2\/posts\/34424\/revisions"}],"predecessor-version":[{"id":34435,"href":"https:\/\/poblenouurbandistrict.com\/ca\/wp-json\/wp\/v2\/posts\/34424\/revisions\/34435"}],"wp:featuredmedia":[{"embeddable":true,"href":"https:\/\/poblenouurbandistrict.com\/ca\/wp-json\/wp\/v2\/media\/34400"}],"wp:attachment":[{"href":"https:\/\/poblenouurbandistrict.com\/ca\/wp-json\/wp\/v2\/media?parent=34424"}],"wp:term":[{"taxonomy":"category","embeddable":true,"href":"https:\/\/poblenouurbandistrict.com\/ca\/wp-json\/wp\/v2\/categories?post=34424"},{"taxonomy":"post_tag","embeddable":true,"href":"https:\/\/poblenouurbandistrict.com\/ca\/wp-json\/wp\/v2\/tags?post=34424"}],"curies":[{"name":"wp","href":"https:\/\/api.w.org\/{rel}","templated":true}]}}