{"id":34460,"date":"2022-11-02T12:41:35","date_gmt":"2022-11-02T11:41:35","guid":{"rendered":"https:\/\/poblenouurbandistrict.com\/?p=34460"},"modified":"2022-11-04T11:31:20","modified_gmt":"2022-11-04T10:31:20","slug":"protopixel-presenta-dos-nous-projectes-dilluminacio","status":"publish","type":"post","link":"https:\/\/poblenouurbandistrict.com\/ca\/protopixel-presenta-dos-nous-projectes-dilluminacio\/","title":{"rendered":"Protopixel presenta dos nous projectes d&#8217;il\u00b7luminaci\u00f3"},"content":{"rendered":"<p><strong><a href=\"https:\/\/www.protopixel.io\/\">ProtoPixel<\/a><\/strong>, la plataforma de disseny d&#8217;il\u00b7luminaci\u00f3 professional per a empreses, institucions, establiments i oci, ubicada al<strong> Districte Creatiu de Barcelona<\/strong>, acaba de presentar dos projectes d&#8217;il\u00b7luminaci\u00f3 amb tecnologia d&#8217;\u00faltima generaci\u00f3 en els quals ha participat, que avalen la seva qualitat professional com a empresa referent en el sector donant cabuda a projectes amb car\u00e0cter funcional i emocional.<\/p>\n<p>En el primer, l&#8217;empresa de Poblenou va rebre l&#8217;enc\u00e0rrec de <strong>The Core School,<\/strong> un centre educatiu madrileny de refer\u00e8ncia internacional per als professionals de la ind\u00fastria de l&#8217;oci i l&#8217;entreteniment audiovisual, per desenvolupar un projecte amb una instal\u00b7laci\u00f3 que incorpor\u00e9s <strong>un car\u00e0ter funcional.<\/strong><\/p>\n<p>A mitjans del 2021, Ignasi Llaurad\u00f3, CEO i Director Creatiu de l&#8217;estudi de la generalitat, es va posar en contacte amb ProtoPixel amb l&#8217;objectiu d&#8217;il\u00b7luminar i animar l&#8217;atri de l&#8217;escola de forma funcional, din\u00e0mica i juvenil.<\/p>\n<p>L&#8217;objectiu principal del projecte era trobar la millor manera d&#8217;aconseguir una il\u00b7luminaci\u00f3 funcional sense perdre l&#8217;energia dels m\u00e9s joves. Per aix\u00f2, amb l&#8217;ajuda de la informaci\u00f3, van crear 6 continguts d&#8217;il\u00b7luminaci\u00f3 diferents a trav\u00e9s de ProtoPixel Create, el seu programari de disseny d&#8217;il\u00b7luminaci\u00f3. Cadascun d&#8217;ells aconsegueix una atmosfera \u00fanica i singular per a cada moment del viatge dels estudiants.<\/p>\n<p>Per aconseguir l&#8217;experi\u00e8ncia completa de gestionar les llumin\u00e0ries com un professional, van treballar amb l&#8217;app ProtoPixel Spaces, que permet als usuaris quotidians organitzar i controlar f\u00e0cilment els projectes d&#8217;il\u00b7luminaci\u00f3. Gr\u00e0cies a ella, es poden canviar f\u00e0cilment els diferents ambients en funci\u00f3 de les diferents necessitats del<\/p>\n<p>La part m\u00e9s emocional en qu\u00e8 ha participat darrerament Protopixel vi amb el projecte Vestivular_1, una instal\u00b7laci\u00f3 audiovisual immersiva, experiencial i art\u00edstica.<\/p>\n<p>Aquesta instal\u00b7laci\u00f3 indueix a l&#8217;audi\u00e8ncia sensacions il\u00b7lus\u00f2ries de moviment propi en completa foscor mitjan\u00e7ant la interrupci\u00f3 temporal del seu funcionament vestibular. Relacionat amb l&#8217; equilibri i el control espacial, el sistema vestibular es troba ubicat a l&#8217; orella interna de l&#8217; \u00e9sser hum\u00e0.<\/p>\n<p>Aquestes sensacions il\u00b7lus\u00f2ries de moviment s&#8217;aconsegueixen a trav\u00e9s de potents patrons espec\u00edfics i configuracions d&#8217;est\u00edmuls de llum i so que, en la foscor, persisteixen en la retina i el sistema auditiu.<\/p>\n<p>L&#8217;obra, d&#8217;Albert Barqu\u00e9-Duran i Marc Marzenit, \u00e9s una producci\u00f3 de BEEP Collection 2020 basada en la investigaci\u00f3 del Laboratori VeME (Realitzaci\u00f3 multisensorial vestibular) de la Universitat de Londres i es podr\u00e0 veure el proper <strong>18 de novembre<\/strong> al Cosmo Caixa.<\/p>\n<p>M\u00e9s info aqu\u00ed: <a href=\"https:\/\/albertbarque.com\/vestibular_1\/\">https:\/\/albertbarque.com\/vestibular_1\/<\/a><\/p>\n<p>&nbsp;<\/p>","protected":false},"excerpt":{"rendered":"<p>ProtoPixel, la plataforma de disseny d&#8217;il\u00b7luminaci\u00f3 professional per a empreses, institucions, establiments i oci, ubicada al Districte Creatiu de Barcelona,&#8230; <a href=\"https:\/\/poblenouurbandistrict.com\/ca\/protopixel-presenta-dos-nous-projectes-dilluminacio\/\">M\u00e9s  \u2192<\/a><\/p>\n","protected":false},"author":5,"featured_media":34467,"comment_status":"closed","ping_status":"closed","sticky":false,"template":"","format":"standard","meta":{"_acf_changed":false,"footnotes":""},"categories":[1],"tags":[],"class_list":["post-34460","post","type-post","status-publish","format-standard","has-post-thumbnail","hentry","category-noticias"],"acf":[],"yoast_head":"<!-- This site is optimized with the Yoast SEO plugin v27.5 - https:\/\/yoast.com\/product\/yoast-seo-wordpress\/ -->\n<title>Protopixel presenta dos nous projectes d&#039;il\u00b7luminaci\u00f3 &#8211; Poblenou Urban District<\/title>\n<meta name=\"robots\" content=\"index, follow, max-snippet:-1, max-image-preview:large, max-video-preview:-1\" \/>\n<link rel=\"canonical\" href=\"https:\/\/poblenouurbandistrict.com\/ca\/protopixel-presenta-dos-nous-projectes-dilluminacio\/\" \/>\n<meta property=\"og:locale\" content=\"ca_ES\" \/>\n<meta property=\"og:type\" content=\"article\" \/>\n<meta property=\"og:title\" content=\"Protopixel presenta dos nous projectes d&#039;il\u00b7luminaci\u00f3 &#8211; Poblenou Urban District\" \/>\n<meta property=\"og:description\" content=\"ProtoPixel, la plataforma de disseny d&#8217;il\u00b7luminaci\u00f3 professional per a empreses, institucions, establiments i oci, ubicada al Districte Creatiu de Barcelona,... M\u00e9s \u2192\" \/>\n<meta property=\"og:url\" content=\"https:\/\/poblenouurbandistrict.com\/ca\/protopixel-presenta-dos-nous-projectes-dilluminacio\/\" \/>\n<meta property=\"og:site_name\" content=\"Poblenou Urban District\" \/>\n<meta property=\"article:published_time\" content=\"2022-11-02T11:41:35+00:00\" \/>\n<meta property=\"article:modified_time\" content=\"2022-11-04T10:31:20+00:00\" \/>\n<meta property=\"og:image\" content=\"https:\/\/poblenouurbandistrict.com\/wp-content\/uploads\/2022\/10\/urban-talks-2.png\" \/>\n\t<meta property=\"og:image:width\" content=\"1500\" \/>\n\t<meta property=\"og:image:height\" content=\"1000\" \/>\n\t<meta property=\"og:image:type\" content=\"image\/png\" \/>\n<meta name=\"author\" content=\"pnud\" \/>\n<meta name=\"twitter:card\" content=\"summary_large_image\" \/>\n<meta name=\"twitter:label1\" content=\"Escrit per\" \/>\n\t<meta name=\"twitter:data1\" content=\"pnud\" \/>\n\t<meta name=\"twitter:label2\" content=\"Temps estimat de lectura\" \/>\n\t<meta name=\"twitter:data2\" content=\"3 minuts\" \/>\n<script type=\"application\/ld+json\" class=\"yoast-schema-graph\">{\"@context\":\"https:\\\/\\\/schema.org\",\"@graph\":[{\"@type\":\"Article\",\"@id\":\"https:\\\/\\\/poblenouurbandistrict.com\\\/protopixel-presenta-dos-nous-projectes-dilluminacio\\\/#article\",\"isPartOf\":{\"@id\":\"https:\\\/\\\/poblenouurbandistrict.com\\\/protopixel-presenta-dos-nous-projectes-dilluminacio\\\/\"},\"author\":{\"name\":\"pnud\",\"@id\":\"https:\\\/\\\/poblenouurbandistrict.com\\\/#\\\/schema\\\/person\\\/980a2cf34b399d5218205730acd54a7e\"},\"headline\":\"Protopixel presenta dos nous projectes d&#8217;il\u00b7luminaci\u00f3\",\"datePublished\":\"2022-11-02T11:41:35+00:00\",\"dateModified\":\"2022-11-04T10:31:20+00:00\",\"mainEntityOfPage\":{\"@id\":\"https:\\\/\\\/poblenouurbandistrict.com\\\/protopixel-presenta-dos-nous-projectes-dilluminacio\\\/\"},\"wordCount\":1324,\"image\":{\"@id\":\"https:\\\/\\\/poblenouurbandistrict.com\\\/protopixel-presenta-dos-nous-projectes-dilluminacio\\\/#primaryimage\"},\"thumbnailUrl\":\"https:\\\/\\\/media.poblenouurbandistrict.com\\\/2022\\\/10\\\/25054818\\\/urban-talks-2.jpg\",\"articleSection\":[\"Est\u00e0 passant\"],\"inLanguage\":\"ca\"},{\"@type\":\"WebPage\",\"@id\":\"https:\\\/\\\/poblenouurbandistrict.com\\\/ca\\\/protopixel-presenta-dos-nous-projectes-dilluminacio\\\/\",\"url\":\"https:\\\/\\\/poblenouurbandistrict.com\\\/ca\\\/protopixel-presenta-dos-nous-projectes-dilluminacio\\\/\",\"name\":\"Protopixel presenta dos nous projectes d'il\u00b7luminaci\u00f3 &#8211; Poblenou Urban District\",\"isPartOf\":{\"@id\":\"https:\\\/\\\/poblenouurbandistrict.com\\\/ca\\\/#website\"},\"primaryImageOfPage\":{\"@id\":\"https:\\\/\\\/poblenouurbandistrict.com\\\/ca\\\/protopixel-presenta-dos-nous-projectes-dilluminacio\\\/#primaryimage\"},\"image\":{\"@id\":\"https:\\\/\\\/poblenouurbandistrict.com\\\/protopixel-presenta-dos-nous-projectes-dilluminacio\\\/#primaryimage\"},\"thumbnailUrl\":\"https:\\\/\\\/media.poblenouurbandistrict.com\\\/2022\\\/10\\\/25054818\\\/urban-talks-2.jpg\",\"datePublished\":\"2022-11-02T11:41:35+00:00\",\"dateModified\":\"2022-11-04T10:31:20+00:00\",\"author\":{\"@id\":\"https:\\\/\\\/poblenouurbandistrict.com\\\/#\\\/schema\\\/person\\\/980a2cf34b399d5218205730acd54a7e\"},\"breadcrumb\":{\"@id\":\"https:\\\/\\\/poblenouurbandistrict.com\\\/ca\\\/protopixel-presenta-dos-nous-projectes-dilluminacio\\\/#breadcrumb\"},\"inLanguage\":\"ca\",\"potentialAction\":[{\"@type\":\"ReadAction\",\"target\":[[\"https:\\\/\\\/poblenouurbandistrict.com\\\/ca\\\/protopixel-presenta-dos-nous-projectes-dilluminacio\\\/\"]]}]},{\"@type\":\"ImageObject\",\"inLanguage\":\"ca\",\"@id\":\"https:\\\/\\\/poblenouurbandistrict.com\\\/ca\\\/protopixel-presenta-dos-nous-projectes-dilluminacio\\\/#primaryimage\",\"url\":\"https:\\\/\\\/media.poblenouurbandistrict.com\\\/2022\\\/10\\\/25054818\\\/urban-talks-2.jpg\",\"contentUrl\":\"https:\\\/\\\/media.poblenouurbandistrict.com\\\/2022\\\/10\\\/25054818\\\/urban-talks-2.jpg\",\"width\":1500,\"height\":1000},{\"@type\":\"BreadcrumbList\",\"@id\":\"https:\\\/\\\/poblenouurbandistrict.com\\\/ca\\\/protopixel-presenta-dos-nous-projectes-dilluminacio\\\/#breadcrumb\",\"itemListElement\":[{\"@type\":\"ListItem\",\"position\":1,\"name\":\"Home\",\"item\":\"https:\\\/\\\/poblenouurbandistrict.com\\\/ca\\\/\"},{\"@type\":\"ListItem\",\"position\":2,\"name\":\"Protopixel presenta dos nous projectes d&#8217;il\u00b7luminaci\u00f3\"}]},{\"@type\":\"WebSite\",\"@id\":\"https:\\\/\\\/poblenouurbandistrict.com\\\/ca\\\/#website\",\"url\":\"https:\\\/\\\/poblenouurbandistrict.com\\\/ca\\\/\",\"name\":\"Poblenou Urban District\",\"description\":\"Comunitat Creativa\",\"potentialAction\":[{\"@type\":\"SearchAction\",\"target\":{\"@type\":\"EntryPoint\",\"urlTemplate\":\"https:\\\/\\\/poblenouurbandistrict.com\\\/ca\\\/?s={search_term_string}\"},\"query-input\":{\"@type\":\"PropertyValueSpecification\",\"valueRequired\":true,\"valueName\":\"search_term_string\"}}],\"inLanguage\":\"ca\"},{\"@type\":\"Person\",\"@id\":\"https:\\\/\\\/poblenouurbandistrict.com\\\/#\\\/schema\\\/person\\\/980a2cf34b399d5218205730acd54a7e\",\"name\":\"pnud\",\"image\":{\"@type\":\"ImageObject\",\"inLanguage\":\"ca\",\"@id\":\"https:\\\/\\\/secure.gravatar.com\\\/avatar\\\/67146597b405ee077a24e519f75c3e2031736596d6ce35af3a34c122c93d0d7b?s=96&d=retro&r=g\",\"url\":\"https:\\\/\\\/secure.gravatar.com\\\/avatar\\\/67146597b405ee077a24e519f75c3e2031736596d6ce35af3a34c122c93d0d7b?s=96&d=retro&r=g\",\"contentUrl\":\"https:\\\/\\\/secure.gravatar.com\\\/avatar\\\/67146597b405ee077a24e519f75c3e2031736596d6ce35af3a34c122c93d0d7b?s=96&d=retro&r=g\",\"caption\":\"pnud\"}}]}<\/script>\n<!-- \/ Yoast SEO plugin. -->","yoast_head_json":{"title":"Protopixel presenta dos nous projectes d'il\u00b7luminaci\u00f3 &#8211; Poblenou Urban District","robots":{"index":"index","follow":"follow","max-snippet":"max-snippet:-1","max-image-preview":"max-image-preview:large","max-video-preview":"max-video-preview:-1"},"canonical":"https:\/\/poblenouurbandistrict.com\/ca\/protopixel-presenta-dos-nous-projectes-dilluminacio\/","og_locale":"ca_ES","og_type":"article","og_title":"Protopixel presenta dos nous projectes d'il\u00b7luminaci\u00f3 &#8211; Poblenou Urban District","og_description":"ProtoPixel, la plataforma de disseny d&#8217;il\u00b7luminaci\u00f3 professional per a empreses, institucions, establiments i oci, ubicada al Districte Creatiu de Barcelona,... M\u00e9s \u2192","og_url":"https:\/\/poblenouurbandistrict.com\/ca\/protopixel-presenta-dos-nous-projectes-dilluminacio\/","og_site_name":"Poblenou Urban District","article_published_time":"2022-11-02T11:41:35+00:00","article_modified_time":"2022-11-04T10:31:20+00:00","og_image":[{"width":1500,"height":1000,"url":"https:\/\/poblenouurbandistrict.com\/wp-content\/uploads\/2022\/10\/urban-talks-2.png","type":"image\/png"}],"author":"pnud","twitter_card":"summary_large_image","twitter_misc":{"Escrit per":"pnud","Temps estimat de lectura":"3 minuts"},"schema":{"@context":"https:\/\/schema.org","@graph":[{"@type":"Article","@id":"https:\/\/poblenouurbandistrict.com\/protopixel-presenta-dos-nous-projectes-dilluminacio\/#article","isPartOf":{"@id":"https:\/\/poblenouurbandistrict.com\/protopixel-presenta-dos-nous-projectes-dilluminacio\/"},"author":{"name":"pnud","@id":"https:\/\/poblenouurbandistrict.com\/#\/schema\/person\/980a2cf34b399d5218205730acd54a7e"},"headline":"Protopixel presenta dos nous projectes d&#8217;il\u00b7luminaci\u00f3","datePublished":"2022-11-02T11:41:35+00:00","dateModified":"2022-11-04T10:31:20+00:00","mainEntityOfPage":{"@id":"https:\/\/poblenouurbandistrict.com\/protopixel-presenta-dos-nous-projectes-dilluminacio\/"},"wordCount":1324,"image":{"@id":"https:\/\/poblenouurbandistrict.com\/protopixel-presenta-dos-nous-projectes-dilluminacio\/#primaryimage"},"thumbnailUrl":"https:\/\/media.poblenouurbandistrict.com\/2022\/10\/25054818\/urban-talks-2.jpg","articleSection":["Est\u00e0 passant"],"inLanguage":"ca"},{"@type":"WebPage","@id":"https:\/\/poblenouurbandistrict.com\/ca\/protopixel-presenta-dos-nous-projectes-dilluminacio\/","url":"https:\/\/poblenouurbandistrict.com\/ca\/protopixel-presenta-dos-nous-projectes-dilluminacio\/","name":"Protopixel presenta dos nous projectes d'il\u00b7luminaci\u00f3 &#8211; Poblenou Urban District","isPartOf":{"@id":"https:\/\/poblenouurbandistrict.com\/ca\/#website"},"primaryImageOfPage":{"@id":"https:\/\/poblenouurbandistrict.com\/ca\/protopixel-presenta-dos-nous-projectes-dilluminacio\/#primaryimage"},"image":{"@id":"https:\/\/poblenouurbandistrict.com\/protopixel-presenta-dos-nous-projectes-dilluminacio\/#primaryimage"},"thumbnailUrl":"https:\/\/media.poblenouurbandistrict.com\/2022\/10\/25054818\/urban-talks-2.jpg","datePublished":"2022-11-02T11:41:35+00:00","dateModified":"2022-11-04T10:31:20+00:00","author":{"@id":"https:\/\/poblenouurbandistrict.com\/#\/schema\/person\/980a2cf34b399d5218205730acd54a7e"},"breadcrumb":{"@id":"https:\/\/poblenouurbandistrict.com\/ca\/protopixel-presenta-dos-nous-projectes-dilluminacio\/#breadcrumb"},"inLanguage":"ca","potentialAction":[{"@type":"ReadAction","target":[["https:\/\/poblenouurbandistrict.com\/ca\/protopixel-presenta-dos-nous-projectes-dilluminacio\/"]]}]},{"@type":"ImageObject","inLanguage":"ca","@id":"https:\/\/poblenouurbandistrict.com\/ca\/protopixel-presenta-dos-nous-projectes-dilluminacio\/#primaryimage","url":"https:\/\/media.poblenouurbandistrict.com\/2022\/10\/25054818\/urban-talks-2.jpg","contentUrl":"https:\/\/media.poblenouurbandistrict.com\/2022\/10\/25054818\/urban-talks-2.jpg","width":1500,"height":1000},{"@type":"BreadcrumbList","@id":"https:\/\/poblenouurbandistrict.com\/ca\/protopixel-presenta-dos-nous-projectes-dilluminacio\/#breadcrumb","itemListElement":[{"@type":"ListItem","position":1,"name":"Home","item":"https:\/\/poblenouurbandistrict.com\/ca\/"},{"@type":"ListItem","position":2,"name":"Protopixel presenta dos nous projectes d&#8217;il\u00b7luminaci\u00f3"}]},{"@type":"WebSite","@id":"https:\/\/poblenouurbandistrict.com\/ca\/#website","url":"https:\/\/poblenouurbandistrict.com\/ca\/","name":"Poblenou Urban District","description":"Comunitat Creativa","potentialAction":[{"@type":"SearchAction","target":{"@type":"EntryPoint","urlTemplate":"https:\/\/poblenouurbandistrict.com\/ca\/?s={search_term_string}"},"query-input":{"@type":"PropertyValueSpecification","valueRequired":true,"valueName":"search_term_string"}}],"inLanguage":"ca"},{"@type":"Person","@id":"https:\/\/poblenouurbandistrict.com\/#\/schema\/person\/980a2cf34b399d5218205730acd54a7e","name":"pnud","image":{"@type":"ImageObject","inLanguage":"ca","@id":"https:\/\/secure.gravatar.com\/avatar\/67146597b405ee077a24e519f75c3e2031736596d6ce35af3a34c122c93d0d7b?s=96&d=retro&r=g","url":"https:\/\/secure.gravatar.com\/avatar\/67146597b405ee077a24e519f75c3e2031736596d6ce35af3a34c122c93d0d7b?s=96&d=retro&r=g","contentUrl":"https:\/\/secure.gravatar.com\/avatar\/67146597b405ee077a24e519f75c3e2031736596d6ce35af3a34c122c93d0d7b?s=96&d=retro&r=g","caption":"pnud"}}]}},"_links":{"self":[{"href":"https:\/\/poblenouurbandistrict.com\/ca\/wp-json\/wp\/v2\/posts\/34460","targetHints":{"allow":["GET"]}}],"collection":[{"href":"https:\/\/poblenouurbandistrict.com\/ca\/wp-json\/wp\/v2\/posts"}],"about":[{"href":"https:\/\/poblenouurbandistrict.com\/ca\/wp-json\/wp\/v2\/types\/post"}],"author":[{"embeddable":true,"href":"https:\/\/poblenouurbandistrict.com\/ca\/wp-json\/wp\/v2\/users\/5"}],"replies":[{"embeddable":true,"href":"https:\/\/poblenouurbandistrict.com\/ca\/wp-json\/wp\/v2\/comments?post=34460"}],"version-history":[{"count":4,"href":"https:\/\/poblenouurbandistrict.com\/ca\/wp-json\/wp\/v2\/posts\/34460\/revisions"}],"predecessor-version":[{"id":34507,"href":"https:\/\/poblenouurbandistrict.com\/ca\/wp-json\/wp\/v2\/posts\/34460\/revisions\/34507"}],"wp:featuredmedia":[{"embeddable":true,"href":"https:\/\/poblenouurbandistrict.com\/ca\/wp-json\/wp\/v2\/media\/34467"}],"wp:attachment":[{"href":"https:\/\/poblenouurbandistrict.com\/ca\/wp-json\/wp\/v2\/media?parent=34460"}],"wp:term":[{"taxonomy":"category","embeddable":true,"href":"https:\/\/poblenouurbandistrict.com\/ca\/wp-json\/wp\/v2\/categories?post=34460"},{"taxonomy":"post_tag","embeddable":true,"href":"https:\/\/poblenouurbandistrict.com\/ca\/wp-json\/wp\/v2\/tags?post=34460"}],"curies":[{"name":"wp","href":"https:\/\/api.w.org\/{rel}","templated":true}]}}